{"id":329453,"date":"2024-05-24T00:00:43","date_gmt":"2024-05-24T03:00:43","guid":{"rendered":"https:\/\/www.notibras.com\/site\/?p=329453"},"modified":"2024-05-24T09:16:43","modified_gmt":"2024-05-24T12:16:43","slug":"cuidando-de-quem-educa-encerra-1a-edicao-em-estacao-ecologica","status":"publish","type":"post","link":"https:\/\/www.notibras.com\/site\/cuidando-de-quem-educa-encerra-1a-edicao-em-estacao-ecologica\/","title":{"rendered":"\u2018Cuidando de quem educa\u2019 encerra 1\u00aa edi\u00e7\u00e3o em esta\u00e7\u00e3o ecol\u00f3gica"},"content":{"rendered":"<p>O projeto Cuidando de quem educa, da Coordena\u00e7\u00e3o Regional de Ensino (CRE) de Planaltina, teve seu encerramento na Esta\u00e7\u00e3o Ecol\u00f3gica de \u00c1guas Emendadas na ter\u00e7a-feira (22). A iniciativa foi criada para promover boas pr\u00e1ticas de autocuidado e estrat\u00e9gias para lidar com o estresse e a sobrecarga enfrentados pelos profissionais da educa\u00e7\u00e3o.<\/p>\n<p>A Esta\u00e7\u00e3o Ecol\u00f3gica de \u00c1guas Emendadas \u00e9 considerada um dos mais importantes patrim\u00f4nios naturais do Brasil, conhecida por suas belezas naturais e pela Lagoa Bonita, a maior lagoa natural do DF. Os participantes realizaram uma trilha ecol\u00f3gica, observando a biodiversidade local e contemplando a Lagoa Bonita, promovendo integra\u00e7\u00e3o e reflex\u00e3o.<\/p>\n<p>O curso, composto por oito encontros, ofereceu workshops e atividades focadas em t\u00e9cnicas de mindfulness, exerc\u00edcios de relaxamento, gest\u00e3o do tempo e cria\u00e7\u00e3o de ambientes de trabalho mais harmoniosos. Os participantes puderam compartilhar experi\u00eancias e desenvolver habilidades para o autocuidado e bem-estar na vida profissional e pessoal.<\/p>\n<p>Diante dos desafios enfrentados pelos professores da rede p\u00fablica do DF, o projeto buscou criar uma corrente de cuidado m\u00fatuo por meio de pr\u00e1ticas integrativas de sa\u00fade, visando um ambiente seguro e acolhedor. A iniciativa, lan\u00e7ada no in\u00edcio de 2024, contou com o apoio do Centro de Refer\u00eancia em Pr\u00e1ticas Integrativas em Sa\u00fade (Cerpis) e da Unidade B\u00e1sica de Pr\u00e1ticas Integrativas e Promo\u00e7\u00e3o da Sa\u00fade (UBS PIS).<\/p>\n<p>A coordenadora regional de Ensino de Planaltina, Ra\u00edssa Monteiro, destacou a import\u00e2ncia do projeto e anunciou a abertura de novas turmas. \u201cO Cuidando de quem educa foi um projeto de oito encontros voltados para a sa\u00fade mental dos profissionais de educa\u00e7\u00e3o da nossa cidade. E hoje a gente est\u00e1 encerrando esse projeto com uma trilha, um piquenique, e a certifica\u00e7\u00e3o entregue pela Secretaria de Educa\u00e7\u00e3o aos cursistas. Um momento assim \u00e9 muito importante e finalizamos hoje esse projeto j\u00e1 esperando o segundo ciclo, com novos inscritos e novos momentos\u201d.<\/p>\n<p><strong>Educa\u00e7\u00e3o Ambiental<\/strong><br \/>\nA Esta\u00e7\u00e3o Ecol\u00f3gica de \u00c1guas Emendadas \u00e9 um laborat\u00f3rio vivo para a educa\u00e7\u00e3o ambiental, abrigando rica biodiversidade e oferecendo trilhas ecol\u00f3gicas que proporcionam experi\u00eancias pr\u00e1ticas e imersivas. O local \u00e9 famoso pelo fen\u00f4meno hidrol\u00f3gico da divis\u00e3o das \u00e1guas, que seguem para duas grandes bacias hidrogr\u00e1ficas da Am\u00e9rica do Sul, contribuindo para a preserva\u00e7\u00e3o do equil\u00edbrio ecol\u00f3gico e da biodiversidade regional.<\/p>\n<p>\u201cEsse espa\u00e7o aqui tem uma import\u00e2ncia muito grande por contribuir com essas bacias. Daqui n\u00f3s estamos mandando \u00e1gua para o Brasil inteiro, e a unidade est\u00e1 muito bem conservada, tanto na fauna quanto na flora\u201d, afirma Gesisleu, administrador do Esecae. \u201cEssa unidade tem aproximadamente 50 nascentes que v\u00e3o contribuir com as \u00e1guas que abastecem o Distrito Federal, a \u00e1gua \u00e9 de excelente qualidade por estar nesse ambiente t\u00e3o preservado\u201d, refor\u00e7a.<\/p>\n<p>Al\u00e9m de ser o local escolhido para encerramento da primeira turma do projeto Cuidando de Quem Educa, a Esta\u00e7\u00e3o Ecol\u00f3gica de \u00c1guas Emendadas \u00e9 um dos mais importantes patrim\u00f4nios naturais do Brasil. Este espa\u00e7o n\u00e3o apenas abriga uma rica biodiversidade, mas tamb\u00e9m desempenha um papel importante na educa\u00e7\u00e3o ambiental, oferecendo um cen\u00e1rio ideal para o aprendizado e a conscientiza\u00e7\u00e3o sobre a preserva\u00e7\u00e3o do meio ambiente.<\/p>\n<p>No encontro final, os participantes foram envolvidos em diversas atividades interativas, incluindo uma trilha ecol\u00f3gica que permitiu a observa\u00e7\u00e3o da biodiversidade local e, especialmente, a contempla\u00e7\u00e3o da majestosa Lagoa Bonita. Essas atividades foram planejadas para promover a integra\u00e7\u00e3o entre os participantes e a natureza, oferecendo um momento de reflex\u00e3o e renova\u00e7\u00e3o.<\/p>\n<p>A \u00e1rea \u00e9 protegida e serve como um laborat\u00f3rio vivo para a educa\u00e7\u00e3o ambiental. Suas trilhas ecol\u00f3gicas, lagoas e diversidade de fauna e flora proporcionam aos visitantes uma experi\u00eancia pr\u00e1tica e imersiva. Estudantes e professores de diversas institui\u00e7\u00f5es visitam a esta\u00e7\u00e3o para realizar estudos de campo, observa\u00e7\u00f5es e atividades de conscientiza\u00e7\u00e3o ambiental.<\/p>\n<p>O encerramento do projeto Cuidando de quem educa\u201d na Esta\u00e7\u00e3o Ecol\u00f3gica de \u00c1guas Emendadas simbolizou o in\u00edcio de uma nova fase de autocuidado para os educadores. A Secretaria de Educa\u00e7\u00e3o do DF continuar\u00e1 investindo em programas que valorizem e apoiem seus profissionais, reconhecendo a import\u00e2ncia de um ambiente educacional saud\u00e1vel e equilibrado.<\/p>\n","protected":false},"excerpt":{"rendered":"<p>O projeto Cuidando de quem educa, da Coordena\u00e7\u00e3o Regional de Ensino (CRE) de Planaltina, teve seu encerramento na Esta\u00e7\u00e3o Ecol\u00f3gica de \u00c1guas Emendadas na ter\u00e7a-feira (22). A iniciativa foi criada para promover boas pr\u00e1ticas de autocuidado e estrat\u00e9gias para lidar com o estresse e a sobrecarga enfrentados pelos profissionais da educa\u00e7\u00e3o. A Esta\u00e7\u00e3o Ecol\u00f3gica de [&hellip;]<\/p>\n","protected":false},"author":2,"featured_media":329454,"comment_status":"closed","ping_status":"closed","sticky":false,"template":"","format":"standard","meta":{"_acf_changed":false,"footnotes":""},"categories":[161],"tags":[],"class_list":["post-329453","post","type-post","status-publish","format-standard","has-post-thumbnail","hentry","category-quadradinho-em-foco"],"acf":[],"yoast_head":"<!-- This site is optimized with the Yoast SEO plugin v27.5 - https:\/\/yoast.com\/product\/yoast-seo-wordpress\/ -->\n<title>\u2018Cuidando de quem educa\u2019 encerra 1\u00aa edi\u00e7\u00e3o em esta\u00e7\u00e3o ecol\u00f3gica - Notibras<\/title>\n<meta name=\"robots\" content=\"index, follow, max-snippet:-1, max-image-preview:large, max-video-preview:-1\" \/>\n<link rel=\"canonical\" href=\"https:\/\/www.notibras.com\/site\/cuidando-de-quem-educa-encerra-1a-edicao-em-estacao-ecologica\/\" \/>\n<meta property=\"og:locale\" content=\"pt_BR\" \/>\n<meta property=\"og:type\" content=\"article\" \/>\n<meta property=\"og:title\" content=\"\u2018Cuidando de quem educa\u2019 encerra 1\u00aa edi\u00e7\u00e3o em esta\u00e7\u00e3o ecol\u00f3gica - Notibras\" \/>\n<meta property=\"og:description\" content=\"O projeto Cuidando de quem educa, da Coordena\u00e7\u00e3o Regional de Ensino (CRE) de Planaltina, teve seu encerramento na Esta\u00e7\u00e3o Ecol\u00f3gica de \u00c1guas Emendadas na ter\u00e7a-feira (22). A iniciativa foi criada para promover boas pr\u00e1ticas de autocuidado e estrat\u00e9gias para lidar com o estresse e a sobrecarga enfrentados pelos profissionais da educa\u00e7\u00e3o. A Esta\u00e7\u00e3o Ecol\u00f3gica de [&hellip;]\" \/>\n<meta property=\"og:url\" content=\"https:\/\/www.notibras.com\/site\/cuidando-de-quem-educa-encerra-1a-edicao-em-estacao-ecologica\/\" \/>\n<meta property=\"og:site_name\" content=\"Notibras\" \/>\n<meta property=\"article:publisher\" content=\"https:\/\/www.facebook.com\/notibras\/\" \/>\n<meta property=\"article:published_time\" content=\"2024-05-24T03:00:43+00:00\" \/>\n<meta property=\"article:modified_time\" content=\"2024-05-24T12:16:43+00:00\" \/>\n<meta property=\"og:image\" content=\"https:\/\/www.notibras.com\/site\/wp-content\/uploads\/2024\/05\/Cuidando-de-Quem-Educa-23.jpg\" \/>\n\t<meta property=\"og:image:width\" content=\"1200\" \/>\n\t<meta property=\"og:image:height\" content=\"800\" \/>\n\t<meta property=\"og:image:type\" content=\"image\/jpeg\" \/>\n<meta name=\"author\" content=\"Reda\u00e7\u00e3o\" \/>\n<meta name=\"twitter:card\" content=\"summary_large_image\" \/>\n<meta name=\"twitter:creator\" content=\"@Notibras\" \/>\n<meta name=\"twitter:site\" content=\"@Notibras\" \/>\n<meta name=\"twitter:label1\" content=\"Escrito por\" \/>\n\t<meta name=\"twitter:data1\" content=\"Reda\u00e7\u00e3o\" \/>\n\t<meta name=\"twitter:label2\" content=\"Est. tempo de leitura\" \/>\n\t<meta name=\"twitter:data2\" content=\"4 minutos\" \/>\n<script type=\"application\/ld+json\" class=\"yoast-schema-graph\">{\"@context\":\"https:\\\/\\\/schema.org\",\"@graph\":[{\"@type\":\"Article\",\"@id\":\"https:\\\/\\\/www.notibras.com\\\/site\\\/cuidando-de-quem-educa-encerra-1a-edicao-em-estacao-ecologica\\\/#article\",\"isPartOf\":{\"@id\":\"https:\\\/\\\/www.notibras.com\\\/site\\\/cuidando-de-quem-educa-encerra-1a-edicao-em-estacao-ecologica\\\/\"},\"author\":{\"name\":\"Reda\u00e7\u00e3o\",\"@id\":\"https:\\\/\\\/www.notibras.com\\\/site\\\/#\\\/schema\\\/person\\\/36ab0979449956132d3e5b517ea76ac8\"},\"headline\":\"\u2018Cuidando de quem educa\u2019 encerra 1\u00aa edi\u00e7\u00e3o em esta\u00e7\u00e3o ecol\u00f3gica\",\"datePublished\":\"2024-05-24T03:00:43+00:00\",\"dateModified\":\"2024-05-24T12:16:43+00:00\",\"mainEntityOfPage\":{\"@id\":\"https:\\\/\\\/www.notibras.com\\\/site\\\/cuidando-de-quem-educa-encerra-1a-edicao-em-estacao-ecologica\\\/\"},\"wordCount\":749,\"publisher\":{\"@id\":\"https:\\\/\\\/www.notibras.com\\\/site\\\/#organization\"},\"image\":{\"@id\":\"https:\\\/\\\/www.notibras.com\\\/site\\\/cuidando-de-quem-educa-encerra-1a-edicao-em-estacao-ecologica\\\/#primaryimage\"},\"thumbnailUrl\":\"https:\\\/\\\/www.notibras.com\\\/site\\\/wp-content\\\/uploads\\\/2024\\\/05\\\/Cuidando-de-Quem-Educa-23.jpg\",\"articleSection\":[\"Quadradinho em Foco\"],\"inLanguage\":\"pt-BR\"},{\"@type\":\"WebPage\",\"@id\":\"https:\\\/\\\/www.notibras.com\\\/site\\\/cuidando-de-quem-educa-encerra-1a-edicao-em-estacao-ecologica\\\/\",\"url\":\"https:\\\/\\\/www.notibras.com\\\/site\\\/cuidando-de-quem-educa-encerra-1a-edicao-em-estacao-ecologica\\\/\",\"name\":\"\u2018Cuidando de quem educa\u2019 encerra 1\u00aa edi\u00e7\u00e3o em esta\u00e7\u00e3o ecol\u00f3gica - Notibras\",\"isPartOf\":{\"@id\":\"https:\\\/\\\/www.notibras.com\\\/site\\\/#website\"},\"primaryImageOfPage\":{\"@id\":\"https:\\\/\\\/www.notibras.com\\\/site\\\/cuidando-de-quem-educa-encerra-1a-edicao-em-estacao-ecologica\\\/#primaryimage\"},\"image\":{\"@id\":\"https:\\\/\\\/www.notibras.com\\\/site\\\/cuidando-de-quem-educa-encerra-1a-edicao-em-estacao-ecologica\\\/#primaryimage\"},\"thumbnailUrl\":\"https:\\\/\\\/www.notibras.com\\\/site\\\/wp-content\\\/uploads\\\/2024\\\/05\\\/Cuidando-de-Quem-Educa-23.jpg\",\"datePublished\":\"2024-05-24T03:00:43+00:00\",\"dateModified\":\"2024-05-24T12:16:43+00:00\",\"breadcrumb\":{\"@id\":\"https:\\\/\\\/www.notibras.com\\\/site\\\/cuidando-de-quem-educa-encerra-1a-edicao-em-estacao-ecologica\\\/#breadcrumb\"},\"inLanguage\":\"pt-BR\",\"potentialAction\":[{\"@type\":\"ReadAction\",\"target\":[\"https:\\\/\\\/www.notibras.com\\\/site\\\/cuidando-de-quem-educa-encerra-1a-edicao-em-estacao-ecologica\\\/\"]}]},{\"@type\":\"ImageObject\",\"inLanguage\":\"pt-BR\",\"@id\":\"https:\\\/\\\/www.notibras.com\\\/site\\\/cuidando-de-quem-educa-encerra-1a-edicao-em-estacao-ecologica\\\/#primaryimage\",\"url\":\"https:\\\/\\\/www.notibras.com\\\/site\\\/wp-content\\\/uploads\\\/2024\\\/05\\\/Cuidando-de-Quem-Educa-23.jpg\",\"contentUrl\":\"https:\\\/\\\/www.notibras.com\\\/site\\\/wp-content\\\/uploads\\\/2024\\\/05\\\/Cuidando-de-Quem-Educa-23.jpg\",\"width\":1200,\"height\":800},{\"@type\":\"BreadcrumbList\",\"@id\":\"https:\\\/\\\/www.notibras.com\\\/site\\\/cuidando-de-quem-educa-encerra-1a-edicao-em-estacao-ecologica\\\/#breadcrumb\",\"itemListElement\":[{\"@type\":\"ListItem\",\"position\":1,\"name\":\"In\u00edcio\",\"item\":\"https:\\\/\\\/www.notibras.com\\\/site\\\/\"},{\"@type\":\"ListItem\",\"position\":2,\"name\":\"\u2018Cuidando de quem educa\u2019 encerra 1\u00aa edi\u00e7\u00e3o em esta\u00e7\u00e3o ecol\u00f3gica\"}]},{\"@type\":\"WebSite\",\"@id\":\"https:\\\/\\\/www.notibras.com\\\/site\\\/#website\",\"url\":\"https:\\\/\\\/www.notibras.com\\\/site\\\/\",\"name\":\"Notibras\",\"description\":\"Not\u00edcias de Bras\u00edlia, do Brasil e do Mundo\",\"publisher\":{\"@id\":\"https:\\\/\\\/www.notibras.com\\\/site\\\/#organization\"},\"potentialAction\":[{\"@type\":\"SearchAction\",\"target\":{\"@type\":\"EntryPoint\",\"urlTemplate\":\"https:\\\/\\\/www.notibras.com\\\/site\\\/?s={search_term_string}\"},\"query-input\":{\"@type\":\"PropertyValueSpecification\",\"valueRequired\":true,\"valueName\":\"search_term_string\"}}],\"inLanguage\":\"pt-BR\"},{\"@type\":\"Organization\",\"@id\":\"https:\\\/\\\/www.notibras.com\\\/site\\\/#organization\",\"name\":\"Grupo Notibras de Comunica\u00e7\u00e3o\",\"url\":\"https:\\\/\\\/www.notibras.com\\\/site\\\/\",\"logo\":{\"@type\":\"ImageObject\",\"inLanguage\":\"pt-BR\",\"@id\":\"https:\\\/\\\/www.notibras.com\\\/site\\\/#\\\/schema\\\/logo\\\/image\\\/\",\"url\":\"https:\\\/\\\/www.notibras.com\\\/site\\\/wp-content\\\/uploads\\\/2023\\\/01\\\/notibras23.png\",\"contentUrl\":\"https:\\\/\\\/www.notibras.com\\\/site\\\/wp-content\\\/uploads\\\/2023\\\/01\\\/notibras23.png\",\"width\":350,\"height\":87,\"caption\":\"Grupo Notibras de Comunica\u00e7\u00e3o\"},\"image\":{\"@id\":\"https:\\\/\\\/www.notibras.com\\\/site\\\/#\\\/schema\\\/logo\\\/image\\\/\"},\"sameAs\":[\"https:\\\/\\\/www.facebook.com\\\/notibras\\\/\",\"https:\\\/\\\/x.com\\\/Notibras\",\"https:\\\/\\\/www.instagram.com\\\/notibras\\\/\"]},{\"@type\":\"Person\",\"@id\":\"https:\\\/\\\/www.notibras.com\\\/site\\\/#\\\/schema\\\/person\\\/36ab0979449956132d3e5b517ea76ac8\",\"name\":\"Reda\u00e7\u00e3o\",\"image\":{\"@type\":\"ImageObject\",\"inLanguage\":\"pt-BR\",\"@id\":\"https:\\\/\\\/secure.gravatar.com\\\/avatar\\\/e0a867bdedb85fd243eadf09663511f96fc81e0720a4a42581f334ad4303aa6b?s=96&d=mm&r=g\",\"url\":\"https:\\\/\\\/secure.gravatar.com\\\/avatar\\\/e0a867bdedb85fd243eadf09663511f96fc81e0720a4a42581f334ad4303aa6b?s=96&d=mm&r=g\",\"contentUrl\":\"https:\\\/\\\/secure.gravatar.com\\\/avatar\\\/e0a867bdedb85fd243eadf09663511f96fc81e0720a4a42581f334ad4303aa6b?s=96&d=mm&r=g\",\"caption\":\"Reda\u00e7\u00e3o\"}}]}<\/script>\n<!-- \/ Yoast SEO plugin. -->","yoast_head_json":{"title":"\u2018Cuidando de quem educa\u2019 encerra 1\u00aa edi\u00e7\u00e3o em esta\u00e7\u00e3o ecol\u00f3gica - Notibras","robots":{"index":"index","follow":"follow","max-snippet":"max-snippet:-1","max-image-preview":"max-image-preview:large","max-video-preview":"max-video-preview:-1"},"canonical":"https:\/\/www.notibras.com\/site\/cuidando-de-quem-educa-encerra-1a-edicao-em-estacao-ecologica\/","og_locale":"pt_BR","og_type":"article","og_title":"\u2018Cuidando de quem educa\u2019 encerra 1\u00aa edi\u00e7\u00e3o em esta\u00e7\u00e3o ecol\u00f3gica - Notibras","og_description":"O projeto Cuidando de quem educa, da Coordena\u00e7\u00e3o Regional de Ensino (CRE) de Planaltina, teve seu encerramento na Esta\u00e7\u00e3o Ecol\u00f3gica de \u00c1guas Emendadas na ter\u00e7a-feira (22). A iniciativa foi criada para promover boas pr\u00e1ticas de autocuidado e estrat\u00e9gias para lidar com o estresse e a sobrecarga enfrentados pelos profissionais da educa\u00e7\u00e3o. A Esta\u00e7\u00e3o Ecol\u00f3gica de [&hellip;]","og_url":"https:\/\/www.notibras.com\/site\/cuidando-de-quem-educa-encerra-1a-edicao-em-estacao-ecologica\/","og_site_name":"Notibras","article_publisher":"https:\/\/www.facebook.com\/notibras\/","article_published_time":"2024-05-24T03:00:43+00:00","article_modified_time":"2024-05-24T12:16:43+00:00","og_image":[{"width":1200,"height":800,"url":"https:\/\/www.notibras.com\/site\/wp-content\/uploads\/2024\/05\/Cuidando-de-Quem-Educa-23.jpg","type":"image\/jpeg"}],"author":"Reda\u00e7\u00e3o","twitter_card":"summary_large_image","twitter_creator":"@Notibras","twitter_site":"@Notibras","twitter_misc":{"Escrito por":"Reda\u00e7\u00e3o","Est. tempo de leitura":"4 minutos"},"schema":{"@context":"https:\/\/schema.org","@graph":[{"@type":"Article","@id":"https:\/\/www.notibras.com\/site\/cuidando-de-quem-educa-encerra-1a-edicao-em-estacao-ecologica\/#article","isPartOf":{"@id":"https:\/\/www.notibras.com\/site\/cuidando-de-quem-educa-encerra-1a-edicao-em-estacao-ecologica\/"},"author":{"name":"Reda\u00e7\u00e3o","@id":"https:\/\/www.notibras.com\/site\/#\/schema\/person\/36ab0979449956132d3e5b517ea76ac8"},"headline":"\u2018Cuidando de quem educa\u2019 encerra 1\u00aa edi\u00e7\u00e3o em esta\u00e7\u00e3o ecol\u00f3gica","datePublished":"2024-05-24T03:00:43+00:00","dateModified":"2024-05-24T12:16:43+00:00","mainEntityOfPage":{"@id":"https:\/\/www.notibras.com\/site\/cuidando-de-quem-educa-encerra-1a-edicao-em-estacao-ecologica\/"},"wordCount":749,"publisher":{"@id":"https:\/\/www.notibras.com\/site\/#organization"},"image":{"@id":"https:\/\/www.notibras.com\/site\/cuidando-de-quem-educa-encerra-1a-edicao-em-estacao-ecologica\/#primaryimage"},"thumbnailUrl":"https:\/\/www.notibras.com\/site\/wp-content\/uploads\/2024\/05\/Cuidando-de-Quem-Educa-23.jpg","articleSection":["Quadradinho em Foco"],"inLanguage":"pt-BR"},{"@type":"WebPage","@id":"https:\/\/www.notibras.com\/site\/cuidando-de-quem-educa-encerra-1a-edicao-em-estacao-ecologica\/","url":"https:\/\/www.notibras.com\/site\/cuidando-de-quem-educa-encerra-1a-edicao-em-estacao-ecologica\/","name":"\u2018Cuidando de quem educa\u2019 encerra 1\u00aa edi\u00e7\u00e3o em esta\u00e7\u00e3o ecol\u00f3gica - Notibras","isPartOf":{"@id":"https:\/\/www.notibras.com\/site\/#website"},"primaryImageOfPage":{"@id":"https:\/\/www.notibras.com\/site\/cuidando-de-quem-educa-encerra-1a-edicao-em-estacao-ecologica\/#primaryimage"},"image":{"@id":"https:\/\/www.notibras.com\/site\/cuidando-de-quem-educa-encerra-1a-edicao-em-estacao-ecologica\/#primaryimage"},"thumbnailUrl":"https:\/\/www.notibras.com\/site\/wp-content\/uploads\/2024\/05\/Cuidando-de-Quem-Educa-23.jpg","datePublished":"2024-05-24T03:00:43+00:00","dateModified":"2024-05-24T12:16:43+00:00","breadcrumb":{"@id":"https:\/\/www.notibras.com\/site\/cuidando-de-quem-educa-encerra-1a-edicao-em-estacao-ecologica\/#breadcrumb"},"inLanguage":"pt-BR","potentialAction":[{"@type":"ReadAction","target":["https:\/\/www.notibras.com\/site\/cuidando-de-quem-educa-encerra-1a-edicao-em-estacao-ecologica\/"]}]},{"@type":"ImageObject","inLanguage":"pt-BR","@id":"https:\/\/www.notibras.com\/site\/cuidando-de-quem-educa-encerra-1a-edicao-em-estacao-ecologica\/#primaryimage","url":"https:\/\/www.notibras.com\/site\/wp-content\/uploads\/2024\/05\/Cuidando-de-Quem-Educa-23.jpg","contentUrl":"https:\/\/www.notibras.com\/site\/wp-content\/uploads\/2024\/05\/Cuidando-de-Quem-Educa-23.jpg","width":1200,"height":800},{"@type":"BreadcrumbList","@id":"https:\/\/www.notibras.com\/site\/cuidando-de-quem-educa-encerra-1a-edicao-em-estacao-ecologica\/#breadcrumb","itemListElement":[{"@type":"ListItem","position":1,"name":"In\u00edcio","item":"https:\/\/www.notibras.com\/site\/"},{"@type":"ListItem","position":2,"name":"\u2018Cuidando de quem educa\u2019 encerra 1\u00aa edi\u00e7\u00e3o em esta\u00e7\u00e3o ecol\u00f3gica"}]},{"@type":"WebSite","@id":"https:\/\/www.notibras.com\/site\/#website","url":"https:\/\/www.notibras.com\/site\/","name":"Notibras","description":"Not\u00edcias de Bras\u00edlia, do Brasil e do Mundo","publisher":{"@id":"https:\/\/www.notibras.com\/site\/#organization"},"potentialAction":[{"@type":"SearchAction","target":{"@type":"EntryPoint","urlTemplate":"https:\/\/www.notibras.com\/site\/?s={search_term_string}"},"query-input":{"@type":"PropertyValueSpecification","valueRequired":true,"valueName":"search_term_string"}}],"inLanguage":"pt-BR"},{"@type":"Organization","@id":"https:\/\/www.notibras.com\/site\/#organization","name":"Grupo Notibras de Comunica\u00e7\u00e3o","url":"https:\/\/www.notibras.com\/site\/","logo":{"@type":"ImageObject","inLanguage":"pt-BR","@id":"https:\/\/www.notibras.com\/site\/#\/schema\/logo\/image\/","url":"https:\/\/www.notibras.com\/site\/wp-content\/uploads\/2023\/01\/notibras23.png","contentUrl":"https:\/\/www.notibras.com\/site\/wp-content\/uploads\/2023\/01\/notibras23.png","width":350,"height":87,"caption":"Grupo Notibras de Comunica\u00e7\u00e3o"},"image":{"@id":"https:\/\/www.notibras.com\/site\/#\/schema\/logo\/image\/"},"sameAs":["https:\/\/www.facebook.com\/notibras\/","https:\/\/x.com\/Notibras","https:\/\/www.instagram.com\/notibras\/"]},{"@type":"Person","@id":"https:\/\/www.notibras.com\/site\/#\/schema\/person\/36ab0979449956132d3e5b517ea76ac8","name":"Reda\u00e7\u00e3o","image":{"@type":"ImageObject","inLanguage":"pt-BR","@id":"https:\/\/secure.gravatar.com\/avatar\/e0a867bdedb85fd243eadf09663511f96fc81e0720a4a42581f334ad4303aa6b?s=96&d=mm&r=g","url":"https:\/\/secure.gravatar.com\/avatar\/e0a867bdedb85fd243eadf09663511f96fc81e0720a4a42581f334ad4303aa6b?s=96&d=mm&r=g","contentUrl":"https:\/\/secure.gravatar.com\/avatar\/e0a867bdedb85fd243eadf09663511f96fc81e0720a4a42581f334ad4303aa6b?s=96&d=mm&r=g","caption":"Reda\u00e7\u00e3o"}}]}},"amp_enabled":true,"_links":{"self":[{"href":"https:\/\/www.notibras.com\/site\/wp-json\/wp\/v2\/posts\/329453","targetHints":{"allow":["GET"]}}],"collection":[{"href":"https:\/\/www.notibras.com\/site\/wp-json\/wp\/v2\/posts"}],"about":[{"href":"https:\/\/www.notibras.com\/site\/wp-json\/wp\/v2\/types\/post"}],"author":[{"embeddable":true,"href":"https:\/\/www.notibras.com\/site\/wp-json\/wp\/v2\/users\/2"}],"replies":[{"embeddable":true,"href":"https:\/\/www.notibras.com\/site\/wp-json\/wp\/v2\/comments?post=329453"}],"version-history":[{"count":1,"href":"https:\/\/www.notibras.com\/site\/wp-json\/wp\/v2\/posts\/329453\/revisions"}],"predecessor-version":[{"id":329455,"href":"https:\/\/www.notibras.com\/site\/wp-json\/wp\/v2\/posts\/329453\/revisions\/329455"}],"wp:featuredmedia":[{"embeddable":true,"href":"https:\/\/www.notibras.com\/site\/wp-json\/wp\/v2\/media\/329454"}],"wp:attachment":[{"href":"https:\/\/www.notibras.com\/site\/wp-json\/wp\/v2\/media?parent=329453"}],"wp:term":[{"taxonomy":"category","embeddable":true,"href":"https:\/\/www.notibras.com\/site\/wp-json\/wp\/v2\/categories?post=329453"},{"taxonomy":"post_tag","embeddable":true,"href":"https:\/\/www.notibras.com\/site\/wp-json\/wp\/v2\/tags?post=329453"}],"curies":[{"name":"wp","href":"https:\/\/api.w.org\/{rel}","templated":true}]}}