{"id":329493,"date":"2024-05-25T06:43:54","date_gmt":"2024-05-25T09:43:54","guid":{"rendered":"https:\/\/www.notibras.com\/site\/?p=329493"},"modified":"2024-05-25T06:43:54","modified_gmt":"2024-05-25T09:43:54","slug":"jaime-testosterona-em-baixa-perde-para-o-croche","status":"publish","type":"post","link":"https:\/\/www.notibras.com\/site\/jaime-testosterona-em-baixa-perde-para-o-croche\/","title":{"rendered":"Jaime, testosterona em baixa, perde para o croch\u00ea"},"content":{"rendered":"<p>Se aqueles dois se casaram por amor, nem eles se lembravam. Talvez tivessem atra\u00e7\u00e3o f\u00edsica um pelo outro ou, ent\u00e3o, o medo de terminarem sozinhos neste mundo os uniu. Seja uma coisa ou qualquer outra, seja at\u00e9 mesmo a falta de algum motivo, o fato \u00e9 que Madalena e Jaime pareciam ter tomado caminhos distintos, mas n\u00e3o necessariamente opostos.<\/p>\n<p>Casados h\u00e1 34 anos, Madalena amava flores, enquanto Jaime passava horas diante da televis\u00e3o vendo aquela infinidade de programas esportivos e filmes de guerra. Quanto mais sangue, melhor! Com a masculinidade em frangalhos, precisava encontrar testosterona em algum lugar.<\/p>\n<p>O marido cansou de reclamar que a mulher passava horas fazendo croch\u00ea e n\u00e3o dava aten\u00e7\u00e3o a ele. Como \u00e9 que algu\u00e9m pode achar normal a mulher passar tardes inteiras entretida com agulhas e rolos de fios intermin\u00e1veis? Jaime, cheio de raz\u00e3o, cansou de reclamar.<\/p>\n<p>Madalena, por sua vez, a cada dia, demonstrava maior habilidade para criar tanta coisa a partir do entrela\u00e7amento daquelas linhas. Toalhinhas aqui, enfeites acol\u00e1, at\u00e9 um enorme tapete florido era quest\u00e3o de tempo para surgir. Um espanto de velocidade! Como \u00e9 que ela conseguia, o marido n\u00e3o conseguia entender. A mulher, no entanto, se divertia com seu hobby. Tanto \u00e9 que at\u00e9 se esqueceu da \u00faltima vez que recebeu um carinho do esposo. Cansou de esperar por aquele homem t\u00e3o insens\u00edvel. Que traste!<\/p>\n<p>Aconteceu num domingo, final de algum campeonato qualquer. Jaime, rodeado de amigos aposentados, disputava com eles quem \u00e9 que falava mais grosso. Madalena, talvez prevendo o ambiente t\u00f3xico, foi visitar uma amiga, a Arlete, que tamb\u00e9m gostava de croch\u00ea. Crochetaram, crochetaram, crochetaram at\u00e9 que, enquanto ainda crochetavam, a campainha tocou.<\/p>\n<p>Era o Augusto, morador do apartamento de cima. O homem foi pedir um pouco de a\u00e7\u00facar. Enquanto Arlete foi at\u00e9 a cozinha, ele olhou para as m\u00e3os habilidosas da Madalena. Ficou encantado. A mulher sorriu.<\/p>\n<p>\u2014 Ponto baix\u00edssimo duplo?<\/p>\n<p>\u2014 Sim. Conhece?<\/p>\n<p>\u2014 Um pouco. Vov\u00f3 fazia, mas minha m\u00e3e nunca me deixou aprender.<\/p>\n<p>Arlete voltou com uma x\u00edcara com a\u00e7\u00facar at\u00e9 a borda, quando percebeu que Madalena estava ensinando o vizinho a crochetar. Tratou de fechar a porta e deixou a x\u00edcara sobre a mesa. Os tr\u00eas passaram o final da tarde crochetando, crochetando, crochetando.<\/p>\n<p>Dois meses ap\u00f3s, Arlete pegou seus apetrechos e foi morar com Augusto. Dizem que os dois vivem crochetando. Quanto ao Jaime, parece que a testosterona est\u00e1 cada vez mais baixa. Tanto \u00e9 que o sangue continua jorrando da tela da televis\u00e3o.<\/p>\n","protected":false},"excerpt":{"rendered":"<p>Se aqueles dois se casaram por amor, nem eles se lembravam. Talvez tivessem atra\u00e7\u00e3o f\u00edsica um pelo outro ou, ent\u00e3o, o medo de terminarem sozinhos neste mundo os uniu. Seja uma coisa ou qualquer outra, seja at\u00e9 mesmo a falta de algum motivo, o fato \u00e9 que Madalena e Jaime pareciam ter tomado caminhos distintos, [&hellip;]<\/p>\n","protected":false},"author":2,"featured_media":329495,"comment_status":"closed","ping_status":"closed","sticky":false,"template":"","format":"standard","meta":{"_acf_changed":false,"footnotes":""},"categories":[161],"tags":[],"class_list":["post-329493","post","type-post","status-publish","format-standard","has-post-thumbnail","hentry","category-quadradinho-em-foco"],"acf":[],"yoast_head":"<!-- This site is optimized with the Yoast SEO plugin v27.5 - https:\/\/yoast.com\/product\/yoast-seo-wordpress\/ -->\n<title>Jaime, testosterona em baixa, perde para o croch\u00ea - Notibras<\/title>\n<meta name=\"robots\" content=\"index, follow, max-snippet:-1, max-image-preview:large, max-video-preview:-1\" \/>\n<link rel=\"canonical\" href=\"https:\/\/www.notibras.com\/site\/jaime-testosterona-em-baixa-perde-para-o-croche\/\" \/>\n<meta property=\"og:locale\" content=\"pt_BR\" \/>\n<meta property=\"og:type\" content=\"article\" \/>\n<meta property=\"og:title\" content=\"Jaime, testosterona em baixa, perde para o croch\u00ea - Notibras\" \/>\n<meta property=\"og:description\" content=\"Se aqueles dois se casaram por amor, nem eles se lembravam. Talvez tivessem atra\u00e7\u00e3o f\u00edsica um pelo outro ou, ent\u00e3o, o medo de terminarem sozinhos neste mundo os uniu. Seja uma coisa ou qualquer outra, seja at\u00e9 mesmo a falta de algum motivo, o fato \u00e9 que Madalena e Jaime pareciam ter tomado caminhos distintos, [&hellip;]\" \/>\n<meta property=\"og:url\" content=\"https:\/\/www.notibras.com\/site\/jaime-testosterona-em-baixa-perde-para-o-croche\/\" \/>\n<meta property=\"og:site_name\" content=\"Notibras\" \/>\n<meta property=\"article:publisher\" content=\"https:\/\/www.facebook.com\/notibras\/\" \/>\n<meta property=\"article:published_time\" content=\"2024-05-25T09:43:54+00:00\" \/>\n<meta property=\"og:image\" content=\"https:\/\/www.notibras.com\/site\/wp-content\/uploads\/2024\/05\/d4a241cd-2506-445f-94a8-7b596dd806fd.jpeg\" \/>\n\t<meta property=\"og:image:width\" content=\"1080\" \/>\n\t<meta property=\"og:image:height\" content=\"1080\" \/>\n\t<meta property=\"og:image:type\" content=\"image\/jpeg\" \/>\n<meta name=\"author\" content=\"Reda\u00e7\u00e3o\" \/>\n<meta name=\"twitter:card\" content=\"summary_large_image\" \/>\n<meta name=\"twitter:creator\" content=\"@Notibras\" \/>\n<meta name=\"twitter:site\" content=\"@Notibras\" \/>\n<meta name=\"twitter:label1\" content=\"Escrito por\" \/>\n\t<meta name=\"twitter:data1\" content=\"Reda\u00e7\u00e3o\" \/>\n\t<meta name=\"twitter:label2\" content=\"Est. tempo de leitura\" \/>\n\t<meta name=\"twitter:data2\" content=\"3 minutos\" \/>\n<script type=\"application\/ld+json\" class=\"yoast-schema-graph\">{\"@context\":\"https:\\\/\\\/schema.org\",\"@graph\":[{\"@type\":\"Article\",\"@id\":\"https:\\\/\\\/www.notibras.com\\\/site\\\/jaime-testosterona-em-baixa-perde-para-o-croche\\\/#article\",\"isPartOf\":{\"@id\":\"https:\\\/\\\/www.notibras.com\\\/site\\\/jaime-testosterona-em-baixa-perde-para-o-croche\\\/\"},\"author\":{\"name\":\"Reda\u00e7\u00e3o\",\"@id\":\"https:\\\/\\\/www.notibras.com\\\/site\\\/#\\\/schema\\\/person\\\/36ab0979449956132d3e5b517ea76ac8\"},\"headline\":\"Jaime, testosterona em baixa, perde para o croch\u00ea\",\"datePublished\":\"2024-05-25T09:43:54+00:00\",\"mainEntityOfPage\":{\"@id\":\"https:\\\/\\\/www.notibras.com\\\/site\\\/jaime-testosterona-em-baixa-perde-para-o-croche\\\/\"},\"wordCount\":438,\"publisher\":{\"@id\":\"https:\\\/\\\/www.notibras.com\\\/site\\\/#organization\"},\"image\":{\"@id\":\"https:\\\/\\\/www.notibras.com\\\/site\\\/jaime-testosterona-em-baixa-perde-para-o-croche\\\/#primaryimage\"},\"thumbnailUrl\":\"https:\\\/\\\/www.notibras.com\\\/site\\\/wp-content\\\/uploads\\\/2024\\\/05\\\/d4a241cd-2506-445f-94a8-7b596dd806fd.jpeg\",\"articleSection\":[\"Quadradinho em Foco\"],\"inLanguage\":\"pt-BR\"},{\"@type\":\"WebPage\",\"@id\":\"https:\\\/\\\/www.notibras.com\\\/site\\\/jaime-testosterona-em-baixa-perde-para-o-croche\\\/\",\"url\":\"https:\\\/\\\/www.notibras.com\\\/site\\\/jaime-testosterona-em-baixa-perde-para-o-croche\\\/\",\"name\":\"Jaime, testosterona em baixa, perde para o croch\u00ea - Notibras\",\"isPartOf\":{\"@id\":\"https:\\\/\\\/www.notibras.com\\\/site\\\/#website\"},\"primaryImageOfPage\":{\"@id\":\"https:\\\/\\\/www.notibras.com\\\/site\\\/jaime-testosterona-em-baixa-perde-para-o-croche\\\/#primaryimage\"},\"image\":{\"@id\":\"https:\\\/\\\/www.notibras.com\\\/site\\\/jaime-testosterona-em-baixa-perde-para-o-croche\\\/#primaryimage\"},\"thumbnailUrl\":\"https:\\\/\\\/www.notibras.com\\\/site\\\/wp-content\\\/uploads\\\/2024\\\/05\\\/d4a241cd-2506-445f-94a8-7b596dd806fd.jpeg\",\"datePublished\":\"2024-05-25T09:43:54+00:00\",\"breadcrumb\":{\"@id\":\"https:\\\/\\\/www.notibras.com\\\/site\\\/jaime-testosterona-em-baixa-perde-para-o-croche\\\/#breadcrumb\"},\"inLanguage\":\"pt-BR\",\"potentialAction\":[{\"@type\":\"ReadAction\",\"target\":[\"https:\\\/\\\/www.notibras.com\\\/site\\\/jaime-testosterona-em-baixa-perde-para-o-croche\\\/\"]}]},{\"@type\":\"ImageObject\",\"inLanguage\":\"pt-BR\",\"@id\":\"https:\\\/\\\/www.notibras.com\\\/site\\\/jaime-testosterona-em-baixa-perde-para-o-croche\\\/#primaryimage\",\"url\":\"https:\\\/\\\/www.notibras.com\\\/site\\\/wp-content\\\/uploads\\\/2024\\\/05\\\/d4a241cd-2506-445f-94a8-7b596dd806fd.jpeg\",\"contentUrl\":\"https:\\\/\\\/www.notibras.com\\\/site\\\/wp-content\\\/uploads\\\/2024\\\/05\\\/d4a241cd-2506-445f-94a8-7b596dd806fd.jpeg\",\"width\":1080,\"height\":1080},{\"@type\":\"BreadcrumbList\",\"@id\":\"https:\\\/\\\/www.notibras.com\\\/site\\\/jaime-testosterona-em-baixa-perde-para-o-croche\\\/#breadcrumb\",\"itemListElement\":[{\"@type\":\"ListItem\",\"position\":1,\"name\":\"In\u00edcio\",\"item\":\"https:\\\/\\\/www.notibras.com\\\/site\\\/\"},{\"@type\":\"ListItem\",\"position\":2,\"name\":\"Jaime, testosterona em baixa, perde para o croch\u00ea\"}]},{\"@type\":\"WebSite\",\"@id\":\"https:\\\/\\\/www.notibras.com\\\/site\\\/#website\",\"url\":\"https:\\\/\\\/www.notibras.com\\\/site\\\/\",\"name\":\"Notibras\",\"description\":\"Not\u00edcias de Bras\u00edlia, do Brasil e do Mundo\",\"publisher\":{\"@id\":\"https:\\\/\\\/www.notibras.com\\\/site\\\/#organization\"},\"potentialAction\":[{\"@type\":\"SearchAction\",\"target\":{\"@type\":\"EntryPoint\",\"urlTemplate\":\"https:\\\/\\\/www.notibras.com\\\/site\\\/?s={search_term_string}\"},\"query-input\":{\"@type\":\"PropertyValueSpecification\",\"valueRequired\":true,\"valueName\":\"search_term_string\"}}],\"inLanguage\":\"pt-BR\"},{\"@type\":\"Organization\",\"@id\":\"https:\\\/\\\/www.notibras.com\\\/site\\\/#organization\",\"name\":\"Grupo Notibras de Comunica\u00e7\u00e3o\",\"url\":\"https:\\\/\\\/www.notibras.com\\\/site\\\/\",\"logo\":{\"@type\":\"ImageObject\",\"inLanguage\":\"pt-BR\",\"@id\":\"https:\\\/\\\/www.notibras.com\\\/site\\\/#\\\/schema\\\/logo\\\/image\\\/\",\"url\":\"https:\\\/\\\/www.notibras.com\\\/site\\\/wp-content\\\/uploads\\\/2023\\\/01\\\/notibras23.png\",\"contentUrl\":\"https:\\\/\\\/www.notibras.com\\\/site\\\/wp-content\\\/uploads\\\/2023\\\/01\\\/notibras23.png\",\"width\":350,\"height\":87,\"caption\":\"Grupo Notibras de Comunica\u00e7\u00e3o\"},\"image\":{\"@id\":\"https:\\\/\\\/www.notibras.com\\\/site\\\/#\\\/schema\\\/logo\\\/image\\\/\"},\"sameAs\":[\"https:\\\/\\\/www.facebook.com\\\/notibras\\\/\",\"https:\\\/\\\/x.com\\\/Notibras\",\"https:\\\/\\\/www.instagram.com\\\/notibras\\\/\"]},{\"@type\":\"Person\",\"@id\":\"https:\\\/\\\/www.notibras.com\\\/site\\\/#\\\/schema\\\/person\\\/36ab0979449956132d3e5b517ea76ac8\",\"name\":\"Reda\u00e7\u00e3o\",\"image\":{\"@type\":\"ImageObject\",\"inLanguage\":\"pt-BR\",\"@id\":\"https:\\\/\\\/secure.gravatar.com\\\/avatar\\\/e0a867bdedb85fd243eadf09663511f96fc81e0720a4a42581f334ad4303aa6b?s=96&d=mm&r=g\",\"url\":\"https:\\\/\\\/secure.gravatar.com\\\/avatar\\\/e0a867bdedb85fd243eadf09663511f96fc81e0720a4a42581f334ad4303aa6b?s=96&d=mm&r=g\",\"contentUrl\":\"https:\\\/\\\/secure.gravatar.com\\\/avatar\\\/e0a867bdedb85fd243eadf09663511f96fc81e0720a4a42581f334ad4303aa6b?s=96&d=mm&r=g\",\"caption\":\"Reda\u00e7\u00e3o\"}}]}<\/script>\n<!-- \/ Yoast SEO plugin. -->","yoast_head_json":{"title":"Jaime, testosterona em baixa, perde para o croch\u00ea - Notibras","robots":{"index":"index","follow":"follow","max-snippet":"max-snippet:-1","max-image-preview":"max-image-preview:large","max-video-preview":"max-video-preview:-1"},"canonical":"https:\/\/www.notibras.com\/site\/jaime-testosterona-em-baixa-perde-para-o-croche\/","og_locale":"pt_BR","og_type":"article","og_title":"Jaime, testosterona em baixa, perde para o croch\u00ea - Notibras","og_description":"Se aqueles dois se casaram por amor, nem eles se lembravam. Talvez tivessem atra\u00e7\u00e3o f\u00edsica um pelo outro ou, ent\u00e3o, o medo de terminarem sozinhos neste mundo os uniu. Seja uma coisa ou qualquer outra, seja at\u00e9 mesmo a falta de algum motivo, o fato \u00e9 que Madalena e Jaime pareciam ter tomado caminhos distintos, [&hellip;]","og_url":"https:\/\/www.notibras.com\/site\/jaime-testosterona-em-baixa-perde-para-o-croche\/","og_site_name":"Notibras","article_publisher":"https:\/\/www.facebook.com\/notibras\/","article_published_time":"2024-05-25T09:43:54+00:00","og_image":[{"width":1080,"height":1080,"url":"https:\/\/www.notibras.com\/site\/wp-content\/uploads\/2024\/05\/d4a241cd-2506-445f-94a8-7b596dd806fd.jpeg","type":"image\/jpeg"}],"author":"Reda\u00e7\u00e3o","twitter_card":"summary_large_image","twitter_creator":"@Notibras","twitter_site":"@Notibras","twitter_misc":{"Escrito por":"Reda\u00e7\u00e3o","Est. tempo de leitura":"3 minutos"},"schema":{"@context":"https:\/\/schema.org","@graph":[{"@type":"Article","@id":"https:\/\/www.notibras.com\/site\/jaime-testosterona-em-baixa-perde-para-o-croche\/#article","isPartOf":{"@id":"https:\/\/www.notibras.com\/site\/jaime-testosterona-em-baixa-perde-para-o-croche\/"},"author":{"name":"Reda\u00e7\u00e3o","@id":"https:\/\/www.notibras.com\/site\/#\/schema\/person\/36ab0979449956132d3e5b517ea76ac8"},"headline":"Jaime, testosterona em baixa, perde para o croch\u00ea","datePublished":"2024-05-25T09:43:54+00:00","mainEntityOfPage":{"@id":"https:\/\/www.notibras.com\/site\/jaime-testosterona-em-baixa-perde-para-o-croche\/"},"wordCount":438,"publisher":{"@id":"https:\/\/www.notibras.com\/site\/#organization"},"image":{"@id":"https:\/\/www.notibras.com\/site\/jaime-testosterona-em-baixa-perde-para-o-croche\/#primaryimage"},"thumbnailUrl":"https:\/\/www.notibras.com\/site\/wp-content\/uploads\/2024\/05\/d4a241cd-2506-445f-94a8-7b596dd806fd.jpeg","articleSection":["Quadradinho em Foco"],"inLanguage":"pt-BR"},{"@type":"WebPage","@id":"https:\/\/www.notibras.com\/site\/jaime-testosterona-em-baixa-perde-para-o-croche\/","url":"https:\/\/www.notibras.com\/site\/jaime-testosterona-em-baixa-perde-para-o-croche\/","name":"Jaime, testosterona em baixa, perde para o croch\u00ea - Notibras","isPartOf":{"@id":"https:\/\/www.notibras.com\/site\/#website"},"primaryImageOfPage":{"@id":"https:\/\/www.notibras.com\/site\/jaime-testosterona-em-baixa-perde-para-o-croche\/#primaryimage"},"image":{"@id":"https:\/\/www.notibras.com\/site\/jaime-testosterona-em-baixa-perde-para-o-croche\/#primaryimage"},"thumbnailUrl":"https:\/\/www.notibras.com\/site\/wp-content\/uploads\/2024\/05\/d4a241cd-2506-445f-94a8-7b596dd806fd.jpeg","datePublished":"2024-05-25T09:43:54+00:00","breadcrumb":{"@id":"https:\/\/www.notibras.com\/site\/jaime-testosterona-em-baixa-perde-para-o-croche\/#breadcrumb"},"inLanguage":"pt-BR","potentialAction":[{"@type":"ReadAction","target":["https:\/\/www.notibras.com\/site\/jaime-testosterona-em-baixa-perde-para-o-croche\/"]}]},{"@type":"ImageObject","inLanguage":"pt-BR","@id":"https:\/\/www.notibras.com\/site\/jaime-testosterona-em-baixa-perde-para-o-croche\/#primaryimage","url":"https:\/\/www.notibras.com\/site\/wp-content\/uploads\/2024\/05\/d4a241cd-2506-445f-94a8-7b596dd806fd.jpeg","contentUrl":"https:\/\/www.notibras.com\/site\/wp-content\/uploads\/2024\/05\/d4a241cd-2506-445f-94a8-7b596dd806fd.jpeg","width":1080,"height":1080},{"@type":"BreadcrumbList","@id":"https:\/\/www.notibras.com\/site\/jaime-testosterona-em-baixa-perde-para-o-croche\/#breadcrumb","itemListElement":[{"@type":"ListItem","position":1,"name":"In\u00edcio","item":"https:\/\/www.notibras.com\/site\/"},{"@type":"ListItem","position":2,"name":"Jaime, testosterona em baixa, perde para o croch\u00ea"}]},{"@type":"WebSite","@id":"https:\/\/www.notibras.com\/site\/#website","url":"https:\/\/www.notibras.com\/site\/","name":"Notibras","description":"Not\u00edcias de Bras\u00edlia, do Brasil e do Mundo","publisher":{"@id":"https:\/\/www.notibras.com\/site\/#organization"},"potentialAction":[{"@type":"SearchAction","target":{"@type":"EntryPoint","urlTemplate":"https:\/\/www.notibras.com\/site\/?s={search_term_string}"},"query-input":{"@type":"PropertyValueSpecification","valueRequired":true,"valueName":"search_term_string"}}],"inLanguage":"pt-BR"},{"@type":"Organization","@id":"https:\/\/www.notibras.com\/site\/#organization","name":"Grupo Notibras de Comunica\u00e7\u00e3o","url":"https:\/\/www.notibras.com\/site\/","logo":{"@type":"ImageObject","inLanguage":"pt-BR","@id":"https:\/\/www.notibras.com\/site\/#\/schema\/logo\/image\/","url":"https:\/\/www.notibras.com\/site\/wp-content\/uploads\/2023\/01\/notibras23.png","contentUrl":"https:\/\/www.notibras.com\/site\/wp-content\/uploads\/2023\/01\/notibras23.png","width":350,"height":87,"caption":"Grupo Notibras de Comunica\u00e7\u00e3o"},"image":{"@id":"https:\/\/www.notibras.com\/site\/#\/schema\/logo\/image\/"},"sameAs":["https:\/\/www.facebook.com\/notibras\/","https:\/\/x.com\/Notibras","https:\/\/www.instagram.com\/notibras\/"]},{"@type":"Person","@id":"https:\/\/www.notibras.com\/site\/#\/schema\/person\/36ab0979449956132d3e5b517ea76ac8","name":"Reda\u00e7\u00e3o","image":{"@type":"ImageObject","inLanguage":"pt-BR","@id":"https:\/\/secure.gravatar.com\/avatar\/e0a867bdedb85fd243eadf09663511f96fc81e0720a4a42581f334ad4303aa6b?s=96&d=mm&r=g","url":"https:\/\/secure.gravatar.com\/avatar\/e0a867bdedb85fd243eadf09663511f96fc81e0720a4a42581f334ad4303aa6b?s=96&d=mm&r=g","contentUrl":"https:\/\/secure.gravatar.com\/avatar\/e0a867bdedb85fd243eadf09663511f96fc81e0720a4a42581f334ad4303aa6b?s=96&d=mm&r=g","caption":"Reda\u00e7\u00e3o"}}]}},"amp_enabled":true,"_links":{"self":[{"href":"https:\/\/www.notibras.com\/site\/wp-json\/wp\/v2\/posts\/329493","targetHints":{"allow":["GET"]}}],"collection":[{"href":"https:\/\/www.notibras.com\/site\/wp-json\/wp\/v2\/posts"}],"about":[{"href":"https:\/\/www.notibras.com\/site\/wp-json\/wp\/v2\/types\/post"}],"author":[{"embeddable":true,"href":"https:\/\/www.notibras.com\/site\/wp-json\/wp\/v2\/users\/2"}],"replies":[{"embeddable":true,"href":"https:\/\/www.notibras.com\/site\/wp-json\/wp\/v2\/comments?post=329493"}],"version-history":[{"count":1,"href":"https:\/\/www.notibras.com\/site\/wp-json\/wp\/v2\/posts\/329493\/revisions"}],"predecessor-version":[{"id":329496,"href":"https:\/\/www.notibras.com\/site\/wp-json\/wp\/v2\/posts\/329493\/revisions\/329496"}],"wp:featuredmedia":[{"embeddable":true,"href":"https:\/\/www.notibras.com\/site\/wp-json\/wp\/v2\/media\/329495"}],"wp:attachment":[{"href":"https:\/\/www.notibras.com\/site\/wp-json\/wp\/v2\/media?parent=329493"}],"wp:term":[{"taxonomy":"category","embeddable":true,"href":"https:\/\/www.notibras.com\/site\/wp-json\/wp\/v2\/categories?post=329493"},{"taxonomy":"post_tag","embeddable":true,"href":"https:\/\/www.notibras.com\/site\/wp-json\/wp\/v2\/tags?post=329493"}],"curies":[{"name":"wp","href":"https:\/\/api.w.org\/{rel}","templated":true}]}}