{"id":329542,"date":"2024-05-25T00:56:03","date_gmt":"2024-05-25T03:56:03","guid":{"rendered":"https:\/\/www.notibras.com\/site\/?p=329542"},"modified":"2024-05-25T12:58:06","modified_gmt":"2024-05-25T15:58:06","slug":"mais-13-jovens-trainees-integram-grupo-paulooctavio","status":"publish","type":"post","link":"https:\/\/www.notibras.com\/site\/mais-13-jovens-trainees-integram-grupo-paulooctavio\/","title":{"rendered":"Mais 13 jovens trainees integram grupo PauloOctavio"},"content":{"rendered":"<p>Ap\u00f3s a formatura de sete trainees esta semana, as Organiza\u00e7\u00f5es PaulOOctavio finalizaram a sele\u00e7\u00e3o dos integrantes do quarto programa. Com isso, foram integrados mais 13 jovens, que v\u00e3o atuar nas \u00e1reas de engenharia, arquitetura, hotelaria, manuten\u00e7\u00e3o e business do grupo. O projeto foi idealizado por Felipe Oct\u00e1vio Kubitschek, CFO das Organiza\u00e7\u00f5es PaulOOctavio.<\/p>\n<p>A apresenta\u00e7\u00e3o dos selecionados foi nesta semana. Eles conheceram todas as empresas do grupo, as atividades desempenhadas por cada uma delas, e os executivos do grupo. Felipe Oct\u00e1vio Kubitschek disse que, ao longo das edi\u00e7\u00f5es anteriores, 30 trainees se integraram \u00e0s empresas. \u201cS\u00e3o pessoas que, hoje, est\u00e3o ocupando cargos e ser\u00e3o refer\u00eancias para voc\u00eas\u201d, completou o CFO.<\/p>\n<p>O empres\u00e1rio Paulo Oct\u00e1vio, CEO das Organiza\u00e7\u00f5es que levam seu nome, tamb\u00e9m participou da apresenta\u00e7\u00e3o. &#8220;O programa de trainees \u00e9 um investimento que estamos fazendo em todos voc\u00eas. Este um ano de atua\u00e7\u00e3o \u00e9 a chance de aprenderem o m\u00e1ximo para terem uma posi\u00e7\u00e3o robusta no mercado de trabalho&#8221;, afirmou, desejando sucesso e agradecendo por terem participado do programa e a todos que ajudam a formar os novos talentos da empresa. \u201cEspero que fiquem muito tempo com a gente&#8221;, finalizou.<\/p>\n<p>A sele\u00e7\u00e3o da quarta turma de trainees recebeu mais de 1,2 mil curr\u00edculos nas \u00e1reas de engenharia, arquitetura, business e gastronomia, onde est\u00e3o as vagas disponibilizadas para este ano. O programa dura um ano e todos cumprem jornada di\u00e1ria de 8 horas e recebem bolsa-aux\u00edlio e benef\u00edcios como vale-transporte, refei\u00e7\u00e3o no local, plano de sa\u00fade na modalidade coparticipa\u00e7\u00e3o, plano odontol\u00f3gico e seguro de vida em grupo. Realizado desde 2021, o programa j\u00e1 teve mais de 5 mil candidatos inscritos ao longo dos \u00faltimos anos.<\/p>\n","protected":false},"excerpt":{"rendered":"<p>Ap\u00f3s a formatura de sete trainees esta semana, as Organiza\u00e7\u00f5es PaulOOctavio finalizaram a sele\u00e7\u00e3o dos integrantes do quarto programa. Com isso, foram integrados mais 13 jovens, que v\u00e3o atuar nas \u00e1reas de engenharia, arquitetura, hotelaria, manuten\u00e7\u00e3o e business do grupo. O projeto foi idealizado por Felipe Oct\u00e1vio Kubitschek, CFO das Organiza\u00e7\u00f5es PaulOOctavio. A apresenta\u00e7\u00e3o dos [&hellip;]<\/p>\n","protected":false},"author":2,"featured_media":329543,"comment_status":"closed","ping_status":"closed","sticky":false,"template":"","format":"standard","meta":{"_acf_changed":false,"footnotes":""},"categories":[161],"tags":[],"class_list":["post-329542","post","type-post","status-publish","format-standard","has-post-thumbnail","hentry","category-quadradinho-em-foco"],"acf":[],"yoast_head":"<!-- This site is optimized with the Yoast SEO plugin v27.5 - https:\/\/yoast.com\/product\/yoast-seo-wordpress\/ -->\n<title>Mais 13 jovens trainees integram grupo PauloOctavio - Notibras<\/title>\n<meta name=\"robots\" content=\"index, follow, max-snippet:-1, max-image-preview:large, max-video-preview:-1\" \/>\n<link rel=\"canonical\" href=\"https:\/\/www.notibras.com\/site\/mais-13-jovens-trainees-integram-grupo-paulooctavio\/\" \/>\n<meta property=\"og:locale\" content=\"pt_BR\" \/>\n<meta property=\"og:type\" content=\"article\" \/>\n<meta property=\"og:title\" content=\"Mais 13 jovens trainees integram grupo PauloOctavio - Notibras\" \/>\n<meta property=\"og:description\" content=\"Ap\u00f3s a formatura de sete trainees esta semana, as Organiza\u00e7\u00f5es PaulOOctavio finalizaram a sele\u00e7\u00e3o dos integrantes do quarto programa. Com isso, foram integrados mais 13 jovens, que v\u00e3o atuar nas \u00e1reas de engenharia, arquitetura, hotelaria, manuten\u00e7\u00e3o e business do grupo. O projeto foi idealizado por Felipe Oct\u00e1vio Kubitschek, CFO das Organiza\u00e7\u00f5es PaulOOctavio. A apresenta\u00e7\u00e3o dos [&hellip;]\" \/>\n<meta property=\"og:url\" content=\"https:\/\/www.notibras.com\/site\/mais-13-jovens-trainees-integram-grupo-paulooctavio\/\" \/>\n<meta property=\"og:site_name\" content=\"Notibras\" \/>\n<meta property=\"article:publisher\" content=\"https:\/\/www.facebook.com\/notibras\/\" \/>\n<meta property=\"article:published_time\" content=\"2024-05-25T03:56:03+00:00\" \/>\n<meta property=\"article:modified_time\" content=\"2024-05-25T15:58:06+00:00\" \/>\n<meta property=\"og:image\" content=\"https:\/\/www.notibras.com\/site\/wp-content\/uploads\/2024\/05\/7b71b806-111c-437e-8bd9-994776e964bd.jpeg\" \/>\n\t<meta property=\"og:image:width\" content=\"1280\" \/>\n\t<meta property=\"og:image:height\" content=\"854\" \/>\n\t<meta property=\"og:image:type\" content=\"image\/jpeg\" \/>\n<meta name=\"author\" content=\"Reda\u00e7\u00e3o\" \/>\n<meta name=\"twitter:card\" content=\"summary_large_image\" \/>\n<meta name=\"twitter:creator\" content=\"@Notibras\" \/>\n<meta name=\"twitter:site\" content=\"@Notibras\" \/>\n<meta name=\"twitter:label1\" content=\"Escrito por\" \/>\n\t<meta name=\"twitter:data1\" content=\"Reda\u00e7\u00e3o\" \/>\n\t<meta name=\"twitter:label2\" content=\"Est. tempo de leitura\" \/>\n\t<meta name=\"twitter:data2\" content=\"2 minutos\" \/>\n<script type=\"application\/ld+json\" class=\"yoast-schema-graph\">{\"@context\":\"https:\\\/\\\/schema.org\",\"@graph\":[{\"@type\":\"Article\",\"@id\":\"https:\\\/\\\/www.notibras.com\\\/site\\\/mais-13-jovens-trainees-integram-grupo-paulooctavio\\\/#article\",\"isPartOf\":{\"@id\":\"https:\\\/\\\/www.notibras.com\\\/site\\\/mais-13-jovens-trainees-integram-grupo-paulooctavio\\\/\"},\"author\":{\"name\":\"Reda\u00e7\u00e3o\",\"@id\":\"https:\\\/\\\/www.notibras.com\\\/site\\\/#\\\/schema\\\/person\\\/36ab0979449956132d3e5b517ea76ac8\"},\"headline\":\"Mais 13 jovens trainees integram grupo PauloOctavio\",\"datePublished\":\"2024-05-25T03:56:03+00:00\",\"dateModified\":\"2024-05-25T15:58:06+00:00\",\"mainEntityOfPage\":{\"@id\":\"https:\\\/\\\/www.notibras.com\\\/site\\\/mais-13-jovens-trainees-integram-grupo-paulooctavio\\\/\"},\"wordCount\":305,\"publisher\":{\"@id\":\"https:\\\/\\\/www.notibras.com\\\/site\\\/#organization\"},\"image\":{\"@id\":\"https:\\\/\\\/www.notibras.com\\\/site\\\/mais-13-jovens-trainees-integram-grupo-paulooctavio\\\/#primaryimage\"},\"thumbnailUrl\":\"https:\\\/\\\/www.notibras.com\\\/site\\\/wp-content\\\/uploads\\\/2024\\\/05\\\/7b71b806-111c-437e-8bd9-994776e964bd.jpeg\",\"articleSection\":[\"Quadradinho em Foco\"],\"inLanguage\":\"pt-BR\"},{\"@type\":\"WebPage\",\"@id\":\"https:\\\/\\\/www.notibras.com\\\/site\\\/mais-13-jovens-trainees-integram-grupo-paulooctavio\\\/\",\"url\":\"https:\\\/\\\/www.notibras.com\\\/site\\\/mais-13-jovens-trainees-integram-grupo-paulooctavio\\\/\",\"name\":\"Mais 13 jovens trainees integram grupo PauloOctavio - Notibras\",\"isPartOf\":{\"@id\":\"https:\\\/\\\/www.notibras.com\\\/site\\\/#website\"},\"primaryImageOfPage\":{\"@id\":\"https:\\\/\\\/www.notibras.com\\\/site\\\/mais-13-jovens-trainees-integram-grupo-paulooctavio\\\/#primaryimage\"},\"image\":{\"@id\":\"https:\\\/\\\/www.notibras.com\\\/site\\\/mais-13-jovens-trainees-integram-grupo-paulooctavio\\\/#primaryimage\"},\"thumbnailUrl\":\"https:\\\/\\\/www.notibras.com\\\/site\\\/wp-content\\\/uploads\\\/2024\\\/05\\\/7b71b806-111c-437e-8bd9-994776e964bd.jpeg\",\"datePublished\":\"2024-05-25T03:56:03+00:00\",\"dateModified\":\"2024-05-25T15:58:06+00:00\",\"breadcrumb\":{\"@id\":\"https:\\\/\\\/www.notibras.com\\\/site\\\/mais-13-jovens-trainees-integram-grupo-paulooctavio\\\/#breadcrumb\"},\"inLanguage\":\"pt-BR\",\"potentialAction\":[{\"@type\":\"ReadAction\",\"target\":[\"https:\\\/\\\/www.notibras.com\\\/site\\\/mais-13-jovens-trainees-integram-grupo-paulooctavio\\\/\"]}]},{\"@type\":\"ImageObject\",\"inLanguage\":\"pt-BR\",\"@id\":\"https:\\\/\\\/www.notibras.com\\\/site\\\/mais-13-jovens-trainees-integram-grupo-paulooctavio\\\/#primaryimage\",\"url\":\"https:\\\/\\\/www.notibras.com\\\/site\\\/wp-content\\\/uploads\\\/2024\\\/05\\\/7b71b806-111c-437e-8bd9-994776e964bd.jpeg\",\"contentUrl\":\"https:\\\/\\\/www.notibras.com\\\/site\\\/wp-content\\\/uploads\\\/2024\\\/05\\\/7b71b806-111c-437e-8bd9-994776e964bd.jpeg\",\"width\":1280,\"height\":854},{\"@type\":\"BreadcrumbList\",\"@id\":\"https:\\\/\\\/www.notibras.com\\\/site\\\/mais-13-jovens-trainees-integram-grupo-paulooctavio\\\/#breadcrumb\",\"itemListElement\":[{\"@type\":\"ListItem\",\"position\":1,\"name\":\"In\u00edcio\",\"item\":\"https:\\\/\\\/www.notibras.com\\\/site\\\/\"},{\"@type\":\"ListItem\",\"position\":2,\"name\":\"Mais 13 jovens trainees integram grupo PauloOctavio\"}]},{\"@type\":\"WebSite\",\"@id\":\"https:\\\/\\\/www.notibras.com\\\/site\\\/#website\",\"url\":\"https:\\\/\\\/www.notibras.com\\\/site\\\/\",\"name\":\"Notibras\",\"description\":\"Not\u00edcias de Bras\u00edlia, do Brasil e do Mundo\",\"publisher\":{\"@id\":\"https:\\\/\\\/www.notibras.com\\\/site\\\/#organization\"},\"potentialAction\":[{\"@type\":\"SearchAction\",\"target\":{\"@type\":\"EntryPoint\",\"urlTemplate\":\"https:\\\/\\\/www.notibras.com\\\/site\\\/?s={search_term_string}\"},\"query-input\":{\"@type\":\"PropertyValueSpecification\",\"valueRequired\":true,\"valueName\":\"search_term_string\"}}],\"inLanguage\":\"pt-BR\"},{\"@type\":\"Organization\",\"@id\":\"https:\\\/\\\/www.notibras.com\\\/site\\\/#organization\",\"name\":\"Grupo Notibras de Comunica\u00e7\u00e3o\",\"url\":\"https:\\\/\\\/www.notibras.com\\\/site\\\/\",\"logo\":{\"@type\":\"ImageObject\",\"inLanguage\":\"pt-BR\",\"@id\":\"https:\\\/\\\/www.notibras.com\\\/site\\\/#\\\/schema\\\/logo\\\/image\\\/\",\"url\":\"https:\\\/\\\/www.notibras.com\\\/site\\\/wp-content\\\/uploads\\\/2023\\\/01\\\/notibras23.png\",\"contentUrl\":\"https:\\\/\\\/www.notibras.com\\\/site\\\/wp-content\\\/uploads\\\/2023\\\/01\\\/notibras23.png\",\"width\":350,\"height\":87,\"caption\":\"Grupo Notibras de Comunica\u00e7\u00e3o\"},\"image\":{\"@id\":\"https:\\\/\\\/www.notibras.com\\\/site\\\/#\\\/schema\\\/logo\\\/image\\\/\"},\"sameAs\":[\"https:\\\/\\\/www.facebook.com\\\/notibras\\\/\",\"https:\\\/\\\/x.com\\\/Notibras\",\"https:\\\/\\\/www.instagram.com\\\/notibras\\\/\"]},{\"@type\":\"Person\",\"@id\":\"https:\\\/\\\/www.notibras.com\\\/site\\\/#\\\/schema\\\/person\\\/36ab0979449956132d3e5b517ea76ac8\",\"name\":\"Reda\u00e7\u00e3o\",\"image\":{\"@type\":\"ImageObject\",\"inLanguage\":\"pt-BR\",\"@id\":\"https:\\\/\\\/secure.gravatar.com\\\/avatar\\\/e0a867bdedb85fd243eadf09663511f96fc81e0720a4a42581f334ad4303aa6b?s=96&d=mm&r=g\",\"url\":\"https:\\\/\\\/secure.gravatar.com\\\/avatar\\\/e0a867bdedb85fd243eadf09663511f96fc81e0720a4a42581f334ad4303aa6b?s=96&d=mm&r=g\",\"contentUrl\":\"https:\\\/\\\/secure.gravatar.com\\\/avatar\\\/e0a867bdedb85fd243eadf09663511f96fc81e0720a4a42581f334ad4303aa6b?s=96&d=mm&r=g\",\"caption\":\"Reda\u00e7\u00e3o\"}}]}<\/script>\n<!-- \/ Yoast SEO plugin. -->","yoast_head_json":{"title":"Mais 13 jovens trainees integram grupo PauloOctavio - Notibras","robots":{"index":"index","follow":"follow","max-snippet":"max-snippet:-1","max-image-preview":"max-image-preview:large","max-video-preview":"max-video-preview:-1"},"canonical":"https:\/\/www.notibras.com\/site\/mais-13-jovens-trainees-integram-grupo-paulooctavio\/","og_locale":"pt_BR","og_type":"article","og_title":"Mais 13 jovens trainees integram grupo PauloOctavio - Notibras","og_description":"Ap\u00f3s a formatura de sete trainees esta semana, as Organiza\u00e7\u00f5es PaulOOctavio finalizaram a sele\u00e7\u00e3o dos integrantes do quarto programa. Com isso, foram integrados mais 13 jovens, que v\u00e3o atuar nas \u00e1reas de engenharia, arquitetura, hotelaria, manuten\u00e7\u00e3o e business do grupo. O projeto foi idealizado por Felipe Oct\u00e1vio Kubitschek, CFO das Organiza\u00e7\u00f5es PaulOOctavio. A apresenta\u00e7\u00e3o dos [&hellip;]","og_url":"https:\/\/www.notibras.com\/site\/mais-13-jovens-trainees-integram-grupo-paulooctavio\/","og_site_name":"Notibras","article_publisher":"https:\/\/www.facebook.com\/notibras\/","article_published_time":"2024-05-25T03:56:03+00:00","article_modified_time":"2024-05-25T15:58:06+00:00","og_image":[{"width":1280,"height":854,"url":"https:\/\/www.notibras.com\/site\/wp-content\/uploads\/2024\/05\/7b71b806-111c-437e-8bd9-994776e964bd.jpeg","type":"image\/jpeg"}],"author":"Reda\u00e7\u00e3o","twitter_card":"summary_large_image","twitter_creator":"@Notibras","twitter_site":"@Notibras","twitter_misc":{"Escrito por":"Reda\u00e7\u00e3o","Est. tempo de leitura":"2 minutos"},"schema":{"@context":"https:\/\/schema.org","@graph":[{"@type":"Article","@id":"https:\/\/www.notibras.com\/site\/mais-13-jovens-trainees-integram-grupo-paulooctavio\/#article","isPartOf":{"@id":"https:\/\/www.notibras.com\/site\/mais-13-jovens-trainees-integram-grupo-paulooctavio\/"},"author":{"name":"Reda\u00e7\u00e3o","@id":"https:\/\/www.notibras.com\/site\/#\/schema\/person\/36ab0979449956132d3e5b517ea76ac8"},"headline":"Mais 13 jovens trainees integram grupo PauloOctavio","datePublished":"2024-05-25T03:56:03+00:00","dateModified":"2024-05-25T15:58:06+00:00","mainEntityOfPage":{"@id":"https:\/\/www.notibras.com\/site\/mais-13-jovens-trainees-integram-grupo-paulooctavio\/"},"wordCount":305,"publisher":{"@id":"https:\/\/www.notibras.com\/site\/#organization"},"image":{"@id":"https:\/\/www.notibras.com\/site\/mais-13-jovens-trainees-integram-grupo-paulooctavio\/#primaryimage"},"thumbnailUrl":"https:\/\/www.notibras.com\/site\/wp-content\/uploads\/2024\/05\/7b71b806-111c-437e-8bd9-994776e964bd.jpeg","articleSection":["Quadradinho em Foco"],"inLanguage":"pt-BR"},{"@type":"WebPage","@id":"https:\/\/www.notibras.com\/site\/mais-13-jovens-trainees-integram-grupo-paulooctavio\/","url":"https:\/\/www.notibras.com\/site\/mais-13-jovens-trainees-integram-grupo-paulooctavio\/","name":"Mais 13 jovens trainees integram grupo PauloOctavio - Notibras","isPartOf":{"@id":"https:\/\/www.notibras.com\/site\/#website"},"primaryImageOfPage":{"@id":"https:\/\/www.notibras.com\/site\/mais-13-jovens-trainees-integram-grupo-paulooctavio\/#primaryimage"},"image":{"@id":"https:\/\/www.notibras.com\/site\/mais-13-jovens-trainees-integram-grupo-paulooctavio\/#primaryimage"},"thumbnailUrl":"https:\/\/www.notibras.com\/site\/wp-content\/uploads\/2024\/05\/7b71b806-111c-437e-8bd9-994776e964bd.jpeg","datePublished":"2024-05-25T03:56:03+00:00","dateModified":"2024-05-25T15:58:06+00:00","breadcrumb":{"@id":"https:\/\/www.notibras.com\/site\/mais-13-jovens-trainees-integram-grupo-paulooctavio\/#breadcrumb"},"inLanguage":"pt-BR","potentialAction":[{"@type":"ReadAction","target":["https:\/\/www.notibras.com\/site\/mais-13-jovens-trainees-integram-grupo-paulooctavio\/"]}]},{"@type":"ImageObject","inLanguage":"pt-BR","@id":"https:\/\/www.notibras.com\/site\/mais-13-jovens-trainees-integram-grupo-paulooctavio\/#primaryimage","url":"https:\/\/www.notibras.com\/site\/wp-content\/uploads\/2024\/05\/7b71b806-111c-437e-8bd9-994776e964bd.jpeg","contentUrl":"https:\/\/www.notibras.com\/site\/wp-content\/uploads\/2024\/05\/7b71b806-111c-437e-8bd9-994776e964bd.jpeg","width":1280,"height":854},{"@type":"BreadcrumbList","@id":"https:\/\/www.notibras.com\/site\/mais-13-jovens-trainees-integram-grupo-paulooctavio\/#breadcrumb","itemListElement":[{"@type":"ListItem","position":1,"name":"In\u00edcio","item":"https:\/\/www.notibras.com\/site\/"},{"@type":"ListItem","position":2,"name":"Mais 13 jovens trainees integram grupo PauloOctavio"}]},{"@type":"WebSite","@id":"https:\/\/www.notibras.com\/site\/#website","url":"https:\/\/www.notibras.com\/site\/","name":"Notibras","description":"Not\u00edcias de Bras\u00edlia, do Brasil e do Mundo","publisher":{"@id":"https:\/\/www.notibras.com\/site\/#organization"},"potentialAction":[{"@type":"SearchAction","target":{"@type":"EntryPoint","urlTemplate":"https:\/\/www.notibras.com\/site\/?s={search_term_string}"},"query-input":{"@type":"PropertyValueSpecification","valueRequired":true,"valueName":"search_term_string"}}],"inLanguage":"pt-BR"},{"@type":"Organization","@id":"https:\/\/www.notibras.com\/site\/#organization","name":"Grupo Notibras de Comunica\u00e7\u00e3o","url":"https:\/\/www.notibras.com\/site\/","logo":{"@type":"ImageObject","inLanguage":"pt-BR","@id":"https:\/\/www.notibras.com\/site\/#\/schema\/logo\/image\/","url":"https:\/\/www.notibras.com\/site\/wp-content\/uploads\/2023\/01\/notibras23.png","contentUrl":"https:\/\/www.notibras.com\/site\/wp-content\/uploads\/2023\/01\/notibras23.png","width":350,"height":87,"caption":"Grupo Notibras de Comunica\u00e7\u00e3o"},"image":{"@id":"https:\/\/www.notibras.com\/site\/#\/schema\/logo\/image\/"},"sameAs":["https:\/\/www.facebook.com\/notibras\/","https:\/\/x.com\/Notibras","https:\/\/www.instagram.com\/notibras\/"]},{"@type":"Person","@id":"https:\/\/www.notibras.com\/site\/#\/schema\/person\/36ab0979449956132d3e5b517ea76ac8","name":"Reda\u00e7\u00e3o","image":{"@type":"ImageObject","inLanguage":"pt-BR","@id":"https:\/\/secure.gravatar.com\/avatar\/e0a867bdedb85fd243eadf09663511f96fc81e0720a4a42581f334ad4303aa6b?s=96&d=mm&r=g","url":"https:\/\/secure.gravatar.com\/avatar\/e0a867bdedb85fd243eadf09663511f96fc81e0720a4a42581f334ad4303aa6b?s=96&d=mm&r=g","contentUrl":"https:\/\/secure.gravatar.com\/avatar\/e0a867bdedb85fd243eadf09663511f96fc81e0720a4a42581f334ad4303aa6b?s=96&d=mm&r=g","caption":"Reda\u00e7\u00e3o"}}]}},"amp_enabled":true,"_links":{"self":[{"href":"https:\/\/www.notibras.com\/site\/wp-json\/wp\/v2\/posts\/329542","targetHints":{"allow":["GET"]}}],"collection":[{"href":"https:\/\/www.notibras.com\/site\/wp-json\/wp\/v2\/posts"}],"about":[{"href":"https:\/\/www.notibras.com\/site\/wp-json\/wp\/v2\/types\/post"}],"author":[{"embeddable":true,"href":"https:\/\/www.notibras.com\/site\/wp-json\/wp\/v2\/users\/2"}],"replies":[{"embeddable":true,"href":"https:\/\/www.notibras.com\/site\/wp-json\/wp\/v2\/comments?post=329542"}],"version-history":[{"count":1,"href":"https:\/\/www.notibras.com\/site\/wp-json\/wp\/v2\/posts\/329542\/revisions"}],"predecessor-version":[{"id":329544,"href":"https:\/\/www.notibras.com\/site\/wp-json\/wp\/v2\/posts\/329542\/revisions\/329544"}],"wp:featuredmedia":[{"embeddable":true,"href":"https:\/\/www.notibras.com\/site\/wp-json\/wp\/v2\/media\/329543"}],"wp:attachment":[{"href":"https:\/\/www.notibras.com\/site\/wp-json\/wp\/v2\/media?parent=329542"}],"wp:term":[{"taxonomy":"category","embeddable":true,"href":"https:\/\/www.notibras.com\/site\/wp-json\/wp\/v2\/categories?post=329542"},{"taxonomy":"post_tag","embeddable":true,"href":"https:\/\/www.notibras.com\/site\/wp-json\/wp\/v2\/tags?post=329542"}],"curies":[{"name":"wp","href":"https:\/\/api.w.org\/{rel}","templated":true}]}}