{"id":329548,"date":"2024-05-25T00:07:58","date_gmt":"2024-05-25T03:07:58","guid":{"rendered":"https:\/\/www.notibras.com\/site\/?p=329548"},"modified":"2024-05-25T13:09:25","modified_gmt":"2024-05-25T16:09:25","slug":"politica-distrital-trata-prevencao-e-enfrentamento-de-desaparecidos","status":"publish","type":"post","link":"https:\/\/www.notibras.com\/site\/politica-distrital-trata-prevencao-e-enfrentamento-de-desaparecidos\/","title":{"rendered":"Pol\u00edtica distrital trata preven\u00e7\u00e3o e enfrentamento de desaparecidos"},"content":{"rendered":"<p>No Dia Internacional da Crian\u00e7a Desaparecida, neste s\u00e1bado (25), a Secretaria de Seguran\u00e7a P\u00fablica do DF (SSP) chama a aten\u00e7\u00e3o para a pauta, que tem relev\u00e2ncia nacional. No Distrito Federal, os protocolos est\u00e3o sendo aperfei\u00e7oados e pol\u00edticas p\u00fablicas s\u00e3o criadas para dar respostas ainda mais c\u00e9leres das for\u00e7as de seguran\u00e7a nesta tem\u00e1tica que deixa as fam\u00edlias t\u00e3o fragilizadas. O objetivo \u00e9 disponibilizar uma pol\u00edtica distrital para aten\u00e7\u00e3o humanizada ao desaparecimento de pessoas, com atua\u00e7\u00e3o em rede.<\/p>\n<p>\u201cO objetivo \u00e9 criar a\u00e7\u00f5es para atua\u00e7\u00e3o conjunta, integralizadas, com uso de tecnologia e aprimoramento de m\u00e9todos de investiga\u00e7\u00e3o das for\u00e7as de seguran\u00e7a, a partir de redes de enfrentamento com \u00f3rg\u00e3os p\u00fablicos e a sociedade. Precisamos que as informa\u00e7\u00f5es circulem com mais rapidez para auxiliar na localiza\u00e7\u00e3o dos desaparecidos\u201d, ressalta o secret\u00e1rio de Seguran\u00e7a P\u00fablica do DF, Sandro Avelar. \u201cRefor\u00e7amos, ainda, a campanha nacional #N\u00e3oEspere24horas, pois cada minuto conta para localizar um ente querido, principalmente crian\u00e7as\u201d, completa.<\/p>\n<p>A nova pol\u00edtica distrital ser\u00e1 desenvolvida a partir de tr\u00eas eixos: preven\u00e7\u00e3o, enfrentamento ao desaparecimento de pessoas, e assist\u00eancia \u00e0s v\u00edtimas e familiares das pessoas desaparecidas no \u00e2mbito do Distrito Federal. Para isso, ser\u00e3o implementadas diversas iniciativas visando facilitar a identifica\u00e7\u00e3o das pessoas, capacitar agentes p\u00fablicos e sociedade, facilitar o registro de ocorr\u00eancias e promover ferramentas de acolhimento \u00e0 sociedade. Al\u00e9m da investiga\u00e7\u00e3o e da a\u00e7\u00e3o das for\u00e7as policiais, os procedimentos de busca por desaparecidos incluem protocolos de acolhimento para as fam\u00edlias.<\/p>\n<p>A primeira-dama do DF, Mayara Noronha Rocha, tem participado efetivamente do processo de constru\u00e7\u00e3o dessas pol\u00edticas. \u201cAqui no DF estamos aperfei\u00e7oando os processos para prote\u00e7\u00e3o e respostas mais r\u00e1pidas. Essa responsabilidade \u00e9 de todos n\u00f3s\u201d, refor\u00e7a.<\/p>\n<p>Para o coordenador do projeto, o subsecret\u00e1rio de integra\u00e7\u00e3o em pol\u00edticas p\u00fablicas da SSP-DF, Jasiel Tavares Fernandes, o envolvimento do poder p\u00fablico e da sociedade civil \u00e9 primordial para resultados ainda mais expressivos. \u201cQuanto maior a rede de atua\u00e7\u00e3o, maior a possibilidade de n\u00f3s conseguirmos localizar essas pessoas em um prazo menor. \u00c9 estatisticamente comprovado que, nas primeiras 24 horas, a divulga\u00e7\u00e3o dessas informa\u00e7\u00f5es pode fazer com que as pessoas sejam localizadas mais rapidamente. Ou seja, cada minuto conta e toda crian\u00e7a importa\u201d, finaliza.<\/p>\n<p><strong>O que fazer?<\/strong><br \/>\n\u00c9 importante registrar o desaparecimento da crian\u00e7a o quanto antes. Se uma crian\u00e7a desaparecer, voc\u00ea deve:<\/p>\n<p>\u2013 Reunir informa\u00e7\u00f5es, documentos e fotos para fazer o boletim de ocorr\u00eancia;<br \/>\n\u2013 Registrar a ocorr\u00eancia na delegacia mais pr\u00f3xima;<br \/>\n\u2013 Perguntar quais s\u00e3o os pr\u00f3ximos passos ao policial que fez o atendimento.<\/p>\n","protected":false},"excerpt":{"rendered":"<p>No Dia Internacional da Crian\u00e7a Desaparecida, neste s\u00e1bado (25), a Secretaria de Seguran\u00e7a P\u00fablica do DF (SSP) chama a aten\u00e7\u00e3o para a pauta, que tem relev\u00e2ncia nacional. No Distrito Federal, os protocolos est\u00e3o sendo aperfei\u00e7oados e pol\u00edticas p\u00fablicas s\u00e3o criadas para dar respostas ainda mais c\u00e9leres das for\u00e7as de seguran\u00e7a nesta tem\u00e1tica que deixa as [&hellip;]<\/p>\n","protected":false},"author":2,"featured_media":329549,"comment_status":"closed","ping_status":"closed","sticky":false,"template":"","format":"standard","meta":{"_acf_changed":false,"footnotes":""},"categories":[161],"tags":[],"class_list":["post-329548","post","type-post","status-publish","format-standard","has-post-thumbnail","hentry","category-quadradinho-em-foco"],"acf":[],"yoast_head":"<!-- This site is optimized with the Yoast SEO plugin v27.5 - https:\/\/yoast.com\/product\/yoast-seo-wordpress\/ -->\n<title>Pol\u00edtica distrital trata preven\u00e7\u00e3o e enfrentamento de desaparecidos - Notibras<\/title>\n<meta name=\"robots\" content=\"index, follow, max-snippet:-1, max-image-preview:large, max-video-preview:-1\" \/>\n<link rel=\"canonical\" href=\"https:\/\/www.notibras.com\/site\/politica-distrital-trata-prevencao-e-enfrentamento-de-desaparecidos\/\" \/>\n<meta property=\"og:locale\" content=\"pt_BR\" \/>\n<meta property=\"og:type\" content=\"article\" \/>\n<meta property=\"og:title\" content=\"Pol\u00edtica distrital trata preven\u00e7\u00e3o e enfrentamento de desaparecidos - Notibras\" \/>\n<meta property=\"og:description\" content=\"No Dia Internacional da Crian\u00e7a Desaparecida, neste s\u00e1bado (25), a Secretaria de Seguran\u00e7a P\u00fablica do DF (SSP) chama a aten\u00e7\u00e3o para a pauta, que tem relev\u00e2ncia nacional. No Distrito Federal, os protocolos est\u00e3o sendo aperfei\u00e7oados e pol\u00edticas p\u00fablicas s\u00e3o criadas para dar respostas ainda mais c\u00e9leres das for\u00e7as de seguran\u00e7a nesta tem\u00e1tica que deixa as [&hellip;]\" \/>\n<meta property=\"og:url\" content=\"https:\/\/www.notibras.com\/site\/politica-distrital-trata-prevencao-e-enfrentamento-de-desaparecidos\/\" \/>\n<meta property=\"og:site_name\" content=\"Notibras\" \/>\n<meta property=\"article:publisher\" content=\"https:\/\/www.facebook.com\/notibras\/\" \/>\n<meta property=\"article:published_time\" content=\"2024-05-25T03:07:58+00:00\" \/>\n<meta property=\"article:modified_time\" content=\"2024-05-25T16:09:25+00:00\" \/>\n<meta property=\"og:image\" content=\"https:\/\/www.notibras.com\/site\/wp-content\/uploads\/2024\/05\/WhatsApp-Image-2024-05-24-at-17.33.33.jpeg\" \/>\n\t<meta property=\"og:image:width\" content=\"601\" \/>\n\t<meta property=\"og:image:height\" content=\"401\" \/>\n\t<meta property=\"og:image:type\" content=\"image\/jpeg\" \/>\n<meta name=\"author\" content=\"Reda\u00e7\u00e3o\" \/>\n<meta name=\"twitter:card\" content=\"summary_large_image\" \/>\n<meta name=\"twitter:creator\" content=\"@Notibras\" \/>\n<meta name=\"twitter:site\" content=\"@Notibras\" \/>\n<meta name=\"twitter:label1\" content=\"Escrito por\" \/>\n\t<meta name=\"twitter:data1\" content=\"Reda\u00e7\u00e3o\" \/>\n\t<meta name=\"twitter:label2\" content=\"Est. tempo de leitura\" \/>\n\t<meta name=\"twitter:data2\" content=\"3 minutos\" \/>\n<script type=\"application\/ld+json\" class=\"yoast-schema-graph\">{\"@context\":\"https:\\\/\\\/schema.org\",\"@graph\":[{\"@type\":\"Article\",\"@id\":\"https:\\\/\\\/www.notibras.com\\\/site\\\/politica-distrital-trata-prevencao-e-enfrentamento-de-desaparecidos\\\/#article\",\"isPartOf\":{\"@id\":\"https:\\\/\\\/www.notibras.com\\\/site\\\/politica-distrital-trata-prevencao-e-enfrentamento-de-desaparecidos\\\/\"},\"author\":{\"name\":\"Reda\u00e7\u00e3o\",\"@id\":\"https:\\\/\\\/www.notibras.com\\\/site\\\/#\\\/schema\\\/person\\\/36ab0979449956132d3e5b517ea76ac8\"},\"headline\":\"Pol\u00edtica distrital trata preven\u00e7\u00e3o e enfrentamento de desaparecidos\",\"datePublished\":\"2024-05-25T03:07:58+00:00\",\"dateModified\":\"2024-05-25T16:09:25+00:00\",\"mainEntityOfPage\":{\"@id\":\"https:\\\/\\\/www.notibras.com\\\/site\\\/politica-distrital-trata-prevencao-e-enfrentamento-de-desaparecidos\\\/\"},\"wordCount\":481,\"publisher\":{\"@id\":\"https:\\\/\\\/www.notibras.com\\\/site\\\/#organization\"},\"image\":{\"@id\":\"https:\\\/\\\/www.notibras.com\\\/site\\\/politica-distrital-trata-prevencao-e-enfrentamento-de-desaparecidos\\\/#primaryimage\"},\"thumbnailUrl\":\"https:\\\/\\\/www.notibras.com\\\/site\\\/wp-content\\\/uploads\\\/2024\\\/05\\\/WhatsApp-Image-2024-05-24-at-17.33.33.jpeg\",\"articleSection\":[\"Quadradinho em Foco\"],\"inLanguage\":\"pt-BR\"},{\"@type\":\"WebPage\",\"@id\":\"https:\\\/\\\/www.notibras.com\\\/site\\\/politica-distrital-trata-prevencao-e-enfrentamento-de-desaparecidos\\\/\",\"url\":\"https:\\\/\\\/www.notibras.com\\\/site\\\/politica-distrital-trata-prevencao-e-enfrentamento-de-desaparecidos\\\/\",\"name\":\"Pol\u00edtica distrital trata preven\u00e7\u00e3o e enfrentamento de desaparecidos - Notibras\",\"isPartOf\":{\"@id\":\"https:\\\/\\\/www.notibras.com\\\/site\\\/#website\"},\"primaryImageOfPage\":{\"@id\":\"https:\\\/\\\/www.notibras.com\\\/site\\\/politica-distrital-trata-prevencao-e-enfrentamento-de-desaparecidos\\\/#primaryimage\"},\"image\":{\"@id\":\"https:\\\/\\\/www.notibras.com\\\/site\\\/politica-distrital-trata-prevencao-e-enfrentamento-de-desaparecidos\\\/#primaryimage\"},\"thumbnailUrl\":\"https:\\\/\\\/www.notibras.com\\\/site\\\/wp-content\\\/uploads\\\/2024\\\/05\\\/WhatsApp-Image-2024-05-24-at-17.33.33.jpeg\",\"datePublished\":\"2024-05-25T03:07:58+00:00\",\"dateModified\":\"2024-05-25T16:09:25+00:00\",\"breadcrumb\":{\"@id\":\"https:\\\/\\\/www.notibras.com\\\/site\\\/politica-distrital-trata-prevencao-e-enfrentamento-de-desaparecidos\\\/#breadcrumb\"},\"inLanguage\":\"pt-BR\",\"potentialAction\":[{\"@type\":\"ReadAction\",\"target\":[\"https:\\\/\\\/www.notibras.com\\\/site\\\/politica-distrital-trata-prevencao-e-enfrentamento-de-desaparecidos\\\/\"]}]},{\"@type\":\"ImageObject\",\"inLanguage\":\"pt-BR\",\"@id\":\"https:\\\/\\\/www.notibras.com\\\/site\\\/politica-distrital-trata-prevencao-e-enfrentamento-de-desaparecidos\\\/#primaryimage\",\"url\":\"https:\\\/\\\/www.notibras.com\\\/site\\\/wp-content\\\/uploads\\\/2024\\\/05\\\/WhatsApp-Image-2024-05-24-at-17.33.33.jpeg\",\"contentUrl\":\"https:\\\/\\\/www.notibras.com\\\/site\\\/wp-content\\\/uploads\\\/2024\\\/05\\\/WhatsApp-Image-2024-05-24-at-17.33.33.jpeg\",\"width\":601,\"height\":401},{\"@type\":\"BreadcrumbList\",\"@id\":\"https:\\\/\\\/www.notibras.com\\\/site\\\/politica-distrital-trata-prevencao-e-enfrentamento-de-desaparecidos\\\/#breadcrumb\",\"itemListElement\":[{\"@type\":\"ListItem\",\"position\":1,\"name\":\"In\u00edcio\",\"item\":\"https:\\\/\\\/www.notibras.com\\\/site\\\/\"},{\"@type\":\"ListItem\",\"position\":2,\"name\":\"Pol\u00edtica distrital trata preven\u00e7\u00e3o e enfrentamento de desaparecidos\"}]},{\"@type\":\"WebSite\",\"@id\":\"https:\\\/\\\/www.notibras.com\\\/site\\\/#website\",\"url\":\"https:\\\/\\\/www.notibras.com\\\/site\\\/\",\"name\":\"Notibras\",\"description\":\"Not\u00edcias de Bras\u00edlia, do Brasil e do Mundo\",\"publisher\":{\"@id\":\"https:\\\/\\\/www.notibras.com\\\/site\\\/#organization\"},\"potentialAction\":[{\"@type\":\"SearchAction\",\"target\":{\"@type\":\"EntryPoint\",\"urlTemplate\":\"https:\\\/\\\/www.notibras.com\\\/site\\\/?s={search_term_string}\"},\"query-input\":{\"@type\":\"PropertyValueSpecification\",\"valueRequired\":true,\"valueName\":\"search_term_string\"}}],\"inLanguage\":\"pt-BR\"},{\"@type\":\"Organization\",\"@id\":\"https:\\\/\\\/www.notibras.com\\\/site\\\/#organization\",\"name\":\"Grupo Notibras de Comunica\u00e7\u00e3o\",\"url\":\"https:\\\/\\\/www.notibras.com\\\/site\\\/\",\"logo\":{\"@type\":\"ImageObject\",\"inLanguage\":\"pt-BR\",\"@id\":\"https:\\\/\\\/www.notibras.com\\\/site\\\/#\\\/schema\\\/logo\\\/image\\\/\",\"url\":\"https:\\\/\\\/www.notibras.com\\\/site\\\/wp-content\\\/uploads\\\/2023\\\/01\\\/notibras23.png\",\"contentUrl\":\"https:\\\/\\\/www.notibras.com\\\/site\\\/wp-content\\\/uploads\\\/2023\\\/01\\\/notibras23.png\",\"width\":350,\"height\":87,\"caption\":\"Grupo Notibras de Comunica\u00e7\u00e3o\"},\"image\":{\"@id\":\"https:\\\/\\\/www.notibras.com\\\/site\\\/#\\\/schema\\\/logo\\\/image\\\/\"},\"sameAs\":[\"https:\\\/\\\/www.facebook.com\\\/notibras\\\/\",\"https:\\\/\\\/x.com\\\/Notibras\",\"https:\\\/\\\/www.instagram.com\\\/notibras\\\/\"]},{\"@type\":\"Person\",\"@id\":\"https:\\\/\\\/www.notibras.com\\\/site\\\/#\\\/schema\\\/person\\\/36ab0979449956132d3e5b517ea76ac8\",\"name\":\"Reda\u00e7\u00e3o\",\"image\":{\"@type\":\"ImageObject\",\"inLanguage\":\"pt-BR\",\"@id\":\"https:\\\/\\\/secure.gravatar.com\\\/avatar\\\/e0a867bdedb85fd243eadf09663511f96fc81e0720a4a42581f334ad4303aa6b?s=96&d=mm&r=g\",\"url\":\"https:\\\/\\\/secure.gravatar.com\\\/avatar\\\/e0a867bdedb85fd243eadf09663511f96fc81e0720a4a42581f334ad4303aa6b?s=96&d=mm&r=g\",\"contentUrl\":\"https:\\\/\\\/secure.gravatar.com\\\/avatar\\\/e0a867bdedb85fd243eadf09663511f96fc81e0720a4a42581f334ad4303aa6b?s=96&d=mm&r=g\",\"caption\":\"Reda\u00e7\u00e3o\"}}]}<\/script>\n<!-- \/ Yoast SEO plugin. -->","yoast_head_json":{"title":"Pol\u00edtica distrital trata preven\u00e7\u00e3o e enfrentamento de desaparecidos - Notibras","robots":{"index":"index","follow":"follow","max-snippet":"max-snippet:-1","max-image-preview":"max-image-preview:large","max-video-preview":"max-video-preview:-1"},"canonical":"https:\/\/www.notibras.com\/site\/politica-distrital-trata-prevencao-e-enfrentamento-de-desaparecidos\/","og_locale":"pt_BR","og_type":"article","og_title":"Pol\u00edtica distrital trata preven\u00e7\u00e3o e enfrentamento de desaparecidos - Notibras","og_description":"No Dia Internacional da Crian\u00e7a Desaparecida, neste s\u00e1bado (25), a Secretaria de Seguran\u00e7a P\u00fablica do DF (SSP) chama a aten\u00e7\u00e3o para a pauta, que tem relev\u00e2ncia nacional. No Distrito Federal, os protocolos est\u00e3o sendo aperfei\u00e7oados e pol\u00edticas p\u00fablicas s\u00e3o criadas para dar respostas ainda mais c\u00e9leres das for\u00e7as de seguran\u00e7a nesta tem\u00e1tica que deixa as [&hellip;]","og_url":"https:\/\/www.notibras.com\/site\/politica-distrital-trata-prevencao-e-enfrentamento-de-desaparecidos\/","og_site_name":"Notibras","article_publisher":"https:\/\/www.facebook.com\/notibras\/","article_published_time":"2024-05-25T03:07:58+00:00","article_modified_time":"2024-05-25T16:09:25+00:00","og_image":[{"width":601,"height":401,"url":"https:\/\/www.notibras.com\/site\/wp-content\/uploads\/2024\/05\/WhatsApp-Image-2024-05-24-at-17.33.33.jpeg","type":"image\/jpeg"}],"author":"Reda\u00e7\u00e3o","twitter_card":"summary_large_image","twitter_creator":"@Notibras","twitter_site":"@Notibras","twitter_misc":{"Escrito por":"Reda\u00e7\u00e3o","Est. tempo de leitura":"3 minutos"},"schema":{"@context":"https:\/\/schema.org","@graph":[{"@type":"Article","@id":"https:\/\/www.notibras.com\/site\/politica-distrital-trata-prevencao-e-enfrentamento-de-desaparecidos\/#article","isPartOf":{"@id":"https:\/\/www.notibras.com\/site\/politica-distrital-trata-prevencao-e-enfrentamento-de-desaparecidos\/"},"author":{"name":"Reda\u00e7\u00e3o","@id":"https:\/\/www.notibras.com\/site\/#\/schema\/person\/36ab0979449956132d3e5b517ea76ac8"},"headline":"Pol\u00edtica distrital trata preven\u00e7\u00e3o e enfrentamento de desaparecidos","datePublished":"2024-05-25T03:07:58+00:00","dateModified":"2024-05-25T16:09:25+00:00","mainEntityOfPage":{"@id":"https:\/\/www.notibras.com\/site\/politica-distrital-trata-prevencao-e-enfrentamento-de-desaparecidos\/"},"wordCount":481,"publisher":{"@id":"https:\/\/www.notibras.com\/site\/#organization"},"image":{"@id":"https:\/\/www.notibras.com\/site\/politica-distrital-trata-prevencao-e-enfrentamento-de-desaparecidos\/#primaryimage"},"thumbnailUrl":"https:\/\/www.notibras.com\/site\/wp-content\/uploads\/2024\/05\/WhatsApp-Image-2024-05-24-at-17.33.33.jpeg","articleSection":["Quadradinho em Foco"],"inLanguage":"pt-BR"},{"@type":"WebPage","@id":"https:\/\/www.notibras.com\/site\/politica-distrital-trata-prevencao-e-enfrentamento-de-desaparecidos\/","url":"https:\/\/www.notibras.com\/site\/politica-distrital-trata-prevencao-e-enfrentamento-de-desaparecidos\/","name":"Pol\u00edtica distrital trata preven\u00e7\u00e3o e enfrentamento de desaparecidos - Notibras","isPartOf":{"@id":"https:\/\/www.notibras.com\/site\/#website"},"primaryImageOfPage":{"@id":"https:\/\/www.notibras.com\/site\/politica-distrital-trata-prevencao-e-enfrentamento-de-desaparecidos\/#primaryimage"},"image":{"@id":"https:\/\/www.notibras.com\/site\/politica-distrital-trata-prevencao-e-enfrentamento-de-desaparecidos\/#primaryimage"},"thumbnailUrl":"https:\/\/www.notibras.com\/site\/wp-content\/uploads\/2024\/05\/WhatsApp-Image-2024-05-24-at-17.33.33.jpeg","datePublished":"2024-05-25T03:07:58+00:00","dateModified":"2024-05-25T16:09:25+00:00","breadcrumb":{"@id":"https:\/\/www.notibras.com\/site\/politica-distrital-trata-prevencao-e-enfrentamento-de-desaparecidos\/#breadcrumb"},"inLanguage":"pt-BR","potentialAction":[{"@type":"ReadAction","target":["https:\/\/www.notibras.com\/site\/politica-distrital-trata-prevencao-e-enfrentamento-de-desaparecidos\/"]}]},{"@type":"ImageObject","inLanguage":"pt-BR","@id":"https:\/\/www.notibras.com\/site\/politica-distrital-trata-prevencao-e-enfrentamento-de-desaparecidos\/#primaryimage","url":"https:\/\/www.notibras.com\/site\/wp-content\/uploads\/2024\/05\/WhatsApp-Image-2024-05-24-at-17.33.33.jpeg","contentUrl":"https:\/\/www.notibras.com\/site\/wp-content\/uploads\/2024\/05\/WhatsApp-Image-2024-05-24-at-17.33.33.jpeg","width":601,"height":401},{"@type":"BreadcrumbList","@id":"https:\/\/www.notibras.com\/site\/politica-distrital-trata-prevencao-e-enfrentamento-de-desaparecidos\/#breadcrumb","itemListElement":[{"@type":"ListItem","position":1,"name":"In\u00edcio","item":"https:\/\/www.notibras.com\/site\/"},{"@type":"ListItem","position":2,"name":"Pol\u00edtica distrital trata preven\u00e7\u00e3o e enfrentamento de desaparecidos"}]},{"@type":"WebSite","@id":"https:\/\/www.notibras.com\/site\/#website","url":"https:\/\/www.notibras.com\/site\/","name":"Notibras","description":"Not\u00edcias de Bras\u00edlia, do Brasil e do Mundo","publisher":{"@id":"https:\/\/www.notibras.com\/site\/#organization"},"potentialAction":[{"@type":"SearchAction","target":{"@type":"EntryPoint","urlTemplate":"https:\/\/www.notibras.com\/site\/?s={search_term_string}"},"query-input":{"@type":"PropertyValueSpecification","valueRequired":true,"valueName":"search_term_string"}}],"inLanguage":"pt-BR"},{"@type":"Organization","@id":"https:\/\/www.notibras.com\/site\/#organization","name":"Grupo Notibras de Comunica\u00e7\u00e3o","url":"https:\/\/www.notibras.com\/site\/","logo":{"@type":"ImageObject","inLanguage":"pt-BR","@id":"https:\/\/www.notibras.com\/site\/#\/schema\/logo\/image\/","url":"https:\/\/www.notibras.com\/site\/wp-content\/uploads\/2023\/01\/notibras23.png","contentUrl":"https:\/\/www.notibras.com\/site\/wp-content\/uploads\/2023\/01\/notibras23.png","width":350,"height":87,"caption":"Grupo Notibras de Comunica\u00e7\u00e3o"},"image":{"@id":"https:\/\/www.notibras.com\/site\/#\/schema\/logo\/image\/"},"sameAs":["https:\/\/www.facebook.com\/notibras\/","https:\/\/x.com\/Notibras","https:\/\/www.instagram.com\/notibras\/"]},{"@type":"Person","@id":"https:\/\/www.notibras.com\/site\/#\/schema\/person\/36ab0979449956132d3e5b517ea76ac8","name":"Reda\u00e7\u00e3o","image":{"@type":"ImageObject","inLanguage":"pt-BR","@id":"https:\/\/secure.gravatar.com\/avatar\/e0a867bdedb85fd243eadf09663511f96fc81e0720a4a42581f334ad4303aa6b?s=96&d=mm&r=g","url":"https:\/\/secure.gravatar.com\/avatar\/e0a867bdedb85fd243eadf09663511f96fc81e0720a4a42581f334ad4303aa6b?s=96&d=mm&r=g","contentUrl":"https:\/\/secure.gravatar.com\/avatar\/e0a867bdedb85fd243eadf09663511f96fc81e0720a4a42581f334ad4303aa6b?s=96&d=mm&r=g","caption":"Reda\u00e7\u00e3o"}}]}},"amp_enabled":true,"_links":{"self":[{"href":"https:\/\/www.notibras.com\/site\/wp-json\/wp\/v2\/posts\/329548","targetHints":{"allow":["GET"]}}],"collection":[{"href":"https:\/\/www.notibras.com\/site\/wp-json\/wp\/v2\/posts"}],"about":[{"href":"https:\/\/www.notibras.com\/site\/wp-json\/wp\/v2\/types\/post"}],"author":[{"embeddable":true,"href":"https:\/\/www.notibras.com\/site\/wp-json\/wp\/v2\/users\/2"}],"replies":[{"embeddable":true,"href":"https:\/\/www.notibras.com\/site\/wp-json\/wp\/v2\/comments?post=329548"}],"version-history":[{"count":1,"href":"https:\/\/www.notibras.com\/site\/wp-json\/wp\/v2\/posts\/329548\/revisions"}],"predecessor-version":[{"id":329550,"href":"https:\/\/www.notibras.com\/site\/wp-json\/wp\/v2\/posts\/329548\/revisions\/329550"}],"wp:featuredmedia":[{"embeddable":true,"href":"https:\/\/www.notibras.com\/site\/wp-json\/wp\/v2\/media\/329549"}],"wp:attachment":[{"href":"https:\/\/www.notibras.com\/site\/wp-json\/wp\/v2\/media?parent=329548"}],"wp:term":[{"taxonomy":"category","embeddable":true,"href":"https:\/\/www.notibras.com\/site\/wp-json\/wp\/v2\/categories?post=329548"},{"taxonomy":"post_tag","embeddable":true,"href":"https:\/\/www.notibras.com\/site\/wp-json\/wp\/v2\/tags?post=329548"}],"curies":[{"name":"wp","href":"https:\/\/api.w.org\/{rel}","templated":true}]}}