{"id":329578,"date":"2024-05-26T10:09:08","date_gmt":"2024-05-26T13:09:08","guid":{"rendered":"https:\/\/www.notibras.com\/site\/?p=329578"},"modified":"2024-05-26T10:10:52","modified_gmt":"2024-05-26T13:10:52","slug":"bianca-apos-fome-na-infancia-teme-a-pobreza","status":"publish","type":"post","link":"https:\/\/www.notibras.com\/site\/bianca-apos-fome-na-infancia-teme-a-pobreza\/","title":{"rendered":"Bianca, ap\u00f3s fome na inf\u00e2ncia, teme a pobreza"},"content":{"rendered":"<p>Bianca, a despeito da pobreza beirando a mis\u00e9ria na inf\u00e2ncia, conseguiu sobreviver e, pode-se at\u00e9 afirmar, venceu na vida. N\u00e3o que tenha ficado milion\u00e1ria como praticamente nunca acontece para quem vem de baixo. E n\u00e3o me venham com fal\u00e1cias, pois a estat\u00edstica est\u00e1 bem a\u00ed para dar aquela bicuda nessas historinhas para boi dormir.<\/p>\n<p>Acordava cedo, mas n\u00e3o por causa do trabalho, j\u00e1 que come\u00e7ava na reparti\u00e7\u00e3o \u00e0s 13h. Gostava de manter o corpo em forma e, por isso, era a primeira a entrar na academia logo ali no final da quadra. E, ap\u00f3s mais de uma hora de malha\u00e7\u00e3o, corria de volta para o lar, doce lar. Mas n\u00e3o pense que a mulher pegava o elevador. N\u00e3o mesmo! Enfrentava aquela imensid\u00e3o de degraus at\u00e9 o sexto andar.<\/p>\n<p>L\u00e1 por volta do meio-dia, banho tomado, a mulher almo\u00e7ava e, em seguida, dava os \u00faltimos retoques na maquiagem. Nada de muito chamativo. \u00c9 verdade que guardava um trunfo na bolsa, mas que era sacado apenas em momentos especiais: um batom cor rosa f\u00facsia.<\/p>\n<p>A mulher, assim que pisava na cal\u00e7ada, atra\u00eda olhares de todos os lados. Fingia n\u00e3o perceber e, firme, caminhava por quase um quil\u00f4metro at\u00e9 vencer as portas do pr\u00e9dio onde trabalhava. Cumprimentava os que precisava cumprimentar e, um ou dois minutos ap\u00f3s, entrava na sua sala. Pendurava a bolsa no encosto da cadeira, colocava um pouco de caf\u00e9 na x\u00edcara, sentava-se.<\/p>\n<p>Olhos fechados, levava a x\u00edcara at\u00e9 os l\u00e1bios. Que del\u00edcia de caf\u00e9! Isso a levou a relembrar tempos dif\u00edceis vividos ainda menina, quando precisou crescer r\u00e1pido para que a fome n\u00e3o a consumisse. Quem a visse agora jamais imaginaria que Bianca, um dia, passou tanto aperto.<\/p>\n<p>Mas se a mulher havia sa\u00eddo da pobreza, parece que a pobreza n\u00e3o saiu dela. Tanto \u00e9 que, enquanto ainda sorvia o tal caf\u00e9, um primo distante telefonou pedindo dinheiro. N\u00e3o muito, para dizer a verdade, mas que fez Bianca reviver seu passado sombrio.<\/p>\n<p>\u2014 Duzentos reais?<\/p>\n<p>\u2014 \u00c9 que preciso arrumar a geladeira, Bianca.<\/p>\n<p>\u2014 Ah, assim n\u00e3o d\u00e1! Desse jeito fico na m\u00e3o de calango.<\/p>\n<p><strong>*Eduardo Mart\u00ednez \u00e9 autor do livro \u201c57 Contos e Cr\u00f4nicas por um Autor muito Velho\u201d. <\/strong><\/p>\n<p>Compre aqui <span class=\"x19la9d6 x1fc57z9 x6ikm8r x10wlt62 x19co3pv x1g5zs5t xfibh0p xiy17q3 x1xsqp64 x1lkfr7t xexx8yu x4uap5 x18d9i69 xkhd6sd\"><span class=\"xrtxmta x1bhl96m\">&#x1f447;&#x1f3ff;<\/span><\/span><span class=\"x19la9d6 x1fc57z9 x6ikm8r x10wlt62 x19co3pv x1g5zs5t xfibh0p xiy17q3 x1xsqp64 x1lkfr7t xexx8yu x4uap5 x18d9i69 xkhd6sd\"><span class=\"xrtxmta x1bhl96m\">&#x1f447;&#x1f3ff;<\/span><\/span><span class=\"x19la9d6 x1fc57z9 x6ikm8r x10wlt62 x19co3pv x1g5zs5t xfibh0p xiy17q3 x1xsqp64 x1lkfr7t xexx8yu x4uap5 x18d9i69 xkhd6sd\"><span class=\"xrtxmta x1bhl96m\">&#x1f447;&#x1f3ff;<\/span><\/span><\/p>\n<p><a href=\"http:\/\/www.joanineditora.com.br\/57-contos-e-cronicas-por-um-autor-muito-velho\">http:\/\/www.joanineditora.com.br\/57-contos-e-cronicas-por-um-autor-muito-velho<\/a><\/p>\n","protected":false},"excerpt":{"rendered":"<p>Bianca, a despeito da pobreza beirando a mis\u00e9ria na inf\u00e2ncia, conseguiu sobreviver e, pode-se at\u00e9 afirmar, venceu na vida. N\u00e3o que tenha ficado milion\u00e1ria como praticamente nunca acontece para quem vem de baixo. E n\u00e3o me venham com fal\u00e1cias, pois a estat\u00edstica est\u00e1 bem a\u00ed para dar aquela bicuda nessas historinhas para boi dormir. Acordava [&hellip;]<\/p>\n","protected":false},"author":2,"featured_media":329579,"comment_status":"closed","ping_status":"closed","sticky":false,"template":"","format":"standard","meta":{"_acf_changed":false,"footnotes":""},"categories":[161],"tags":[],"class_list":["post-329578","post","type-post","status-publish","format-standard","has-post-thumbnail","hentry","category-quadradinho-em-foco"],"acf":[],"yoast_head":"<!-- This site is optimized with the Yoast SEO plugin v27.5 - https:\/\/yoast.com\/product\/yoast-seo-wordpress\/ -->\n<title>Bianca, ap\u00f3s fome na inf\u00e2ncia, teme a pobreza - Notibras<\/title>\n<meta name=\"robots\" content=\"index, follow, max-snippet:-1, max-image-preview:large, max-video-preview:-1\" \/>\n<link rel=\"canonical\" href=\"https:\/\/www.notibras.com\/site\/bianca-apos-fome-na-infancia-teme-a-pobreza\/\" \/>\n<meta property=\"og:locale\" content=\"pt_BR\" \/>\n<meta property=\"og:type\" content=\"article\" \/>\n<meta property=\"og:title\" content=\"Bianca, ap\u00f3s fome na inf\u00e2ncia, teme a pobreza - Notibras\" \/>\n<meta property=\"og:description\" content=\"Bianca, a despeito da pobreza beirando a mis\u00e9ria na inf\u00e2ncia, conseguiu sobreviver e, pode-se at\u00e9 afirmar, venceu na vida. N\u00e3o que tenha ficado milion\u00e1ria como praticamente nunca acontece para quem vem de baixo. E n\u00e3o me venham com fal\u00e1cias, pois a estat\u00edstica est\u00e1 bem a\u00ed para dar aquela bicuda nessas historinhas para boi dormir. Acordava [&hellip;]\" \/>\n<meta property=\"og:url\" content=\"https:\/\/www.notibras.com\/site\/bianca-apos-fome-na-infancia-teme-a-pobreza\/\" \/>\n<meta property=\"og:site_name\" content=\"Notibras\" \/>\n<meta property=\"article:publisher\" content=\"https:\/\/www.facebook.com\/notibras\/\" \/>\n<meta property=\"article:published_time\" content=\"2024-05-26T13:09:08+00:00\" \/>\n<meta property=\"article:modified_time\" content=\"2024-05-26T13:10:52+00:00\" \/>\n<meta property=\"og:image\" content=\"https:\/\/www.notibras.com\/site\/wp-content\/uploads\/2024\/05\/981e34e4-66f5-4cb8-a8d9-0287f08884de.jpeg\" \/>\n\t<meta property=\"og:image:width\" content=\"1080\" \/>\n\t<meta property=\"og:image:height\" content=\"1080\" \/>\n\t<meta property=\"og:image:type\" content=\"image\/jpeg\" \/>\n<meta name=\"author\" content=\"Reda\u00e7\u00e3o\" \/>\n<meta name=\"twitter:card\" content=\"summary_large_image\" \/>\n<meta name=\"twitter:creator\" content=\"@Notibras\" \/>\n<meta name=\"twitter:site\" content=\"@Notibras\" \/>\n<meta name=\"twitter:label1\" content=\"Escrito por\" \/>\n\t<meta name=\"twitter:data1\" content=\"Reda\u00e7\u00e3o\" \/>\n\t<meta name=\"twitter:label2\" content=\"Est. tempo de leitura\" \/>\n\t<meta name=\"twitter:data2\" content=\"3 minutos\" \/>\n<script type=\"application\/ld+json\" class=\"yoast-schema-graph\">{\"@context\":\"https:\\\/\\\/schema.org\",\"@graph\":[{\"@type\":\"Article\",\"@id\":\"https:\\\/\\\/www.notibras.com\\\/site\\\/bianca-apos-fome-na-infancia-teme-a-pobreza\\\/#article\",\"isPartOf\":{\"@id\":\"https:\\\/\\\/www.notibras.com\\\/site\\\/bianca-apos-fome-na-infancia-teme-a-pobreza\\\/\"},\"author\":{\"name\":\"Reda\u00e7\u00e3o\",\"@id\":\"https:\\\/\\\/www.notibras.com\\\/site\\\/#\\\/schema\\\/person\\\/36ab0979449956132d3e5b517ea76ac8\"},\"headline\":\"Bianca, ap\u00f3s fome na inf\u00e2ncia, teme a pobreza\",\"datePublished\":\"2024-05-26T13:09:08+00:00\",\"dateModified\":\"2024-05-26T13:10:52+00:00\",\"mainEntityOfPage\":{\"@id\":\"https:\\\/\\\/www.notibras.com\\\/site\\\/bianca-apos-fome-na-infancia-teme-a-pobreza\\\/\"},\"wordCount\":423,\"publisher\":{\"@id\":\"https:\\\/\\\/www.notibras.com\\\/site\\\/#organization\"},\"image\":{\"@id\":\"https:\\\/\\\/www.notibras.com\\\/site\\\/bianca-apos-fome-na-infancia-teme-a-pobreza\\\/#primaryimage\"},\"thumbnailUrl\":\"https:\\\/\\\/www.notibras.com\\\/site\\\/wp-content\\\/uploads\\\/2024\\\/05\\\/981e34e4-66f5-4cb8-a8d9-0287f08884de.jpeg\",\"articleSection\":[\"Quadradinho em Foco\"],\"inLanguage\":\"pt-BR\"},{\"@type\":\"WebPage\",\"@id\":\"https:\\\/\\\/www.notibras.com\\\/site\\\/bianca-apos-fome-na-infancia-teme-a-pobreza\\\/\",\"url\":\"https:\\\/\\\/www.notibras.com\\\/site\\\/bianca-apos-fome-na-infancia-teme-a-pobreza\\\/\",\"name\":\"Bianca, ap\u00f3s fome na inf\u00e2ncia, teme a pobreza - Notibras\",\"isPartOf\":{\"@id\":\"https:\\\/\\\/www.notibras.com\\\/site\\\/#website\"},\"primaryImageOfPage\":{\"@id\":\"https:\\\/\\\/www.notibras.com\\\/site\\\/bianca-apos-fome-na-infancia-teme-a-pobreza\\\/#primaryimage\"},\"image\":{\"@id\":\"https:\\\/\\\/www.notibras.com\\\/site\\\/bianca-apos-fome-na-infancia-teme-a-pobreza\\\/#primaryimage\"},\"thumbnailUrl\":\"https:\\\/\\\/www.notibras.com\\\/site\\\/wp-content\\\/uploads\\\/2024\\\/05\\\/981e34e4-66f5-4cb8-a8d9-0287f08884de.jpeg\",\"datePublished\":\"2024-05-26T13:09:08+00:00\",\"dateModified\":\"2024-05-26T13:10:52+00:00\",\"breadcrumb\":{\"@id\":\"https:\\\/\\\/www.notibras.com\\\/site\\\/bianca-apos-fome-na-infancia-teme-a-pobreza\\\/#breadcrumb\"},\"inLanguage\":\"pt-BR\",\"potentialAction\":[{\"@type\":\"ReadAction\",\"target\":[\"https:\\\/\\\/www.notibras.com\\\/site\\\/bianca-apos-fome-na-infancia-teme-a-pobreza\\\/\"]}]},{\"@type\":\"ImageObject\",\"inLanguage\":\"pt-BR\",\"@id\":\"https:\\\/\\\/www.notibras.com\\\/site\\\/bianca-apos-fome-na-infancia-teme-a-pobreza\\\/#primaryimage\",\"url\":\"https:\\\/\\\/www.notibras.com\\\/site\\\/wp-content\\\/uploads\\\/2024\\\/05\\\/981e34e4-66f5-4cb8-a8d9-0287f08884de.jpeg\",\"contentUrl\":\"https:\\\/\\\/www.notibras.com\\\/site\\\/wp-content\\\/uploads\\\/2024\\\/05\\\/981e34e4-66f5-4cb8-a8d9-0287f08884de.jpeg\",\"width\":1080,\"height\":1080},{\"@type\":\"BreadcrumbList\",\"@id\":\"https:\\\/\\\/www.notibras.com\\\/site\\\/bianca-apos-fome-na-infancia-teme-a-pobreza\\\/#breadcrumb\",\"itemListElement\":[{\"@type\":\"ListItem\",\"position\":1,\"name\":\"In\u00edcio\",\"item\":\"https:\\\/\\\/www.notibras.com\\\/site\\\/\"},{\"@type\":\"ListItem\",\"position\":2,\"name\":\"Bianca, ap\u00f3s fome na inf\u00e2ncia, teme a pobreza\"}]},{\"@type\":\"WebSite\",\"@id\":\"https:\\\/\\\/www.notibras.com\\\/site\\\/#website\",\"url\":\"https:\\\/\\\/www.notibras.com\\\/site\\\/\",\"name\":\"Notibras\",\"description\":\"Not\u00edcias de Bras\u00edlia, do Brasil e do Mundo\",\"publisher\":{\"@id\":\"https:\\\/\\\/www.notibras.com\\\/site\\\/#organization\"},\"potentialAction\":[{\"@type\":\"SearchAction\",\"target\":{\"@type\":\"EntryPoint\",\"urlTemplate\":\"https:\\\/\\\/www.notibras.com\\\/site\\\/?s={search_term_string}\"},\"query-input\":{\"@type\":\"PropertyValueSpecification\",\"valueRequired\":true,\"valueName\":\"search_term_string\"}}],\"inLanguage\":\"pt-BR\"},{\"@type\":\"Organization\",\"@id\":\"https:\\\/\\\/www.notibras.com\\\/site\\\/#organization\",\"name\":\"Grupo Notibras de Comunica\u00e7\u00e3o\",\"url\":\"https:\\\/\\\/www.notibras.com\\\/site\\\/\",\"logo\":{\"@type\":\"ImageObject\",\"inLanguage\":\"pt-BR\",\"@id\":\"https:\\\/\\\/www.notibras.com\\\/site\\\/#\\\/schema\\\/logo\\\/image\\\/\",\"url\":\"https:\\\/\\\/www.notibras.com\\\/site\\\/wp-content\\\/uploads\\\/2023\\\/01\\\/notibras23.png\",\"contentUrl\":\"https:\\\/\\\/www.notibras.com\\\/site\\\/wp-content\\\/uploads\\\/2023\\\/01\\\/notibras23.png\",\"width\":350,\"height\":87,\"caption\":\"Grupo Notibras de Comunica\u00e7\u00e3o\"},\"image\":{\"@id\":\"https:\\\/\\\/www.notibras.com\\\/site\\\/#\\\/schema\\\/logo\\\/image\\\/\"},\"sameAs\":[\"https:\\\/\\\/www.facebook.com\\\/notibras\\\/\",\"https:\\\/\\\/x.com\\\/Notibras\",\"https:\\\/\\\/www.instagram.com\\\/notibras\\\/\"]},{\"@type\":\"Person\",\"@id\":\"https:\\\/\\\/www.notibras.com\\\/site\\\/#\\\/schema\\\/person\\\/36ab0979449956132d3e5b517ea76ac8\",\"name\":\"Reda\u00e7\u00e3o\",\"image\":{\"@type\":\"ImageObject\",\"inLanguage\":\"pt-BR\",\"@id\":\"https:\\\/\\\/secure.gravatar.com\\\/avatar\\\/e0a867bdedb85fd243eadf09663511f96fc81e0720a4a42581f334ad4303aa6b?s=96&d=mm&r=g\",\"url\":\"https:\\\/\\\/secure.gravatar.com\\\/avatar\\\/e0a867bdedb85fd243eadf09663511f96fc81e0720a4a42581f334ad4303aa6b?s=96&d=mm&r=g\",\"contentUrl\":\"https:\\\/\\\/secure.gravatar.com\\\/avatar\\\/e0a867bdedb85fd243eadf09663511f96fc81e0720a4a42581f334ad4303aa6b?s=96&d=mm&r=g\",\"caption\":\"Reda\u00e7\u00e3o\"}}]}<\/script>\n<!-- \/ Yoast SEO plugin. -->","yoast_head_json":{"title":"Bianca, ap\u00f3s fome na inf\u00e2ncia, teme a pobreza - Notibras","robots":{"index":"index","follow":"follow","max-snippet":"max-snippet:-1","max-image-preview":"max-image-preview:large","max-video-preview":"max-video-preview:-1"},"canonical":"https:\/\/www.notibras.com\/site\/bianca-apos-fome-na-infancia-teme-a-pobreza\/","og_locale":"pt_BR","og_type":"article","og_title":"Bianca, ap\u00f3s fome na inf\u00e2ncia, teme a pobreza - Notibras","og_description":"Bianca, a despeito da pobreza beirando a mis\u00e9ria na inf\u00e2ncia, conseguiu sobreviver e, pode-se at\u00e9 afirmar, venceu na vida. N\u00e3o que tenha ficado milion\u00e1ria como praticamente nunca acontece para quem vem de baixo. E n\u00e3o me venham com fal\u00e1cias, pois a estat\u00edstica est\u00e1 bem a\u00ed para dar aquela bicuda nessas historinhas para boi dormir. Acordava [&hellip;]","og_url":"https:\/\/www.notibras.com\/site\/bianca-apos-fome-na-infancia-teme-a-pobreza\/","og_site_name":"Notibras","article_publisher":"https:\/\/www.facebook.com\/notibras\/","article_published_time":"2024-05-26T13:09:08+00:00","article_modified_time":"2024-05-26T13:10:52+00:00","og_image":[{"width":1080,"height":1080,"url":"https:\/\/www.notibras.com\/site\/wp-content\/uploads\/2024\/05\/981e34e4-66f5-4cb8-a8d9-0287f08884de.jpeg","type":"image\/jpeg"}],"author":"Reda\u00e7\u00e3o","twitter_card":"summary_large_image","twitter_creator":"@Notibras","twitter_site":"@Notibras","twitter_misc":{"Escrito por":"Reda\u00e7\u00e3o","Est. tempo de leitura":"3 minutos"},"schema":{"@context":"https:\/\/schema.org","@graph":[{"@type":"Article","@id":"https:\/\/www.notibras.com\/site\/bianca-apos-fome-na-infancia-teme-a-pobreza\/#article","isPartOf":{"@id":"https:\/\/www.notibras.com\/site\/bianca-apos-fome-na-infancia-teme-a-pobreza\/"},"author":{"name":"Reda\u00e7\u00e3o","@id":"https:\/\/www.notibras.com\/site\/#\/schema\/person\/36ab0979449956132d3e5b517ea76ac8"},"headline":"Bianca, ap\u00f3s fome na inf\u00e2ncia, teme a pobreza","datePublished":"2024-05-26T13:09:08+00:00","dateModified":"2024-05-26T13:10:52+00:00","mainEntityOfPage":{"@id":"https:\/\/www.notibras.com\/site\/bianca-apos-fome-na-infancia-teme-a-pobreza\/"},"wordCount":423,"publisher":{"@id":"https:\/\/www.notibras.com\/site\/#organization"},"image":{"@id":"https:\/\/www.notibras.com\/site\/bianca-apos-fome-na-infancia-teme-a-pobreza\/#primaryimage"},"thumbnailUrl":"https:\/\/www.notibras.com\/site\/wp-content\/uploads\/2024\/05\/981e34e4-66f5-4cb8-a8d9-0287f08884de.jpeg","articleSection":["Quadradinho em Foco"],"inLanguage":"pt-BR"},{"@type":"WebPage","@id":"https:\/\/www.notibras.com\/site\/bianca-apos-fome-na-infancia-teme-a-pobreza\/","url":"https:\/\/www.notibras.com\/site\/bianca-apos-fome-na-infancia-teme-a-pobreza\/","name":"Bianca, ap\u00f3s fome na inf\u00e2ncia, teme a pobreza - Notibras","isPartOf":{"@id":"https:\/\/www.notibras.com\/site\/#website"},"primaryImageOfPage":{"@id":"https:\/\/www.notibras.com\/site\/bianca-apos-fome-na-infancia-teme-a-pobreza\/#primaryimage"},"image":{"@id":"https:\/\/www.notibras.com\/site\/bianca-apos-fome-na-infancia-teme-a-pobreza\/#primaryimage"},"thumbnailUrl":"https:\/\/www.notibras.com\/site\/wp-content\/uploads\/2024\/05\/981e34e4-66f5-4cb8-a8d9-0287f08884de.jpeg","datePublished":"2024-05-26T13:09:08+00:00","dateModified":"2024-05-26T13:10:52+00:00","breadcrumb":{"@id":"https:\/\/www.notibras.com\/site\/bianca-apos-fome-na-infancia-teme-a-pobreza\/#breadcrumb"},"inLanguage":"pt-BR","potentialAction":[{"@type":"ReadAction","target":["https:\/\/www.notibras.com\/site\/bianca-apos-fome-na-infancia-teme-a-pobreza\/"]}]},{"@type":"ImageObject","inLanguage":"pt-BR","@id":"https:\/\/www.notibras.com\/site\/bianca-apos-fome-na-infancia-teme-a-pobreza\/#primaryimage","url":"https:\/\/www.notibras.com\/site\/wp-content\/uploads\/2024\/05\/981e34e4-66f5-4cb8-a8d9-0287f08884de.jpeg","contentUrl":"https:\/\/www.notibras.com\/site\/wp-content\/uploads\/2024\/05\/981e34e4-66f5-4cb8-a8d9-0287f08884de.jpeg","width":1080,"height":1080},{"@type":"BreadcrumbList","@id":"https:\/\/www.notibras.com\/site\/bianca-apos-fome-na-infancia-teme-a-pobreza\/#breadcrumb","itemListElement":[{"@type":"ListItem","position":1,"name":"In\u00edcio","item":"https:\/\/www.notibras.com\/site\/"},{"@type":"ListItem","position":2,"name":"Bianca, ap\u00f3s fome na inf\u00e2ncia, teme a pobreza"}]},{"@type":"WebSite","@id":"https:\/\/www.notibras.com\/site\/#website","url":"https:\/\/www.notibras.com\/site\/","name":"Notibras","description":"Not\u00edcias de Bras\u00edlia, do Brasil e do Mundo","publisher":{"@id":"https:\/\/www.notibras.com\/site\/#organization"},"potentialAction":[{"@type":"SearchAction","target":{"@type":"EntryPoint","urlTemplate":"https:\/\/www.notibras.com\/site\/?s={search_term_string}"},"query-input":{"@type":"PropertyValueSpecification","valueRequired":true,"valueName":"search_term_string"}}],"inLanguage":"pt-BR"},{"@type":"Organization","@id":"https:\/\/www.notibras.com\/site\/#organization","name":"Grupo Notibras de Comunica\u00e7\u00e3o","url":"https:\/\/www.notibras.com\/site\/","logo":{"@type":"ImageObject","inLanguage":"pt-BR","@id":"https:\/\/www.notibras.com\/site\/#\/schema\/logo\/image\/","url":"https:\/\/www.notibras.com\/site\/wp-content\/uploads\/2023\/01\/notibras23.png","contentUrl":"https:\/\/www.notibras.com\/site\/wp-content\/uploads\/2023\/01\/notibras23.png","width":350,"height":87,"caption":"Grupo Notibras de Comunica\u00e7\u00e3o"},"image":{"@id":"https:\/\/www.notibras.com\/site\/#\/schema\/logo\/image\/"},"sameAs":["https:\/\/www.facebook.com\/notibras\/","https:\/\/x.com\/Notibras","https:\/\/www.instagram.com\/notibras\/"]},{"@type":"Person","@id":"https:\/\/www.notibras.com\/site\/#\/schema\/person\/36ab0979449956132d3e5b517ea76ac8","name":"Reda\u00e7\u00e3o","image":{"@type":"ImageObject","inLanguage":"pt-BR","@id":"https:\/\/secure.gravatar.com\/avatar\/e0a867bdedb85fd243eadf09663511f96fc81e0720a4a42581f334ad4303aa6b?s=96&d=mm&r=g","url":"https:\/\/secure.gravatar.com\/avatar\/e0a867bdedb85fd243eadf09663511f96fc81e0720a4a42581f334ad4303aa6b?s=96&d=mm&r=g","contentUrl":"https:\/\/secure.gravatar.com\/avatar\/e0a867bdedb85fd243eadf09663511f96fc81e0720a4a42581f334ad4303aa6b?s=96&d=mm&r=g","caption":"Reda\u00e7\u00e3o"}}]}},"amp_enabled":true,"_links":{"self":[{"href":"https:\/\/www.notibras.com\/site\/wp-json\/wp\/v2\/posts\/329578","targetHints":{"allow":["GET"]}}],"collection":[{"href":"https:\/\/www.notibras.com\/site\/wp-json\/wp\/v2\/posts"}],"about":[{"href":"https:\/\/www.notibras.com\/site\/wp-json\/wp\/v2\/types\/post"}],"author":[{"embeddable":true,"href":"https:\/\/www.notibras.com\/site\/wp-json\/wp\/v2\/users\/2"}],"replies":[{"embeddable":true,"href":"https:\/\/www.notibras.com\/site\/wp-json\/wp\/v2\/comments?post=329578"}],"version-history":[{"count":2,"href":"https:\/\/www.notibras.com\/site\/wp-json\/wp\/v2\/posts\/329578\/revisions"}],"predecessor-version":[{"id":329581,"href":"https:\/\/www.notibras.com\/site\/wp-json\/wp\/v2\/posts\/329578\/revisions\/329581"}],"wp:featuredmedia":[{"embeddable":true,"href":"https:\/\/www.notibras.com\/site\/wp-json\/wp\/v2\/media\/329579"}],"wp:attachment":[{"href":"https:\/\/www.notibras.com\/site\/wp-json\/wp\/v2\/media?parent=329578"}],"wp:term":[{"taxonomy":"category","embeddable":true,"href":"https:\/\/www.notibras.com\/site\/wp-json\/wp\/v2\/categories?post=329578"},{"taxonomy":"post_tag","embeddable":true,"href":"https:\/\/www.notibras.com\/site\/wp-json\/wp\/v2\/tags?post=329578"}],"curies":[{"name":"wp","href":"https:\/\/api.w.org\/{rel}","templated":true}]}}