{"id":329588,"date":"2024-05-26T00:00:23","date_gmt":"2024-05-26T03:00:23","guid":{"rendered":"https:\/\/www.notibras.com\/site\/?p=329588"},"modified":"2024-05-26T10:40:22","modified_gmt":"2024-05-26T13:40:22","slug":"acoes-conjuntas-tentam-evitar-incendios-na-epoca-da-seca","status":"publish","type":"post","link":"https:\/\/www.notibras.com\/site\/acoes-conjuntas-tentam-evitar-incendios-na-epoca-da-seca\/","title":{"rendered":"A\u00e7\u00f5es conjuntas tentam evitar inc\u00eandios na \u00e9poca da seca"},"content":{"rendered":"<p>A temporada de seca no Distrito Federal est\u00e1 batendo \u00e0 porta e, durante o per\u00edodo, tamb\u00e9m come\u00e7am os alertas para inc\u00eandios, risco constante nesta \u00e9poca do ano. Com objetivo de proteger a biodiversidade e evitar os danos causados pelas queimadas, o Governo do Distrito Federal (GDF) tem implementado uma s\u00e9rie de medidas preventivas e de conscientiza\u00e7\u00e3o.<\/p>\n<p>Desde o in\u00edcio do ano, a Secretaria do Meio Ambiente e Prote\u00e7\u00e3o Ambiental (Sema-DF) investe em preven\u00e7\u00e3o, com a contrata\u00e7\u00e3o de 150 brigadistas; em educa\u00e7\u00e3o ambiental, com a\u00e7\u00f5es junto \u00e0 comunidade; e em capacita\u00e7\u00e3o para os servidores que atuam no setor.<\/p>\n<p>De acordo com a pasta, em 2023, a \u00e1rea destru\u00edda pelo fogo no DF diminuiu 70% em compara\u00e7\u00e3o com o ano anterior. O secret\u00e1rio Gutemberg Gomes destaca as a\u00e7\u00f5es do governo e o papel da popula\u00e7\u00e3o nas a\u00e7\u00f5es de combate \u00e0s queimadas como medidas que contribu\u00edram com a redu\u00e7\u00e3o do \u00edndice.<\/p>\n<p>\u201cAs blitze educativas s\u00e3o fundamentais para aumentar a conscientiza\u00e7\u00e3o ambiental e promover um impacto positivo duradouro na preven\u00e7\u00e3o dos inc\u00eandios florestais. \u00c9 uma oportunidade para ensinar e aprender, fortalecendo a nossa comunidade na luta contra essas queimadas desastrosas\u201d, afirma Gomes.<\/p>\n<p>De acordo com o Instituto Bras\u00edlia Ambiental, no ano passado, 54 das 86 unidades de conserva\u00e7\u00e3o e parques administrados pelo instituto tiveram registros de inc\u00eandio. No entanto, somente 4,5% da \u00e1rea total desses locais foram queimados, um reflexo da agilidade e efici\u00eancia das a\u00e7\u00f5es da brigada ambiental do \u00f3rg\u00e3o.<\/p>\n<p>Em 2024, 38 ocorr\u00eancias de inc\u00eandios foram registradas at\u00e9 este m\u00eas de maio. Ao todo, 124 hectares foram destru\u00eddos. O presidente do Bras\u00edlia Ambiental, R\u00f4ney Nemer, defende que um servi\u00e7o adequado de combate \u00e0 devasta\u00e7\u00e3o causada pelo fogo tamb\u00e9m passa pela valoriza\u00e7\u00e3o dos profissionais na linha de frente.<\/p>\n<p>\u201cOs brigadistas florestais s\u00e3o essenciais para nos prepararmos para esse momento cr\u00edtico. Eles contribuem por meio das pr\u00e1ticas de aceiros, coroamento, ro\u00e7agem, refor\u00e7o nas pr\u00e1ticas de educa\u00e7\u00e3o ambiental, entre outras atividades. Ano passado conseguimos diminuir em 70% as queimadas devido ao nosso esfor\u00e7o de contrata\u00e7\u00e3o antecipada. Acredito que neste ano teremos ainda mais sucesso\u201d, destaca Nemer.<\/p>\n<p><strong>Papel de todos<\/strong><br \/>\nA popula\u00e7\u00e3o tamb\u00e9m tem um papel fundamental a partir de cuidados simples, por\u00e9m decisivos, quando se trata de inc\u00eandios florestais. Em meio \u00e0s condi\u00e7\u00f5es clim\u00e1ticas desfavor\u00e1veis, \u00e9 importante que cada morador esteja atento aos impactos negativos das queimadas.<\/p>\n<p>Outra frente de esfor\u00e7os do governo em prol de um objetivo comum, o Corpo de Bombeiros Militar do Distrito Federal (CBMDF) realiza, desde o \u00faltimo m\u00eas de abril, rondas em \u00e1reas de preserva\u00e7\u00e3o e a\u00e7\u00f5es de capacita\u00e7\u00e3o para comunidades rurais, para que os pr\u00f3prios moradores contribuam com o combate a pequenos focos de inc\u00eandio.<\/p>\n<p>Ao todo, a capacita\u00e7\u00e3o atingiu 150 pessoas de diversas propriedades no Distrito Federal, em regi\u00f5es como Planaltina, Sobradinho, Brazl\u00e2ndia, Gama e Jardim Bot\u00e2nico. Nos pr\u00f3ximos meses, em junho e julho, 50 novos combatentes florestais passar\u00e3o por um curso de especializa\u00e7\u00e3o para atuar nas pr\u00f3ximas temporadas.<\/p>\n<p>\u201cExiste a possibilidade de aumento do n\u00famero de queimadas neste ano e assim, consequentemente, o aumento tamb\u00e9m do n\u00famero de chamadas ao Corpo de Bombeiros. \u00c9 de suma import\u00e2ncia que a popula\u00e7\u00e3o nos apoie tendo a consci\u00eancia de n\u00e3o realizar queimadas sem o devido apoio do CBMDF, n\u00e3o colocando em risco nossa fauna e flora, nossas vidas e nossos bens patrimoniais\u201d, refor\u00e7a o coronel Sandro Gomes, Comandante-Geral do CBMDF.<\/p>\n","protected":false},"excerpt":{"rendered":"<p>A temporada de seca no Distrito Federal est\u00e1 batendo \u00e0 porta e, durante o per\u00edodo, tamb\u00e9m come\u00e7am os alertas para inc\u00eandios, risco constante nesta \u00e9poca do ano. Com objetivo de proteger a biodiversidade e evitar os danos causados pelas queimadas, o Governo do Distrito Federal (GDF) tem implementado uma s\u00e9rie de medidas preventivas e de [&hellip;]<\/p>\n","protected":false},"author":2,"featured_media":329589,"comment_status":"closed","ping_status":"closed","sticky":false,"template":"","format":"standard","meta":{"_acf_changed":false,"footnotes":""},"categories":[161],"tags":[],"class_list":["post-329588","post","type-post","status-publish","format-standard","has-post-thumbnail","hentry","category-quadradinho-em-foco"],"acf":[],"yoast_head":"<!-- This site is optimized with the Yoast SEO plugin v27.5 - https:\/\/yoast.com\/product\/yoast-seo-wordpress\/ -->\n<title>A\u00e7\u00f5es conjuntas tentam evitar inc\u00eandios na \u00e9poca da seca - Notibras<\/title>\n<meta name=\"robots\" content=\"index, follow, max-snippet:-1, max-image-preview:large, max-video-preview:-1\" \/>\n<link rel=\"canonical\" href=\"https:\/\/www.notibras.com\/site\/acoes-conjuntas-tentam-evitar-incendios-na-epoca-da-seca\/\" \/>\n<meta property=\"og:locale\" content=\"pt_BR\" \/>\n<meta property=\"og:type\" content=\"article\" \/>\n<meta property=\"og:title\" content=\"A\u00e7\u00f5es conjuntas tentam evitar inc\u00eandios na \u00e9poca da seca - Notibras\" \/>\n<meta property=\"og:description\" content=\"A temporada de seca no Distrito Federal est\u00e1 batendo \u00e0 porta e, durante o per\u00edodo, tamb\u00e9m come\u00e7am os alertas para inc\u00eandios, risco constante nesta \u00e9poca do ano. Com objetivo de proteger a biodiversidade e evitar os danos causados pelas queimadas, o Governo do Distrito Federal (GDF) tem implementado uma s\u00e9rie de medidas preventivas e de [&hellip;]\" \/>\n<meta property=\"og:url\" content=\"https:\/\/www.notibras.com\/site\/acoes-conjuntas-tentam-evitar-incendios-na-epoca-da-seca\/\" \/>\n<meta property=\"og:site_name\" content=\"Notibras\" \/>\n<meta property=\"article:publisher\" content=\"https:\/\/www.facebook.com\/notibras\/\" \/>\n<meta property=\"article:published_time\" content=\"2024-05-26T03:00:23+00:00\" \/>\n<meta property=\"article:modified_time\" content=\"2024-05-26T13:40:22+00:00\" \/>\n<meta property=\"og:image\" content=\"https:\/\/www.notibras.com\/site\/wp-content\/uploads\/2024\/05\/Foto-Joel-Rodrigues-2-1.jpg\" \/>\n\t<meta property=\"og:image:width\" content=\"800\" \/>\n\t<meta property=\"og:image:height\" content=\"531\" \/>\n\t<meta property=\"og:image:type\" content=\"image\/jpeg\" \/>\n<meta name=\"author\" content=\"Reda\u00e7\u00e3o\" \/>\n<meta name=\"twitter:card\" content=\"summary_large_image\" \/>\n<meta name=\"twitter:creator\" content=\"@Notibras\" \/>\n<meta name=\"twitter:site\" content=\"@Notibras\" \/>\n<meta name=\"twitter:label1\" content=\"Escrito por\" \/>\n\t<meta name=\"twitter:data1\" content=\"Reda\u00e7\u00e3o\" \/>\n\t<meta name=\"twitter:label2\" content=\"Est. tempo de leitura\" \/>\n\t<meta name=\"twitter:data2\" content=\"4 minutos\" \/>\n<script type=\"application\/ld+json\" class=\"yoast-schema-graph\">{\"@context\":\"https:\\\/\\\/schema.org\",\"@graph\":[{\"@type\":\"Article\",\"@id\":\"https:\\\/\\\/www.notibras.com\\\/site\\\/acoes-conjuntas-tentam-evitar-incendios-na-epoca-da-seca\\\/#article\",\"isPartOf\":{\"@id\":\"https:\\\/\\\/www.notibras.com\\\/site\\\/acoes-conjuntas-tentam-evitar-incendios-na-epoca-da-seca\\\/\"},\"author\":{\"name\":\"Reda\u00e7\u00e3o\",\"@id\":\"https:\\\/\\\/www.notibras.com\\\/site\\\/#\\\/schema\\\/person\\\/36ab0979449956132d3e5b517ea76ac8\"},\"headline\":\"A\u00e7\u00f5es conjuntas tentam evitar inc\u00eandios na \u00e9poca da seca\",\"datePublished\":\"2024-05-26T03:00:23+00:00\",\"dateModified\":\"2024-05-26T13:40:22+00:00\",\"mainEntityOfPage\":{\"@id\":\"https:\\\/\\\/www.notibras.com\\\/site\\\/acoes-conjuntas-tentam-evitar-incendios-na-epoca-da-seca\\\/\"},\"wordCount\":624,\"publisher\":{\"@id\":\"https:\\\/\\\/www.notibras.com\\\/site\\\/#organization\"},\"image\":{\"@id\":\"https:\\\/\\\/www.notibras.com\\\/site\\\/acoes-conjuntas-tentam-evitar-incendios-na-epoca-da-seca\\\/#primaryimage\"},\"thumbnailUrl\":\"https:\\\/\\\/www.notibras.com\\\/site\\\/wp-content\\\/uploads\\\/2024\\\/05\\\/Foto-Joel-Rodrigues-2-1.jpg\",\"articleSection\":[\"Quadradinho em Foco\"],\"inLanguage\":\"pt-BR\"},{\"@type\":\"WebPage\",\"@id\":\"https:\\\/\\\/www.notibras.com\\\/site\\\/acoes-conjuntas-tentam-evitar-incendios-na-epoca-da-seca\\\/\",\"url\":\"https:\\\/\\\/www.notibras.com\\\/site\\\/acoes-conjuntas-tentam-evitar-incendios-na-epoca-da-seca\\\/\",\"name\":\"A\u00e7\u00f5es conjuntas tentam evitar inc\u00eandios na \u00e9poca da seca - Notibras\",\"isPartOf\":{\"@id\":\"https:\\\/\\\/www.notibras.com\\\/site\\\/#website\"},\"primaryImageOfPage\":{\"@id\":\"https:\\\/\\\/www.notibras.com\\\/site\\\/acoes-conjuntas-tentam-evitar-incendios-na-epoca-da-seca\\\/#primaryimage\"},\"image\":{\"@id\":\"https:\\\/\\\/www.notibras.com\\\/site\\\/acoes-conjuntas-tentam-evitar-incendios-na-epoca-da-seca\\\/#primaryimage\"},\"thumbnailUrl\":\"https:\\\/\\\/www.notibras.com\\\/site\\\/wp-content\\\/uploads\\\/2024\\\/05\\\/Foto-Joel-Rodrigues-2-1.jpg\",\"datePublished\":\"2024-05-26T03:00:23+00:00\",\"dateModified\":\"2024-05-26T13:40:22+00:00\",\"breadcrumb\":{\"@id\":\"https:\\\/\\\/www.notibras.com\\\/site\\\/acoes-conjuntas-tentam-evitar-incendios-na-epoca-da-seca\\\/#breadcrumb\"},\"inLanguage\":\"pt-BR\",\"potentialAction\":[{\"@type\":\"ReadAction\",\"target\":[\"https:\\\/\\\/www.notibras.com\\\/site\\\/acoes-conjuntas-tentam-evitar-incendios-na-epoca-da-seca\\\/\"]}]},{\"@type\":\"ImageObject\",\"inLanguage\":\"pt-BR\",\"@id\":\"https:\\\/\\\/www.notibras.com\\\/site\\\/acoes-conjuntas-tentam-evitar-incendios-na-epoca-da-seca\\\/#primaryimage\",\"url\":\"https:\\\/\\\/www.notibras.com\\\/site\\\/wp-content\\\/uploads\\\/2024\\\/05\\\/Foto-Joel-Rodrigues-2-1.jpg\",\"contentUrl\":\"https:\\\/\\\/www.notibras.com\\\/site\\\/wp-content\\\/uploads\\\/2024\\\/05\\\/Foto-Joel-Rodrigues-2-1.jpg\",\"width\":800,\"height\":531},{\"@type\":\"BreadcrumbList\",\"@id\":\"https:\\\/\\\/www.notibras.com\\\/site\\\/acoes-conjuntas-tentam-evitar-incendios-na-epoca-da-seca\\\/#breadcrumb\",\"itemListElement\":[{\"@type\":\"ListItem\",\"position\":1,\"name\":\"In\u00edcio\",\"item\":\"https:\\\/\\\/www.notibras.com\\\/site\\\/\"},{\"@type\":\"ListItem\",\"position\":2,\"name\":\"A\u00e7\u00f5es conjuntas tentam evitar inc\u00eandios na \u00e9poca da seca\"}]},{\"@type\":\"WebSite\",\"@id\":\"https:\\\/\\\/www.notibras.com\\\/site\\\/#website\",\"url\":\"https:\\\/\\\/www.notibras.com\\\/site\\\/\",\"name\":\"Notibras\",\"description\":\"Not\u00edcias de Bras\u00edlia, do Brasil e do Mundo\",\"publisher\":{\"@id\":\"https:\\\/\\\/www.notibras.com\\\/site\\\/#organization\"},\"potentialAction\":[{\"@type\":\"SearchAction\",\"target\":{\"@type\":\"EntryPoint\",\"urlTemplate\":\"https:\\\/\\\/www.notibras.com\\\/site\\\/?s={search_term_string}\"},\"query-input\":{\"@type\":\"PropertyValueSpecification\",\"valueRequired\":true,\"valueName\":\"search_term_string\"}}],\"inLanguage\":\"pt-BR\"},{\"@type\":\"Organization\",\"@id\":\"https:\\\/\\\/www.notibras.com\\\/site\\\/#organization\",\"name\":\"Grupo Notibras de Comunica\u00e7\u00e3o\",\"url\":\"https:\\\/\\\/www.notibras.com\\\/site\\\/\",\"logo\":{\"@type\":\"ImageObject\",\"inLanguage\":\"pt-BR\",\"@id\":\"https:\\\/\\\/www.notibras.com\\\/site\\\/#\\\/schema\\\/logo\\\/image\\\/\",\"url\":\"https:\\\/\\\/www.notibras.com\\\/site\\\/wp-content\\\/uploads\\\/2023\\\/01\\\/notibras23.png\",\"contentUrl\":\"https:\\\/\\\/www.notibras.com\\\/site\\\/wp-content\\\/uploads\\\/2023\\\/01\\\/notibras23.png\",\"width\":350,\"height\":87,\"caption\":\"Grupo Notibras de Comunica\u00e7\u00e3o\"},\"image\":{\"@id\":\"https:\\\/\\\/www.notibras.com\\\/site\\\/#\\\/schema\\\/logo\\\/image\\\/\"},\"sameAs\":[\"https:\\\/\\\/www.facebook.com\\\/notibras\\\/\",\"https:\\\/\\\/x.com\\\/Notibras\",\"https:\\\/\\\/www.instagram.com\\\/notibras\\\/\"]},{\"@type\":\"Person\",\"@id\":\"https:\\\/\\\/www.notibras.com\\\/site\\\/#\\\/schema\\\/person\\\/36ab0979449956132d3e5b517ea76ac8\",\"name\":\"Reda\u00e7\u00e3o\",\"image\":{\"@type\":\"ImageObject\",\"inLanguage\":\"pt-BR\",\"@id\":\"https:\\\/\\\/secure.gravatar.com\\\/avatar\\\/e0a867bdedb85fd243eadf09663511f96fc81e0720a4a42581f334ad4303aa6b?s=96&d=mm&r=g\",\"url\":\"https:\\\/\\\/secure.gravatar.com\\\/avatar\\\/e0a867bdedb85fd243eadf09663511f96fc81e0720a4a42581f334ad4303aa6b?s=96&d=mm&r=g\",\"contentUrl\":\"https:\\\/\\\/secure.gravatar.com\\\/avatar\\\/e0a867bdedb85fd243eadf09663511f96fc81e0720a4a42581f334ad4303aa6b?s=96&d=mm&r=g\",\"caption\":\"Reda\u00e7\u00e3o\"}}]}<\/script>\n<!-- \/ Yoast SEO plugin. -->","yoast_head_json":{"title":"A\u00e7\u00f5es conjuntas tentam evitar inc\u00eandios na \u00e9poca da seca - Notibras","robots":{"index":"index","follow":"follow","max-snippet":"max-snippet:-1","max-image-preview":"max-image-preview:large","max-video-preview":"max-video-preview:-1"},"canonical":"https:\/\/www.notibras.com\/site\/acoes-conjuntas-tentam-evitar-incendios-na-epoca-da-seca\/","og_locale":"pt_BR","og_type":"article","og_title":"A\u00e7\u00f5es conjuntas tentam evitar inc\u00eandios na \u00e9poca da seca - Notibras","og_description":"A temporada de seca no Distrito Federal est\u00e1 batendo \u00e0 porta e, durante o per\u00edodo, tamb\u00e9m come\u00e7am os alertas para inc\u00eandios, risco constante nesta \u00e9poca do ano. Com objetivo de proteger a biodiversidade e evitar os danos causados pelas queimadas, o Governo do Distrito Federal (GDF) tem implementado uma s\u00e9rie de medidas preventivas e de [&hellip;]","og_url":"https:\/\/www.notibras.com\/site\/acoes-conjuntas-tentam-evitar-incendios-na-epoca-da-seca\/","og_site_name":"Notibras","article_publisher":"https:\/\/www.facebook.com\/notibras\/","article_published_time":"2024-05-26T03:00:23+00:00","article_modified_time":"2024-05-26T13:40:22+00:00","og_image":[{"width":800,"height":531,"url":"https:\/\/www.notibras.com\/site\/wp-content\/uploads\/2024\/05\/Foto-Joel-Rodrigues-2-1.jpg","type":"image\/jpeg"}],"author":"Reda\u00e7\u00e3o","twitter_card":"summary_large_image","twitter_creator":"@Notibras","twitter_site":"@Notibras","twitter_misc":{"Escrito por":"Reda\u00e7\u00e3o","Est. tempo de leitura":"4 minutos"},"schema":{"@context":"https:\/\/schema.org","@graph":[{"@type":"Article","@id":"https:\/\/www.notibras.com\/site\/acoes-conjuntas-tentam-evitar-incendios-na-epoca-da-seca\/#article","isPartOf":{"@id":"https:\/\/www.notibras.com\/site\/acoes-conjuntas-tentam-evitar-incendios-na-epoca-da-seca\/"},"author":{"name":"Reda\u00e7\u00e3o","@id":"https:\/\/www.notibras.com\/site\/#\/schema\/person\/36ab0979449956132d3e5b517ea76ac8"},"headline":"A\u00e7\u00f5es conjuntas tentam evitar inc\u00eandios na \u00e9poca da seca","datePublished":"2024-05-26T03:00:23+00:00","dateModified":"2024-05-26T13:40:22+00:00","mainEntityOfPage":{"@id":"https:\/\/www.notibras.com\/site\/acoes-conjuntas-tentam-evitar-incendios-na-epoca-da-seca\/"},"wordCount":624,"publisher":{"@id":"https:\/\/www.notibras.com\/site\/#organization"},"image":{"@id":"https:\/\/www.notibras.com\/site\/acoes-conjuntas-tentam-evitar-incendios-na-epoca-da-seca\/#primaryimage"},"thumbnailUrl":"https:\/\/www.notibras.com\/site\/wp-content\/uploads\/2024\/05\/Foto-Joel-Rodrigues-2-1.jpg","articleSection":["Quadradinho em Foco"],"inLanguage":"pt-BR"},{"@type":"WebPage","@id":"https:\/\/www.notibras.com\/site\/acoes-conjuntas-tentam-evitar-incendios-na-epoca-da-seca\/","url":"https:\/\/www.notibras.com\/site\/acoes-conjuntas-tentam-evitar-incendios-na-epoca-da-seca\/","name":"A\u00e7\u00f5es conjuntas tentam evitar inc\u00eandios na \u00e9poca da seca - Notibras","isPartOf":{"@id":"https:\/\/www.notibras.com\/site\/#website"},"primaryImageOfPage":{"@id":"https:\/\/www.notibras.com\/site\/acoes-conjuntas-tentam-evitar-incendios-na-epoca-da-seca\/#primaryimage"},"image":{"@id":"https:\/\/www.notibras.com\/site\/acoes-conjuntas-tentam-evitar-incendios-na-epoca-da-seca\/#primaryimage"},"thumbnailUrl":"https:\/\/www.notibras.com\/site\/wp-content\/uploads\/2024\/05\/Foto-Joel-Rodrigues-2-1.jpg","datePublished":"2024-05-26T03:00:23+00:00","dateModified":"2024-05-26T13:40:22+00:00","breadcrumb":{"@id":"https:\/\/www.notibras.com\/site\/acoes-conjuntas-tentam-evitar-incendios-na-epoca-da-seca\/#breadcrumb"},"inLanguage":"pt-BR","potentialAction":[{"@type":"ReadAction","target":["https:\/\/www.notibras.com\/site\/acoes-conjuntas-tentam-evitar-incendios-na-epoca-da-seca\/"]}]},{"@type":"ImageObject","inLanguage":"pt-BR","@id":"https:\/\/www.notibras.com\/site\/acoes-conjuntas-tentam-evitar-incendios-na-epoca-da-seca\/#primaryimage","url":"https:\/\/www.notibras.com\/site\/wp-content\/uploads\/2024\/05\/Foto-Joel-Rodrigues-2-1.jpg","contentUrl":"https:\/\/www.notibras.com\/site\/wp-content\/uploads\/2024\/05\/Foto-Joel-Rodrigues-2-1.jpg","width":800,"height":531},{"@type":"BreadcrumbList","@id":"https:\/\/www.notibras.com\/site\/acoes-conjuntas-tentam-evitar-incendios-na-epoca-da-seca\/#breadcrumb","itemListElement":[{"@type":"ListItem","position":1,"name":"In\u00edcio","item":"https:\/\/www.notibras.com\/site\/"},{"@type":"ListItem","position":2,"name":"A\u00e7\u00f5es conjuntas tentam evitar inc\u00eandios na \u00e9poca da seca"}]},{"@type":"WebSite","@id":"https:\/\/www.notibras.com\/site\/#website","url":"https:\/\/www.notibras.com\/site\/","name":"Notibras","description":"Not\u00edcias de Bras\u00edlia, do Brasil e do Mundo","publisher":{"@id":"https:\/\/www.notibras.com\/site\/#organization"},"potentialAction":[{"@type":"SearchAction","target":{"@type":"EntryPoint","urlTemplate":"https:\/\/www.notibras.com\/site\/?s={search_term_string}"},"query-input":{"@type":"PropertyValueSpecification","valueRequired":true,"valueName":"search_term_string"}}],"inLanguage":"pt-BR"},{"@type":"Organization","@id":"https:\/\/www.notibras.com\/site\/#organization","name":"Grupo Notibras de Comunica\u00e7\u00e3o","url":"https:\/\/www.notibras.com\/site\/","logo":{"@type":"ImageObject","inLanguage":"pt-BR","@id":"https:\/\/www.notibras.com\/site\/#\/schema\/logo\/image\/","url":"https:\/\/www.notibras.com\/site\/wp-content\/uploads\/2023\/01\/notibras23.png","contentUrl":"https:\/\/www.notibras.com\/site\/wp-content\/uploads\/2023\/01\/notibras23.png","width":350,"height":87,"caption":"Grupo Notibras de Comunica\u00e7\u00e3o"},"image":{"@id":"https:\/\/www.notibras.com\/site\/#\/schema\/logo\/image\/"},"sameAs":["https:\/\/www.facebook.com\/notibras\/","https:\/\/x.com\/Notibras","https:\/\/www.instagram.com\/notibras\/"]},{"@type":"Person","@id":"https:\/\/www.notibras.com\/site\/#\/schema\/person\/36ab0979449956132d3e5b517ea76ac8","name":"Reda\u00e7\u00e3o","image":{"@type":"ImageObject","inLanguage":"pt-BR","@id":"https:\/\/secure.gravatar.com\/avatar\/e0a867bdedb85fd243eadf09663511f96fc81e0720a4a42581f334ad4303aa6b?s=96&d=mm&r=g","url":"https:\/\/secure.gravatar.com\/avatar\/e0a867bdedb85fd243eadf09663511f96fc81e0720a4a42581f334ad4303aa6b?s=96&d=mm&r=g","contentUrl":"https:\/\/secure.gravatar.com\/avatar\/e0a867bdedb85fd243eadf09663511f96fc81e0720a4a42581f334ad4303aa6b?s=96&d=mm&r=g","caption":"Reda\u00e7\u00e3o"}}]}},"amp_enabled":true,"_links":{"self":[{"href":"https:\/\/www.notibras.com\/site\/wp-json\/wp\/v2\/posts\/329588","targetHints":{"allow":["GET"]}}],"collection":[{"href":"https:\/\/www.notibras.com\/site\/wp-json\/wp\/v2\/posts"}],"about":[{"href":"https:\/\/www.notibras.com\/site\/wp-json\/wp\/v2\/types\/post"}],"author":[{"embeddable":true,"href":"https:\/\/www.notibras.com\/site\/wp-json\/wp\/v2\/users\/2"}],"replies":[{"embeddable":true,"href":"https:\/\/www.notibras.com\/site\/wp-json\/wp\/v2\/comments?post=329588"}],"version-history":[{"count":1,"href":"https:\/\/www.notibras.com\/site\/wp-json\/wp\/v2\/posts\/329588\/revisions"}],"predecessor-version":[{"id":329590,"href":"https:\/\/www.notibras.com\/site\/wp-json\/wp\/v2\/posts\/329588\/revisions\/329590"}],"wp:featuredmedia":[{"embeddable":true,"href":"https:\/\/www.notibras.com\/site\/wp-json\/wp\/v2\/media\/329589"}],"wp:attachment":[{"href":"https:\/\/www.notibras.com\/site\/wp-json\/wp\/v2\/media?parent=329588"}],"wp:term":[{"taxonomy":"category","embeddable":true,"href":"https:\/\/www.notibras.com\/site\/wp-json\/wp\/v2\/categories?post=329588"},{"taxonomy":"post_tag","embeddable":true,"href":"https:\/\/www.notibras.com\/site\/wp-json\/wp\/v2\/tags?post=329588"}],"curies":[{"name":"wp","href":"https:\/\/api.w.org\/{rel}","templated":true}]}}