{"id":329591,"date":"2024-05-26T00:00:29","date_gmt":"2024-05-26T03:00:29","guid":{"rendered":"https:\/\/www.notibras.com\/site\/?p=329591"},"modified":"2024-05-26T12:40:17","modified_gmt":"2024-05-26T15:40:17","slug":"malha-cicloviaria-e-chega-a-687-quilometros-de-pistas","status":"publish","type":"post","link":"https:\/\/www.notibras.com\/site\/malha-cicloviaria-e-chega-a-687-quilometros-de-pistas\/","title":{"rendered":"Malha ciclovi\u00e1ria chega a 687 quil\u00f4metros de pistas"},"content":{"rendered":"<p>A malha ciclovi\u00e1ria do Distrito Federal tem aumentado nos \u00faltimos anos. Atualmente, ela tem uma extens\u00e3o de 687,12 km, distribu\u00edda em 30 regi\u00f5es administrativas. Em dezembro de 2018, eram 466,6 km de ciclovias e ciclofaixas. A cidade brasileira com a maior quantidade de ciclovias \u00e9 S\u00e3o Paulo, com 731,2 km de malha ciclovi\u00e1ria.<\/p>\n<p>Respons\u00e1vel por cuidar da pol\u00edtica ciclovi\u00e1ria no DF, a Secretaria de Transporte e Mobilidade prepara, para o segundo semestre, uma licita\u00e7\u00e3o que 26 km de novos trechos de ciclovia. \u201cS\u00e3o 11 km em Samambaia Norte, 3,3 km em Planaltina, 550 metros em um trecho pr\u00f3ximo ao UniCeub, na Asa Norte, mais 2 km nos arredores do Aut\u00f3dromo de Bras\u00edlia, al\u00e9m de um trecho de quase 2 km na Octogonal e mais 5,8 km num trecho entre Samambaia\u201d, detalha o secret\u00e1rio da pasta, Zeno Gon\u00e7alves.<\/p>\n<p>Desde 2019, o GDF construiu 220,52 km de ciclovias e investiu R$ 27 milh\u00f5es. Uma das miss\u00f5es \u00e9 interligar as pistas j\u00e1 executadas. Aumentar a extens\u00e3o tamb\u00e9m \u00e9 um desafio. Para dar maior funcionalidade \u00e0 malha, a Secretaria de Obras e Infraestrutura do DF (SODF) assumiu essa miss\u00e3o de interligar os trajetos, em parceria com a Semob.<\/p>\n<p>\u201cA Secretaria de Obras nos pediu todos os tra\u00e7ados e proje\u00e7\u00f5es para a constru\u00e7\u00e3o de novas ciclovias, totalizando 289 km de trechos que ser\u00e3o constru\u00eddos. Queremos lan\u00e7ar um grande programa ciclovi\u00e1rio. Nesses 289 km est\u00e3o previstas as interliga\u00e7\u00f5es, dando maior efetividade no percurso dos ciclistas. Assim, conseguimos interligar essa malha, dando muito mais mobilidade e tornando atrativa a travessia por ciclovias\u201d, acrescenta Zeno Gon\u00e7alves.<\/p>\n<p>Atualmente, a legisla\u00e7\u00e3o estabelece que todos os projetos de constru\u00e7\u00e3o, amplia\u00e7\u00e3o ou adequa\u00e7\u00e3o de vias p\u00fablicas, trechos urbanos das rodovias e estradas em fase de constru\u00e7\u00e3o executadas pelo governo devem incluir ciclovias, ciclofaixas e infraestrutura ciclovi\u00e1ria. No Corredor Eixo Oeste, por exemplo, o projeto prev\u00ea a implanta\u00e7\u00e3o de ciclovias em todo o trajeto do Sol Nascente ao Eixo Monumental e ao Terminal Asa Sul.<\/p>\n<p><strong>Comunidade enaltece ciclovias<\/strong><br \/>\nO aposentado Anilson Dalap\u00edcola, 70 anos, aproveita a ciclovia recentemente inaugurada no N\u00facleo Bandeirante para deixar o carro na garagem e se exercitar de bike. \u201cSempre que preciso comprar alguma coisa no com\u00e9rcio venho de bicicleta, at\u00e9 para praticar um exerc\u00edcio a mais no dia. A constru\u00e7\u00e3o desta ciclovia foi muito boa, depois que colocaram o asfalto ficou excelente\u201d, avaliou.<\/p>\n<p>O microempreendedor e morador da Candangol\u00e2ndia Edmilson de Jesus, 39, tamb\u00e9m usa a ciclovia. Para ele, andar de bicicleta \u00e9 um hobby nos dias em que est\u00e1 de folga. \u201c\u00c9 uma alternativa de lazer que estava precisando por aqui. Uso sempre aos fins de semana e tamb\u00e9m hoje, que n\u00e3o estou trabalhando. Costumo fazer o percurso do N\u00facleo Bandeirante at\u00e9 o Park Way umas tr\u00eas ou quatro vezes por semana\u201d, compartilhou.<\/p>\n","protected":false},"excerpt":{"rendered":"<p>A malha ciclovi\u00e1ria do Distrito Federal tem aumentado nos \u00faltimos anos. Atualmente, ela tem uma extens\u00e3o de 687,12 km, distribu\u00edda em 30 regi\u00f5es administrativas. Em dezembro de 2018, eram 466,6 km de ciclovias e ciclofaixas. A cidade brasileira com a maior quantidade de ciclovias \u00e9 S\u00e3o Paulo, com 731,2 km de malha ciclovi\u00e1ria. Respons\u00e1vel por [&hellip;]<\/p>\n","protected":false},"author":2,"featured_media":329592,"comment_status":"closed","ping_status":"closed","sticky":false,"template":"","format":"standard","meta":{"_acf_changed":false,"footnotes":""},"categories":[161],"tags":[],"class_list":["post-329591","post","type-post","status-publish","format-standard","has-post-thumbnail","hentry","category-quadradinho-em-foco"],"acf":[],"yoast_head":"<!-- This site is optimized with the Yoast SEO plugin v27.5 - https:\/\/yoast.com\/product\/yoast-seo-wordpress\/ -->\n<title>Malha ciclovi\u00e1ria chega a 687 quil\u00f4metros de pistas - Notibras<\/title>\n<meta name=\"robots\" content=\"index, follow, max-snippet:-1, max-image-preview:large, max-video-preview:-1\" \/>\n<link rel=\"canonical\" href=\"https:\/\/www.notibras.com\/site\/malha-cicloviaria-e-chega-a-687-quilometros-de-pistas\/\" \/>\n<meta property=\"og:locale\" content=\"pt_BR\" \/>\n<meta property=\"og:type\" content=\"article\" \/>\n<meta property=\"og:title\" content=\"Malha ciclovi\u00e1ria chega a 687 quil\u00f4metros de pistas - Notibras\" \/>\n<meta property=\"og:description\" content=\"A malha ciclovi\u00e1ria do Distrito Federal tem aumentado nos \u00faltimos anos. Atualmente, ela tem uma extens\u00e3o de 687,12 km, distribu\u00edda em 30 regi\u00f5es administrativas. Em dezembro de 2018, eram 466,6 km de ciclovias e ciclofaixas. A cidade brasileira com a maior quantidade de ciclovias \u00e9 S\u00e3o Paulo, com 731,2 km de malha ciclovi\u00e1ria. Respons\u00e1vel por [&hellip;]\" \/>\n<meta property=\"og:url\" content=\"https:\/\/www.notibras.com\/site\/malha-cicloviaria-e-chega-a-687-quilometros-de-pistas\/\" \/>\n<meta property=\"og:site_name\" content=\"Notibras\" \/>\n<meta property=\"article:publisher\" content=\"https:\/\/www.facebook.com\/notibras\/\" \/>\n<meta property=\"article:published_time\" content=\"2024-05-26T03:00:29+00:00\" \/>\n<meta property=\"article:modified_time\" content=\"2024-05-26T15:40:17+00:00\" \/>\n<meta property=\"og:image\" content=\"https:\/\/www.notibras.com\/site\/wp-content\/uploads\/2024\/05\/Foto-Lucio-Bernardo-2-1536x1063-1.jpg\" \/>\n\t<meta property=\"og:image:width\" content=\"1536\" \/>\n\t<meta property=\"og:image:height\" content=\"1063\" \/>\n\t<meta property=\"og:image:type\" content=\"image\/jpeg\" \/>\n<meta name=\"author\" content=\"Reda\u00e7\u00e3o\" \/>\n<meta name=\"twitter:card\" content=\"summary_large_image\" \/>\n<meta name=\"twitter:creator\" content=\"@Notibras\" \/>\n<meta name=\"twitter:site\" content=\"@Notibras\" \/>\n<meta name=\"twitter:label1\" content=\"Escrito por\" \/>\n\t<meta name=\"twitter:data1\" content=\"Reda\u00e7\u00e3o\" \/>\n\t<meta name=\"twitter:label2\" content=\"Est. tempo de leitura\" \/>\n\t<meta name=\"twitter:data2\" content=\"3 minutos\" \/>\n<script type=\"application\/ld+json\" class=\"yoast-schema-graph\">{\"@context\":\"https:\\\/\\\/schema.org\",\"@graph\":[{\"@type\":\"Article\",\"@id\":\"https:\\\/\\\/www.notibras.com\\\/site\\\/malha-cicloviaria-e-chega-a-687-quilometros-de-pistas\\\/#article\",\"isPartOf\":{\"@id\":\"https:\\\/\\\/www.notibras.com\\\/site\\\/malha-cicloviaria-e-chega-a-687-quilometros-de-pistas\\\/\"},\"author\":{\"name\":\"Reda\u00e7\u00e3o\",\"@id\":\"https:\\\/\\\/www.notibras.com\\\/site\\\/#\\\/schema\\\/person\\\/36ab0979449956132d3e5b517ea76ac8\"},\"headline\":\"Malha ciclovi\u00e1ria chega a 687 quil\u00f4metros de pistas\",\"datePublished\":\"2024-05-26T03:00:29+00:00\",\"dateModified\":\"2024-05-26T15:40:17+00:00\",\"mainEntityOfPage\":{\"@id\":\"https:\\\/\\\/www.notibras.com\\\/site\\\/malha-cicloviaria-e-chega-a-687-quilometros-de-pistas\\\/\"},\"wordCount\":491,\"publisher\":{\"@id\":\"https:\\\/\\\/www.notibras.com\\\/site\\\/#organization\"},\"image\":{\"@id\":\"https:\\\/\\\/www.notibras.com\\\/site\\\/malha-cicloviaria-e-chega-a-687-quilometros-de-pistas\\\/#primaryimage\"},\"thumbnailUrl\":\"https:\\\/\\\/www.notibras.com\\\/site\\\/wp-content\\\/uploads\\\/2024\\\/05\\\/Foto-Lucio-Bernardo-2-1536x1063-1.jpg\",\"articleSection\":[\"Quadradinho em Foco\"],\"inLanguage\":\"pt-BR\"},{\"@type\":\"WebPage\",\"@id\":\"https:\\\/\\\/www.notibras.com\\\/site\\\/malha-cicloviaria-e-chega-a-687-quilometros-de-pistas\\\/\",\"url\":\"https:\\\/\\\/www.notibras.com\\\/site\\\/malha-cicloviaria-e-chega-a-687-quilometros-de-pistas\\\/\",\"name\":\"Malha ciclovi\u00e1ria chega a 687 quil\u00f4metros de pistas - Notibras\",\"isPartOf\":{\"@id\":\"https:\\\/\\\/www.notibras.com\\\/site\\\/#website\"},\"primaryImageOfPage\":{\"@id\":\"https:\\\/\\\/www.notibras.com\\\/site\\\/malha-cicloviaria-e-chega-a-687-quilometros-de-pistas\\\/#primaryimage\"},\"image\":{\"@id\":\"https:\\\/\\\/www.notibras.com\\\/site\\\/malha-cicloviaria-e-chega-a-687-quilometros-de-pistas\\\/#primaryimage\"},\"thumbnailUrl\":\"https:\\\/\\\/www.notibras.com\\\/site\\\/wp-content\\\/uploads\\\/2024\\\/05\\\/Foto-Lucio-Bernardo-2-1536x1063-1.jpg\",\"datePublished\":\"2024-05-26T03:00:29+00:00\",\"dateModified\":\"2024-05-26T15:40:17+00:00\",\"breadcrumb\":{\"@id\":\"https:\\\/\\\/www.notibras.com\\\/site\\\/malha-cicloviaria-e-chega-a-687-quilometros-de-pistas\\\/#breadcrumb\"},\"inLanguage\":\"pt-BR\",\"potentialAction\":[{\"@type\":\"ReadAction\",\"target\":[\"https:\\\/\\\/www.notibras.com\\\/site\\\/malha-cicloviaria-e-chega-a-687-quilometros-de-pistas\\\/\"]}]},{\"@type\":\"ImageObject\",\"inLanguage\":\"pt-BR\",\"@id\":\"https:\\\/\\\/www.notibras.com\\\/site\\\/malha-cicloviaria-e-chega-a-687-quilometros-de-pistas\\\/#primaryimage\",\"url\":\"https:\\\/\\\/www.notibras.com\\\/site\\\/wp-content\\\/uploads\\\/2024\\\/05\\\/Foto-Lucio-Bernardo-2-1536x1063-1.jpg\",\"contentUrl\":\"https:\\\/\\\/www.notibras.com\\\/site\\\/wp-content\\\/uploads\\\/2024\\\/05\\\/Foto-Lucio-Bernardo-2-1536x1063-1.jpg\",\"width\":1536,\"height\":1063},{\"@type\":\"BreadcrumbList\",\"@id\":\"https:\\\/\\\/www.notibras.com\\\/site\\\/malha-cicloviaria-e-chega-a-687-quilometros-de-pistas\\\/#breadcrumb\",\"itemListElement\":[{\"@type\":\"ListItem\",\"position\":1,\"name\":\"In\u00edcio\",\"item\":\"https:\\\/\\\/www.notibras.com\\\/site\\\/\"},{\"@type\":\"ListItem\",\"position\":2,\"name\":\"Malha ciclovi\u00e1ria chega a 687 quil\u00f4metros de pistas\"}]},{\"@type\":\"WebSite\",\"@id\":\"https:\\\/\\\/www.notibras.com\\\/site\\\/#website\",\"url\":\"https:\\\/\\\/www.notibras.com\\\/site\\\/\",\"name\":\"Notibras\",\"description\":\"Not\u00edcias de Bras\u00edlia, do Brasil e do Mundo\",\"publisher\":{\"@id\":\"https:\\\/\\\/www.notibras.com\\\/site\\\/#organization\"},\"potentialAction\":[{\"@type\":\"SearchAction\",\"target\":{\"@type\":\"EntryPoint\",\"urlTemplate\":\"https:\\\/\\\/www.notibras.com\\\/site\\\/?s={search_term_string}\"},\"query-input\":{\"@type\":\"PropertyValueSpecification\",\"valueRequired\":true,\"valueName\":\"search_term_string\"}}],\"inLanguage\":\"pt-BR\"},{\"@type\":\"Organization\",\"@id\":\"https:\\\/\\\/www.notibras.com\\\/site\\\/#organization\",\"name\":\"Grupo Notibras de Comunica\u00e7\u00e3o\",\"url\":\"https:\\\/\\\/www.notibras.com\\\/site\\\/\",\"logo\":{\"@type\":\"ImageObject\",\"inLanguage\":\"pt-BR\",\"@id\":\"https:\\\/\\\/www.notibras.com\\\/site\\\/#\\\/schema\\\/logo\\\/image\\\/\",\"url\":\"https:\\\/\\\/www.notibras.com\\\/site\\\/wp-content\\\/uploads\\\/2023\\\/01\\\/notibras23.png\",\"contentUrl\":\"https:\\\/\\\/www.notibras.com\\\/site\\\/wp-content\\\/uploads\\\/2023\\\/01\\\/notibras23.png\",\"width\":350,\"height\":87,\"caption\":\"Grupo Notibras de Comunica\u00e7\u00e3o\"},\"image\":{\"@id\":\"https:\\\/\\\/www.notibras.com\\\/site\\\/#\\\/schema\\\/logo\\\/image\\\/\"},\"sameAs\":[\"https:\\\/\\\/www.facebook.com\\\/notibras\\\/\",\"https:\\\/\\\/x.com\\\/Notibras\",\"https:\\\/\\\/www.instagram.com\\\/notibras\\\/\"]},{\"@type\":\"Person\",\"@id\":\"https:\\\/\\\/www.notibras.com\\\/site\\\/#\\\/schema\\\/person\\\/36ab0979449956132d3e5b517ea76ac8\",\"name\":\"Reda\u00e7\u00e3o\",\"image\":{\"@type\":\"ImageObject\",\"inLanguage\":\"pt-BR\",\"@id\":\"https:\\\/\\\/secure.gravatar.com\\\/avatar\\\/e0a867bdedb85fd243eadf09663511f96fc81e0720a4a42581f334ad4303aa6b?s=96&d=mm&r=g\",\"url\":\"https:\\\/\\\/secure.gravatar.com\\\/avatar\\\/e0a867bdedb85fd243eadf09663511f96fc81e0720a4a42581f334ad4303aa6b?s=96&d=mm&r=g\",\"contentUrl\":\"https:\\\/\\\/secure.gravatar.com\\\/avatar\\\/e0a867bdedb85fd243eadf09663511f96fc81e0720a4a42581f334ad4303aa6b?s=96&d=mm&r=g\",\"caption\":\"Reda\u00e7\u00e3o\"}}]}<\/script>\n<!-- \/ Yoast SEO plugin. -->","yoast_head_json":{"title":"Malha ciclovi\u00e1ria chega a 687 quil\u00f4metros de pistas - Notibras","robots":{"index":"index","follow":"follow","max-snippet":"max-snippet:-1","max-image-preview":"max-image-preview:large","max-video-preview":"max-video-preview:-1"},"canonical":"https:\/\/www.notibras.com\/site\/malha-cicloviaria-e-chega-a-687-quilometros-de-pistas\/","og_locale":"pt_BR","og_type":"article","og_title":"Malha ciclovi\u00e1ria chega a 687 quil\u00f4metros de pistas - Notibras","og_description":"A malha ciclovi\u00e1ria do Distrito Federal tem aumentado nos \u00faltimos anos. Atualmente, ela tem uma extens\u00e3o de 687,12 km, distribu\u00edda em 30 regi\u00f5es administrativas. Em dezembro de 2018, eram 466,6 km de ciclovias e ciclofaixas. A cidade brasileira com a maior quantidade de ciclovias \u00e9 S\u00e3o Paulo, com 731,2 km de malha ciclovi\u00e1ria. Respons\u00e1vel por [&hellip;]","og_url":"https:\/\/www.notibras.com\/site\/malha-cicloviaria-e-chega-a-687-quilometros-de-pistas\/","og_site_name":"Notibras","article_publisher":"https:\/\/www.facebook.com\/notibras\/","article_published_time":"2024-05-26T03:00:29+00:00","article_modified_time":"2024-05-26T15:40:17+00:00","og_image":[{"width":1536,"height":1063,"url":"https:\/\/www.notibras.com\/site\/wp-content\/uploads\/2024\/05\/Foto-Lucio-Bernardo-2-1536x1063-1.jpg","type":"image\/jpeg"}],"author":"Reda\u00e7\u00e3o","twitter_card":"summary_large_image","twitter_creator":"@Notibras","twitter_site":"@Notibras","twitter_misc":{"Escrito por":"Reda\u00e7\u00e3o","Est. tempo de leitura":"3 minutos"},"schema":{"@context":"https:\/\/schema.org","@graph":[{"@type":"Article","@id":"https:\/\/www.notibras.com\/site\/malha-cicloviaria-e-chega-a-687-quilometros-de-pistas\/#article","isPartOf":{"@id":"https:\/\/www.notibras.com\/site\/malha-cicloviaria-e-chega-a-687-quilometros-de-pistas\/"},"author":{"name":"Reda\u00e7\u00e3o","@id":"https:\/\/www.notibras.com\/site\/#\/schema\/person\/36ab0979449956132d3e5b517ea76ac8"},"headline":"Malha ciclovi\u00e1ria chega a 687 quil\u00f4metros de pistas","datePublished":"2024-05-26T03:00:29+00:00","dateModified":"2024-05-26T15:40:17+00:00","mainEntityOfPage":{"@id":"https:\/\/www.notibras.com\/site\/malha-cicloviaria-e-chega-a-687-quilometros-de-pistas\/"},"wordCount":491,"publisher":{"@id":"https:\/\/www.notibras.com\/site\/#organization"},"image":{"@id":"https:\/\/www.notibras.com\/site\/malha-cicloviaria-e-chega-a-687-quilometros-de-pistas\/#primaryimage"},"thumbnailUrl":"https:\/\/www.notibras.com\/site\/wp-content\/uploads\/2024\/05\/Foto-Lucio-Bernardo-2-1536x1063-1.jpg","articleSection":["Quadradinho em Foco"],"inLanguage":"pt-BR"},{"@type":"WebPage","@id":"https:\/\/www.notibras.com\/site\/malha-cicloviaria-e-chega-a-687-quilometros-de-pistas\/","url":"https:\/\/www.notibras.com\/site\/malha-cicloviaria-e-chega-a-687-quilometros-de-pistas\/","name":"Malha ciclovi\u00e1ria chega a 687 quil\u00f4metros de pistas - Notibras","isPartOf":{"@id":"https:\/\/www.notibras.com\/site\/#website"},"primaryImageOfPage":{"@id":"https:\/\/www.notibras.com\/site\/malha-cicloviaria-e-chega-a-687-quilometros-de-pistas\/#primaryimage"},"image":{"@id":"https:\/\/www.notibras.com\/site\/malha-cicloviaria-e-chega-a-687-quilometros-de-pistas\/#primaryimage"},"thumbnailUrl":"https:\/\/www.notibras.com\/site\/wp-content\/uploads\/2024\/05\/Foto-Lucio-Bernardo-2-1536x1063-1.jpg","datePublished":"2024-05-26T03:00:29+00:00","dateModified":"2024-05-26T15:40:17+00:00","breadcrumb":{"@id":"https:\/\/www.notibras.com\/site\/malha-cicloviaria-e-chega-a-687-quilometros-de-pistas\/#breadcrumb"},"inLanguage":"pt-BR","potentialAction":[{"@type":"ReadAction","target":["https:\/\/www.notibras.com\/site\/malha-cicloviaria-e-chega-a-687-quilometros-de-pistas\/"]}]},{"@type":"ImageObject","inLanguage":"pt-BR","@id":"https:\/\/www.notibras.com\/site\/malha-cicloviaria-e-chega-a-687-quilometros-de-pistas\/#primaryimage","url":"https:\/\/www.notibras.com\/site\/wp-content\/uploads\/2024\/05\/Foto-Lucio-Bernardo-2-1536x1063-1.jpg","contentUrl":"https:\/\/www.notibras.com\/site\/wp-content\/uploads\/2024\/05\/Foto-Lucio-Bernardo-2-1536x1063-1.jpg","width":1536,"height":1063},{"@type":"BreadcrumbList","@id":"https:\/\/www.notibras.com\/site\/malha-cicloviaria-e-chega-a-687-quilometros-de-pistas\/#breadcrumb","itemListElement":[{"@type":"ListItem","position":1,"name":"In\u00edcio","item":"https:\/\/www.notibras.com\/site\/"},{"@type":"ListItem","position":2,"name":"Malha ciclovi\u00e1ria chega a 687 quil\u00f4metros de pistas"}]},{"@type":"WebSite","@id":"https:\/\/www.notibras.com\/site\/#website","url":"https:\/\/www.notibras.com\/site\/","name":"Notibras","description":"Not\u00edcias de Bras\u00edlia, do Brasil e do Mundo","publisher":{"@id":"https:\/\/www.notibras.com\/site\/#organization"},"potentialAction":[{"@type":"SearchAction","target":{"@type":"EntryPoint","urlTemplate":"https:\/\/www.notibras.com\/site\/?s={search_term_string}"},"query-input":{"@type":"PropertyValueSpecification","valueRequired":true,"valueName":"search_term_string"}}],"inLanguage":"pt-BR"},{"@type":"Organization","@id":"https:\/\/www.notibras.com\/site\/#organization","name":"Grupo Notibras de Comunica\u00e7\u00e3o","url":"https:\/\/www.notibras.com\/site\/","logo":{"@type":"ImageObject","inLanguage":"pt-BR","@id":"https:\/\/www.notibras.com\/site\/#\/schema\/logo\/image\/","url":"https:\/\/www.notibras.com\/site\/wp-content\/uploads\/2023\/01\/notibras23.png","contentUrl":"https:\/\/www.notibras.com\/site\/wp-content\/uploads\/2023\/01\/notibras23.png","width":350,"height":87,"caption":"Grupo Notibras de Comunica\u00e7\u00e3o"},"image":{"@id":"https:\/\/www.notibras.com\/site\/#\/schema\/logo\/image\/"},"sameAs":["https:\/\/www.facebook.com\/notibras\/","https:\/\/x.com\/Notibras","https:\/\/www.instagram.com\/notibras\/"]},{"@type":"Person","@id":"https:\/\/www.notibras.com\/site\/#\/schema\/person\/36ab0979449956132d3e5b517ea76ac8","name":"Reda\u00e7\u00e3o","image":{"@type":"ImageObject","inLanguage":"pt-BR","@id":"https:\/\/secure.gravatar.com\/avatar\/e0a867bdedb85fd243eadf09663511f96fc81e0720a4a42581f334ad4303aa6b?s=96&d=mm&r=g","url":"https:\/\/secure.gravatar.com\/avatar\/e0a867bdedb85fd243eadf09663511f96fc81e0720a4a42581f334ad4303aa6b?s=96&d=mm&r=g","contentUrl":"https:\/\/secure.gravatar.com\/avatar\/e0a867bdedb85fd243eadf09663511f96fc81e0720a4a42581f334ad4303aa6b?s=96&d=mm&r=g","caption":"Reda\u00e7\u00e3o"}}]}},"amp_enabled":true,"_links":{"self":[{"href":"https:\/\/www.notibras.com\/site\/wp-json\/wp\/v2\/posts\/329591","targetHints":{"allow":["GET"]}}],"collection":[{"href":"https:\/\/www.notibras.com\/site\/wp-json\/wp\/v2\/posts"}],"about":[{"href":"https:\/\/www.notibras.com\/site\/wp-json\/wp\/v2\/types\/post"}],"author":[{"embeddable":true,"href":"https:\/\/www.notibras.com\/site\/wp-json\/wp\/v2\/users\/2"}],"replies":[{"embeddable":true,"href":"https:\/\/www.notibras.com\/site\/wp-json\/wp\/v2\/comments?post=329591"}],"version-history":[{"count":2,"href":"https:\/\/www.notibras.com\/site\/wp-json\/wp\/v2\/posts\/329591\/revisions"}],"predecessor-version":[{"id":329604,"href":"https:\/\/www.notibras.com\/site\/wp-json\/wp\/v2\/posts\/329591\/revisions\/329604"}],"wp:featuredmedia":[{"embeddable":true,"href":"https:\/\/www.notibras.com\/site\/wp-json\/wp\/v2\/media\/329592"}],"wp:attachment":[{"href":"https:\/\/www.notibras.com\/site\/wp-json\/wp\/v2\/media?parent=329591"}],"wp:term":[{"taxonomy":"category","embeddable":true,"href":"https:\/\/www.notibras.com\/site\/wp-json\/wp\/v2\/categories?post=329591"},{"taxonomy":"post_tag","embeddable":true,"href":"https:\/\/www.notibras.com\/site\/wp-json\/wp\/v2\/tags?post=329591"}],"curies":[{"name":"wp","href":"https:\/\/api.w.org\/{rel}","templated":true}]}}