{"id":329621,"date":"2024-05-27T07:50:07","date_gmt":"2024-05-27T10:50:07","guid":{"rendered":"https:\/\/www.notibras.com\/site\/?p=329621"},"modified":"2024-05-27T08:51:49","modified_gmt":"2024-05-27T11:51:49","slug":"estudantes-iniciam-corrida-para-fazer-inscricoes-no-enem","status":"publish","type":"post","link":"https:\/\/www.notibras.com\/site\/estudantes-iniciam-corrida-para-fazer-inscricoes-no-enem\/","title":{"rendered":"Estudantes iniciam corrida para fazer inscri\u00e7\u00f5es no Enem"},"content":{"rendered":"<p>Come\u00e7a nesta segunda-feira (27) e vai at\u00e9 7 de junho o per\u00edodo de inscri\u00e7\u00f5es para o Exame Nacional do Ensino M\u00e9dio (Enem) 2024. No Rio Grande do Sul, devido \u00e0 calamidade p\u00fablica no estado, haver\u00e1 um calend\u00e1rio estendido, que ainda ser\u00e1 divulgado pelo Instituto Nacional de Estudos e Pesquisas Educacionais An\u00edsio Teixeira (Inep).<\/p>\n<p>As provas ser\u00e3o aplicadas nos dias 3 e 10 de novembro. Para se inscrever, os estudantes devem acessar a P\u00e1gina do Participante e utilizar o cadastro na conta gov.br.<\/p>\n<p>Os resultados dos recursos sobre a isen\u00e7\u00e3o da taxa de inscri\u00e7\u00e3o foram divulgados na \u00faltima sexta-feira (24), assim como dos recursos que tratam das justificativas de aus\u00eancia no Enem 2023, para candidatos que estavam isentos da taxa e faltaram \u00e0s provas.<\/p>\n<p>A taxa de inscri\u00e7\u00e3o custa R$ 85 e poder\u00e1 ser paga at\u00e9 o dia 12 de junho. Os moradores do Rio Grande do Sul tamb\u00e9m ter\u00e3o isen\u00e7\u00e3o desse valor.<\/p>\n<p>Criado em 1998, o Enem avalia o desempenho escolar dos estudantes ao t\u00e9rmino da educa\u00e7\u00e3o b\u00e1sica e tamb\u00e9m \u00e9 a principal porta de entrada para a educa\u00e7\u00e3o superior no pa\u00eds. Os resultados da avalia\u00e7\u00e3o podem ser usados para acesso ao Sistema de Sele\u00e7\u00e3o Unificada (Sisu) e ao Programa Universidade para Todos (ProUni). Tamb\u00e9m s\u00e3o aceitos em institui\u00e7\u00f5es privadas e de outros pa\u00edses de l\u00edngua portuguesa que tenham acordo com o Brasil.<\/p>\n<p>Os estudantes que n\u00e3o conclu\u00edram o ensino m\u00e9dio tamb\u00e9m podem participar na condi\u00e7\u00e3o de treineiros, para autoavalia\u00e7\u00e3o nos anos anteriores ao t\u00e9rmino da educa\u00e7\u00e3o b\u00e1sica.<\/p>\n","protected":false},"excerpt":{"rendered":"<p>Come\u00e7a nesta segunda-feira (27) e vai at\u00e9 7 de junho o per\u00edodo de inscri\u00e7\u00f5es para o Exame Nacional do Ensino M\u00e9dio (Enem) 2024. No Rio Grande do Sul, devido \u00e0 calamidade p\u00fablica no estado, haver\u00e1 um calend\u00e1rio estendido, que ainda ser\u00e1 divulgado pelo Instituto Nacional de Estudos e Pesquisas Educacionais An\u00edsio Teixeira (Inep). As provas [&hellip;]<\/p>\n","protected":false},"author":2,"featured_media":329622,"comment_status":"closed","ping_status":"closed","sticky":false,"template":"","format":"standard","meta":{"_acf_changed":false,"footnotes":""},"categories":[161],"tags":[],"class_list":["post-329621","post","type-post","status-publish","format-standard","has-post-thumbnail","hentry","category-quadradinho-em-foco"],"acf":[],"yoast_head":"<!-- This site is optimized with the Yoast SEO plugin v27.5 - https:\/\/yoast.com\/product\/yoast-seo-wordpress\/ -->\n<title>Estudantes iniciam corrida para fazer inscri\u00e7\u00f5es no Enem - Notibras<\/title>\n<meta name=\"robots\" content=\"index, follow, max-snippet:-1, max-image-preview:large, max-video-preview:-1\" \/>\n<link rel=\"canonical\" href=\"https:\/\/www.notibras.com\/site\/estudantes-iniciam-corrida-para-fazer-inscricoes-no-enem\/\" \/>\n<meta property=\"og:locale\" content=\"pt_BR\" \/>\n<meta property=\"og:type\" content=\"article\" \/>\n<meta property=\"og:title\" content=\"Estudantes iniciam corrida para fazer inscri\u00e7\u00f5es no Enem - Notibras\" \/>\n<meta property=\"og:description\" content=\"Come\u00e7a nesta segunda-feira (27) e vai at\u00e9 7 de junho o per\u00edodo de inscri\u00e7\u00f5es para o Exame Nacional do Ensino M\u00e9dio (Enem) 2024. No Rio Grande do Sul, devido \u00e0 calamidade p\u00fablica no estado, haver\u00e1 um calend\u00e1rio estendido, que ainda ser\u00e1 divulgado pelo Instituto Nacional de Estudos e Pesquisas Educacionais An\u00edsio Teixeira (Inep). As provas [&hellip;]\" \/>\n<meta property=\"og:url\" content=\"https:\/\/www.notibras.com\/site\/estudantes-iniciam-corrida-para-fazer-inscricoes-no-enem\/\" \/>\n<meta property=\"og:site_name\" content=\"Notibras\" \/>\n<meta property=\"article:publisher\" content=\"https:\/\/www.facebook.com\/notibras\/\" \/>\n<meta property=\"article:published_time\" content=\"2024-05-27T10:50:07+00:00\" \/>\n<meta property=\"article:modified_time\" content=\"2024-05-27T11:51:49+00:00\" \/>\n<meta property=\"og:image\" content=\"https:\/\/www.notibras.com\/site\/wp-content\/uploads\/2024\/05\/eneminscricao24.webp\" \/>\n\t<meta property=\"og:image:width\" content=\"1170\" \/>\n\t<meta property=\"og:image:height\" content=\"700\" \/>\n\t<meta property=\"og:image:type\" content=\"image\/webp\" \/>\n<meta name=\"author\" content=\"Reda\u00e7\u00e3o\" \/>\n<meta name=\"twitter:card\" content=\"summary_large_image\" \/>\n<meta name=\"twitter:creator\" content=\"@Notibras\" \/>\n<meta name=\"twitter:site\" content=\"@Notibras\" \/>\n<meta name=\"twitter:label1\" content=\"Escrito por\" \/>\n\t<meta name=\"twitter:data1\" content=\"Reda\u00e7\u00e3o\" \/>\n\t<meta name=\"twitter:label2\" content=\"Est. tempo de leitura\" \/>\n\t<meta name=\"twitter:data2\" content=\"2 minutos\" \/>\n<script type=\"application\/ld+json\" class=\"yoast-schema-graph\">{\"@context\":\"https:\\\/\\\/schema.org\",\"@graph\":[{\"@type\":\"Article\",\"@id\":\"https:\\\/\\\/www.notibras.com\\\/site\\\/estudantes-iniciam-corrida-para-fazer-inscricoes-no-enem\\\/#article\",\"isPartOf\":{\"@id\":\"https:\\\/\\\/www.notibras.com\\\/site\\\/estudantes-iniciam-corrida-para-fazer-inscricoes-no-enem\\\/\"},\"author\":{\"name\":\"Reda\u00e7\u00e3o\",\"@id\":\"https:\\\/\\\/www.notibras.com\\\/site\\\/#\\\/schema\\\/person\\\/36ab0979449956132d3e5b517ea76ac8\"},\"headline\":\"Estudantes iniciam corrida para fazer inscri\u00e7\u00f5es no Enem\",\"datePublished\":\"2024-05-27T10:50:07+00:00\",\"dateModified\":\"2024-05-27T11:51:49+00:00\",\"mainEntityOfPage\":{\"@id\":\"https:\\\/\\\/www.notibras.com\\\/site\\\/estudantes-iniciam-corrida-para-fazer-inscricoes-no-enem\\\/\"},\"wordCount\":284,\"publisher\":{\"@id\":\"https:\\\/\\\/www.notibras.com\\\/site\\\/#organization\"},\"image\":{\"@id\":\"https:\\\/\\\/www.notibras.com\\\/site\\\/estudantes-iniciam-corrida-para-fazer-inscricoes-no-enem\\\/#primaryimage\"},\"thumbnailUrl\":\"https:\\\/\\\/www.notibras.com\\\/site\\\/wp-content\\\/uploads\\\/2024\\\/05\\\/eneminscricao24.webp\",\"articleSection\":[\"Quadradinho em Foco\"],\"inLanguage\":\"pt-BR\"},{\"@type\":\"WebPage\",\"@id\":\"https:\\\/\\\/www.notibras.com\\\/site\\\/estudantes-iniciam-corrida-para-fazer-inscricoes-no-enem\\\/\",\"url\":\"https:\\\/\\\/www.notibras.com\\\/site\\\/estudantes-iniciam-corrida-para-fazer-inscricoes-no-enem\\\/\",\"name\":\"Estudantes iniciam corrida para fazer inscri\u00e7\u00f5es no Enem - Notibras\",\"isPartOf\":{\"@id\":\"https:\\\/\\\/www.notibras.com\\\/site\\\/#website\"},\"primaryImageOfPage\":{\"@id\":\"https:\\\/\\\/www.notibras.com\\\/site\\\/estudantes-iniciam-corrida-para-fazer-inscricoes-no-enem\\\/#primaryimage\"},\"image\":{\"@id\":\"https:\\\/\\\/www.notibras.com\\\/site\\\/estudantes-iniciam-corrida-para-fazer-inscricoes-no-enem\\\/#primaryimage\"},\"thumbnailUrl\":\"https:\\\/\\\/www.notibras.com\\\/site\\\/wp-content\\\/uploads\\\/2024\\\/05\\\/eneminscricao24.webp\",\"datePublished\":\"2024-05-27T10:50:07+00:00\",\"dateModified\":\"2024-05-27T11:51:49+00:00\",\"breadcrumb\":{\"@id\":\"https:\\\/\\\/www.notibras.com\\\/site\\\/estudantes-iniciam-corrida-para-fazer-inscricoes-no-enem\\\/#breadcrumb\"},\"inLanguage\":\"pt-BR\",\"potentialAction\":[{\"@type\":\"ReadAction\",\"target\":[\"https:\\\/\\\/www.notibras.com\\\/site\\\/estudantes-iniciam-corrida-para-fazer-inscricoes-no-enem\\\/\"]}]},{\"@type\":\"ImageObject\",\"inLanguage\":\"pt-BR\",\"@id\":\"https:\\\/\\\/www.notibras.com\\\/site\\\/estudantes-iniciam-corrida-para-fazer-inscricoes-no-enem\\\/#primaryimage\",\"url\":\"https:\\\/\\\/www.notibras.com\\\/site\\\/wp-content\\\/uploads\\\/2024\\\/05\\\/eneminscricao24.webp\",\"contentUrl\":\"https:\\\/\\\/www.notibras.com\\\/site\\\/wp-content\\\/uploads\\\/2024\\\/05\\\/eneminscricao24.webp\",\"width\":1170,\"height\":700},{\"@type\":\"BreadcrumbList\",\"@id\":\"https:\\\/\\\/www.notibras.com\\\/site\\\/estudantes-iniciam-corrida-para-fazer-inscricoes-no-enem\\\/#breadcrumb\",\"itemListElement\":[{\"@type\":\"ListItem\",\"position\":1,\"name\":\"In\u00edcio\",\"item\":\"https:\\\/\\\/www.notibras.com\\\/site\\\/\"},{\"@type\":\"ListItem\",\"position\":2,\"name\":\"Estudantes iniciam corrida para fazer inscri\u00e7\u00f5es no Enem\"}]},{\"@type\":\"WebSite\",\"@id\":\"https:\\\/\\\/www.notibras.com\\\/site\\\/#website\",\"url\":\"https:\\\/\\\/www.notibras.com\\\/site\\\/\",\"name\":\"Notibras\",\"description\":\"Not\u00edcias de Bras\u00edlia, do Brasil e do Mundo\",\"publisher\":{\"@id\":\"https:\\\/\\\/www.notibras.com\\\/site\\\/#organization\"},\"potentialAction\":[{\"@type\":\"SearchAction\",\"target\":{\"@type\":\"EntryPoint\",\"urlTemplate\":\"https:\\\/\\\/www.notibras.com\\\/site\\\/?s={search_term_string}\"},\"query-input\":{\"@type\":\"PropertyValueSpecification\",\"valueRequired\":true,\"valueName\":\"search_term_string\"}}],\"inLanguage\":\"pt-BR\"},{\"@type\":\"Organization\",\"@id\":\"https:\\\/\\\/www.notibras.com\\\/site\\\/#organization\",\"name\":\"Grupo Notibras de Comunica\u00e7\u00e3o\",\"url\":\"https:\\\/\\\/www.notibras.com\\\/site\\\/\",\"logo\":{\"@type\":\"ImageObject\",\"inLanguage\":\"pt-BR\",\"@id\":\"https:\\\/\\\/www.notibras.com\\\/site\\\/#\\\/schema\\\/logo\\\/image\\\/\",\"url\":\"https:\\\/\\\/www.notibras.com\\\/site\\\/wp-content\\\/uploads\\\/2023\\\/01\\\/notibras23.png\",\"contentUrl\":\"https:\\\/\\\/www.notibras.com\\\/site\\\/wp-content\\\/uploads\\\/2023\\\/01\\\/notibras23.png\",\"width\":350,\"height\":87,\"caption\":\"Grupo Notibras de Comunica\u00e7\u00e3o\"},\"image\":{\"@id\":\"https:\\\/\\\/www.notibras.com\\\/site\\\/#\\\/schema\\\/logo\\\/image\\\/\"},\"sameAs\":[\"https:\\\/\\\/www.facebook.com\\\/notibras\\\/\",\"https:\\\/\\\/x.com\\\/Notibras\",\"https:\\\/\\\/www.instagram.com\\\/notibras\\\/\"]},{\"@type\":\"Person\",\"@id\":\"https:\\\/\\\/www.notibras.com\\\/site\\\/#\\\/schema\\\/person\\\/36ab0979449956132d3e5b517ea76ac8\",\"name\":\"Reda\u00e7\u00e3o\",\"image\":{\"@type\":\"ImageObject\",\"inLanguage\":\"pt-BR\",\"@id\":\"https:\\\/\\\/secure.gravatar.com\\\/avatar\\\/e0a867bdedb85fd243eadf09663511f96fc81e0720a4a42581f334ad4303aa6b?s=96&d=mm&r=g\",\"url\":\"https:\\\/\\\/secure.gravatar.com\\\/avatar\\\/e0a867bdedb85fd243eadf09663511f96fc81e0720a4a42581f334ad4303aa6b?s=96&d=mm&r=g\",\"contentUrl\":\"https:\\\/\\\/secure.gravatar.com\\\/avatar\\\/e0a867bdedb85fd243eadf09663511f96fc81e0720a4a42581f334ad4303aa6b?s=96&d=mm&r=g\",\"caption\":\"Reda\u00e7\u00e3o\"}}]}<\/script>\n<!-- \/ Yoast SEO plugin. -->","yoast_head_json":{"title":"Estudantes iniciam corrida para fazer inscri\u00e7\u00f5es no Enem - Notibras","robots":{"index":"index","follow":"follow","max-snippet":"max-snippet:-1","max-image-preview":"max-image-preview:large","max-video-preview":"max-video-preview:-1"},"canonical":"https:\/\/www.notibras.com\/site\/estudantes-iniciam-corrida-para-fazer-inscricoes-no-enem\/","og_locale":"pt_BR","og_type":"article","og_title":"Estudantes iniciam corrida para fazer inscri\u00e7\u00f5es no Enem - Notibras","og_description":"Come\u00e7a nesta segunda-feira (27) e vai at\u00e9 7 de junho o per\u00edodo de inscri\u00e7\u00f5es para o Exame Nacional do Ensino M\u00e9dio (Enem) 2024. No Rio Grande do Sul, devido \u00e0 calamidade p\u00fablica no estado, haver\u00e1 um calend\u00e1rio estendido, que ainda ser\u00e1 divulgado pelo Instituto Nacional de Estudos e Pesquisas Educacionais An\u00edsio Teixeira (Inep). As provas [&hellip;]","og_url":"https:\/\/www.notibras.com\/site\/estudantes-iniciam-corrida-para-fazer-inscricoes-no-enem\/","og_site_name":"Notibras","article_publisher":"https:\/\/www.facebook.com\/notibras\/","article_published_time":"2024-05-27T10:50:07+00:00","article_modified_time":"2024-05-27T11:51:49+00:00","og_image":[{"width":1170,"height":700,"url":"https:\/\/www.notibras.com\/site\/wp-content\/uploads\/2024\/05\/eneminscricao24.webp","type":"image\/webp"}],"author":"Reda\u00e7\u00e3o","twitter_card":"summary_large_image","twitter_creator":"@Notibras","twitter_site":"@Notibras","twitter_misc":{"Escrito por":"Reda\u00e7\u00e3o","Est. tempo de leitura":"2 minutos"},"schema":{"@context":"https:\/\/schema.org","@graph":[{"@type":"Article","@id":"https:\/\/www.notibras.com\/site\/estudantes-iniciam-corrida-para-fazer-inscricoes-no-enem\/#article","isPartOf":{"@id":"https:\/\/www.notibras.com\/site\/estudantes-iniciam-corrida-para-fazer-inscricoes-no-enem\/"},"author":{"name":"Reda\u00e7\u00e3o","@id":"https:\/\/www.notibras.com\/site\/#\/schema\/person\/36ab0979449956132d3e5b517ea76ac8"},"headline":"Estudantes iniciam corrida para fazer inscri\u00e7\u00f5es no Enem","datePublished":"2024-05-27T10:50:07+00:00","dateModified":"2024-05-27T11:51:49+00:00","mainEntityOfPage":{"@id":"https:\/\/www.notibras.com\/site\/estudantes-iniciam-corrida-para-fazer-inscricoes-no-enem\/"},"wordCount":284,"publisher":{"@id":"https:\/\/www.notibras.com\/site\/#organization"},"image":{"@id":"https:\/\/www.notibras.com\/site\/estudantes-iniciam-corrida-para-fazer-inscricoes-no-enem\/#primaryimage"},"thumbnailUrl":"https:\/\/www.notibras.com\/site\/wp-content\/uploads\/2024\/05\/eneminscricao24.webp","articleSection":["Quadradinho em Foco"],"inLanguage":"pt-BR"},{"@type":"WebPage","@id":"https:\/\/www.notibras.com\/site\/estudantes-iniciam-corrida-para-fazer-inscricoes-no-enem\/","url":"https:\/\/www.notibras.com\/site\/estudantes-iniciam-corrida-para-fazer-inscricoes-no-enem\/","name":"Estudantes iniciam corrida para fazer inscri\u00e7\u00f5es no Enem - Notibras","isPartOf":{"@id":"https:\/\/www.notibras.com\/site\/#website"},"primaryImageOfPage":{"@id":"https:\/\/www.notibras.com\/site\/estudantes-iniciam-corrida-para-fazer-inscricoes-no-enem\/#primaryimage"},"image":{"@id":"https:\/\/www.notibras.com\/site\/estudantes-iniciam-corrida-para-fazer-inscricoes-no-enem\/#primaryimage"},"thumbnailUrl":"https:\/\/www.notibras.com\/site\/wp-content\/uploads\/2024\/05\/eneminscricao24.webp","datePublished":"2024-05-27T10:50:07+00:00","dateModified":"2024-05-27T11:51:49+00:00","breadcrumb":{"@id":"https:\/\/www.notibras.com\/site\/estudantes-iniciam-corrida-para-fazer-inscricoes-no-enem\/#breadcrumb"},"inLanguage":"pt-BR","potentialAction":[{"@type":"ReadAction","target":["https:\/\/www.notibras.com\/site\/estudantes-iniciam-corrida-para-fazer-inscricoes-no-enem\/"]}]},{"@type":"ImageObject","inLanguage":"pt-BR","@id":"https:\/\/www.notibras.com\/site\/estudantes-iniciam-corrida-para-fazer-inscricoes-no-enem\/#primaryimage","url":"https:\/\/www.notibras.com\/site\/wp-content\/uploads\/2024\/05\/eneminscricao24.webp","contentUrl":"https:\/\/www.notibras.com\/site\/wp-content\/uploads\/2024\/05\/eneminscricao24.webp","width":1170,"height":700},{"@type":"BreadcrumbList","@id":"https:\/\/www.notibras.com\/site\/estudantes-iniciam-corrida-para-fazer-inscricoes-no-enem\/#breadcrumb","itemListElement":[{"@type":"ListItem","position":1,"name":"In\u00edcio","item":"https:\/\/www.notibras.com\/site\/"},{"@type":"ListItem","position":2,"name":"Estudantes iniciam corrida para fazer inscri\u00e7\u00f5es no Enem"}]},{"@type":"WebSite","@id":"https:\/\/www.notibras.com\/site\/#website","url":"https:\/\/www.notibras.com\/site\/","name":"Notibras","description":"Not\u00edcias de Bras\u00edlia, do Brasil e do Mundo","publisher":{"@id":"https:\/\/www.notibras.com\/site\/#organization"},"potentialAction":[{"@type":"SearchAction","target":{"@type":"EntryPoint","urlTemplate":"https:\/\/www.notibras.com\/site\/?s={search_term_string}"},"query-input":{"@type":"PropertyValueSpecification","valueRequired":true,"valueName":"search_term_string"}}],"inLanguage":"pt-BR"},{"@type":"Organization","@id":"https:\/\/www.notibras.com\/site\/#organization","name":"Grupo Notibras de Comunica\u00e7\u00e3o","url":"https:\/\/www.notibras.com\/site\/","logo":{"@type":"ImageObject","inLanguage":"pt-BR","@id":"https:\/\/www.notibras.com\/site\/#\/schema\/logo\/image\/","url":"https:\/\/www.notibras.com\/site\/wp-content\/uploads\/2023\/01\/notibras23.png","contentUrl":"https:\/\/www.notibras.com\/site\/wp-content\/uploads\/2023\/01\/notibras23.png","width":350,"height":87,"caption":"Grupo Notibras de Comunica\u00e7\u00e3o"},"image":{"@id":"https:\/\/www.notibras.com\/site\/#\/schema\/logo\/image\/"},"sameAs":["https:\/\/www.facebook.com\/notibras\/","https:\/\/x.com\/Notibras","https:\/\/www.instagram.com\/notibras\/"]},{"@type":"Person","@id":"https:\/\/www.notibras.com\/site\/#\/schema\/person\/36ab0979449956132d3e5b517ea76ac8","name":"Reda\u00e7\u00e3o","image":{"@type":"ImageObject","inLanguage":"pt-BR","@id":"https:\/\/secure.gravatar.com\/avatar\/e0a867bdedb85fd243eadf09663511f96fc81e0720a4a42581f334ad4303aa6b?s=96&d=mm&r=g","url":"https:\/\/secure.gravatar.com\/avatar\/e0a867bdedb85fd243eadf09663511f96fc81e0720a4a42581f334ad4303aa6b?s=96&d=mm&r=g","contentUrl":"https:\/\/secure.gravatar.com\/avatar\/e0a867bdedb85fd243eadf09663511f96fc81e0720a4a42581f334ad4303aa6b?s=96&d=mm&r=g","caption":"Reda\u00e7\u00e3o"}}]}},"amp_enabled":true,"_links":{"self":[{"href":"https:\/\/www.notibras.com\/site\/wp-json\/wp\/v2\/posts\/329621","targetHints":{"allow":["GET"]}}],"collection":[{"href":"https:\/\/www.notibras.com\/site\/wp-json\/wp\/v2\/posts"}],"about":[{"href":"https:\/\/www.notibras.com\/site\/wp-json\/wp\/v2\/types\/post"}],"author":[{"embeddable":true,"href":"https:\/\/www.notibras.com\/site\/wp-json\/wp\/v2\/users\/2"}],"replies":[{"embeddable":true,"href":"https:\/\/www.notibras.com\/site\/wp-json\/wp\/v2\/comments?post=329621"}],"version-history":[{"count":1,"href":"https:\/\/www.notibras.com\/site\/wp-json\/wp\/v2\/posts\/329621\/revisions"}],"predecessor-version":[{"id":329623,"href":"https:\/\/www.notibras.com\/site\/wp-json\/wp\/v2\/posts\/329621\/revisions\/329623"}],"wp:featuredmedia":[{"embeddable":true,"href":"https:\/\/www.notibras.com\/site\/wp-json\/wp\/v2\/media\/329622"}],"wp:attachment":[{"href":"https:\/\/www.notibras.com\/site\/wp-json\/wp\/v2\/media?parent=329621"}],"wp:term":[{"taxonomy":"category","embeddable":true,"href":"https:\/\/www.notibras.com\/site\/wp-json\/wp\/v2\/categories?post=329621"},{"taxonomy":"post_tag","embeddable":true,"href":"https:\/\/www.notibras.com\/site\/wp-json\/wp\/v2\/tags?post=329621"}],"curies":[{"name":"wp","href":"https:\/\/api.w.org\/{rel}","templated":true}]}}