{"id":329624,"date":"2024-05-27T00:00:38","date_gmt":"2024-05-27T03:00:38","guid":{"rendered":"https:\/\/www.notibras.com\/site\/?p=329624"},"modified":"2024-05-27T08:58:41","modified_gmt":"2024-05-27T11:58:41","slug":"brasiliense-tem-primeira-parada-do-orgulho-da-pessoa-com-deficiencia","status":"publish","type":"post","link":"https:\/\/www.notibras.com\/site\/brasiliense-tem-primeira-parada-do-orgulho-da-pessoa-com-deficiencia\/","title":{"rendered":"Brasiliense tem primeira Parada do Orgulho da Pessoa com Defici\u00eancia"},"content":{"rendered":"<p>Quem aproveitou a tarde de sol e calor para visitar a regi\u00e3o da Torre de TV neste domingo (26), encontrou uma s\u00e9rie de apresenta\u00e7\u00f5es art\u00edsticas com grupos formados exclusivamente por pessoas com defici\u00eancia (PcD).<\/p>\n<p>Break dance em cadeira de rodas, banda de percuss\u00e3o formada por pessoas surdas e declama\u00e7\u00e3o de poesias foram algumas das atra\u00e7\u00f5es que transformaram o centro da capital do pa\u00eds em ponto de encontro e conviv\u00eancia para PcD\u2019s.<\/p>\n<p>Um dos fundadores da parada, o soteropolitano Marcelo Zig, explica que a ideia \u00e9 ocupar um espa\u00e7o de alta visita\u00e7\u00e3o com uma programa\u00e7\u00e3o cultural toda formada por pessoas com defici\u00eancia.<\/p>\n<p>\u201cEla \u00e9 originalmente uma manifesta\u00e7\u00e3o de pessoas com defici\u00eancia para pessoas com defici\u00eancia\u201d, afirmou Marcelo Zig. \u201c\u00c9 um evento em que todos os setores t\u00eam a participa\u00e7\u00e3o de pessoas com defici\u00eancia, na organiza\u00e7\u00e3o, na realiza\u00e7\u00e3o e na apresenta\u00e7\u00e3o\u201d.<\/p>\n<p>A primeira Parada do Orgulho PcD do Brasil ocorreu em setembro, em S\u00e3o Paulo, por ocasi\u00e3o do Dia Nacional de Luta da Pessoa com Defici\u00eancia. Com o sucesso, os organizadores buscam agora replicar o evento em outras cidades. Al\u00e9m de Bras\u00edlia, a parada j\u00e1 ocorreu em Salvador e no m\u00eas que vem segue para Belo Horizonte. Em setembro, ocorre a segunda edi\u00e7\u00e3o na capital paulista.<\/p>\n<p>\u201c\u00c9 a melhor experi\u00eancia essa oportunidade para gente ter esse sentimento de pertencimento. Nunca imaginei que isso poderia ser poss\u00edvel\u201d, relatou In\u00eas Salv\u00ednia, de 24 anos, que \u00e9 cega e moradora de Sobradinho, no entorno de Bras\u00edlia.<\/p>\n<p>\u201c\u00c9 uma oportunidade que a gente tem de as pessoas se conhecerem, se conectarem, conversar e projetar futuros, e tamb\u00e9m de PcDs interagirem com pessoas sem defici\u00eancia\u201d, completou.<\/p>\n","protected":false},"excerpt":{"rendered":"<p>Quem aproveitou a tarde de sol e calor para visitar a regi\u00e3o da Torre de TV neste domingo (26), encontrou uma s\u00e9rie de apresenta\u00e7\u00f5es art\u00edsticas com grupos formados exclusivamente por pessoas com defici\u00eancia (PcD). Break dance em cadeira de rodas, banda de percuss\u00e3o formada por pessoas surdas e declama\u00e7\u00e3o de poesias foram algumas das atra\u00e7\u00f5es [&hellip;]<\/p>\n","protected":false},"author":2,"featured_media":329625,"comment_status":"closed","ping_status":"closed","sticky":false,"template":"","format":"standard","meta":{"_acf_changed":false,"footnotes":""},"categories":[161],"tags":[],"class_list":["post-329624","post","type-post","status-publish","format-standard","has-post-thumbnail","hentry","category-quadradinho-em-foco"],"acf":[],"yoast_head":"<!-- This site is optimized with the Yoast SEO plugin v27.5 - https:\/\/yoast.com\/product\/yoast-seo-wordpress\/ -->\n<title>Brasiliense tem primeira Parada do Orgulho da Pessoa com Defici\u00eancia - Notibras<\/title>\n<meta name=\"robots\" content=\"index, follow, max-snippet:-1, max-image-preview:large, max-video-preview:-1\" \/>\n<link rel=\"canonical\" href=\"https:\/\/www.notibras.com\/site\/brasiliense-tem-primeira-parada-do-orgulho-da-pessoa-com-deficiencia\/\" \/>\n<meta property=\"og:locale\" content=\"pt_BR\" \/>\n<meta property=\"og:type\" content=\"article\" \/>\n<meta property=\"og:title\" content=\"Brasiliense tem primeira Parada do Orgulho da Pessoa com Defici\u00eancia - Notibras\" \/>\n<meta property=\"og:description\" content=\"Quem aproveitou a tarde de sol e calor para visitar a regi\u00e3o da Torre de TV neste domingo (26), encontrou uma s\u00e9rie de apresenta\u00e7\u00f5es art\u00edsticas com grupos formados exclusivamente por pessoas com defici\u00eancia (PcD). Break dance em cadeira de rodas, banda de percuss\u00e3o formada por pessoas surdas e declama\u00e7\u00e3o de poesias foram algumas das atra\u00e7\u00f5es [&hellip;]\" \/>\n<meta property=\"og:url\" content=\"https:\/\/www.notibras.com\/site\/brasiliense-tem-primeira-parada-do-orgulho-da-pessoa-com-deficiencia\/\" \/>\n<meta property=\"og:site_name\" content=\"Notibras\" \/>\n<meta property=\"article:publisher\" content=\"https:\/\/www.facebook.com\/notibras\/\" \/>\n<meta property=\"article:published_time\" content=\"2024-05-27T03:00:38+00:00\" \/>\n<meta property=\"article:modified_time\" content=\"2024-05-27T11:58:41+00:00\" \/>\n<meta property=\"og:image\" content=\"https:\/\/www.notibras.com\/site\/wp-content\/uploads\/2024\/05\/pcd.orgulho.webp\" \/>\n\t<meta property=\"og:image:width\" content=\"1170\" \/>\n\t<meta property=\"og:image:height\" content=\"700\" \/>\n\t<meta property=\"og:image:type\" content=\"image\/webp\" \/>\n<meta name=\"author\" content=\"Reda\u00e7\u00e3o\" \/>\n<meta name=\"twitter:card\" content=\"summary_large_image\" \/>\n<meta name=\"twitter:creator\" content=\"@Notibras\" \/>\n<meta name=\"twitter:site\" content=\"@Notibras\" \/>\n<meta name=\"twitter:label1\" content=\"Escrito por\" \/>\n\t<meta name=\"twitter:data1\" content=\"Reda\u00e7\u00e3o\" \/>\n\t<meta name=\"twitter:label2\" content=\"Est. tempo de leitura\" \/>\n\t<meta name=\"twitter:data2\" content=\"2 minutos\" \/>\n<script type=\"application\/ld+json\" class=\"yoast-schema-graph\">{\"@context\":\"https:\\\/\\\/schema.org\",\"@graph\":[{\"@type\":\"Article\",\"@id\":\"https:\\\/\\\/www.notibras.com\\\/site\\\/brasiliense-tem-primeira-parada-do-orgulho-da-pessoa-com-deficiencia\\\/#article\",\"isPartOf\":{\"@id\":\"https:\\\/\\\/www.notibras.com\\\/site\\\/brasiliense-tem-primeira-parada-do-orgulho-da-pessoa-com-deficiencia\\\/\"},\"author\":{\"name\":\"Reda\u00e7\u00e3o\",\"@id\":\"https:\\\/\\\/www.notibras.com\\\/site\\\/#\\\/schema\\\/person\\\/36ab0979449956132d3e5b517ea76ac8\"},\"headline\":\"Brasiliense tem primeira Parada do Orgulho da Pessoa com Defici\u00eancia\",\"datePublished\":\"2024-05-27T03:00:38+00:00\",\"dateModified\":\"2024-05-27T11:58:41+00:00\",\"mainEntityOfPage\":{\"@id\":\"https:\\\/\\\/www.notibras.com\\\/site\\\/brasiliense-tem-primeira-parada-do-orgulho-da-pessoa-com-deficiencia\\\/\"},\"wordCount\":310,\"publisher\":{\"@id\":\"https:\\\/\\\/www.notibras.com\\\/site\\\/#organization\"},\"image\":{\"@id\":\"https:\\\/\\\/www.notibras.com\\\/site\\\/brasiliense-tem-primeira-parada-do-orgulho-da-pessoa-com-deficiencia\\\/#primaryimage\"},\"thumbnailUrl\":\"https:\\\/\\\/www.notibras.com\\\/site\\\/wp-content\\\/uploads\\\/2024\\\/05\\\/pcd.orgulho.webp\",\"articleSection\":[\"Quadradinho em Foco\"],\"inLanguage\":\"pt-BR\"},{\"@type\":\"WebPage\",\"@id\":\"https:\\\/\\\/www.notibras.com\\\/site\\\/brasiliense-tem-primeira-parada-do-orgulho-da-pessoa-com-deficiencia\\\/\",\"url\":\"https:\\\/\\\/www.notibras.com\\\/site\\\/brasiliense-tem-primeira-parada-do-orgulho-da-pessoa-com-deficiencia\\\/\",\"name\":\"Brasiliense tem primeira Parada do Orgulho da Pessoa com Defici\u00eancia - Notibras\",\"isPartOf\":{\"@id\":\"https:\\\/\\\/www.notibras.com\\\/site\\\/#website\"},\"primaryImageOfPage\":{\"@id\":\"https:\\\/\\\/www.notibras.com\\\/site\\\/brasiliense-tem-primeira-parada-do-orgulho-da-pessoa-com-deficiencia\\\/#primaryimage\"},\"image\":{\"@id\":\"https:\\\/\\\/www.notibras.com\\\/site\\\/brasiliense-tem-primeira-parada-do-orgulho-da-pessoa-com-deficiencia\\\/#primaryimage\"},\"thumbnailUrl\":\"https:\\\/\\\/www.notibras.com\\\/site\\\/wp-content\\\/uploads\\\/2024\\\/05\\\/pcd.orgulho.webp\",\"datePublished\":\"2024-05-27T03:00:38+00:00\",\"dateModified\":\"2024-05-27T11:58:41+00:00\",\"breadcrumb\":{\"@id\":\"https:\\\/\\\/www.notibras.com\\\/site\\\/brasiliense-tem-primeira-parada-do-orgulho-da-pessoa-com-deficiencia\\\/#breadcrumb\"},\"inLanguage\":\"pt-BR\",\"potentialAction\":[{\"@type\":\"ReadAction\",\"target\":[\"https:\\\/\\\/www.notibras.com\\\/site\\\/brasiliense-tem-primeira-parada-do-orgulho-da-pessoa-com-deficiencia\\\/\"]}]},{\"@type\":\"ImageObject\",\"inLanguage\":\"pt-BR\",\"@id\":\"https:\\\/\\\/www.notibras.com\\\/site\\\/brasiliense-tem-primeira-parada-do-orgulho-da-pessoa-com-deficiencia\\\/#primaryimage\",\"url\":\"https:\\\/\\\/www.notibras.com\\\/site\\\/wp-content\\\/uploads\\\/2024\\\/05\\\/pcd.orgulho.webp\",\"contentUrl\":\"https:\\\/\\\/www.notibras.com\\\/site\\\/wp-content\\\/uploads\\\/2024\\\/05\\\/pcd.orgulho.webp\",\"width\":1170,\"height\":700},{\"@type\":\"BreadcrumbList\",\"@id\":\"https:\\\/\\\/www.notibras.com\\\/site\\\/brasiliense-tem-primeira-parada-do-orgulho-da-pessoa-com-deficiencia\\\/#breadcrumb\",\"itemListElement\":[{\"@type\":\"ListItem\",\"position\":1,\"name\":\"In\u00edcio\",\"item\":\"https:\\\/\\\/www.notibras.com\\\/site\\\/\"},{\"@type\":\"ListItem\",\"position\":2,\"name\":\"Brasiliense tem primeira Parada do Orgulho da Pessoa com Defici\u00eancia\"}]},{\"@type\":\"WebSite\",\"@id\":\"https:\\\/\\\/www.notibras.com\\\/site\\\/#website\",\"url\":\"https:\\\/\\\/www.notibras.com\\\/site\\\/\",\"name\":\"Notibras\",\"description\":\"Not\u00edcias de Bras\u00edlia, do Brasil e do Mundo\",\"publisher\":{\"@id\":\"https:\\\/\\\/www.notibras.com\\\/site\\\/#organization\"},\"potentialAction\":[{\"@type\":\"SearchAction\",\"target\":{\"@type\":\"EntryPoint\",\"urlTemplate\":\"https:\\\/\\\/www.notibras.com\\\/site\\\/?s={search_term_string}\"},\"query-input\":{\"@type\":\"PropertyValueSpecification\",\"valueRequired\":true,\"valueName\":\"search_term_string\"}}],\"inLanguage\":\"pt-BR\"},{\"@type\":\"Organization\",\"@id\":\"https:\\\/\\\/www.notibras.com\\\/site\\\/#organization\",\"name\":\"Grupo Notibras de Comunica\u00e7\u00e3o\",\"url\":\"https:\\\/\\\/www.notibras.com\\\/site\\\/\",\"logo\":{\"@type\":\"ImageObject\",\"inLanguage\":\"pt-BR\",\"@id\":\"https:\\\/\\\/www.notibras.com\\\/site\\\/#\\\/schema\\\/logo\\\/image\\\/\",\"url\":\"https:\\\/\\\/www.notibras.com\\\/site\\\/wp-content\\\/uploads\\\/2023\\\/01\\\/notibras23.png\",\"contentUrl\":\"https:\\\/\\\/www.notibras.com\\\/site\\\/wp-content\\\/uploads\\\/2023\\\/01\\\/notibras23.png\",\"width\":350,\"height\":87,\"caption\":\"Grupo Notibras de Comunica\u00e7\u00e3o\"},\"image\":{\"@id\":\"https:\\\/\\\/www.notibras.com\\\/site\\\/#\\\/schema\\\/logo\\\/image\\\/\"},\"sameAs\":[\"https:\\\/\\\/www.facebook.com\\\/notibras\\\/\",\"https:\\\/\\\/x.com\\\/Notibras\",\"https:\\\/\\\/www.instagram.com\\\/notibras\\\/\"]},{\"@type\":\"Person\",\"@id\":\"https:\\\/\\\/www.notibras.com\\\/site\\\/#\\\/schema\\\/person\\\/36ab0979449956132d3e5b517ea76ac8\",\"name\":\"Reda\u00e7\u00e3o\",\"image\":{\"@type\":\"ImageObject\",\"inLanguage\":\"pt-BR\",\"@id\":\"https:\\\/\\\/secure.gravatar.com\\\/avatar\\\/e0a867bdedb85fd243eadf09663511f96fc81e0720a4a42581f334ad4303aa6b?s=96&d=mm&r=g\",\"url\":\"https:\\\/\\\/secure.gravatar.com\\\/avatar\\\/e0a867bdedb85fd243eadf09663511f96fc81e0720a4a42581f334ad4303aa6b?s=96&d=mm&r=g\",\"contentUrl\":\"https:\\\/\\\/secure.gravatar.com\\\/avatar\\\/e0a867bdedb85fd243eadf09663511f96fc81e0720a4a42581f334ad4303aa6b?s=96&d=mm&r=g\",\"caption\":\"Reda\u00e7\u00e3o\"}}]}<\/script>\n<!-- \/ Yoast SEO plugin. -->","yoast_head_json":{"title":"Brasiliense tem primeira Parada do Orgulho da Pessoa com Defici\u00eancia - Notibras","robots":{"index":"index","follow":"follow","max-snippet":"max-snippet:-1","max-image-preview":"max-image-preview:large","max-video-preview":"max-video-preview:-1"},"canonical":"https:\/\/www.notibras.com\/site\/brasiliense-tem-primeira-parada-do-orgulho-da-pessoa-com-deficiencia\/","og_locale":"pt_BR","og_type":"article","og_title":"Brasiliense tem primeira Parada do Orgulho da Pessoa com Defici\u00eancia - Notibras","og_description":"Quem aproveitou a tarde de sol e calor para visitar a regi\u00e3o da Torre de TV neste domingo (26), encontrou uma s\u00e9rie de apresenta\u00e7\u00f5es art\u00edsticas com grupos formados exclusivamente por pessoas com defici\u00eancia (PcD). Break dance em cadeira de rodas, banda de percuss\u00e3o formada por pessoas surdas e declama\u00e7\u00e3o de poesias foram algumas das atra\u00e7\u00f5es [&hellip;]","og_url":"https:\/\/www.notibras.com\/site\/brasiliense-tem-primeira-parada-do-orgulho-da-pessoa-com-deficiencia\/","og_site_name":"Notibras","article_publisher":"https:\/\/www.facebook.com\/notibras\/","article_published_time":"2024-05-27T03:00:38+00:00","article_modified_time":"2024-05-27T11:58:41+00:00","og_image":[{"width":1170,"height":700,"url":"https:\/\/www.notibras.com\/site\/wp-content\/uploads\/2024\/05\/pcd.orgulho.webp","type":"image\/webp"}],"author":"Reda\u00e7\u00e3o","twitter_card":"summary_large_image","twitter_creator":"@Notibras","twitter_site":"@Notibras","twitter_misc":{"Escrito por":"Reda\u00e7\u00e3o","Est. tempo de leitura":"2 minutos"},"schema":{"@context":"https:\/\/schema.org","@graph":[{"@type":"Article","@id":"https:\/\/www.notibras.com\/site\/brasiliense-tem-primeira-parada-do-orgulho-da-pessoa-com-deficiencia\/#article","isPartOf":{"@id":"https:\/\/www.notibras.com\/site\/brasiliense-tem-primeira-parada-do-orgulho-da-pessoa-com-deficiencia\/"},"author":{"name":"Reda\u00e7\u00e3o","@id":"https:\/\/www.notibras.com\/site\/#\/schema\/person\/36ab0979449956132d3e5b517ea76ac8"},"headline":"Brasiliense tem primeira Parada do Orgulho da Pessoa com Defici\u00eancia","datePublished":"2024-05-27T03:00:38+00:00","dateModified":"2024-05-27T11:58:41+00:00","mainEntityOfPage":{"@id":"https:\/\/www.notibras.com\/site\/brasiliense-tem-primeira-parada-do-orgulho-da-pessoa-com-deficiencia\/"},"wordCount":310,"publisher":{"@id":"https:\/\/www.notibras.com\/site\/#organization"},"image":{"@id":"https:\/\/www.notibras.com\/site\/brasiliense-tem-primeira-parada-do-orgulho-da-pessoa-com-deficiencia\/#primaryimage"},"thumbnailUrl":"https:\/\/www.notibras.com\/site\/wp-content\/uploads\/2024\/05\/pcd.orgulho.webp","articleSection":["Quadradinho em Foco"],"inLanguage":"pt-BR"},{"@type":"WebPage","@id":"https:\/\/www.notibras.com\/site\/brasiliense-tem-primeira-parada-do-orgulho-da-pessoa-com-deficiencia\/","url":"https:\/\/www.notibras.com\/site\/brasiliense-tem-primeira-parada-do-orgulho-da-pessoa-com-deficiencia\/","name":"Brasiliense tem primeira Parada do Orgulho da Pessoa com Defici\u00eancia - Notibras","isPartOf":{"@id":"https:\/\/www.notibras.com\/site\/#website"},"primaryImageOfPage":{"@id":"https:\/\/www.notibras.com\/site\/brasiliense-tem-primeira-parada-do-orgulho-da-pessoa-com-deficiencia\/#primaryimage"},"image":{"@id":"https:\/\/www.notibras.com\/site\/brasiliense-tem-primeira-parada-do-orgulho-da-pessoa-com-deficiencia\/#primaryimage"},"thumbnailUrl":"https:\/\/www.notibras.com\/site\/wp-content\/uploads\/2024\/05\/pcd.orgulho.webp","datePublished":"2024-05-27T03:00:38+00:00","dateModified":"2024-05-27T11:58:41+00:00","breadcrumb":{"@id":"https:\/\/www.notibras.com\/site\/brasiliense-tem-primeira-parada-do-orgulho-da-pessoa-com-deficiencia\/#breadcrumb"},"inLanguage":"pt-BR","potentialAction":[{"@type":"ReadAction","target":["https:\/\/www.notibras.com\/site\/brasiliense-tem-primeira-parada-do-orgulho-da-pessoa-com-deficiencia\/"]}]},{"@type":"ImageObject","inLanguage":"pt-BR","@id":"https:\/\/www.notibras.com\/site\/brasiliense-tem-primeira-parada-do-orgulho-da-pessoa-com-deficiencia\/#primaryimage","url":"https:\/\/www.notibras.com\/site\/wp-content\/uploads\/2024\/05\/pcd.orgulho.webp","contentUrl":"https:\/\/www.notibras.com\/site\/wp-content\/uploads\/2024\/05\/pcd.orgulho.webp","width":1170,"height":700},{"@type":"BreadcrumbList","@id":"https:\/\/www.notibras.com\/site\/brasiliense-tem-primeira-parada-do-orgulho-da-pessoa-com-deficiencia\/#breadcrumb","itemListElement":[{"@type":"ListItem","position":1,"name":"In\u00edcio","item":"https:\/\/www.notibras.com\/site\/"},{"@type":"ListItem","position":2,"name":"Brasiliense tem primeira Parada do Orgulho da Pessoa com Defici\u00eancia"}]},{"@type":"WebSite","@id":"https:\/\/www.notibras.com\/site\/#website","url":"https:\/\/www.notibras.com\/site\/","name":"Notibras","description":"Not\u00edcias de Bras\u00edlia, do Brasil e do Mundo","publisher":{"@id":"https:\/\/www.notibras.com\/site\/#organization"},"potentialAction":[{"@type":"SearchAction","target":{"@type":"EntryPoint","urlTemplate":"https:\/\/www.notibras.com\/site\/?s={search_term_string}"},"query-input":{"@type":"PropertyValueSpecification","valueRequired":true,"valueName":"search_term_string"}}],"inLanguage":"pt-BR"},{"@type":"Organization","@id":"https:\/\/www.notibras.com\/site\/#organization","name":"Grupo Notibras de Comunica\u00e7\u00e3o","url":"https:\/\/www.notibras.com\/site\/","logo":{"@type":"ImageObject","inLanguage":"pt-BR","@id":"https:\/\/www.notibras.com\/site\/#\/schema\/logo\/image\/","url":"https:\/\/www.notibras.com\/site\/wp-content\/uploads\/2023\/01\/notibras23.png","contentUrl":"https:\/\/www.notibras.com\/site\/wp-content\/uploads\/2023\/01\/notibras23.png","width":350,"height":87,"caption":"Grupo Notibras de Comunica\u00e7\u00e3o"},"image":{"@id":"https:\/\/www.notibras.com\/site\/#\/schema\/logo\/image\/"},"sameAs":["https:\/\/www.facebook.com\/notibras\/","https:\/\/x.com\/Notibras","https:\/\/www.instagram.com\/notibras\/"]},{"@type":"Person","@id":"https:\/\/www.notibras.com\/site\/#\/schema\/person\/36ab0979449956132d3e5b517ea76ac8","name":"Reda\u00e7\u00e3o","image":{"@type":"ImageObject","inLanguage":"pt-BR","@id":"https:\/\/secure.gravatar.com\/avatar\/e0a867bdedb85fd243eadf09663511f96fc81e0720a4a42581f334ad4303aa6b?s=96&d=mm&r=g","url":"https:\/\/secure.gravatar.com\/avatar\/e0a867bdedb85fd243eadf09663511f96fc81e0720a4a42581f334ad4303aa6b?s=96&d=mm&r=g","contentUrl":"https:\/\/secure.gravatar.com\/avatar\/e0a867bdedb85fd243eadf09663511f96fc81e0720a4a42581f334ad4303aa6b?s=96&d=mm&r=g","caption":"Reda\u00e7\u00e3o"}}]}},"amp_enabled":true,"_links":{"self":[{"href":"https:\/\/www.notibras.com\/site\/wp-json\/wp\/v2\/posts\/329624","targetHints":{"allow":["GET"]}}],"collection":[{"href":"https:\/\/www.notibras.com\/site\/wp-json\/wp\/v2\/posts"}],"about":[{"href":"https:\/\/www.notibras.com\/site\/wp-json\/wp\/v2\/types\/post"}],"author":[{"embeddable":true,"href":"https:\/\/www.notibras.com\/site\/wp-json\/wp\/v2\/users\/2"}],"replies":[{"embeddable":true,"href":"https:\/\/www.notibras.com\/site\/wp-json\/wp\/v2\/comments?post=329624"}],"version-history":[{"count":1,"href":"https:\/\/www.notibras.com\/site\/wp-json\/wp\/v2\/posts\/329624\/revisions"}],"predecessor-version":[{"id":329626,"href":"https:\/\/www.notibras.com\/site\/wp-json\/wp\/v2\/posts\/329624\/revisions\/329626"}],"wp:featuredmedia":[{"embeddable":true,"href":"https:\/\/www.notibras.com\/site\/wp-json\/wp\/v2\/media\/329625"}],"wp:attachment":[{"href":"https:\/\/www.notibras.com\/site\/wp-json\/wp\/v2\/media?parent=329624"}],"wp:term":[{"taxonomy":"category","embeddable":true,"href":"https:\/\/www.notibras.com\/site\/wp-json\/wp\/v2\/categories?post=329624"},{"taxonomy":"post_tag","embeddable":true,"href":"https:\/\/www.notibras.com\/site\/wp-json\/wp\/v2\/tags?post=329624"}],"curies":[{"name":"wp","href":"https:\/\/api.w.org\/{rel}","templated":true}]}}