{"id":329720,"date":"2024-05-28T00:35:32","date_gmt":"2024-05-28T03:35:32","guid":{"rendered":"https:\/\/www.notibras.com\/site\/?p=329720"},"modified":"2024-05-28T09:37:15","modified_gmt":"2024-05-28T12:37:15","slug":"aposentado-podera-pegar-emprestimo-com-juros-mais-baixos","status":"publish","type":"post","link":"https:\/\/www.notibras.com\/site\/aposentado-podera-pegar-emprestimo-com-juros-mais-baixos\/","title":{"rendered":"Aposentado poder\u00e1 pegar empr\u00e9stimo com juros mais baixos"},"content":{"rendered":"<p>Os aposentados e pensionistas do Instituto Nacional do Seguro Social (INSS) pagar\u00e3o menos nas futuras opera\u00e7\u00f5es de cr\u00e9dito consignado. Por 14 votos a 1, o Conselho Nacional da Previd\u00eancia Social (CNPS) aprovou nesta segunda-feira (27) o novo limite de juros de 1,66% ao m\u00eas para essas opera\u00e7\u00f5es.<\/p>\n<p>O novo teto \u00e9 0,02 ponto percentual menor que o limite atual, de 1,68% ao m\u00eas, n\u00edvel que vigora desde abril. O teto dos juros para o cart\u00e3o de cr\u00e9dito consignado caiu de 2,49% para 2,46% ao m\u00eas.<\/p>\n<p>Propostas pelo pr\u00f3prio governo, as medidas entram em vigor 5 dias ap\u00f3s a instru\u00e7\u00e3o normativa ser publicada no Di\u00e1rio Oficial da Uni\u00e3o, o que ocorrer\u00e1 nos pr\u00f3ximos dias.<\/p>\n<p>A justificativa para a redu\u00e7\u00e3o foi o corte de 0,25 ponto percentual na Taxa Selic (juros b\u00e1sicos da economia). No in\u00edcio de maio, o Comit\u00ea de Pol\u00edtica Monet\u00e1ria (Copom) do Banco Central reduziu os juros b\u00e1sicos de 10,75% para 10,5% ao ano. Desde agosto do ano passado, quando come\u00e7aram os cortes na Selic, o ministro da Previd\u00eancia Social, Carlos Lupi, disse que a pasta acompanhar\u00e1 o movimento e propor\u00e1 redu\u00e7\u00f5es no teto do consignado \u00e0 medida que os juros baixarem. As mudan\u00e7as t\u00eam de ser aprovadas pelo CNPS.<\/p>\n<p>Assim como nas \u00faltimas reuni\u00f5es, os bancos t\u00eam votado contra a medida, alegando descompasso entre os juros do consignado e a realidade do mercado financeiro. As institui\u00e7\u00f5es financeiras votaram pela manuten\u00e7\u00e3o das taxas atuais, considerando a diminui\u00e7\u00e3o do corte da taxa de juros pelo Copom, o atraso no in\u00edcio da redu\u00e7\u00e3o da taxa de juros nos Estados Unidos e poss\u00edveis consequ\u00eancias econ\u00f4micas das enchentes no Rio Grande do Sul.<\/p>\n<p>Com o novo teto, os bancos oficiais ter\u00e3o de reduzir as taxas para o consignado do INSS para continuarem a emprestar pela modalidade. Segundo os dados mais recentes do Banco Central (BC), o Banco do Nordeste cobra 1,74% ao m\u00eas e o Banco do Brasil, 1,71% ao m\u00eas. O Banco da Amaz\u00f4nia cobra 1,69% ao m\u00eas.<\/p>\n<p>Como est\u00e3o acima do teto atual, essas taxas na pr\u00e1tica significam que as institui\u00e7\u00f5es suspenderam a oferta desse tipo de cr\u00e9dito. Entre os bancos federais, apenas a Caixa cobra dentro do limite atual, com taxa de 1,68% ao m\u00eas, mas a institui\u00e7\u00e3o ter\u00e1 de reduzir a taxa para enquadrar-se no novo teto.<\/p>\n<p><strong>Impasse<\/strong><br \/>\nO limite dos juros do cr\u00e9dito consignado do INSS foi objeto de embates no ano passado. Em mar\u00e7o de 2023, o CNPS reduziu o teto para 1,7% ao ano. A decis\u00e3o op\u00f4s os minist\u00e9rios da Previd\u00eancia Social e da Fazenda.<\/p>\n<p>Os bancos suspenderam a oferta, alegando que a medida provocava desequil\u00edbrios nas institui\u00e7\u00f5es financeiras. Sob protesto das centrais sindicais, o Banco do Brasil e a Caixa tamb\u00e9m deixaram de conceder os empr\u00e9stimos porque o teto de 1,7% ao m\u00eas era inferior ao cobrado pelas institui\u00e7\u00f5es.<\/p>\n<p>A decis\u00e3o coube ao presidente Luiz In\u00e1cio Lula da Silva, que arbitrou o impasse e, no fim de mar\u00e7o do ano passado, decidiu pelo teto de 1,97% ao m\u00eas. O Minist\u00e9rio da Previd\u00eancia defendia teto de 1,87% ao m\u00eas, equivalente ao cobrado pela Caixa Econ\u00f4mica Federal antes da suspens\u00e3o do cr\u00e9dito consignado para os aposentados e pensionistas. A Fazenda defendia um limite de 1,99% ao m\u00eas, que permitia ao Banco do Brasil, que cobrava taxa de 1,95% ao m\u00eas, retomar a concess\u00e3o de empr\u00e9stimos.<\/p>\n","protected":false},"excerpt":{"rendered":"<p>Os aposentados e pensionistas do Instituto Nacional do Seguro Social (INSS) pagar\u00e3o menos nas futuras opera\u00e7\u00f5es de cr\u00e9dito consignado. Por 14 votos a 1, o Conselho Nacional da Previd\u00eancia Social (CNPS) aprovou nesta segunda-feira (27) o novo limite de juros de 1,66% ao m\u00eas para essas opera\u00e7\u00f5es. O novo teto \u00e9 0,02 ponto percentual menor [&hellip;]<\/p>\n","protected":false},"author":2,"featured_media":329721,"comment_status":"closed","ping_status":"closed","sticky":false,"template":"","format":"standard","meta":{"_acf_changed":false,"footnotes":""},"categories":[166,167,168,169,165,170,171,172,173,174],"tags":[],"class_list":["post-329720","post","type-post","status-publish","format-standard","has-post-thumbnail","hentry","category-alagoas","category-bahia","category-ceara","category-maranhao","category-nordeste","category-paraiba-nordeste","category-pernambuco-nordeste","category-piaui","category-rio-grande-do-norte","category-sergipe"],"acf":[],"yoast_head":"<!-- This site is optimized with the Yoast SEO plugin v27.5 - https:\/\/yoast.com\/product\/yoast-seo-wordpress\/ -->\n<title>Aposentado poder\u00e1 pegar empr\u00e9stimo com juros mais baixos - Notibras<\/title>\n<meta name=\"robots\" content=\"index, follow, max-snippet:-1, max-image-preview:large, max-video-preview:-1\" \/>\n<link rel=\"canonical\" href=\"https:\/\/www.notibras.com\/site\/aposentado-podera-pegar-emprestimo-com-juros-mais-baixos\/\" \/>\n<meta property=\"og:locale\" content=\"pt_BR\" \/>\n<meta property=\"og:type\" content=\"article\" \/>\n<meta property=\"og:title\" content=\"Aposentado poder\u00e1 pegar empr\u00e9stimo com juros mais baixos - Notibras\" \/>\n<meta property=\"og:description\" content=\"Os aposentados e pensionistas do Instituto Nacional do Seguro Social (INSS) pagar\u00e3o menos nas futuras opera\u00e7\u00f5es de cr\u00e9dito consignado. Por 14 votos a 1, o Conselho Nacional da Previd\u00eancia Social (CNPS) aprovou nesta segunda-feira (27) o novo limite de juros de 1,66% ao m\u00eas para essas opera\u00e7\u00f5es. O novo teto \u00e9 0,02 ponto percentual menor [&hellip;]\" \/>\n<meta property=\"og:url\" content=\"https:\/\/www.notibras.com\/site\/aposentado-podera-pegar-emprestimo-com-juros-mais-baixos\/\" \/>\n<meta property=\"og:site_name\" content=\"Notibras\" \/>\n<meta property=\"article:publisher\" content=\"https:\/\/www.facebook.com\/notibras\/\" \/>\n<meta property=\"article:published_time\" content=\"2024-05-28T03:35:32+00:00\" \/>\n<meta property=\"article:modified_time\" content=\"2024-05-28T12:37:15+00:00\" \/>\n<meta property=\"og:image\" content=\"https:\/\/www.notibras.com\/site\/wp-content\/uploads\/2024\/05\/apoinssjuros.webp\" \/>\n\t<meta property=\"og:image:width\" content=\"1170\" \/>\n\t<meta property=\"og:image:height\" content=\"700\" \/>\n\t<meta property=\"og:image:type\" content=\"image\/webp\" \/>\n<meta name=\"author\" content=\"Reda\u00e7\u00e3o\" \/>\n<meta name=\"twitter:card\" content=\"summary_large_image\" \/>\n<meta name=\"twitter:creator\" content=\"@Notibras\" \/>\n<meta name=\"twitter:site\" content=\"@Notibras\" \/>\n<meta name=\"twitter:label1\" content=\"Escrito por\" \/>\n\t<meta name=\"twitter:data1\" content=\"Reda\u00e7\u00e3o\" \/>\n\t<meta name=\"twitter:label2\" content=\"Est. tempo de leitura\" \/>\n\t<meta name=\"twitter:data2\" content=\"4 minutos\" \/>\n<script type=\"application\/ld+json\" class=\"yoast-schema-graph\">{\"@context\":\"https:\\\/\\\/schema.org\",\"@graph\":[{\"@type\":\"Article\",\"@id\":\"https:\\\/\\\/www.notibras.com\\\/site\\\/aposentado-podera-pegar-emprestimo-com-juros-mais-baixos\\\/#article\",\"isPartOf\":{\"@id\":\"https:\\\/\\\/www.notibras.com\\\/site\\\/aposentado-podera-pegar-emprestimo-com-juros-mais-baixos\\\/\"},\"author\":{\"name\":\"Reda\u00e7\u00e3o\",\"@id\":\"https:\\\/\\\/www.notibras.com\\\/site\\\/#\\\/schema\\\/person\\\/36ab0979449956132d3e5b517ea76ac8\"},\"headline\":\"Aposentado poder\u00e1 pegar empr\u00e9stimo com juros mais baixos\",\"datePublished\":\"2024-05-28T03:35:32+00:00\",\"dateModified\":\"2024-05-28T12:37:15+00:00\",\"mainEntityOfPage\":{\"@id\":\"https:\\\/\\\/www.notibras.com\\\/site\\\/aposentado-podera-pegar-emprestimo-com-juros-mais-baixos\\\/\"},\"wordCount\":607,\"publisher\":{\"@id\":\"https:\\\/\\\/www.notibras.com\\\/site\\\/#organization\"},\"image\":{\"@id\":\"https:\\\/\\\/www.notibras.com\\\/site\\\/aposentado-podera-pegar-emprestimo-com-juros-mais-baixos\\\/#primaryimage\"},\"thumbnailUrl\":\"https:\\\/\\\/www.notibras.com\\\/site\\\/wp-content\\\/uploads\\\/2024\\\/05\\\/apoinssjuros.webp\",\"articleSection\":[\"Alagoas\",\"Bahia\",\"Cear\u00e1\",\"Maranh\u00e3o\",\"Nordeste\",\"Para\u00edba\",\"Pernambuco\",\"Piau\u00ed\",\"Rio Grande do Norte\",\"Sergipe\"],\"inLanguage\":\"pt-BR\"},{\"@type\":\"WebPage\",\"@id\":\"https:\\\/\\\/www.notibras.com\\\/site\\\/aposentado-podera-pegar-emprestimo-com-juros-mais-baixos\\\/\",\"url\":\"https:\\\/\\\/www.notibras.com\\\/site\\\/aposentado-podera-pegar-emprestimo-com-juros-mais-baixos\\\/\",\"name\":\"Aposentado poder\u00e1 pegar empr\u00e9stimo com juros mais baixos - Notibras\",\"isPartOf\":{\"@id\":\"https:\\\/\\\/www.notibras.com\\\/site\\\/#website\"},\"primaryImageOfPage\":{\"@id\":\"https:\\\/\\\/www.notibras.com\\\/site\\\/aposentado-podera-pegar-emprestimo-com-juros-mais-baixos\\\/#primaryimage\"},\"image\":{\"@id\":\"https:\\\/\\\/www.notibras.com\\\/site\\\/aposentado-podera-pegar-emprestimo-com-juros-mais-baixos\\\/#primaryimage\"},\"thumbnailUrl\":\"https:\\\/\\\/www.notibras.com\\\/site\\\/wp-content\\\/uploads\\\/2024\\\/05\\\/apoinssjuros.webp\",\"datePublished\":\"2024-05-28T03:35:32+00:00\",\"dateModified\":\"2024-05-28T12:37:15+00:00\",\"breadcrumb\":{\"@id\":\"https:\\\/\\\/www.notibras.com\\\/site\\\/aposentado-podera-pegar-emprestimo-com-juros-mais-baixos\\\/#breadcrumb\"},\"inLanguage\":\"pt-BR\",\"potentialAction\":[{\"@type\":\"ReadAction\",\"target\":[\"https:\\\/\\\/www.notibras.com\\\/site\\\/aposentado-podera-pegar-emprestimo-com-juros-mais-baixos\\\/\"]}]},{\"@type\":\"ImageObject\",\"inLanguage\":\"pt-BR\",\"@id\":\"https:\\\/\\\/www.notibras.com\\\/site\\\/aposentado-podera-pegar-emprestimo-com-juros-mais-baixos\\\/#primaryimage\",\"url\":\"https:\\\/\\\/www.notibras.com\\\/site\\\/wp-content\\\/uploads\\\/2024\\\/05\\\/apoinssjuros.webp\",\"contentUrl\":\"https:\\\/\\\/www.notibras.com\\\/site\\\/wp-content\\\/uploads\\\/2024\\\/05\\\/apoinssjuros.webp\",\"width\":1170,\"height\":700},{\"@type\":\"BreadcrumbList\",\"@id\":\"https:\\\/\\\/www.notibras.com\\\/site\\\/aposentado-podera-pegar-emprestimo-com-juros-mais-baixos\\\/#breadcrumb\",\"itemListElement\":[{\"@type\":\"ListItem\",\"position\":1,\"name\":\"In\u00edcio\",\"item\":\"https:\\\/\\\/www.notibras.com\\\/site\\\/\"},{\"@type\":\"ListItem\",\"position\":2,\"name\":\"Aposentado poder\u00e1 pegar empr\u00e9stimo com juros mais baixos\"}]},{\"@type\":\"WebSite\",\"@id\":\"https:\\\/\\\/www.notibras.com\\\/site\\\/#website\",\"url\":\"https:\\\/\\\/www.notibras.com\\\/site\\\/\",\"name\":\"Notibras\",\"description\":\"Not\u00edcias de Bras\u00edlia, do Brasil e do Mundo\",\"publisher\":{\"@id\":\"https:\\\/\\\/www.notibras.com\\\/site\\\/#organization\"},\"potentialAction\":[{\"@type\":\"SearchAction\",\"target\":{\"@type\":\"EntryPoint\",\"urlTemplate\":\"https:\\\/\\\/www.notibras.com\\\/site\\\/?s={search_term_string}\"},\"query-input\":{\"@type\":\"PropertyValueSpecification\",\"valueRequired\":true,\"valueName\":\"search_term_string\"}}],\"inLanguage\":\"pt-BR\"},{\"@type\":\"Organization\",\"@id\":\"https:\\\/\\\/www.notibras.com\\\/site\\\/#organization\",\"name\":\"Grupo Notibras de Comunica\u00e7\u00e3o\",\"url\":\"https:\\\/\\\/www.notibras.com\\\/site\\\/\",\"logo\":{\"@type\":\"ImageObject\",\"inLanguage\":\"pt-BR\",\"@id\":\"https:\\\/\\\/www.notibras.com\\\/site\\\/#\\\/schema\\\/logo\\\/image\\\/\",\"url\":\"https:\\\/\\\/www.notibras.com\\\/site\\\/wp-content\\\/uploads\\\/2023\\\/01\\\/notibras23.png\",\"contentUrl\":\"https:\\\/\\\/www.notibras.com\\\/site\\\/wp-content\\\/uploads\\\/2023\\\/01\\\/notibras23.png\",\"width\":350,\"height\":87,\"caption\":\"Grupo Notibras de Comunica\u00e7\u00e3o\"},\"image\":{\"@id\":\"https:\\\/\\\/www.notibras.com\\\/site\\\/#\\\/schema\\\/logo\\\/image\\\/\"},\"sameAs\":[\"https:\\\/\\\/www.facebook.com\\\/notibras\\\/\",\"https:\\\/\\\/x.com\\\/Notibras\",\"https:\\\/\\\/www.instagram.com\\\/notibras\\\/\"]},{\"@type\":\"Person\",\"@id\":\"https:\\\/\\\/www.notibras.com\\\/site\\\/#\\\/schema\\\/person\\\/36ab0979449956132d3e5b517ea76ac8\",\"name\":\"Reda\u00e7\u00e3o\",\"image\":{\"@type\":\"ImageObject\",\"inLanguage\":\"pt-BR\",\"@id\":\"https:\\\/\\\/secure.gravatar.com\\\/avatar\\\/e0a867bdedb85fd243eadf09663511f96fc81e0720a4a42581f334ad4303aa6b?s=96&d=mm&r=g\",\"url\":\"https:\\\/\\\/secure.gravatar.com\\\/avatar\\\/e0a867bdedb85fd243eadf09663511f96fc81e0720a4a42581f334ad4303aa6b?s=96&d=mm&r=g\",\"contentUrl\":\"https:\\\/\\\/secure.gravatar.com\\\/avatar\\\/e0a867bdedb85fd243eadf09663511f96fc81e0720a4a42581f334ad4303aa6b?s=96&d=mm&r=g\",\"caption\":\"Reda\u00e7\u00e3o\"}}]}<\/script>\n<!-- \/ Yoast SEO plugin. -->","yoast_head_json":{"title":"Aposentado poder\u00e1 pegar empr\u00e9stimo com juros mais baixos - Notibras","robots":{"index":"index","follow":"follow","max-snippet":"max-snippet:-1","max-image-preview":"max-image-preview:large","max-video-preview":"max-video-preview:-1"},"canonical":"https:\/\/www.notibras.com\/site\/aposentado-podera-pegar-emprestimo-com-juros-mais-baixos\/","og_locale":"pt_BR","og_type":"article","og_title":"Aposentado poder\u00e1 pegar empr\u00e9stimo com juros mais baixos - Notibras","og_description":"Os aposentados e pensionistas do Instituto Nacional do Seguro Social (INSS) pagar\u00e3o menos nas futuras opera\u00e7\u00f5es de cr\u00e9dito consignado. Por 14 votos a 1, o Conselho Nacional da Previd\u00eancia Social (CNPS) aprovou nesta segunda-feira (27) o novo limite de juros de 1,66% ao m\u00eas para essas opera\u00e7\u00f5es. O novo teto \u00e9 0,02 ponto percentual menor [&hellip;]","og_url":"https:\/\/www.notibras.com\/site\/aposentado-podera-pegar-emprestimo-com-juros-mais-baixos\/","og_site_name":"Notibras","article_publisher":"https:\/\/www.facebook.com\/notibras\/","article_published_time":"2024-05-28T03:35:32+00:00","article_modified_time":"2024-05-28T12:37:15+00:00","og_image":[{"width":1170,"height":700,"url":"https:\/\/www.notibras.com\/site\/wp-content\/uploads\/2024\/05\/apoinssjuros.webp","type":"image\/webp"}],"author":"Reda\u00e7\u00e3o","twitter_card":"summary_large_image","twitter_creator":"@Notibras","twitter_site":"@Notibras","twitter_misc":{"Escrito por":"Reda\u00e7\u00e3o","Est. tempo de leitura":"4 minutos"},"schema":{"@context":"https:\/\/schema.org","@graph":[{"@type":"Article","@id":"https:\/\/www.notibras.com\/site\/aposentado-podera-pegar-emprestimo-com-juros-mais-baixos\/#article","isPartOf":{"@id":"https:\/\/www.notibras.com\/site\/aposentado-podera-pegar-emprestimo-com-juros-mais-baixos\/"},"author":{"name":"Reda\u00e7\u00e3o","@id":"https:\/\/www.notibras.com\/site\/#\/schema\/person\/36ab0979449956132d3e5b517ea76ac8"},"headline":"Aposentado poder\u00e1 pegar empr\u00e9stimo com juros mais baixos","datePublished":"2024-05-28T03:35:32+00:00","dateModified":"2024-05-28T12:37:15+00:00","mainEntityOfPage":{"@id":"https:\/\/www.notibras.com\/site\/aposentado-podera-pegar-emprestimo-com-juros-mais-baixos\/"},"wordCount":607,"publisher":{"@id":"https:\/\/www.notibras.com\/site\/#organization"},"image":{"@id":"https:\/\/www.notibras.com\/site\/aposentado-podera-pegar-emprestimo-com-juros-mais-baixos\/#primaryimage"},"thumbnailUrl":"https:\/\/www.notibras.com\/site\/wp-content\/uploads\/2024\/05\/apoinssjuros.webp","articleSection":["Alagoas","Bahia","Cear\u00e1","Maranh\u00e3o","Nordeste","Para\u00edba","Pernambuco","Piau\u00ed","Rio Grande do Norte","Sergipe"],"inLanguage":"pt-BR"},{"@type":"WebPage","@id":"https:\/\/www.notibras.com\/site\/aposentado-podera-pegar-emprestimo-com-juros-mais-baixos\/","url":"https:\/\/www.notibras.com\/site\/aposentado-podera-pegar-emprestimo-com-juros-mais-baixos\/","name":"Aposentado poder\u00e1 pegar empr\u00e9stimo com juros mais baixos - Notibras","isPartOf":{"@id":"https:\/\/www.notibras.com\/site\/#website"},"primaryImageOfPage":{"@id":"https:\/\/www.notibras.com\/site\/aposentado-podera-pegar-emprestimo-com-juros-mais-baixos\/#primaryimage"},"image":{"@id":"https:\/\/www.notibras.com\/site\/aposentado-podera-pegar-emprestimo-com-juros-mais-baixos\/#primaryimage"},"thumbnailUrl":"https:\/\/www.notibras.com\/site\/wp-content\/uploads\/2024\/05\/apoinssjuros.webp","datePublished":"2024-05-28T03:35:32+00:00","dateModified":"2024-05-28T12:37:15+00:00","breadcrumb":{"@id":"https:\/\/www.notibras.com\/site\/aposentado-podera-pegar-emprestimo-com-juros-mais-baixos\/#breadcrumb"},"inLanguage":"pt-BR","potentialAction":[{"@type":"ReadAction","target":["https:\/\/www.notibras.com\/site\/aposentado-podera-pegar-emprestimo-com-juros-mais-baixos\/"]}]},{"@type":"ImageObject","inLanguage":"pt-BR","@id":"https:\/\/www.notibras.com\/site\/aposentado-podera-pegar-emprestimo-com-juros-mais-baixos\/#primaryimage","url":"https:\/\/www.notibras.com\/site\/wp-content\/uploads\/2024\/05\/apoinssjuros.webp","contentUrl":"https:\/\/www.notibras.com\/site\/wp-content\/uploads\/2024\/05\/apoinssjuros.webp","width":1170,"height":700},{"@type":"BreadcrumbList","@id":"https:\/\/www.notibras.com\/site\/aposentado-podera-pegar-emprestimo-com-juros-mais-baixos\/#breadcrumb","itemListElement":[{"@type":"ListItem","position":1,"name":"In\u00edcio","item":"https:\/\/www.notibras.com\/site\/"},{"@type":"ListItem","position":2,"name":"Aposentado poder\u00e1 pegar empr\u00e9stimo com juros mais baixos"}]},{"@type":"WebSite","@id":"https:\/\/www.notibras.com\/site\/#website","url":"https:\/\/www.notibras.com\/site\/","name":"Notibras","description":"Not\u00edcias de Bras\u00edlia, do Brasil e do Mundo","publisher":{"@id":"https:\/\/www.notibras.com\/site\/#organization"},"potentialAction":[{"@type":"SearchAction","target":{"@type":"EntryPoint","urlTemplate":"https:\/\/www.notibras.com\/site\/?s={search_term_string}"},"query-input":{"@type":"PropertyValueSpecification","valueRequired":true,"valueName":"search_term_string"}}],"inLanguage":"pt-BR"},{"@type":"Organization","@id":"https:\/\/www.notibras.com\/site\/#organization","name":"Grupo Notibras de Comunica\u00e7\u00e3o","url":"https:\/\/www.notibras.com\/site\/","logo":{"@type":"ImageObject","inLanguage":"pt-BR","@id":"https:\/\/www.notibras.com\/site\/#\/schema\/logo\/image\/","url":"https:\/\/www.notibras.com\/site\/wp-content\/uploads\/2023\/01\/notibras23.png","contentUrl":"https:\/\/www.notibras.com\/site\/wp-content\/uploads\/2023\/01\/notibras23.png","width":350,"height":87,"caption":"Grupo Notibras de Comunica\u00e7\u00e3o"},"image":{"@id":"https:\/\/www.notibras.com\/site\/#\/schema\/logo\/image\/"},"sameAs":["https:\/\/www.facebook.com\/notibras\/","https:\/\/x.com\/Notibras","https:\/\/www.instagram.com\/notibras\/"]},{"@type":"Person","@id":"https:\/\/www.notibras.com\/site\/#\/schema\/person\/36ab0979449956132d3e5b517ea76ac8","name":"Reda\u00e7\u00e3o","image":{"@type":"ImageObject","inLanguage":"pt-BR","@id":"https:\/\/secure.gravatar.com\/avatar\/e0a867bdedb85fd243eadf09663511f96fc81e0720a4a42581f334ad4303aa6b?s=96&d=mm&r=g","url":"https:\/\/secure.gravatar.com\/avatar\/e0a867bdedb85fd243eadf09663511f96fc81e0720a4a42581f334ad4303aa6b?s=96&d=mm&r=g","contentUrl":"https:\/\/secure.gravatar.com\/avatar\/e0a867bdedb85fd243eadf09663511f96fc81e0720a4a42581f334ad4303aa6b?s=96&d=mm&r=g","caption":"Reda\u00e7\u00e3o"}}]}},"amp_enabled":true,"_links":{"self":[{"href":"https:\/\/www.notibras.com\/site\/wp-json\/wp\/v2\/posts\/329720","targetHints":{"allow":["GET"]}}],"collection":[{"href":"https:\/\/www.notibras.com\/site\/wp-json\/wp\/v2\/posts"}],"about":[{"href":"https:\/\/www.notibras.com\/site\/wp-json\/wp\/v2\/types\/post"}],"author":[{"embeddable":true,"href":"https:\/\/www.notibras.com\/site\/wp-json\/wp\/v2\/users\/2"}],"replies":[{"embeddable":true,"href":"https:\/\/www.notibras.com\/site\/wp-json\/wp\/v2\/comments?post=329720"}],"version-history":[{"count":1,"href":"https:\/\/www.notibras.com\/site\/wp-json\/wp\/v2\/posts\/329720\/revisions"}],"predecessor-version":[{"id":329722,"href":"https:\/\/www.notibras.com\/site\/wp-json\/wp\/v2\/posts\/329720\/revisions\/329722"}],"wp:featuredmedia":[{"embeddable":true,"href":"https:\/\/www.notibras.com\/site\/wp-json\/wp\/v2\/media\/329721"}],"wp:attachment":[{"href":"https:\/\/www.notibras.com\/site\/wp-json\/wp\/v2\/media?parent=329720"}],"wp:term":[{"taxonomy":"category","embeddable":true,"href":"https:\/\/www.notibras.com\/site\/wp-json\/wp\/v2\/categories?post=329720"},{"taxonomy":"post_tag","embeddable":true,"href":"https:\/\/www.notibras.com\/site\/wp-json\/wp\/v2\/tags?post=329720"}],"curies":[{"name":"wp","href":"https:\/\/api.w.org\/{rel}","templated":true}]}}