{"id":329730,"date":"2024-05-28T10:52:18","date_gmt":"2024-05-28T13:52:18","guid":{"rendered":"https:\/\/www.notibras.com\/site\/?p=329730"},"modified":"2024-05-28T10:53:12","modified_gmt":"2024-05-28T13:53:12","slug":"cerrado-deixa-amazonia-para-tras-e-lidera-o-ranking-do-desmatamento","status":"publish","type":"post","link":"https:\/\/www.notibras.com\/site\/cerrado-deixa-amazonia-para-tras-e-lidera-o-ranking-do-desmatamento\/","title":{"rendered":"Cerrado deixa Amaz\u00f4nia para tr\u00e1s e lidera o ranking do desmate"},"content":{"rendered":"<p>Mais da metade de toda a \u00e1rea desmatada no Brasil em 2023 ocorreu no Cerrado, apontou o Relat\u00f3rio Anual do Desmatamento (RAD) no Brasil do MapBiomas, divulgado nesta ter\u00e7a-feira (28). Pela primeira vez desde o in\u00edcio da s\u00e9rie hist\u00f3rica, em 2019, o Cerrado ultrapassou a Amaz\u00f4nia em termos de \u00e1rea desmatada. Quase todo o desmatamento do pa\u00eds (97%), nos \u00faltimos cinco anos, teve a expans\u00e3o agropecu\u00e1ria como vetor, destacou o relat\u00f3rio.<\/p>\n<p>O levantamento mostrou que, nos \u00faltimos cinco anos, o Brasil perdeu 8.558.237 hectares de vegeta\u00e7\u00e3o nativa, o equivalente a duas vezes o estado do Rio de Janeiro. No entanto, em 2023, houve uma queda de 11,6% na \u00e1rea desmatada: ao todo, 1.829.597 hectares de vegeta\u00e7\u00e3o nativa foram suprimidos em 2023. Em 2022, esse total foi de 2.069.695 hectares. Essa redu\u00e7\u00e3o se deu apesar de um aumento de 8,7% no n\u00famero de alertas, na mesma compara\u00e7\u00e3o.<\/p>\n<p>O MapBiomas ressalta que os dados apontam a primeira queda do desmatamento no Brasil desde 2019, quando se iniciou a publica\u00e7\u00e3o do RAD. Por outro lado, a avalia\u00e7\u00e3o \u00e9 de que a cara do desmatamento est\u00e1 mudando, se concentrando nos biomas onde predominam forma\u00e7\u00f5es sav\u00e2nicas e campestres e diminuindo nas forma\u00e7\u00f5es florestais.<\/p>\n<p><strong>Cerrado<\/strong><br \/>\nEm 2023, 61% da \u00e1rea desmatada em todo o pa\u00eds estava no Cerrado e 25% na Amaz\u00f4nia. Foram 1.110.326 hectares desmatados no Cerrado, no ano passado, um crescimento de 68% em rela\u00e7\u00e3o a 2022. Na Amaz\u00f4nia, a \u00e1rea de vegeta\u00e7\u00e3o suprimida no ano passado foi de 454,3 mil hectares \u2013 uma queda de 62,2% em rela\u00e7\u00e3o a 2022.<\/p>\n<p>Com exce\u00e7\u00e3o do Piau\u00ed, S\u00e3o Paulo e Paran\u00e1, todos os outros estados que concentram o Cerrado registraram aumento do desmatamento em 2023 na compara\u00e7\u00e3o com 2022. No caso do Maranh\u00e3o, Tocantins, Goi\u00e1s, Par\u00e1 e Distrito Federal, a \u00e1rea desmatada mais do que dobrou.<\/p>\n<p>Coordenadora do MapBiomas Cerrado, Ane Alencar lembra que o Cerrado \u2013 que j\u00e1 perdeu mais da metade de sua vegeta\u00e7\u00e3o nativa \u2013, passou a ser o protagonista do desmatamento no pa\u00eds, o que desperta preocupa\u00e7\u00e3o:<\/p>\n<p>\u201cO Cerrado \u00e9 um bioma estrat\u00e9gico no que diz respeito \u00e0 quest\u00e3o hidrol\u00f3gica e o desmatamento do bioma tem um impacto grande na quest\u00e3o h\u00eddrica. V\u00e1rias bacias que nascem no Cerrado banham outros biomas, ent\u00e3o, nesse sentido, o desmatamento e a perda do Cerrado representa um impacto para os outros biomas.\u201d<\/p>\n<p>Em 2023, a \u00e1rea m\u00e9dia desmatada por dia no pa\u00eds foi de 5.013 hectares ou 228 hectares por hora. Mais da metade foi no Cerrado, onde foram suprimidos 3.042 hectares de vegeta\u00e7\u00e3o nativa por dia. O resultado \u00e9 mais que o dobro da \u00e1rea desmatada na Amaz\u00f4nia, 1.245 hectares por dia, que, ainda assim, equivale a cerca de 8 \u00e1rvores por segundo.<\/p>\n<p>O dia com maior \u00e1rea desmatada em todo o pa\u00eds, no ano passado, foi 15 de fevereiro, quando a estimativa \u00e9 que uma \u00e1rea equivalente a quase seis mil campos de futebol foi desmatada em apenas 24 horas.<\/p>\n<p><strong>Matopiba<\/strong><br \/>\nOs dois maiores biomas do Brasil \u2013 Amaz\u00f4nia e Cerrado \u2013 somaram mais de 85% da \u00e1rea total desmatada no pa\u00eds. Apenas quatro estados com Cerrado, que formam a regi\u00e3o conhecida como Matopiba (Maranh\u00e3o, Tocantins, Piau\u00ed e Bahia), ultrapassaram a \u00e1rea desmatada nos estados da Amaz\u00f4nia e responderam por quase metade (47%) de toda a perda de vegeta\u00e7\u00e3o nativa no pa\u00eds no ano passado. Dos quatro estados do Matopiba, apenas no Piau\u00ed teve redu\u00e7\u00e3o da \u00e1rea desmatada, enquanto nos demais houve crescimento.<\/p>\n<p>Em 2023, o Matopiba perdeu 858.952 hectares de vegeta\u00e7\u00e3o nativa, o que significa um aumento de 59% em rela\u00e7\u00e3o ao ano de 2022, o qual j\u00e1 havia registrado aumento (36%) em rela\u00e7\u00e3o a 2021. Segundo o relat\u00f3rio, tr\u00eas em cada quatro hectares desmatados no Cerrado em 2023 (74%) foram no Matopiba.<\/p>\n<p>Dois ter\u00e7os (33) dos 50 munic\u00edpios que mais desmataram no Brasil em 2023 ficam no Cerrado, sendo que os 10 munic\u00edpios com maior \u00e1rea desmatada no Cerrado em 2023 est\u00e3o todos localizados no Matopiba, apontou o levantamento.<\/p>\n<p>\u201cO combate ao desmatamento no Cerrado exige uma abordagem multifacetada. Primeiro, \u00e9 essencial distinguir claramente o que \u00e9 legal e ilegal, para que as a\u00e7\u00f5es de fiscaliza\u00e7\u00e3o possam efetivamente inibir o desmatamento ilegal. Ao mesmo tempo, devemos oferecer incentivos para o melhor aproveitamento das \u00e1reas j\u00e1 desmatadas, reduzindo assim a press\u00e3o sobre novas \u00e1reas e reduzindo portanto o desmatamento legal.\u201d<\/p>\n<p>Ela avalia que o aumento do desmatamento no Cerrado parece ser o resultado de uma percep\u00e7\u00e3o de que tudo pode ser legaliz\u00e1vel no bioma. \u201cTemos que entender que n\u00e3o \u00e9 porque a reserva legal \u00e9 menor no Cerrado que todo o desmatamento vai ser legal. Na realidade, precisamos sim ter claramente o n\u00famero da ilegalidade para que as a\u00e7\u00f5es de comando e controle possam ser efetivas, assim como as a\u00e7\u00f5es de desest\u00edmulo \u00e0 abertura de novas \u00e1reas tamb\u00e9m\u201d.<\/p>\n<p><strong>Ranking dos estados<\/strong><br \/>\nPela primeira vez, o estado do Maranh\u00e3o saiu da quinta para a primeira posi\u00e7\u00e3o em \u00e1rea total suprimida, com 331.225 hectares desmatados \u2013 aumento de 95,1% em rela\u00e7\u00e3o ao ano passado. A Bahia ficou em segundo lugar, com 290.606 hectares suprimidos e crescimento de 27,5%. O terceiro estado no ranking foi o Tocantins, com 230.253 hectares desmatados e aumento percentual de 177,9%, em rela\u00e7\u00e3o a 2022.<\/p>\n<p>O ranking dos cinco estados com maior \u00e1rea desmatada no Brasil inclui ainda dois l\u00edderes hist\u00f3ricos: Par\u00e1 e Mato Grosso. No entanto, ambos registraram queda em 2023 \u2013 de 60,3% e de 32,1%, respectivamente. A supress\u00e3o de vegeta\u00e7\u00e3o nativa em territ\u00f3rio paraense foi de 184.763 hectares; no Mato Grosso, 161.381 hectares.<\/p>\n<p>\u201cEssa mudan\u00e7a se refletiu tamb\u00e9m no tipo de vegeta\u00e7\u00e3o suprimida. Em 2023, pela primeira vez, houve o predom\u00ednio de desmatamento em forma\u00e7\u00f5es sav\u00e2nicas (54,8%) seguido de forma\u00e7\u00f5es florestais (38,5%) que predominaram nos quatro primeiros anos do levantamento\u201d, destacou a entidade.<\/p>\n<p>O MapBiomas ressalta que a lideran\u00e7a do Cerrado em \u00e1rea de desmatamento no ano passado se reflete em outros indicadores. O maior alerta de desmatamento do Brasil aconteceu no Cerrado, com \u00e1rea de 6.691 hectares, no munic\u00edpio do Alto Parna\u00edba (MA). No bioma, foi detectado ainda o alerta de maior velocidade m\u00e9dia di\u00e1ria de desmatamento, sendo 944 hectares em 8 dias, no munic\u00edpio de Baixa Grande do Ribeiro (PI).<\/p>\n<p>S\u00e3o Desid\u00e9rio (BA), cujo principal bioma tamb\u00e9m \u00e9 o Cerrado, lidera o ranking dos munic\u00edpios que mais desmataram no pa\u00eds em 2023, com 40.052 hectares. No ano passado, 70% dos munic\u00edpios do Cerrado registraram pelo menos um evento de desmatamento.<\/p>\n<p><strong>\u00c1reas Protegidas<\/strong><br \/>\n\u201c\u00c9 no Cerrado que fica a terra ind\u00edgena (TI) com maior \u00e1rea desmatada no pa\u00eds no ano passado: Porquinhos dos Canela-Ap\u00e3njekra, com cerca de 2.750 hectares [suprimidos]. Ao todo, foram perdidos 7.048 hectares de vegeta\u00e7\u00e3o nativa em TIs no Cerrado, um aumento de 188% em rela\u00e7\u00e3o a 2022. Em todo o Brasil, ao contr\u00e1rio, houve queda no desmatamento em TIs\u201d, divulgou a entidade.<\/p>\n<p>Em 2023, 20.822 hectares de vegeta\u00e7\u00e3o nativa dentro de terras ind\u00edgenas foram desmatados, o que representa 1,1% de todo o desmatamento no ano. Houve uma redu\u00e7\u00e3o de mais de 27% no desmatamento em TIs, na compara\u00e7\u00e3o com 2022.<\/p>\n<p>Dentro de unidades de conserva\u00e7\u00e3o (UCs), foram 96.761 hectares de vegeta\u00e7\u00e3o nativa suprimidos em 2023, uma redu\u00e7\u00e3o de 53,5% em rela\u00e7\u00e3o a 2022. Em UCs de Prote\u00e7\u00e3o Integral, a redu\u00e7\u00e3o foi de 72,3%. A maior perda de vegeta\u00e7\u00e3o nativa em UCs ocorreu em \u00c1rea de Prote\u00e7\u00e3o Ambiental (APA) Estaduais no Cerrado, totalizando 41.934 hectares desmatados. A APA mais desmatada no pa\u00eds em 2023 tamb\u00e9m fica no Cerrado: APA do Rio Preto, com 13.596 hectares desmatados.<\/p>\n<p><strong>Irregularidade<\/strong><br \/>\nAinda de acordo com o MapBiomas, apesar de apenas 0,96% dos im\u00f3veis cadastrados no Cadastro Ambiental Rural (CAR) terem registro de desmatamento em 2023, eles responderam por 89% das \u00e1reas desmatadas do pa\u00eds. Do total de 71.689 im\u00f3veis cadastrados no CAR com desmatamento validado em 2023, 43,1% foram reincidentes, ou seja, j\u00e1 tiveram registro de desmatamento em anos anteriores.<\/p>\n<p>Para estimar o quanto do desmatamento no Brasil n\u00e3o tem ind\u00edcios de irregularidade ou de ilegalidade, a entidade explica que cada alerta \u00e9 avaliado considerando alguns crit\u00e9rios como se h\u00e1 autoriza\u00e7\u00e3o cadastrada nas bases de dados oficiais, ou se h\u00e1 sobreposi\u00e7\u00e3o com \u00e1reas protegidas, como Unidade de Conserva\u00e7\u00e3o de Prote\u00e7\u00e3o Integral, Reserva Legal ou \u00c1rea de Preserva\u00e7\u00e3o Permanente.<\/p>\n<p>O relat\u00f3rio anual de desmatamento identificou que 4,04% de toda a vegeta\u00e7\u00e3o suprimida nos \u00faltimos cinco anos n\u00e3o tem ind\u00edcios de ilegalidade ou irregularidade, considerando autoriza\u00e7\u00f5es dos estados que disponibilizaram dados publicamente. Para o ano de 2023, mais de 93% da \u00e1rea desmatada no Brasil teve pelo menos um ind\u00edcio de irregularidade.<\/p>\n<p><strong>Amaz\u00f4nia<\/strong><br \/>\nA redu\u00e7\u00e3o (62,2%) no desmatamento no bioma Amaz\u00f4nia aconteceu em todos os estados, exceto no Amap\u00e1, onde houve crescimento de 27%. Na regi\u00e3o de Amacro, que re\u00fane os estados do Amazonas, Acre e Rond\u00f4nia, e que j\u00e1 foi considerada a principal frente de desmatamento do Brasil, houve queda de 74% na \u00e1rea desmatada, que ficou em 102.956 hectares em 2023.<\/p>\n<p>Dos 559 munic\u00edpios do bioma, 436 tiveram algum desmatamento detectado em 2023, ou seja, 78% do total. Nos 10 munic\u00edpios que mais desmataram na Amaz\u00f4nia houve queda. Dos 50 munic\u00edpios que mais perderam vegeta\u00e7\u00e3o nativa em 2023, 13 est\u00e3o presentes na lista de munic\u00edpios do bioma Amaz\u00f4nia considerados priorit\u00e1rios (Portaria GM\/MMA 834 de 2023) e todos eles apresentaram queda na \u00e1rea desmatada em rela\u00e7\u00e3o a 2022.<\/p>\n<p>\u201cHouve redu\u00e7\u00e3o no tamanho m\u00e9dio dos alertas e na \u00e1rea desmatada na maioria dos estados, incluindo a cr\u00edtica regi\u00e3o do Amacro. Por outro lado, observa-se um poss\u00edvel deslocamento deste desmatamento, que est\u00e1 crescendo em outros biomas, particularmente no Cerrado, que apresentou a maior \u00e1rea desmatada no Brasil em 2023\u201d, apontou Larissa Amorim, da equipe de Amaz\u00f4nia do MapBiomas, em nota.<\/p>\n<p><strong>Pantanal<\/strong><br \/>\nEm 2023 o Pantanal registrou a maior \u00e1rea m\u00e9dia dos eventos de desmatamento entre os biomas (158,2 hectares) e um aumento de 59,2% no desmatamento em rela\u00e7\u00e3o a 2022. Ao todo, 49.673 hectares de vegeta\u00e7\u00e3o nativa foram suprimidos no ano passado. Pelo terceiro ano consecutivo, o bioma apresentou a maior velocidade m\u00e9dia de desmatamento, sendo 2,1 hectares\/dia por evento de desmatamento.<\/p>\n<p>Forma\u00e7\u00f5es florestais e sav\u00e2nicas respondem por 73% do desmatamento no bioma. Quase todo (99%) o desmatamento no bioma est\u00e1 em \u00e1reas privadas registradas no Cadastro Ambiental Rural (CAR).<\/p>\n<p>\u201cO munic\u00edpio de Corumb\u00e1 (MS) responde por 60% do territ\u00f3rio do Pantanal e por metade do desmatamento registrado no bioma no ano passado. \u00c9 tamb\u00e9m o quinto munic\u00edpio que mais desmatou no Brasil em 2023. Mais da metade (52%) do desmatamento do Mato Grosso do Sul est\u00e1 no Pantanal, bioma que representa menos de um ter\u00e7o do territ\u00f3rio do estado\u201d, destacou o MapBiomas.<\/p>\n<p>Al\u00e9m de eventos extremos de seca no bioma, a entidade avalia que o desmatamento tem sido uma grande amea\u00e7a ao Pantanal. \u201cO desmatamento de florestas e savanas para a forma\u00e7\u00e3o de pastagem ex\u00f3tica acontece em grande escala. A preserva\u00e7\u00e3o dessas \u00e1reas florestadas e o manejo das pastagens s\u00e3o fundamentais para a manuten\u00e7\u00e3o da biodiversidade de fauna e flora, em conjunto com os sistemas tradicionais de pecu\u00e1ria do Pantanal\u201d, pontuou Eduardo Rosa, coordenador da equipe do Pantanal do MapBiomas, em nota.<\/p>\n<p><strong>Caatinga<\/strong><br \/>\nMais de um quinto (22%) dos alertas validados em todo o Brasil no ano passado vieram da Caatinga, que respondeu por 11% da \u00e1rea desmatada no pa\u00eds. Foram 201.687 hectares, um aumento de 43,3% em rela\u00e7\u00e3o a 2022. Houve registro de pelo menos um evento de desmatamento em 1.047 dos 1.209 munic\u00edpios (87%) que comp\u00f5em o bioma, em 2023.<\/p>\n<p>A Bahia lidera o desmatamento, com 93.437 hectares, o que representa aumento de 34% em rela\u00e7\u00e3o a 2022. Em seguida, vem o Cear\u00e1, com 32.486 hectares \u2013 crescimento de 28%. O maior aumento percentual foi registrado no Rio Grande do Norte: 62% (total de 9.133 hectares). Em apenas um estado houve redu\u00e7\u00e3o na supress\u00e3o de vegeta\u00e7\u00e3o nativa: Pernambuco, com 15.996 hectares, ou seja, queda de 35% em rela\u00e7\u00e3o a 2022.<\/p>\n<p>\u201cO maior desmatamento verificado na Caatinga foi impulsionado pela expans\u00e3o de atividades agropecu\u00e1rias, principalmente na fronteira agr\u00edcola do Matopiba. Um exemplo \u00e9 o munic\u00edpio de Barra, na Bahia, onde h\u00e1 registro do maior desmatamento e alerta no bioma. Um fen\u00f4meno que capturamos \u00e9 o desmatamento para fins de implanta\u00e7\u00e3o de parques solares e e\u00f3licos crescendo pelo bioma\u201d, explicou Washington Rocha, coordenador da equipe da Caatinga do MapBiomas, em nota. Mais de 4.302 hectares foram desmatados por empreendimentos de energia renov\u00e1veis (e\u00f3lica e solar).<\/p>\n<p><strong>Mata Atl\u00e2ntica<\/strong><br \/>\nNo ano passado, 12.094 hectares de Mata Atl\u00e2ntica foram desmatados, uma queda de 59% em rela\u00e7\u00e3o a 2022. A redu\u00e7\u00e3o ocorreu em todos os estados do bioma, tanto em \u00e1rea desmatada quanto em n\u00famero de alertas. No bioma, Minas Gerais reduziu a \u00e1rea desmatada em 60%, ou seja, mais de 7 mil hectares; na Bahia, a queda foi de 53%; no Paran\u00e1, foi de 71%. Apesar disso, dos 10 munic\u00edpios que mais desmataram, os dois primeiros ficam na Bahia e os oito restantes em Minas Gerais.<\/p>\n<p>A m\u00e9dia de \u00e1rea desmatada por dia e a m\u00e9dia de eventos de desmatamento ca\u00edram mais de 50% em rela\u00e7\u00e3o a 2022. As maiores redu\u00e7\u00f5es proporcionais foram observadas nos alertas de mais de 100 hectares, com 88% menos \u00e1rea desmatada se comparado a 2022 e 90% menos eventos de desmatamento.<\/p>\n<p>\u201cA agropecu\u00e1ria ainda \u00e9 o principal vetor de desmatamento na Mata Atl\u00e2ntica, al\u00e9m da expans\u00e3o das cidades. Em 2023, observamos \u00e1reas devastadas por desastres naturais causados pelas chuvas em S\u00e3o Paulo e por minera\u00e7\u00e3o em Minas Gerais\u201d, observou Natalia Crusco, coordenadora t\u00e9cnica da equipe da Mata Atl\u00e2ntica do MapBiomas, em nota.<\/p>\n<p><strong>Pampa<\/strong><br \/>\nO Pampa registrou queda de 50% na \u00e1rea de vegeta\u00e7\u00e3o suprimida em 2023, com 1.547 hectares. Dos 231 munic\u00edpios do bioma, 97 tiveram algum desmatamento detectado no ano, ou seja, 42% do total. Em apenas cinco deles aconteceu mais da metade (51%) do total desmatado no bioma: Encruzilhada do Sul (334 hectares), Piratini (208 hectares), Herval (130 hectares), Cangu\u00e7u (77 hectares) e Bag\u00e9 (49 hectares).<\/p>\n<p>Levantamento do MapBiomas identificou que mais de tr\u00eas quartos (77,7%) da \u00e1rea desmatada \u00e9 de forma\u00e7\u00f5es florestais; e um pouco menos de um ter\u00e7o (21,9%), de forma\u00e7\u00e3o campestre. A entidade pondera, no entanto, que os atuais sistemas de detec\u00e7\u00e3o do desmatamento no Pampa est\u00e3o calibrados para a supress\u00e3o das florestas e, por conta disso, ainda n\u00e3o monitoram a supress\u00e3o da vegeta\u00e7\u00e3o campestre de modo eficiente, que \u00e9 a vegeta\u00e7\u00e3o nativa t\u00edpica e predominante nesse bioma.<\/p>\n","protected":false},"excerpt":{"rendered":"<p>Mais da metade de toda a \u00e1rea desmatada no Brasil em 2023 ocorreu no Cerrado, apontou o Relat\u00f3rio Anual do Desmatamento (RAD) no Brasil do MapBiomas, divulgado nesta ter\u00e7a-feira (28). Pela primeira vez desde o in\u00edcio da s\u00e9rie hist\u00f3rica, em 2019, o Cerrado ultrapassou a Amaz\u00f4nia em termos de \u00e1rea desmatada. Quase todo o desmatamento [&hellip;]<\/p>\n","protected":false},"author":2,"featured_media":329731,"comment_status":"closed","ping_status":"closed","sticky":false,"template":"","format":"standard","meta":{"_acf_changed":false,"footnotes":""},"categories":[161],"tags":[95],"class_list":["post-329730","post","type-post","status-publish","format-standard","has-post-thumbnail","hentry","category-quadradinho-em-foco","tag-capa"],"acf":[],"yoast_head":"<!-- This site is optimized with the Yoast SEO plugin v27.5 - https:\/\/yoast.com\/product\/yoast-seo-wordpress\/ -->\n<title>Cerrado deixa Amaz\u00f4nia para tr\u00e1s e lidera o ranking do desmate - Notibras<\/title>\n<meta name=\"robots\" content=\"index, follow, max-snippet:-1, max-image-preview:large, max-video-preview:-1\" \/>\n<link rel=\"canonical\" href=\"https:\/\/www.notibras.com\/site\/cerrado-deixa-amazonia-para-tras-e-lidera-o-ranking-do-desmatamento\/\" \/>\n<meta property=\"og:locale\" content=\"pt_BR\" \/>\n<meta property=\"og:type\" content=\"article\" \/>\n<meta property=\"og:title\" content=\"Cerrado deixa Amaz\u00f4nia para tr\u00e1s e lidera o ranking do desmate - Notibras\" \/>\n<meta property=\"og:description\" content=\"Mais da metade de toda a \u00e1rea desmatada no Brasil em 2023 ocorreu no Cerrado, apontou o Relat\u00f3rio Anual do Desmatamento (RAD) no Brasil do MapBiomas, divulgado nesta ter\u00e7a-feira (28). Pela primeira vez desde o in\u00edcio da s\u00e9rie hist\u00f3rica, em 2019, o Cerrado ultrapassou a Amaz\u00f4nia em termos de \u00e1rea desmatada. Quase todo o desmatamento [&hellip;]\" \/>\n<meta property=\"og:url\" content=\"https:\/\/www.notibras.com\/site\/cerrado-deixa-amazonia-para-tras-e-lidera-o-ranking-do-desmatamento\/\" \/>\n<meta property=\"og:site_name\" content=\"Notibras\" \/>\n<meta property=\"article:publisher\" content=\"https:\/\/www.facebook.com\/notibras\/\" \/>\n<meta property=\"article:published_time\" content=\"2024-05-28T13:52:18+00:00\" \/>\n<meta property=\"article:modified_time\" content=\"2024-05-28T13:53:12+00:00\" \/>\n<meta property=\"og:image\" content=\"https:\/\/www.notibras.com\/site\/wp-content\/uploads\/2024\/05\/cerradoam.webp\" \/>\n\t<meta property=\"og:image:width\" content=\"1170\" \/>\n\t<meta property=\"og:image:height\" content=\"700\" \/>\n\t<meta property=\"og:image:type\" content=\"image\/webp\" \/>\n<meta name=\"author\" content=\"Reda\u00e7\u00e3o\" \/>\n<meta name=\"twitter:card\" content=\"summary_large_image\" \/>\n<meta name=\"twitter:creator\" content=\"@Notibras\" \/>\n<meta name=\"twitter:site\" content=\"@Notibras\" \/>\n<meta name=\"twitter:label1\" content=\"Escrito por\" \/>\n\t<meta name=\"twitter:data1\" content=\"Reda\u00e7\u00e3o\" \/>\n\t<meta name=\"twitter:label2\" content=\"Est. tempo de leitura\" \/>\n\t<meta name=\"twitter:data2\" content=\"14 minutos\" \/>\n<script type=\"application\/ld+json\" class=\"yoast-schema-graph\">{\"@context\":\"https:\\\/\\\/schema.org\",\"@graph\":[{\"@type\":\"Article\",\"@id\":\"https:\\\/\\\/www.notibras.com\\\/site\\\/cerrado-deixa-amazonia-para-tras-e-lidera-o-ranking-do-desmatamento\\\/#article\",\"isPartOf\":{\"@id\":\"https:\\\/\\\/www.notibras.com\\\/site\\\/cerrado-deixa-amazonia-para-tras-e-lidera-o-ranking-do-desmatamento\\\/\"},\"author\":{\"name\":\"Reda\u00e7\u00e3o\",\"@id\":\"https:\\\/\\\/www.notibras.com\\\/site\\\/#\\\/schema\\\/person\\\/36ab0979449956132d3e5b517ea76ac8\"},\"headline\":\"Cerrado deixa Amaz\u00f4nia para tr\u00e1s e lidera o ranking do desmate\",\"datePublished\":\"2024-05-28T13:52:18+00:00\",\"dateModified\":\"2024-05-28T13:53:12+00:00\",\"mainEntityOfPage\":{\"@id\":\"https:\\\/\\\/www.notibras.com\\\/site\\\/cerrado-deixa-amazonia-para-tras-e-lidera-o-ranking-do-desmatamento\\\/\"},\"wordCount\":2425,\"publisher\":{\"@id\":\"https:\\\/\\\/www.notibras.com\\\/site\\\/#organization\"},\"image\":{\"@id\":\"https:\\\/\\\/www.notibras.com\\\/site\\\/cerrado-deixa-amazonia-para-tras-e-lidera-o-ranking-do-desmatamento\\\/#primaryimage\"},\"thumbnailUrl\":\"https:\\\/\\\/www.notibras.com\\\/site\\\/wp-content\\\/uploads\\\/2024\\\/05\\\/cerradoam.webp\",\"keywords\":[\"capa\"],\"articleSection\":[\"Quadradinho em Foco\"],\"inLanguage\":\"pt-BR\"},{\"@type\":\"WebPage\",\"@id\":\"https:\\\/\\\/www.notibras.com\\\/site\\\/cerrado-deixa-amazonia-para-tras-e-lidera-o-ranking-do-desmatamento\\\/\",\"url\":\"https:\\\/\\\/www.notibras.com\\\/site\\\/cerrado-deixa-amazonia-para-tras-e-lidera-o-ranking-do-desmatamento\\\/\",\"name\":\"Cerrado deixa Amaz\u00f4nia para tr\u00e1s e lidera o ranking do desmate - Notibras\",\"isPartOf\":{\"@id\":\"https:\\\/\\\/www.notibras.com\\\/site\\\/#website\"},\"primaryImageOfPage\":{\"@id\":\"https:\\\/\\\/www.notibras.com\\\/site\\\/cerrado-deixa-amazonia-para-tras-e-lidera-o-ranking-do-desmatamento\\\/#primaryimage\"},\"image\":{\"@id\":\"https:\\\/\\\/www.notibras.com\\\/site\\\/cerrado-deixa-amazonia-para-tras-e-lidera-o-ranking-do-desmatamento\\\/#primaryimage\"},\"thumbnailUrl\":\"https:\\\/\\\/www.notibras.com\\\/site\\\/wp-content\\\/uploads\\\/2024\\\/05\\\/cerradoam.webp\",\"datePublished\":\"2024-05-28T13:52:18+00:00\",\"dateModified\":\"2024-05-28T13:53:12+00:00\",\"breadcrumb\":{\"@id\":\"https:\\\/\\\/www.notibras.com\\\/site\\\/cerrado-deixa-amazonia-para-tras-e-lidera-o-ranking-do-desmatamento\\\/#breadcrumb\"},\"inLanguage\":\"pt-BR\",\"potentialAction\":[{\"@type\":\"ReadAction\",\"target\":[\"https:\\\/\\\/www.notibras.com\\\/site\\\/cerrado-deixa-amazonia-para-tras-e-lidera-o-ranking-do-desmatamento\\\/\"]}]},{\"@type\":\"ImageObject\",\"inLanguage\":\"pt-BR\",\"@id\":\"https:\\\/\\\/www.notibras.com\\\/site\\\/cerrado-deixa-amazonia-para-tras-e-lidera-o-ranking-do-desmatamento\\\/#primaryimage\",\"url\":\"https:\\\/\\\/www.notibras.com\\\/site\\\/wp-content\\\/uploads\\\/2024\\\/05\\\/cerradoam.webp\",\"contentUrl\":\"https:\\\/\\\/www.notibras.com\\\/site\\\/wp-content\\\/uploads\\\/2024\\\/05\\\/cerradoam.webp\",\"width\":1170,\"height\":700},{\"@type\":\"BreadcrumbList\",\"@id\":\"https:\\\/\\\/www.notibras.com\\\/site\\\/cerrado-deixa-amazonia-para-tras-e-lidera-o-ranking-do-desmatamento\\\/#breadcrumb\",\"itemListElement\":[{\"@type\":\"ListItem\",\"position\":1,\"name\":\"In\u00edcio\",\"item\":\"https:\\\/\\\/www.notibras.com\\\/site\\\/\"},{\"@type\":\"ListItem\",\"position\":2,\"name\":\"Cerrado deixa Amaz\u00f4nia para tr\u00e1s e lidera o ranking do desmate\"}]},{\"@type\":\"WebSite\",\"@id\":\"https:\\\/\\\/www.notibras.com\\\/site\\\/#website\",\"url\":\"https:\\\/\\\/www.notibras.com\\\/site\\\/\",\"name\":\"Notibras\",\"description\":\"Not\u00edcias de Bras\u00edlia, do Brasil e do Mundo\",\"publisher\":{\"@id\":\"https:\\\/\\\/www.notibras.com\\\/site\\\/#organization\"},\"potentialAction\":[{\"@type\":\"SearchAction\",\"target\":{\"@type\":\"EntryPoint\",\"urlTemplate\":\"https:\\\/\\\/www.notibras.com\\\/site\\\/?s={search_term_string}\"},\"query-input\":{\"@type\":\"PropertyValueSpecification\",\"valueRequired\":true,\"valueName\":\"search_term_string\"}}],\"inLanguage\":\"pt-BR\"},{\"@type\":\"Organization\",\"@id\":\"https:\\\/\\\/www.notibras.com\\\/site\\\/#organization\",\"name\":\"Grupo Notibras de Comunica\u00e7\u00e3o\",\"url\":\"https:\\\/\\\/www.notibras.com\\\/site\\\/\",\"logo\":{\"@type\":\"ImageObject\",\"inLanguage\":\"pt-BR\",\"@id\":\"https:\\\/\\\/www.notibras.com\\\/site\\\/#\\\/schema\\\/logo\\\/image\\\/\",\"url\":\"https:\\\/\\\/www.notibras.com\\\/site\\\/wp-content\\\/uploads\\\/2023\\\/01\\\/notibras23.png\",\"contentUrl\":\"https:\\\/\\\/www.notibras.com\\\/site\\\/wp-content\\\/uploads\\\/2023\\\/01\\\/notibras23.png\",\"width\":350,\"height\":87,\"caption\":\"Grupo Notibras de Comunica\u00e7\u00e3o\"},\"image\":{\"@id\":\"https:\\\/\\\/www.notibras.com\\\/site\\\/#\\\/schema\\\/logo\\\/image\\\/\"},\"sameAs\":[\"https:\\\/\\\/www.facebook.com\\\/notibras\\\/\",\"https:\\\/\\\/x.com\\\/Notibras\",\"https:\\\/\\\/www.instagram.com\\\/notibras\\\/\"]},{\"@type\":\"Person\",\"@id\":\"https:\\\/\\\/www.notibras.com\\\/site\\\/#\\\/schema\\\/person\\\/36ab0979449956132d3e5b517ea76ac8\",\"name\":\"Reda\u00e7\u00e3o\",\"image\":{\"@type\":\"ImageObject\",\"inLanguage\":\"pt-BR\",\"@id\":\"https:\\\/\\\/secure.gravatar.com\\\/avatar\\\/e0a867bdedb85fd243eadf09663511f96fc81e0720a4a42581f334ad4303aa6b?s=96&d=mm&r=g\",\"url\":\"https:\\\/\\\/secure.gravatar.com\\\/avatar\\\/e0a867bdedb85fd243eadf09663511f96fc81e0720a4a42581f334ad4303aa6b?s=96&d=mm&r=g\",\"contentUrl\":\"https:\\\/\\\/secure.gravatar.com\\\/avatar\\\/e0a867bdedb85fd243eadf09663511f96fc81e0720a4a42581f334ad4303aa6b?s=96&d=mm&r=g\",\"caption\":\"Reda\u00e7\u00e3o\"}}]}<\/script>\n<!-- \/ Yoast SEO plugin. -->","yoast_head_json":{"title":"Cerrado deixa Amaz\u00f4nia para tr\u00e1s e lidera o ranking do desmate - Notibras","robots":{"index":"index","follow":"follow","max-snippet":"max-snippet:-1","max-image-preview":"max-image-preview:large","max-video-preview":"max-video-preview:-1"},"canonical":"https:\/\/www.notibras.com\/site\/cerrado-deixa-amazonia-para-tras-e-lidera-o-ranking-do-desmatamento\/","og_locale":"pt_BR","og_type":"article","og_title":"Cerrado deixa Amaz\u00f4nia para tr\u00e1s e lidera o ranking do desmate - Notibras","og_description":"Mais da metade de toda a \u00e1rea desmatada no Brasil em 2023 ocorreu no Cerrado, apontou o Relat\u00f3rio Anual do Desmatamento (RAD) no Brasil do MapBiomas, divulgado nesta ter\u00e7a-feira (28). Pela primeira vez desde o in\u00edcio da s\u00e9rie hist\u00f3rica, em 2019, o Cerrado ultrapassou a Amaz\u00f4nia em termos de \u00e1rea desmatada. Quase todo o desmatamento [&hellip;]","og_url":"https:\/\/www.notibras.com\/site\/cerrado-deixa-amazonia-para-tras-e-lidera-o-ranking-do-desmatamento\/","og_site_name":"Notibras","article_publisher":"https:\/\/www.facebook.com\/notibras\/","article_published_time":"2024-05-28T13:52:18+00:00","article_modified_time":"2024-05-28T13:53:12+00:00","og_image":[{"width":1170,"height":700,"url":"https:\/\/www.notibras.com\/site\/wp-content\/uploads\/2024\/05\/cerradoam.webp","type":"image\/webp"}],"author":"Reda\u00e7\u00e3o","twitter_card":"summary_large_image","twitter_creator":"@Notibras","twitter_site":"@Notibras","twitter_misc":{"Escrito por":"Reda\u00e7\u00e3o","Est. tempo de leitura":"14 minutos"},"schema":{"@context":"https:\/\/schema.org","@graph":[{"@type":"Article","@id":"https:\/\/www.notibras.com\/site\/cerrado-deixa-amazonia-para-tras-e-lidera-o-ranking-do-desmatamento\/#article","isPartOf":{"@id":"https:\/\/www.notibras.com\/site\/cerrado-deixa-amazonia-para-tras-e-lidera-o-ranking-do-desmatamento\/"},"author":{"name":"Reda\u00e7\u00e3o","@id":"https:\/\/www.notibras.com\/site\/#\/schema\/person\/36ab0979449956132d3e5b517ea76ac8"},"headline":"Cerrado deixa Amaz\u00f4nia para tr\u00e1s e lidera o ranking do desmate","datePublished":"2024-05-28T13:52:18+00:00","dateModified":"2024-05-28T13:53:12+00:00","mainEntityOfPage":{"@id":"https:\/\/www.notibras.com\/site\/cerrado-deixa-amazonia-para-tras-e-lidera-o-ranking-do-desmatamento\/"},"wordCount":2425,"publisher":{"@id":"https:\/\/www.notibras.com\/site\/#organization"},"image":{"@id":"https:\/\/www.notibras.com\/site\/cerrado-deixa-amazonia-para-tras-e-lidera-o-ranking-do-desmatamento\/#primaryimage"},"thumbnailUrl":"https:\/\/www.notibras.com\/site\/wp-content\/uploads\/2024\/05\/cerradoam.webp","keywords":["capa"],"articleSection":["Quadradinho em Foco"],"inLanguage":"pt-BR"},{"@type":"WebPage","@id":"https:\/\/www.notibras.com\/site\/cerrado-deixa-amazonia-para-tras-e-lidera-o-ranking-do-desmatamento\/","url":"https:\/\/www.notibras.com\/site\/cerrado-deixa-amazonia-para-tras-e-lidera-o-ranking-do-desmatamento\/","name":"Cerrado deixa Amaz\u00f4nia para tr\u00e1s e lidera o ranking do desmate - Notibras","isPartOf":{"@id":"https:\/\/www.notibras.com\/site\/#website"},"primaryImageOfPage":{"@id":"https:\/\/www.notibras.com\/site\/cerrado-deixa-amazonia-para-tras-e-lidera-o-ranking-do-desmatamento\/#primaryimage"},"image":{"@id":"https:\/\/www.notibras.com\/site\/cerrado-deixa-amazonia-para-tras-e-lidera-o-ranking-do-desmatamento\/#primaryimage"},"thumbnailUrl":"https:\/\/www.notibras.com\/site\/wp-content\/uploads\/2024\/05\/cerradoam.webp","datePublished":"2024-05-28T13:52:18+00:00","dateModified":"2024-05-28T13:53:12+00:00","breadcrumb":{"@id":"https:\/\/www.notibras.com\/site\/cerrado-deixa-amazonia-para-tras-e-lidera-o-ranking-do-desmatamento\/#breadcrumb"},"inLanguage":"pt-BR","potentialAction":[{"@type":"ReadAction","target":["https:\/\/www.notibras.com\/site\/cerrado-deixa-amazonia-para-tras-e-lidera-o-ranking-do-desmatamento\/"]}]},{"@type":"ImageObject","inLanguage":"pt-BR","@id":"https:\/\/www.notibras.com\/site\/cerrado-deixa-amazonia-para-tras-e-lidera-o-ranking-do-desmatamento\/#primaryimage","url":"https:\/\/www.notibras.com\/site\/wp-content\/uploads\/2024\/05\/cerradoam.webp","contentUrl":"https:\/\/www.notibras.com\/site\/wp-content\/uploads\/2024\/05\/cerradoam.webp","width":1170,"height":700},{"@type":"BreadcrumbList","@id":"https:\/\/www.notibras.com\/site\/cerrado-deixa-amazonia-para-tras-e-lidera-o-ranking-do-desmatamento\/#breadcrumb","itemListElement":[{"@type":"ListItem","position":1,"name":"In\u00edcio","item":"https:\/\/www.notibras.com\/site\/"},{"@type":"ListItem","position":2,"name":"Cerrado deixa Amaz\u00f4nia para tr\u00e1s e lidera o ranking do desmate"}]},{"@type":"WebSite","@id":"https:\/\/www.notibras.com\/site\/#website","url":"https:\/\/www.notibras.com\/site\/","name":"Notibras","description":"Not\u00edcias de Bras\u00edlia, do Brasil e do Mundo","publisher":{"@id":"https:\/\/www.notibras.com\/site\/#organization"},"potentialAction":[{"@type":"SearchAction","target":{"@type":"EntryPoint","urlTemplate":"https:\/\/www.notibras.com\/site\/?s={search_term_string}"},"query-input":{"@type":"PropertyValueSpecification","valueRequired":true,"valueName":"search_term_string"}}],"inLanguage":"pt-BR"},{"@type":"Organization","@id":"https:\/\/www.notibras.com\/site\/#organization","name":"Grupo Notibras de Comunica\u00e7\u00e3o","url":"https:\/\/www.notibras.com\/site\/","logo":{"@type":"ImageObject","inLanguage":"pt-BR","@id":"https:\/\/www.notibras.com\/site\/#\/schema\/logo\/image\/","url":"https:\/\/www.notibras.com\/site\/wp-content\/uploads\/2023\/01\/notibras23.png","contentUrl":"https:\/\/www.notibras.com\/site\/wp-content\/uploads\/2023\/01\/notibras23.png","width":350,"height":87,"caption":"Grupo Notibras de Comunica\u00e7\u00e3o"},"image":{"@id":"https:\/\/www.notibras.com\/site\/#\/schema\/logo\/image\/"},"sameAs":["https:\/\/www.facebook.com\/notibras\/","https:\/\/x.com\/Notibras","https:\/\/www.instagram.com\/notibras\/"]},{"@type":"Person","@id":"https:\/\/www.notibras.com\/site\/#\/schema\/person\/36ab0979449956132d3e5b517ea76ac8","name":"Reda\u00e7\u00e3o","image":{"@type":"ImageObject","inLanguage":"pt-BR","@id":"https:\/\/secure.gravatar.com\/avatar\/e0a867bdedb85fd243eadf09663511f96fc81e0720a4a42581f334ad4303aa6b?s=96&d=mm&r=g","url":"https:\/\/secure.gravatar.com\/avatar\/e0a867bdedb85fd243eadf09663511f96fc81e0720a4a42581f334ad4303aa6b?s=96&d=mm&r=g","contentUrl":"https:\/\/secure.gravatar.com\/avatar\/e0a867bdedb85fd243eadf09663511f96fc81e0720a4a42581f334ad4303aa6b?s=96&d=mm&r=g","caption":"Reda\u00e7\u00e3o"}}]}},"amp_enabled":true,"_links":{"self":[{"href":"https:\/\/www.notibras.com\/site\/wp-json\/wp\/v2\/posts\/329730","targetHints":{"allow":["GET"]}}],"collection":[{"href":"https:\/\/www.notibras.com\/site\/wp-json\/wp\/v2\/posts"}],"about":[{"href":"https:\/\/www.notibras.com\/site\/wp-json\/wp\/v2\/types\/post"}],"author":[{"embeddable":true,"href":"https:\/\/www.notibras.com\/site\/wp-json\/wp\/v2\/users\/2"}],"replies":[{"embeddable":true,"href":"https:\/\/www.notibras.com\/site\/wp-json\/wp\/v2\/comments?post=329730"}],"version-history":[{"count":2,"href":"https:\/\/www.notibras.com\/site\/wp-json\/wp\/v2\/posts\/329730\/revisions"}],"predecessor-version":[{"id":329733,"href":"https:\/\/www.notibras.com\/site\/wp-json\/wp\/v2\/posts\/329730\/revisions\/329733"}],"wp:featuredmedia":[{"embeddable":true,"href":"https:\/\/www.notibras.com\/site\/wp-json\/wp\/v2\/media\/329731"}],"wp:attachment":[{"href":"https:\/\/www.notibras.com\/site\/wp-json\/wp\/v2\/media?parent=329730"}],"wp:term":[{"taxonomy":"category","embeddable":true,"href":"https:\/\/www.notibras.com\/site\/wp-json\/wp\/v2\/categories?post=329730"},{"taxonomy":"post_tag","embeddable":true,"href":"https:\/\/www.notibras.com\/site\/wp-json\/wp\/v2\/tags?post=329730"}],"curies":[{"name":"wp","href":"https:\/\/api.w.org\/{rel}","templated":true}]}}