{"id":329740,"date":"2024-05-28T00:08:06","date_gmt":"2024-05-28T03:08:06","guid":{"rendered":"https:\/\/www.notibras.com\/site\/?p=329740"},"modified":"2024-05-28T11:15:37","modified_gmt":"2024-05-28T14:15:37","slug":"escritorio-de-negocios-aproxima-brb-do-comerciante-e-comerciario","status":"publish","type":"post","link":"https:\/\/www.notibras.com\/site\/escritorio-de-negocios-aproxima-brb-do-comerciante-e-comerciario\/","title":{"rendered":"Escrit\u00f3rio de neg\u00f3cios aproxima BRB do comerciante e comerci\u00e1rio"},"content":{"rendered":"<p>O governador Ibaneis Rocha participou da inaugura\u00e7\u00e3o do novo escrit\u00f3rio de neg\u00f3cios do Banco de Bras\u00edlia (BRB) na sede da Federa\u00e7\u00e3o do Com\u00e9rcio de Bens, Servi\u00e7os e Turismo do Distrito Federal (Fecom\u00e9rcio-DF), na 712\/912 Norte, na segunda-feira (27). A localiza\u00e7\u00e3o foi escolhida estrategicamente para atender comerciantes, empres\u00e1rios e sindicatos. \u201cEste escrit\u00f3rio representa a uni\u00e3o do setor produtivo e do Governo do Distrito Federal. Sempre tratei o banco com muito respeito e como uma empresa privada, assim como eu trato o governo\u201d, observou o chefe do Executivo.<\/p>\n<p>Ibaneis Rocha destacou o papel do empresariado no desenvolvimento do DF. \u201cTodo o setor produtivo tem uma abertura muito grande dentro do Governo do Distrito Federal, porque \u00e9 aquela m\u00e1xima que sempre falo: \u2018quem gera emprego \u00e9 empres\u00e1rio\u2019. E \u00e9 exatamente por entender que o empres\u00e1rio \u00e9 uma mola importante para o desenvolvimento de uma cidade, que eu e todos os secret\u00e1rios e presidentes de empresa do Distrito Federal tratamos com todo o respeito o empresariado da nossa cidade\u201d, salientou.<\/p>\n<p>O presidente do BRB, Paulo Henrique Costa, explicou que o escrit\u00f3rio \u00e9 direcionado ao atendimento dos sindicatos e das empresas vinculadas \u00e0 Fecom\u00e9rcio. \u201cTeremos gerentes especializados e atendimento \u00e0 pessoa jur\u00eddica, condi\u00e7\u00f5es negociais tamb\u00e9m diferenciadas em fun\u00e7\u00e3o dos acordos que a gente tem de oferta de condi\u00e7\u00f5es especiais com os sindicatos\u201d, revelou. As condi\u00e7\u00f5es especiais incluem cart\u00e3o empresarial, investimentos, capital de giro, fundos com resgate autom\u00e1tico, maquininhas BRB Pay e seguros.<\/p>\n<p>Paulo Henrique Costa comentou que o banco est\u00e1 comprometido em fomentar o desenvolvimento local. \u201cA gente j\u00e1 tinha uma participa\u00e7\u00e3o relevante no atendimento aos servidores p\u00fablicos e h\u00e1 cinco anos come\u00e7amos esse trabalho mais direcionado ao atendimento de pessoa jur\u00eddica. O BRB tornou-se l\u00edder do imobili\u00e1rio, l\u00edder do rural e hoje n\u00f3s assumimos um compromisso junto com a Fecom\u00e9rcio de sermos l\u00edderes em todos os atendimentos da atividade produtiva. Esse \u00e9 o papel de um banco p\u00fablico, gerar emprego, renda e desenvolvimento no Distrito Federal\u201d, completou.<\/p>\n<p>A nova sede da Fecom\u00e9rcio abriga tamb\u00e9m as instala\u00e7\u00f5es do Servi\u00e7o Nacional de Aprendizagem Comercial (Senac-DF) e, em breve, tamb\u00e9m ser\u00e1 a casa do Servi\u00e7o Social do Com\u00e9rcio (Sesc-DF). As folhas de pagamentos das duas institui\u00e7\u00f5es s\u00e3o operadas pelo BRB.<\/p>\n<p>\u201c\u00c9 uma estrutura criada para atender os empres\u00e1rios de diferentes setores. N\u00f3s temos 27 setores aqui filiados \u00e0 Fecom\u00e9rcio-DF. Poderemos n\u00e3o s\u00f3 atender aos mais de 220 mil empres\u00e1rios que temos na base, mas tamb\u00e9m os nossos colaboradores que recebem os sal\u00e1rios pelo BRB\u201d, comentou o presidente da Fecom\u00e9rcio-DF, Jos\u00e9 Aparecido Costa. \u201cEsperamos que essa ag\u00eancia possa ser um sucesso, que o BRB traga capital de giro, boas negocia\u00e7\u00f5es e boas taxas para o nosso setor de com\u00e9rcio de bem-servi\u00e7o e turismo, e que n\u00f3s possamos impulsionar essas economias, gerar emprego e gerar renda para o Distrito Federal.\u201d<\/p>\n","protected":false},"excerpt":{"rendered":"<p>O governador Ibaneis Rocha participou da inaugura\u00e7\u00e3o do novo escrit\u00f3rio de neg\u00f3cios do Banco de Bras\u00edlia (BRB) na sede da Federa\u00e7\u00e3o do Com\u00e9rcio de Bens, Servi\u00e7os e Turismo do Distrito Federal (Fecom\u00e9rcio-DF), na 712\/912 Norte, na segunda-feira (27). A localiza\u00e7\u00e3o foi escolhida estrategicamente para atender comerciantes, empres\u00e1rios e sindicatos. \u201cEste escrit\u00f3rio representa a uni\u00e3o do [&hellip;]<\/p>\n","protected":false},"author":2,"featured_media":329741,"comment_status":"closed","ping_status":"closed","sticky":false,"template":"","format":"standard","meta":{"_acf_changed":false,"footnotes":""},"categories":[161],"tags":[],"class_list":["post-329740","post","type-post","status-publish","format-standard","has-post-thumbnail","hentry","category-quadradinho-em-foco"],"acf":[],"yoast_head":"<!-- This site is optimized with the Yoast SEO plugin v27.5 - https:\/\/yoast.com\/product\/yoast-seo-wordpress\/ -->\n<title>Escrit\u00f3rio de neg\u00f3cios aproxima BRB do comerciante e comerci\u00e1rio - Notibras<\/title>\n<meta name=\"robots\" content=\"index, follow, max-snippet:-1, max-image-preview:large, max-video-preview:-1\" \/>\n<link rel=\"canonical\" href=\"https:\/\/www.notibras.com\/site\/escritorio-de-negocios-aproxima-brb-do-comerciante-e-comerciario\/\" \/>\n<meta property=\"og:locale\" content=\"pt_BR\" \/>\n<meta property=\"og:type\" content=\"article\" \/>\n<meta property=\"og:title\" content=\"Escrit\u00f3rio de neg\u00f3cios aproxima BRB do comerciante e comerci\u00e1rio - Notibras\" \/>\n<meta property=\"og:description\" content=\"O governador Ibaneis Rocha participou da inaugura\u00e7\u00e3o do novo escrit\u00f3rio de neg\u00f3cios do Banco de Bras\u00edlia (BRB) na sede da Federa\u00e7\u00e3o do Com\u00e9rcio de Bens, Servi\u00e7os e Turismo do Distrito Federal (Fecom\u00e9rcio-DF), na 712\/912 Norte, na segunda-feira (27). A localiza\u00e7\u00e3o foi escolhida estrategicamente para atender comerciantes, empres\u00e1rios e sindicatos. \u201cEste escrit\u00f3rio representa a uni\u00e3o do [&hellip;]\" \/>\n<meta property=\"og:url\" content=\"https:\/\/www.notibras.com\/site\/escritorio-de-negocios-aproxima-brb-do-comerciante-e-comerciario\/\" \/>\n<meta property=\"og:site_name\" content=\"Notibras\" \/>\n<meta property=\"article:publisher\" content=\"https:\/\/www.facebook.com\/notibras\/\" \/>\n<meta property=\"article:published_time\" content=\"2024-05-28T03:08:06+00:00\" \/>\n<meta property=\"article:modified_time\" content=\"2024-05-28T14:15:37+00:00\" \/>\n<meta property=\"og:image\" content=\"https:\/\/www.notibras.com\/site\/wp-content\/uploads\/2024\/05\/53751488135_c05b056a10_c.jpg\" \/>\n\t<meta property=\"og:image:width\" content=\"799\" \/>\n\t<meta property=\"og:image:height\" content=\"533\" \/>\n\t<meta property=\"og:image:type\" content=\"image\/jpeg\" \/>\n<meta name=\"author\" content=\"Reda\u00e7\u00e3o\" \/>\n<meta name=\"twitter:card\" content=\"summary_large_image\" \/>\n<meta name=\"twitter:creator\" content=\"@Notibras\" \/>\n<meta name=\"twitter:site\" content=\"@Notibras\" \/>\n<meta name=\"twitter:label1\" content=\"Escrito por\" \/>\n\t<meta name=\"twitter:data1\" content=\"Reda\u00e7\u00e3o\" \/>\n\t<meta name=\"twitter:label2\" content=\"Est. tempo de leitura\" \/>\n\t<meta name=\"twitter:data2\" content=\"3 minutos\" \/>\n<script type=\"application\/ld+json\" class=\"yoast-schema-graph\">{\"@context\":\"https:\\\/\\\/schema.org\",\"@graph\":[{\"@type\":\"Article\",\"@id\":\"https:\\\/\\\/www.notibras.com\\\/site\\\/escritorio-de-negocios-aproxima-brb-do-comerciante-e-comerciario\\\/#article\",\"isPartOf\":{\"@id\":\"https:\\\/\\\/www.notibras.com\\\/site\\\/escritorio-de-negocios-aproxima-brb-do-comerciante-e-comerciario\\\/\"},\"author\":{\"name\":\"Reda\u00e7\u00e3o\",\"@id\":\"https:\\\/\\\/www.notibras.com\\\/site\\\/#\\\/schema\\\/person\\\/36ab0979449956132d3e5b517ea76ac8\"},\"headline\":\"Escrit\u00f3rio de neg\u00f3cios aproxima BRB do comerciante e comerci\u00e1rio\",\"datePublished\":\"2024-05-28T03:08:06+00:00\",\"dateModified\":\"2024-05-28T14:15:37+00:00\",\"mainEntityOfPage\":{\"@id\":\"https:\\\/\\\/www.notibras.com\\\/site\\\/escritorio-de-negocios-aproxima-brb-do-comerciante-e-comerciario\\\/\"},\"wordCount\":518,\"publisher\":{\"@id\":\"https:\\\/\\\/www.notibras.com\\\/site\\\/#organization\"},\"image\":{\"@id\":\"https:\\\/\\\/www.notibras.com\\\/site\\\/escritorio-de-negocios-aproxima-brb-do-comerciante-e-comerciario\\\/#primaryimage\"},\"thumbnailUrl\":\"https:\\\/\\\/www.notibras.com\\\/site\\\/wp-content\\\/uploads\\\/2024\\\/05\\\/53751488135_c05b056a10_c.jpg\",\"articleSection\":[\"Quadradinho em Foco\"],\"inLanguage\":\"pt-BR\"},{\"@type\":\"WebPage\",\"@id\":\"https:\\\/\\\/www.notibras.com\\\/site\\\/escritorio-de-negocios-aproxima-brb-do-comerciante-e-comerciario\\\/\",\"url\":\"https:\\\/\\\/www.notibras.com\\\/site\\\/escritorio-de-negocios-aproxima-brb-do-comerciante-e-comerciario\\\/\",\"name\":\"Escrit\u00f3rio de neg\u00f3cios aproxima BRB do comerciante e comerci\u00e1rio - Notibras\",\"isPartOf\":{\"@id\":\"https:\\\/\\\/www.notibras.com\\\/site\\\/#website\"},\"primaryImageOfPage\":{\"@id\":\"https:\\\/\\\/www.notibras.com\\\/site\\\/escritorio-de-negocios-aproxima-brb-do-comerciante-e-comerciario\\\/#primaryimage\"},\"image\":{\"@id\":\"https:\\\/\\\/www.notibras.com\\\/site\\\/escritorio-de-negocios-aproxima-brb-do-comerciante-e-comerciario\\\/#primaryimage\"},\"thumbnailUrl\":\"https:\\\/\\\/www.notibras.com\\\/site\\\/wp-content\\\/uploads\\\/2024\\\/05\\\/53751488135_c05b056a10_c.jpg\",\"datePublished\":\"2024-05-28T03:08:06+00:00\",\"dateModified\":\"2024-05-28T14:15:37+00:00\",\"breadcrumb\":{\"@id\":\"https:\\\/\\\/www.notibras.com\\\/site\\\/escritorio-de-negocios-aproxima-brb-do-comerciante-e-comerciario\\\/#breadcrumb\"},\"inLanguage\":\"pt-BR\",\"potentialAction\":[{\"@type\":\"ReadAction\",\"target\":[\"https:\\\/\\\/www.notibras.com\\\/site\\\/escritorio-de-negocios-aproxima-brb-do-comerciante-e-comerciario\\\/\"]}]},{\"@type\":\"ImageObject\",\"inLanguage\":\"pt-BR\",\"@id\":\"https:\\\/\\\/www.notibras.com\\\/site\\\/escritorio-de-negocios-aproxima-brb-do-comerciante-e-comerciario\\\/#primaryimage\",\"url\":\"https:\\\/\\\/www.notibras.com\\\/site\\\/wp-content\\\/uploads\\\/2024\\\/05\\\/53751488135_c05b056a10_c.jpg\",\"contentUrl\":\"https:\\\/\\\/www.notibras.com\\\/site\\\/wp-content\\\/uploads\\\/2024\\\/05\\\/53751488135_c05b056a10_c.jpg\",\"width\":799,\"height\":533},{\"@type\":\"BreadcrumbList\",\"@id\":\"https:\\\/\\\/www.notibras.com\\\/site\\\/escritorio-de-negocios-aproxima-brb-do-comerciante-e-comerciario\\\/#breadcrumb\",\"itemListElement\":[{\"@type\":\"ListItem\",\"position\":1,\"name\":\"In\u00edcio\",\"item\":\"https:\\\/\\\/www.notibras.com\\\/site\\\/\"},{\"@type\":\"ListItem\",\"position\":2,\"name\":\"Escrit\u00f3rio de neg\u00f3cios aproxima BRB do comerciante e comerci\u00e1rio\"}]},{\"@type\":\"WebSite\",\"@id\":\"https:\\\/\\\/www.notibras.com\\\/site\\\/#website\",\"url\":\"https:\\\/\\\/www.notibras.com\\\/site\\\/\",\"name\":\"Notibras\",\"description\":\"Not\u00edcias de Bras\u00edlia, do Brasil e do Mundo\",\"publisher\":{\"@id\":\"https:\\\/\\\/www.notibras.com\\\/site\\\/#organization\"},\"potentialAction\":[{\"@type\":\"SearchAction\",\"target\":{\"@type\":\"EntryPoint\",\"urlTemplate\":\"https:\\\/\\\/www.notibras.com\\\/site\\\/?s={search_term_string}\"},\"query-input\":{\"@type\":\"PropertyValueSpecification\",\"valueRequired\":true,\"valueName\":\"search_term_string\"}}],\"inLanguage\":\"pt-BR\"},{\"@type\":\"Organization\",\"@id\":\"https:\\\/\\\/www.notibras.com\\\/site\\\/#organization\",\"name\":\"Grupo Notibras de Comunica\u00e7\u00e3o\",\"url\":\"https:\\\/\\\/www.notibras.com\\\/site\\\/\",\"logo\":{\"@type\":\"ImageObject\",\"inLanguage\":\"pt-BR\",\"@id\":\"https:\\\/\\\/www.notibras.com\\\/site\\\/#\\\/schema\\\/logo\\\/image\\\/\",\"url\":\"https:\\\/\\\/www.notibras.com\\\/site\\\/wp-content\\\/uploads\\\/2023\\\/01\\\/notibras23.png\",\"contentUrl\":\"https:\\\/\\\/www.notibras.com\\\/site\\\/wp-content\\\/uploads\\\/2023\\\/01\\\/notibras23.png\",\"width\":350,\"height\":87,\"caption\":\"Grupo Notibras de Comunica\u00e7\u00e3o\"},\"image\":{\"@id\":\"https:\\\/\\\/www.notibras.com\\\/site\\\/#\\\/schema\\\/logo\\\/image\\\/\"},\"sameAs\":[\"https:\\\/\\\/www.facebook.com\\\/notibras\\\/\",\"https:\\\/\\\/x.com\\\/Notibras\",\"https:\\\/\\\/www.instagram.com\\\/notibras\\\/\"]},{\"@type\":\"Person\",\"@id\":\"https:\\\/\\\/www.notibras.com\\\/site\\\/#\\\/schema\\\/person\\\/36ab0979449956132d3e5b517ea76ac8\",\"name\":\"Reda\u00e7\u00e3o\",\"image\":{\"@type\":\"ImageObject\",\"inLanguage\":\"pt-BR\",\"@id\":\"https:\\\/\\\/secure.gravatar.com\\\/avatar\\\/e0a867bdedb85fd243eadf09663511f96fc81e0720a4a42581f334ad4303aa6b?s=96&d=mm&r=g\",\"url\":\"https:\\\/\\\/secure.gravatar.com\\\/avatar\\\/e0a867bdedb85fd243eadf09663511f96fc81e0720a4a42581f334ad4303aa6b?s=96&d=mm&r=g\",\"contentUrl\":\"https:\\\/\\\/secure.gravatar.com\\\/avatar\\\/e0a867bdedb85fd243eadf09663511f96fc81e0720a4a42581f334ad4303aa6b?s=96&d=mm&r=g\",\"caption\":\"Reda\u00e7\u00e3o\"}}]}<\/script>\n<!-- \/ Yoast SEO plugin. -->","yoast_head_json":{"title":"Escrit\u00f3rio de neg\u00f3cios aproxima BRB do comerciante e comerci\u00e1rio - Notibras","robots":{"index":"index","follow":"follow","max-snippet":"max-snippet:-1","max-image-preview":"max-image-preview:large","max-video-preview":"max-video-preview:-1"},"canonical":"https:\/\/www.notibras.com\/site\/escritorio-de-negocios-aproxima-brb-do-comerciante-e-comerciario\/","og_locale":"pt_BR","og_type":"article","og_title":"Escrit\u00f3rio de neg\u00f3cios aproxima BRB do comerciante e comerci\u00e1rio - Notibras","og_description":"O governador Ibaneis Rocha participou da inaugura\u00e7\u00e3o do novo escrit\u00f3rio de neg\u00f3cios do Banco de Bras\u00edlia (BRB) na sede da Federa\u00e7\u00e3o do Com\u00e9rcio de Bens, Servi\u00e7os e Turismo do Distrito Federal (Fecom\u00e9rcio-DF), na 712\/912 Norte, na segunda-feira (27). A localiza\u00e7\u00e3o foi escolhida estrategicamente para atender comerciantes, empres\u00e1rios e sindicatos. \u201cEste escrit\u00f3rio representa a uni\u00e3o do [&hellip;]","og_url":"https:\/\/www.notibras.com\/site\/escritorio-de-negocios-aproxima-brb-do-comerciante-e-comerciario\/","og_site_name":"Notibras","article_publisher":"https:\/\/www.facebook.com\/notibras\/","article_published_time":"2024-05-28T03:08:06+00:00","article_modified_time":"2024-05-28T14:15:37+00:00","og_image":[{"width":799,"height":533,"url":"https:\/\/www.notibras.com\/site\/wp-content\/uploads\/2024\/05\/53751488135_c05b056a10_c.jpg","type":"image\/jpeg"}],"author":"Reda\u00e7\u00e3o","twitter_card":"summary_large_image","twitter_creator":"@Notibras","twitter_site":"@Notibras","twitter_misc":{"Escrito por":"Reda\u00e7\u00e3o","Est. tempo de leitura":"3 minutos"},"schema":{"@context":"https:\/\/schema.org","@graph":[{"@type":"Article","@id":"https:\/\/www.notibras.com\/site\/escritorio-de-negocios-aproxima-brb-do-comerciante-e-comerciario\/#article","isPartOf":{"@id":"https:\/\/www.notibras.com\/site\/escritorio-de-negocios-aproxima-brb-do-comerciante-e-comerciario\/"},"author":{"name":"Reda\u00e7\u00e3o","@id":"https:\/\/www.notibras.com\/site\/#\/schema\/person\/36ab0979449956132d3e5b517ea76ac8"},"headline":"Escrit\u00f3rio de neg\u00f3cios aproxima BRB do comerciante e comerci\u00e1rio","datePublished":"2024-05-28T03:08:06+00:00","dateModified":"2024-05-28T14:15:37+00:00","mainEntityOfPage":{"@id":"https:\/\/www.notibras.com\/site\/escritorio-de-negocios-aproxima-brb-do-comerciante-e-comerciario\/"},"wordCount":518,"publisher":{"@id":"https:\/\/www.notibras.com\/site\/#organization"},"image":{"@id":"https:\/\/www.notibras.com\/site\/escritorio-de-negocios-aproxima-brb-do-comerciante-e-comerciario\/#primaryimage"},"thumbnailUrl":"https:\/\/www.notibras.com\/site\/wp-content\/uploads\/2024\/05\/53751488135_c05b056a10_c.jpg","articleSection":["Quadradinho em Foco"],"inLanguage":"pt-BR"},{"@type":"WebPage","@id":"https:\/\/www.notibras.com\/site\/escritorio-de-negocios-aproxima-brb-do-comerciante-e-comerciario\/","url":"https:\/\/www.notibras.com\/site\/escritorio-de-negocios-aproxima-brb-do-comerciante-e-comerciario\/","name":"Escrit\u00f3rio de neg\u00f3cios aproxima BRB do comerciante e comerci\u00e1rio - Notibras","isPartOf":{"@id":"https:\/\/www.notibras.com\/site\/#website"},"primaryImageOfPage":{"@id":"https:\/\/www.notibras.com\/site\/escritorio-de-negocios-aproxima-brb-do-comerciante-e-comerciario\/#primaryimage"},"image":{"@id":"https:\/\/www.notibras.com\/site\/escritorio-de-negocios-aproxima-brb-do-comerciante-e-comerciario\/#primaryimage"},"thumbnailUrl":"https:\/\/www.notibras.com\/site\/wp-content\/uploads\/2024\/05\/53751488135_c05b056a10_c.jpg","datePublished":"2024-05-28T03:08:06+00:00","dateModified":"2024-05-28T14:15:37+00:00","breadcrumb":{"@id":"https:\/\/www.notibras.com\/site\/escritorio-de-negocios-aproxima-brb-do-comerciante-e-comerciario\/#breadcrumb"},"inLanguage":"pt-BR","potentialAction":[{"@type":"ReadAction","target":["https:\/\/www.notibras.com\/site\/escritorio-de-negocios-aproxima-brb-do-comerciante-e-comerciario\/"]}]},{"@type":"ImageObject","inLanguage":"pt-BR","@id":"https:\/\/www.notibras.com\/site\/escritorio-de-negocios-aproxima-brb-do-comerciante-e-comerciario\/#primaryimage","url":"https:\/\/www.notibras.com\/site\/wp-content\/uploads\/2024\/05\/53751488135_c05b056a10_c.jpg","contentUrl":"https:\/\/www.notibras.com\/site\/wp-content\/uploads\/2024\/05\/53751488135_c05b056a10_c.jpg","width":799,"height":533},{"@type":"BreadcrumbList","@id":"https:\/\/www.notibras.com\/site\/escritorio-de-negocios-aproxima-brb-do-comerciante-e-comerciario\/#breadcrumb","itemListElement":[{"@type":"ListItem","position":1,"name":"In\u00edcio","item":"https:\/\/www.notibras.com\/site\/"},{"@type":"ListItem","position":2,"name":"Escrit\u00f3rio de neg\u00f3cios aproxima BRB do comerciante e comerci\u00e1rio"}]},{"@type":"WebSite","@id":"https:\/\/www.notibras.com\/site\/#website","url":"https:\/\/www.notibras.com\/site\/","name":"Notibras","description":"Not\u00edcias de Bras\u00edlia, do Brasil e do Mundo","publisher":{"@id":"https:\/\/www.notibras.com\/site\/#organization"},"potentialAction":[{"@type":"SearchAction","target":{"@type":"EntryPoint","urlTemplate":"https:\/\/www.notibras.com\/site\/?s={search_term_string}"},"query-input":{"@type":"PropertyValueSpecification","valueRequired":true,"valueName":"search_term_string"}}],"inLanguage":"pt-BR"},{"@type":"Organization","@id":"https:\/\/www.notibras.com\/site\/#organization","name":"Grupo Notibras de Comunica\u00e7\u00e3o","url":"https:\/\/www.notibras.com\/site\/","logo":{"@type":"ImageObject","inLanguage":"pt-BR","@id":"https:\/\/www.notibras.com\/site\/#\/schema\/logo\/image\/","url":"https:\/\/www.notibras.com\/site\/wp-content\/uploads\/2023\/01\/notibras23.png","contentUrl":"https:\/\/www.notibras.com\/site\/wp-content\/uploads\/2023\/01\/notibras23.png","width":350,"height":87,"caption":"Grupo Notibras de Comunica\u00e7\u00e3o"},"image":{"@id":"https:\/\/www.notibras.com\/site\/#\/schema\/logo\/image\/"},"sameAs":["https:\/\/www.facebook.com\/notibras\/","https:\/\/x.com\/Notibras","https:\/\/www.instagram.com\/notibras\/"]},{"@type":"Person","@id":"https:\/\/www.notibras.com\/site\/#\/schema\/person\/36ab0979449956132d3e5b517ea76ac8","name":"Reda\u00e7\u00e3o","image":{"@type":"ImageObject","inLanguage":"pt-BR","@id":"https:\/\/secure.gravatar.com\/avatar\/e0a867bdedb85fd243eadf09663511f96fc81e0720a4a42581f334ad4303aa6b?s=96&d=mm&r=g","url":"https:\/\/secure.gravatar.com\/avatar\/e0a867bdedb85fd243eadf09663511f96fc81e0720a4a42581f334ad4303aa6b?s=96&d=mm&r=g","contentUrl":"https:\/\/secure.gravatar.com\/avatar\/e0a867bdedb85fd243eadf09663511f96fc81e0720a4a42581f334ad4303aa6b?s=96&d=mm&r=g","caption":"Reda\u00e7\u00e3o"}}]}},"amp_enabled":true,"_links":{"self":[{"href":"https:\/\/www.notibras.com\/site\/wp-json\/wp\/v2\/posts\/329740","targetHints":{"allow":["GET"]}}],"collection":[{"href":"https:\/\/www.notibras.com\/site\/wp-json\/wp\/v2\/posts"}],"about":[{"href":"https:\/\/www.notibras.com\/site\/wp-json\/wp\/v2\/types\/post"}],"author":[{"embeddable":true,"href":"https:\/\/www.notibras.com\/site\/wp-json\/wp\/v2\/users\/2"}],"replies":[{"embeddable":true,"href":"https:\/\/www.notibras.com\/site\/wp-json\/wp\/v2\/comments?post=329740"}],"version-history":[{"count":1,"href":"https:\/\/www.notibras.com\/site\/wp-json\/wp\/v2\/posts\/329740\/revisions"}],"predecessor-version":[{"id":329742,"href":"https:\/\/www.notibras.com\/site\/wp-json\/wp\/v2\/posts\/329740\/revisions\/329742"}],"wp:featuredmedia":[{"embeddable":true,"href":"https:\/\/www.notibras.com\/site\/wp-json\/wp\/v2\/media\/329741"}],"wp:attachment":[{"href":"https:\/\/www.notibras.com\/site\/wp-json\/wp\/v2\/media?parent=329740"}],"wp:term":[{"taxonomy":"category","embeddable":true,"href":"https:\/\/www.notibras.com\/site\/wp-json\/wp\/v2\/categories?post=329740"},{"taxonomy":"post_tag","embeddable":true,"href":"https:\/\/www.notibras.com\/site\/wp-json\/wp\/v2\/tags?post=329740"}],"curies":[{"name":"wp","href":"https:\/\/api.w.org\/{rel}","templated":true}]}}