{"id":329743,"date":"2024-05-28T00:00:59","date_gmt":"2024-05-28T03:00:59","guid":{"rendered":"https:\/\/www.notibras.com\/site\/?p=329743"},"modified":"2024-05-28T11:20:24","modified_gmt":"2024-05-28T14:20:24","slug":"saude-cria-programa-de-cuidados-a-populacoes-vulneraveis","status":"publish","type":"post","link":"https:\/\/www.notibras.com\/site\/saude-cria-programa-de-cuidados-a-populacoes-vulneraveis\/","title":{"rendered":"Sa\u00fade cria programa de cuidados a popula\u00e7\u00f5es vulner\u00e1veis"},"content":{"rendered":"<p>A Secretaria de Sa\u00fade acaba de criar o Programa Expedi\u00e7\u00e3o Cuidar. Por meio da iniciativa, a\u00e7\u00f5es itinerantes passam a levar atendimento multiprofissional, exames laboratoriais, medicamentos da farm\u00e1cia b\u00e1sica e outros procedimentos a popula\u00e7\u00f5es vulner\u00e1veis.<\/p>\n<p>\u201cQueremos oferecer servi\u00e7os de assist\u00eancia, preven\u00e7\u00e3o e promo\u00e7\u00e3o \u00e0 sa\u00fade em comunidades e regi\u00f5es com maior dificuldade de acesso\u201d, ressalta a coordenadora de Aten\u00e7\u00e3o Prim\u00e1ria \u00e0 Sa\u00fade da SES-DF, Sandra Fran\u00e7a.<\/p>\n<p>O programa ir\u00e1 ofertar atendimento multiprofissional, exames, medicamentos e outros procedimentos em \u00e1reas com alta vulnerabilidade e de dif\u00edcil acesso | Foto: Arquivo\/Ag\u00eancia Sa\u00fade-DF<\/p>\n<p>Trata-se de uma iniciativa que busca conectar programas de sa\u00fade itinerantes com as equipes de Sa\u00fade da Fam\u00edlia, de Consult\u00f3rios na Rua, de Sa\u00fade Bucal, de Pr\u00e1ticas Integrativas e e-Multi. Segundo a coordenadora, as a\u00e7\u00f5es devem ser colocadas em pr\u00e1tica ainda neste ano. \u201cEstamos finalizando os preparativos log\u00edsticos e operacionais\u201d, acrescenta.<\/p>\n<p><strong>Diretrizes<\/strong><br \/>\nO Expedi\u00e7\u00e3o Cuidar est\u00e1 alinhado aos princ\u00edpios estabelecidos pela Lei Nacional n\u00ba 13.019\/2014 e o Decreto Distrital n\u00ba 37.843\/2016, que promovem a coopera\u00e7\u00e3o entre o poder p\u00fablico e as organiza\u00e7\u00f5es da sociedade civil para alcan\u00e7ar finalidades de interesse p\u00fablico e rec\u00edproco.<\/p>\n<p>A iniciativa se inspira ainda nas diretrizes do Programa Brasil Saud\u00e1vel \u2013 Unir para Cuidar, que visa eliminar doen\u00e7as socialmente determinadas at\u00e9 2030, em alinhamento com os Objetivos de Desenvolvimento Sustent\u00e1vel da Organiza\u00e7\u00e3o das Na\u00e7\u00f5es Unidas (ONU).<\/p>\n","protected":false},"excerpt":{"rendered":"<p>A Secretaria de Sa\u00fade acaba de criar o Programa Expedi\u00e7\u00e3o Cuidar. Por meio da iniciativa, a\u00e7\u00f5es itinerantes passam a levar atendimento multiprofissional, exames laboratoriais, medicamentos da farm\u00e1cia b\u00e1sica e outros procedimentos a popula\u00e7\u00f5es vulner\u00e1veis. \u201cQueremos oferecer servi\u00e7os de assist\u00eancia, preven\u00e7\u00e3o e promo\u00e7\u00e3o \u00e0 sa\u00fade em comunidades e regi\u00f5es com maior dificuldade de acesso\u201d, ressalta a [&hellip;]<\/p>\n","protected":false},"author":2,"featured_media":329744,"comment_status":"closed","ping_status":"closed","sticky":false,"template":"","format":"standard","meta":{"_acf_changed":false,"footnotes":""},"categories":[161],"tags":[],"class_list":["post-329743","post","type-post","status-publish","format-standard","has-post-thumbnail","hentry","category-quadradinho-em-foco"],"acf":[],"yoast_head":"<!-- This site is optimized with the Yoast SEO plugin v27.5 - https:\/\/yoast.com\/product\/yoast-seo-wordpress\/ -->\n<title>Sa\u00fade cria programa de cuidados a popula\u00e7\u00f5es vulner\u00e1veis - Notibras<\/title>\n<meta name=\"robots\" content=\"index, follow, max-snippet:-1, max-image-preview:large, max-video-preview:-1\" \/>\n<link rel=\"canonical\" href=\"https:\/\/www.notibras.com\/site\/saude-cria-programa-de-cuidados-a-populacoes-vulneraveis\/\" \/>\n<meta property=\"og:locale\" content=\"pt_BR\" \/>\n<meta property=\"og:type\" content=\"article\" \/>\n<meta property=\"og:title\" content=\"Sa\u00fade cria programa de cuidados a popula\u00e7\u00f5es vulner\u00e1veis - Notibras\" \/>\n<meta property=\"og:description\" content=\"A Secretaria de Sa\u00fade acaba de criar o Programa Expedi\u00e7\u00e3o Cuidar. Por meio da iniciativa, a\u00e7\u00f5es itinerantes passam a levar atendimento multiprofissional, exames laboratoriais, medicamentos da farm\u00e1cia b\u00e1sica e outros procedimentos a popula\u00e7\u00f5es vulner\u00e1veis. \u201cQueremos oferecer servi\u00e7os de assist\u00eancia, preven\u00e7\u00e3o e promo\u00e7\u00e3o \u00e0 sa\u00fade em comunidades e regi\u00f5es com maior dificuldade de acesso\u201d, ressalta a [&hellip;]\" \/>\n<meta property=\"og:url\" content=\"https:\/\/www.notibras.com\/site\/saude-cria-programa-de-cuidados-a-populacoes-vulneraveis\/\" \/>\n<meta property=\"og:site_name\" content=\"Notibras\" \/>\n<meta property=\"article:publisher\" content=\"https:\/\/www.facebook.com\/notibras\/\" \/>\n<meta property=\"article:published_time\" content=\"2024-05-28T03:00:59+00:00\" \/>\n<meta property=\"article:modified_time\" content=\"2024-05-28T14:20:24+00:00\" \/>\n<meta property=\"og:image\" content=\"https:\/\/www.notibras.com\/site\/wp-content\/uploads\/2024\/05\/Foto_Mariana-Raphael_Arquivo_Agencia-Saude-DF.jpg\" \/>\n\t<meta property=\"og:image:width\" content=\"1200\" \/>\n\t<meta property=\"og:image:height\" content=\"800\" \/>\n\t<meta property=\"og:image:type\" content=\"image\/jpeg\" \/>\n<meta name=\"author\" content=\"Reda\u00e7\u00e3o\" \/>\n<meta name=\"twitter:card\" content=\"summary_large_image\" \/>\n<meta name=\"twitter:creator\" content=\"@Notibras\" \/>\n<meta name=\"twitter:site\" content=\"@Notibras\" \/>\n<meta name=\"twitter:label1\" content=\"Escrito por\" \/>\n\t<meta name=\"twitter:data1\" content=\"Reda\u00e7\u00e3o\" \/>\n\t<meta name=\"twitter:label2\" content=\"Est. tempo de leitura\" \/>\n\t<meta name=\"twitter:data2\" content=\"2 minutos\" \/>\n<script type=\"application\/ld+json\" class=\"yoast-schema-graph\">{\"@context\":\"https:\\\/\\\/schema.org\",\"@graph\":[{\"@type\":\"Article\",\"@id\":\"https:\\\/\\\/www.notibras.com\\\/site\\\/saude-cria-programa-de-cuidados-a-populacoes-vulneraveis\\\/#article\",\"isPartOf\":{\"@id\":\"https:\\\/\\\/www.notibras.com\\\/site\\\/saude-cria-programa-de-cuidados-a-populacoes-vulneraveis\\\/\"},\"author\":{\"name\":\"Reda\u00e7\u00e3o\",\"@id\":\"https:\\\/\\\/www.notibras.com\\\/site\\\/#\\\/schema\\\/person\\\/36ab0979449956132d3e5b517ea76ac8\"},\"headline\":\"Sa\u00fade cria programa de cuidados a popula\u00e7\u00f5es vulner\u00e1veis\",\"datePublished\":\"2024-05-28T03:00:59+00:00\",\"dateModified\":\"2024-05-28T14:20:24+00:00\",\"mainEntityOfPage\":{\"@id\":\"https:\\\/\\\/www.notibras.com\\\/site\\\/saude-cria-programa-de-cuidados-a-populacoes-vulneraveis\\\/\"},\"wordCount\":266,\"publisher\":{\"@id\":\"https:\\\/\\\/www.notibras.com\\\/site\\\/#organization\"},\"image\":{\"@id\":\"https:\\\/\\\/www.notibras.com\\\/site\\\/saude-cria-programa-de-cuidados-a-populacoes-vulneraveis\\\/#primaryimage\"},\"thumbnailUrl\":\"https:\\\/\\\/www.notibras.com\\\/site\\\/wp-content\\\/uploads\\\/2024\\\/05\\\/Foto_Mariana-Raphael_Arquivo_Agencia-Saude-DF.jpg\",\"articleSection\":[\"Quadradinho em Foco\"],\"inLanguage\":\"pt-BR\"},{\"@type\":\"WebPage\",\"@id\":\"https:\\\/\\\/www.notibras.com\\\/site\\\/saude-cria-programa-de-cuidados-a-populacoes-vulneraveis\\\/\",\"url\":\"https:\\\/\\\/www.notibras.com\\\/site\\\/saude-cria-programa-de-cuidados-a-populacoes-vulneraveis\\\/\",\"name\":\"Sa\u00fade cria programa de cuidados a popula\u00e7\u00f5es vulner\u00e1veis - Notibras\",\"isPartOf\":{\"@id\":\"https:\\\/\\\/www.notibras.com\\\/site\\\/#website\"},\"primaryImageOfPage\":{\"@id\":\"https:\\\/\\\/www.notibras.com\\\/site\\\/saude-cria-programa-de-cuidados-a-populacoes-vulneraveis\\\/#primaryimage\"},\"image\":{\"@id\":\"https:\\\/\\\/www.notibras.com\\\/site\\\/saude-cria-programa-de-cuidados-a-populacoes-vulneraveis\\\/#primaryimage\"},\"thumbnailUrl\":\"https:\\\/\\\/www.notibras.com\\\/site\\\/wp-content\\\/uploads\\\/2024\\\/05\\\/Foto_Mariana-Raphael_Arquivo_Agencia-Saude-DF.jpg\",\"datePublished\":\"2024-05-28T03:00:59+00:00\",\"dateModified\":\"2024-05-28T14:20:24+00:00\",\"breadcrumb\":{\"@id\":\"https:\\\/\\\/www.notibras.com\\\/site\\\/saude-cria-programa-de-cuidados-a-populacoes-vulneraveis\\\/#breadcrumb\"},\"inLanguage\":\"pt-BR\",\"potentialAction\":[{\"@type\":\"ReadAction\",\"target\":[\"https:\\\/\\\/www.notibras.com\\\/site\\\/saude-cria-programa-de-cuidados-a-populacoes-vulneraveis\\\/\"]}]},{\"@type\":\"ImageObject\",\"inLanguage\":\"pt-BR\",\"@id\":\"https:\\\/\\\/www.notibras.com\\\/site\\\/saude-cria-programa-de-cuidados-a-populacoes-vulneraveis\\\/#primaryimage\",\"url\":\"https:\\\/\\\/www.notibras.com\\\/site\\\/wp-content\\\/uploads\\\/2024\\\/05\\\/Foto_Mariana-Raphael_Arquivo_Agencia-Saude-DF.jpg\",\"contentUrl\":\"https:\\\/\\\/www.notibras.com\\\/site\\\/wp-content\\\/uploads\\\/2024\\\/05\\\/Foto_Mariana-Raphael_Arquivo_Agencia-Saude-DF.jpg\",\"width\":1200,\"height\":800},{\"@type\":\"BreadcrumbList\",\"@id\":\"https:\\\/\\\/www.notibras.com\\\/site\\\/saude-cria-programa-de-cuidados-a-populacoes-vulneraveis\\\/#breadcrumb\",\"itemListElement\":[{\"@type\":\"ListItem\",\"position\":1,\"name\":\"In\u00edcio\",\"item\":\"https:\\\/\\\/www.notibras.com\\\/site\\\/\"},{\"@type\":\"ListItem\",\"position\":2,\"name\":\"Sa\u00fade cria programa de cuidados a popula\u00e7\u00f5es vulner\u00e1veis\"}]},{\"@type\":\"WebSite\",\"@id\":\"https:\\\/\\\/www.notibras.com\\\/site\\\/#website\",\"url\":\"https:\\\/\\\/www.notibras.com\\\/site\\\/\",\"name\":\"Notibras\",\"description\":\"Not\u00edcias de Bras\u00edlia, do Brasil e do Mundo\",\"publisher\":{\"@id\":\"https:\\\/\\\/www.notibras.com\\\/site\\\/#organization\"},\"potentialAction\":[{\"@type\":\"SearchAction\",\"target\":{\"@type\":\"EntryPoint\",\"urlTemplate\":\"https:\\\/\\\/www.notibras.com\\\/site\\\/?s={search_term_string}\"},\"query-input\":{\"@type\":\"PropertyValueSpecification\",\"valueRequired\":true,\"valueName\":\"search_term_string\"}}],\"inLanguage\":\"pt-BR\"},{\"@type\":\"Organization\",\"@id\":\"https:\\\/\\\/www.notibras.com\\\/site\\\/#organization\",\"name\":\"Grupo Notibras de Comunica\u00e7\u00e3o\",\"url\":\"https:\\\/\\\/www.notibras.com\\\/site\\\/\",\"logo\":{\"@type\":\"ImageObject\",\"inLanguage\":\"pt-BR\",\"@id\":\"https:\\\/\\\/www.notibras.com\\\/site\\\/#\\\/schema\\\/logo\\\/image\\\/\",\"url\":\"https:\\\/\\\/www.notibras.com\\\/site\\\/wp-content\\\/uploads\\\/2023\\\/01\\\/notibras23.png\",\"contentUrl\":\"https:\\\/\\\/www.notibras.com\\\/site\\\/wp-content\\\/uploads\\\/2023\\\/01\\\/notibras23.png\",\"width\":350,\"height\":87,\"caption\":\"Grupo Notibras de Comunica\u00e7\u00e3o\"},\"image\":{\"@id\":\"https:\\\/\\\/www.notibras.com\\\/site\\\/#\\\/schema\\\/logo\\\/image\\\/\"},\"sameAs\":[\"https:\\\/\\\/www.facebook.com\\\/notibras\\\/\",\"https:\\\/\\\/x.com\\\/Notibras\",\"https:\\\/\\\/www.instagram.com\\\/notibras\\\/\"]},{\"@type\":\"Person\",\"@id\":\"https:\\\/\\\/www.notibras.com\\\/site\\\/#\\\/schema\\\/person\\\/36ab0979449956132d3e5b517ea76ac8\",\"name\":\"Reda\u00e7\u00e3o\",\"image\":{\"@type\":\"ImageObject\",\"inLanguage\":\"pt-BR\",\"@id\":\"https:\\\/\\\/secure.gravatar.com\\\/avatar\\\/e0a867bdedb85fd243eadf09663511f96fc81e0720a4a42581f334ad4303aa6b?s=96&d=mm&r=g\",\"url\":\"https:\\\/\\\/secure.gravatar.com\\\/avatar\\\/e0a867bdedb85fd243eadf09663511f96fc81e0720a4a42581f334ad4303aa6b?s=96&d=mm&r=g\",\"contentUrl\":\"https:\\\/\\\/secure.gravatar.com\\\/avatar\\\/e0a867bdedb85fd243eadf09663511f96fc81e0720a4a42581f334ad4303aa6b?s=96&d=mm&r=g\",\"caption\":\"Reda\u00e7\u00e3o\"}}]}<\/script>\n<!-- \/ Yoast SEO plugin. -->","yoast_head_json":{"title":"Sa\u00fade cria programa de cuidados a popula\u00e7\u00f5es vulner\u00e1veis - Notibras","robots":{"index":"index","follow":"follow","max-snippet":"max-snippet:-1","max-image-preview":"max-image-preview:large","max-video-preview":"max-video-preview:-1"},"canonical":"https:\/\/www.notibras.com\/site\/saude-cria-programa-de-cuidados-a-populacoes-vulneraveis\/","og_locale":"pt_BR","og_type":"article","og_title":"Sa\u00fade cria programa de cuidados a popula\u00e7\u00f5es vulner\u00e1veis - Notibras","og_description":"A Secretaria de Sa\u00fade acaba de criar o Programa Expedi\u00e7\u00e3o Cuidar. Por meio da iniciativa, a\u00e7\u00f5es itinerantes passam a levar atendimento multiprofissional, exames laboratoriais, medicamentos da farm\u00e1cia b\u00e1sica e outros procedimentos a popula\u00e7\u00f5es vulner\u00e1veis. \u201cQueremos oferecer servi\u00e7os de assist\u00eancia, preven\u00e7\u00e3o e promo\u00e7\u00e3o \u00e0 sa\u00fade em comunidades e regi\u00f5es com maior dificuldade de acesso\u201d, ressalta a [&hellip;]","og_url":"https:\/\/www.notibras.com\/site\/saude-cria-programa-de-cuidados-a-populacoes-vulneraveis\/","og_site_name":"Notibras","article_publisher":"https:\/\/www.facebook.com\/notibras\/","article_published_time":"2024-05-28T03:00:59+00:00","article_modified_time":"2024-05-28T14:20:24+00:00","og_image":[{"width":1200,"height":800,"url":"https:\/\/www.notibras.com\/site\/wp-content\/uploads\/2024\/05\/Foto_Mariana-Raphael_Arquivo_Agencia-Saude-DF.jpg","type":"image\/jpeg"}],"author":"Reda\u00e7\u00e3o","twitter_card":"summary_large_image","twitter_creator":"@Notibras","twitter_site":"@Notibras","twitter_misc":{"Escrito por":"Reda\u00e7\u00e3o","Est. tempo de leitura":"2 minutos"},"schema":{"@context":"https:\/\/schema.org","@graph":[{"@type":"Article","@id":"https:\/\/www.notibras.com\/site\/saude-cria-programa-de-cuidados-a-populacoes-vulneraveis\/#article","isPartOf":{"@id":"https:\/\/www.notibras.com\/site\/saude-cria-programa-de-cuidados-a-populacoes-vulneraveis\/"},"author":{"name":"Reda\u00e7\u00e3o","@id":"https:\/\/www.notibras.com\/site\/#\/schema\/person\/36ab0979449956132d3e5b517ea76ac8"},"headline":"Sa\u00fade cria programa de cuidados a popula\u00e7\u00f5es vulner\u00e1veis","datePublished":"2024-05-28T03:00:59+00:00","dateModified":"2024-05-28T14:20:24+00:00","mainEntityOfPage":{"@id":"https:\/\/www.notibras.com\/site\/saude-cria-programa-de-cuidados-a-populacoes-vulneraveis\/"},"wordCount":266,"publisher":{"@id":"https:\/\/www.notibras.com\/site\/#organization"},"image":{"@id":"https:\/\/www.notibras.com\/site\/saude-cria-programa-de-cuidados-a-populacoes-vulneraveis\/#primaryimage"},"thumbnailUrl":"https:\/\/www.notibras.com\/site\/wp-content\/uploads\/2024\/05\/Foto_Mariana-Raphael_Arquivo_Agencia-Saude-DF.jpg","articleSection":["Quadradinho em Foco"],"inLanguage":"pt-BR"},{"@type":"WebPage","@id":"https:\/\/www.notibras.com\/site\/saude-cria-programa-de-cuidados-a-populacoes-vulneraveis\/","url":"https:\/\/www.notibras.com\/site\/saude-cria-programa-de-cuidados-a-populacoes-vulneraveis\/","name":"Sa\u00fade cria programa de cuidados a popula\u00e7\u00f5es vulner\u00e1veis - Notibras","isPartOf":{"@id":"https:\/\/www.notibras.com\/site\/#website"},"primaryImageOfPage":{"@id":"https:\/\/www.notibras.com\/site\/saude-cria-programa-de-cuidados-a-populacoes-vulneraveis\/#primaryimage"},"image":{"@id":"https:\/\/www.notibras.com\/site\/saude-cria-programa-de-cuidados-a-populacoes-vulneraveis\/#primaryimage"},"thumbnailUrl":"https:\/\/www.notibras.com\/site\/wp-content\/uploads\/2024\/05\/Foto_Mariana-Raphael_Arquivo_Agencia-Saude-DF.jpg","datePublished":"2024-05-28T03:00:59+00:00","dateModified":"2024-05-28T14:20:24+00:00","breadcrumb":{"@id":"https:\/\/www.notibras.com\/site\/saude-cria-programa-de-cuidados-a-populacoes-vulneraveis\/#breadcrumb"},"inLanguage":"pt-BR","potentialAction":[{"@type":"ReadAction","target":["https:\/\/www.notibras.com\/site\/saude-cria-programa-de-cuidados-a-populacoes-vulneraveis\/"]}]},{"@type":"ImageObject","inLanguage":"pt-BR","@id":"https:\/\/www.notibras.com\/site\/saude-cria-programa-de-cuidados-a-populacoes-vulneraveis\/#primaryimage","url":"https:\/\/www.notibras.com\/site\/wp-content\/uploads\/2024\/05\/Foto_Mariana-Raphael_Arquivo_Agencia-Saude-DF.jpg","contentUrl":"https:\/\/www.notibras.com\/site\/wp-content\/uploads\/2024\/05\/Foto_Mariana-Raphael_Arquivo_Agencia-Saude-DF.jpg","width":1200,"height":800},{"@type":"BreadcrumbList","@id":"https:\/\/www.notibras.com\/site\/saude-cria-programa-de-cuidados-a-populacoes-vulneraveis\/#breadcrumb","itemListElement":[{"@type":"ListItem","position":1,"name":"In\u00edcio","item":"https:\/\/www.notibras.com\/site\/"},{"@type":"ListItem","position":2,"name":"Sa\u00fade cria programa de cuidados a popula\u00e7\u00f5es vulner\u00e1veis"}]},{"@type":"WebSite","@id":"https:\/\/www.notibras.com\/site\/#website","url":"https:\/\/www.notibras.com\/site\/","name":"Notibras","description":"Not\u00edcias de Bras\u00edlia, do Brasil e do Mundo","publisher":{"@id":"https:\/\/www.notibras.com\/site\/#organization"},"potentialAction":[{"@type":"SearchAction","target":{"@type":"EntryPoint","urlTemplate":"https:\/\/www.notibras.com\/site\/?s={search_term_string}"},"query-input":{"@type":"PropertyValueSpecification","valueRequired":true,"valueName":"search_term_string"}}],"inLanguage":"pt-BR"},{"@type":"Organization","@id":"https:\/\/www.notibras.com\/site\/#organization","name":"Grupo Notibras de Comunica\u00e7\u00e3o","url":"https:\/\/www.notibras.com\/site\/","logo":{"@type":"ImageObject","inLanguage":"pt-BR","@id":"https:\/\/www.notibras.com\/site\/#\/schema\/logo\/image\/","url":"https:\/\/www.notibras.com\/site\/wp-content\/uploads\/2023\/01\/notibras23.png","contentUrl":"https:\/\/www.notibras.com\/site\/wp-content\/uploads\/2023\/01\/notibras23.png","width":350,"height":87,"caption":"Grupo Notibras de Comunica\u00e7\u00e3o"},"image":{"@id":"https:\/\/www.notibras.com\/site\/#\/schema\/logo\/image\/"},"sameAs":["https:\/\/www.facebook.com\/notibras\/","https:\/\/x.com\/Notibras","https:\/\/www.instagram.com\/notibras\/"]},{"@type":"Person","@id":"https:\/\/www.notibras.com\/site\/#\/schema\/person\/36ab0979449956132d3e5b517ea76ac8","name":"Reda\u00e7\u00e3o","image":{"@type":"ImageObject","inLanguage":"pt-BR","@id":"https:\/\/secure.gravatar.com\/avatar\/e0a867bdedb85fd243eadf09663511f96fc81e0720a4a42581f334ad4303aa6b?s=96&d=mm&r=g","url":"https:\/\/secure.gravatar.com\/avatar\/e0a867bdedb85fd243eadf09663511f96fc81e0720a4a42581f334ad4303aa6b?s=96&d=mm&r=g","contentUrl":"https:\/\/secure.gravatar.com\/avatar\/e0a867bdedb85fd243eadf09663511f96fc81e0720a4a42581f334ad4303aa6b?s=96&d=mm&r=g","caption":"Reda\u00e7\u00e3o"}}]}},"amp_enabled":true,"_links":{"self":[{"href":"https:\/\/www.notibras.com\/site\/wp-json\/wp\/v2\/posts\/329743","targetHints":{"allow":["GET"]}}],"collection":[{"href":"https:\/\/www.notibras.com\/site\/wp-json\/wp\/v2\/posts"}],"about":[{"href":"https:\/\/www.notibras.com\/site\/wp-json\/wp\/v2\/types\/post"}],"author":[{"embeddable":true,"href":"https:\/\/www.notibras.com\/site\/wp-json\/wp\/v2\/users\/2"}],"replies":[{"embeddable":true,"href":"https:\/\/www.notibras.com\/site\/wp-json\/wp\/v2\/comments?post=329743"}],"version-history":[{"count":1,"href":"https:\/\/www.notibras.com\/site\/wp-json\/wp\/v2\/posts\/329743\/revisions"}],"predecessor-version":[{"id":329745,"href":"https:\/\/www.notibras.com\/site\/wp-json\/wp\/v2\/posts\/329743\/revisions\/329745"}],"wp:featuredmedia":[{"embeddable":true,"href":"https:\/\/www.notibras.com\/site\/wp-json\/wp\/v2\/media\/329744"}],"wp:attachment":[{"href":"https:\/\/www.notibras.com\/site\/wp-json\/wp\/v2\/media?parent=329743"}],"wp:term":[{"taxonomy":"category","embeddable":true,"href":"https:\/\/www.notibras.com\/site\/wp-json\/wp\/v2\/categories?post=329743"},{"taxonomy":"post_tag","embeddable":true,"href":"https:\/\/www.notibras.com\/site\/wp-json\/wp\/v2\/tags?post=329743"}],"curies":[{"name":"wp","href":"https:\/\/api.w.org\/{rel}","templated":true}]}}