{"id":329764,"date":"2024-05-29T00:32:42","date_gmt":"2024-05-29T03:32:42","guid":{"rendered":"https:\/\/www.notibras.com\/site\/?p=329764"},"modified":"2024-05-29T04:37:40","modified_gmt":"2024-05-29T07:37:40","slug":"fux-poe-fim-a-machismo-e-impoe-mulheres-na-pm-goiana","status":"publish","type":"post","link":"https:\/\/www.notibras.com\/site\/fux-poe-fim-a-machismo-e-impoe-mulheres-na-pm-goiana\/","title":{"rendered":"Fux p\u00f5e fim a machismo e imp\u00f5e mulheres na PM goiana"},"content":{"rendered":"<p>O ministro Luiz Fux, do Supremo Tribunal Federal (STF), determinou nesta ter\u00e7a-feira (28) que mulheres sejam inclu\u00eddas na lista de aprovados no concurso para a Policia Militar e Bombeiros de Goi\u00e1s.<\/p>\n<p>A medida foi tomada ap\u00f3s diversas candidatas alegarem que o governo estadual descumpriu decis\u00e3o anterior do ministro que proibiu a restri\u00e7\u00e3o de 10% das vagas para mulheres, que devem concorrer entre as vagas de ampla concorr\u00eancia.<\/p>\n<p>Pela nova decis\u00e3o, as mulheres devem ser classificadas de acordo com a nota tirada na prova e n\u00e3o podem ser preteridas por candidatos homens que tiveram desempenho inferior.<\/p>\n<p>\u201cEste STF conta com in\u00fameros precedentes no sentido de que as restri\u00e7\u00f5es para ingresso de mulheres nos concursos p\u00fablicos para provimento de cargos da Pol\u00edcia Militar e do Corpo de Bombeiros afrontam os princ\u00edpios da isonomia, da igualdade de g\u00eanero, da universalidade de acesso aos cargos p\u00fablicos e da reserva legal\u201d, afirmou Fux.<\/p>\n<p>Em outubro do ano passado, a Procuradoria-Geral da Rep\u00fablica (PGR) entrou com 14 a\u00e7\u00f5es no Supremo para contestar leis que limitam a participa\u00e7\u00e3o de mulheres em concursos p\u00fablicos para a Pol\u00edcia Militar e o Corpo de Bombeiros. Em geral, a restri\u00e7\u00e3o prevista nos editais \u00e9 de 10% para mulheres.<\/p>\n<p>Em outras decis\u00f5es, liminares de ministros do Supremo j\u00e1 suspenderam concursos da PM no Par\u00e1, no Rio de Janeiro, Santa Catarina e Distrito Federal.<\/p>\n","protected":false},"excerpt":{"rendered":"<p>O ministro Luiz Fux, do Supremo Tribunal Federal (STF), determinou nesta ter\u00e7a-feira (28) que mulheres sejam inclu\u00eddas na lista de aprovados no concurso para a Policia Militar e Bombeiros de Goi\u00e1s. A medida foi tomada ap\u00f3s diversas candidatas alegarem que o governo estadual descumpriu decis\u00e3o anterior do ministro que proibiu a restri\u00e7\u00e3o de 10% das [&hellip;]<\/p>\n","protected":false},"author":2,"featured_media":307380,"comment_status":"closed","ping_status":"closed","sticky":false,"template":"","format":"standard","meta":{"_acf_changed":false,"footnotes":""},"categories":[161],"tags":[],"class_list":["post-329764","post","type-post","status-publish","format-standard","has-post-thumbnail","hentry","category-quadradinho-em-foco"],"acf":[],"yoast_head":"<!-- This site is optimized with the Yoast SEO plugin v27.5 - https:\/\/yoast.com\/product\/yoast-seo-wordpress\/ -->\n<title>Fux p\u00f5e fim a machismo e imp\u00f5e mulheres na PM goiana - Notibras<\/title>\n<meta name=\"robots\" content=\"index, follow, max-snippet:-1, max-image-preview:large, max-video-preview:-1\" \/>\n<link rel=\"canonical\" href=\"https:\/\/www.notibras.com\/site\/fux-poe-fim-a-machismo-e-impoe-mulheres-na-pm-goiana\/\" \/>\n<meta property=\"og:locale\" content=\"pt_BR\" \/>\n<meta property=\"og:type\" content=\"article\" \/>\n<meta property=\"og:title\" content=\"Fux p\u00f5e fim a machismo e imp\u00f5e mulheres na PM goiana - Notibras\" \/>\n<meta property=\"og:description\" content=\"O ministro Luiz Fux, do Supremo Tribunal Federal (STF), determinou nesta ter\u00e7a-feira (28) que mulheres sejam inclu\u00eddas na lista de aprovados no concurso para a Policia Militar e Bombeiros de Goi\u00e1s. A medida foi tomada ap\u00f3s diversas candidatas alegarem que o governo estadual descumpriu decis\u00e3o anterior do ministro que proibiu a restri\u00e7\u00e3o de 10% das [&hellip;]\" \/>\n<meta property=\"og:url\" content=\"https:\/\/www.notibras.com\/site\/fux-poe-fim-a-machismo-e-impoe-mulheres-na-pm-goiana\/\" \/>\n<meta property=\"og:site_name\" content=\"Notibras\" \/>\n<meta property=\"article:publisher\" content=\"https:\/\/www.facebook.com\/notibras\/\" \/>\n<meta property=\"article:published_time\" content=\"2024-05-29T03:32:42+00:00\" \/>\n<meta property=\"article:modified_time\" content=\"2024-05-29T07:37:40+00:00\" \/>\n<meta property=\"og:image\" content=\"https:\/\/www.notibras.com\/site\/wp-content\/uploads\/2023\/06\/img_0528.jpg\" \/>\n\t<meta property=\"og:image:width\" content=\"1170\" \/>\n\t<meta property=\"og:image:height\" content=\"700\" \/>\n\t<meta property=\"og:image:type\" content=\"image\/jpeg\" \/>\n<meta name=\"author\" content=\"Reda\u00e7\u00e3o\" \/>\n<meta name=\"twitter:card\" content=\"summary_large_image\" \/>\n<meta name=\"twitter:creator\" content=\"@Notibras\" \/>\n<meta name=\"twitter:site\" content=\"@Notibras\" \/>\n<meta name=\"twitter:label1\" content=\"Escrito por\" \/>\n\t<meta name=\"twitter:data1\" content=\"Reda\u00e7\u00e3o\" \/>\n\t<meta name=\"twitter:label2\" content=\"Est. tempo de leitura\" \/>\n\t<meta name=\"twitter:data2\" content=\"2 minutos\" \/>\n<script type=\"application\/ld+json\" class=\"yoast-schema-graph\">{\"@context\":\"https:\\\/\\\/schema.org\",\"@graph\":[{\"@type\":\"Article\",\"@id\":\"https:\\\/\\\/www.notibras.com\\\/site\\\/fux-poe-fim-a-machismo-e-impoe-mulheres-na-pm-goiana\\\/#article\",\"isPartOf\":{\"@id\":\"https:\\\/\\\/www.notibras.com\\\/site\\\/fux-poe-fim-a-machismo-e-impoe-mulheres-na-pm-goiana\\\/\"},\"author\":{\"name\":\"Reda\u00e7\u00e3o\",\"@id\":\"https:\\\/\\\/www.notibras.com\\\/site\\\/#\\\/schema\\\/person\\\/36ab0979449956132d3e5b517ea76ac8\"},\"headline\":\"Fux p\u00f5e fim a machismo e imp\u00f5e mulheres na PM goiana\",\"datePublished\":\"2024-05-29T03:32:42+00:00\",\"dateModified\":\"2024-05-29T07:37:40+00:00\",\"mainEntityOfPage\":{\"@id\":\"https:\\\/\\\/www.notibras.com\\\/site\\\/fux-poe-fim-a-machismo-e-impoe-mulheres-na-pm-goiana\\\/\"},\"wordCount\":252,\"publisher\":{\"@id\":\"https:\\\/\\\/www.notibras.com\\\/site\\\/#organization\"},\"image\":{\"@id\":\"https:\\\/\\\/www.notibras.com\\\/site\\\/fux-poe-fim-a-machismo-e-impoe-mulheres-na-pm-goiana\\\/#primaryimage\"},\"thumbnailUrl\":\"https:\\\/\\\/www.notibras.com\\\/site\\\/wp-content\\\/uploads\\\/2023\\\/06\\\/img_0528.jpg\",\"articleSection\":[\"Quadradinho em Foco\"],\"inLanguage\":\"pt-BR\"},{\"@type\":\"WebPage\",\"@id\":\"https:\\\/\\\/www.notibras.com\\\/site\\\/fux-poe-fim-a-machismo-e-impoe-mulheres-na-pm-goiana\\\/\",\"url\":\"https:\\\/\\\/www.notibras.com\\\/site\\\/fux-poe-fim-a-machismo-e-impoe-mulheres-na-pm-goiana\\\/\",\"name\":\"Fux p\u00f5e fim a machismo e imp\u00f5e mulheres na PM goiana - Notibras\",\"isPartOf\":{\"@id\":\"https:\\\/\\\/www.notibras.com\\\/site\\\/#website\"},\"primaryImageOfPage\":{\"@id\":\"https:\\\/\\\/www.notibras.com\\\/site\\\/fux-poe-fim-a-machismo-e-impoe-mulheres-na-pm-goiana\\\/#primaryimage\"},\"image\":{\"@id\":\"https:\\\/\\\/www.notibras.com\\\/site\\\/fux-poe-fim-a-machismo-e-impoe-mulheres-na-pm-goiana\\\/#primaryimage\"},\"thumbnailUrl\":\"https:\\\/\\\/www.notibras.com\\\/site\\\/wp-content\\\/uploads\\\/2023\\\/06\\\/img_0528.jpg\",\"datePublished\":\"2024-05-29T03:32:42+00:00\",\"dateModified\":\"2024-05-29T07:37:40+00:00\",\"breadcrumb\":{\"@id\":\"https:\\\/\\\/www.notibras.com\\\/site\\\/fux-poe-fim-a-machismo-e-impoe-mulheres-na-pm-goiana\\\/#breadcrumb\"},\"inLanguage\":\"pt-BR\",\"potentialAction\":[{\"@type\":\"ReadAction\",\"target\":[\"https:\\\/\\\/www.notibras.com\\\/site\\\/fux-poe-fim-a-machismo-e-impoe-mulheres-na-pm-goiana\\\/\"]}]},{\"@type\":\"ImageObject\",\"inLanguage\":\"pt-BR\",\"@id\":\"https:\\\/\\\/www.notibras.com\\\/site\\\/fux-poe-fim-a-machismo-e-impoe-mulheres-na-pm-goiana\\\/#primaryimage\",\"url\":\"https:\\\/\\\/www.notibras.com\\\/site\\\/wp-content\\\/uploads\\\/2023\\\/06\\\/img_0528.jpg\",\"contentUrl\":\"https:\\\/\\\/www.notibras.com\\\/site\\\/wp-content\\\/uploads\\\/2023\\\/06\\\/img_0528.jpg\",\"width\":1170,\"height\":700,\"caption\":\"O presidente do Tribunal Superior Eleitoral (TSE), ministro Luiz Fux, durante aula magna sobre o tema Educa\u00e7\u00e3o e Democracia: Perspectiva 2018, na abertura do curso da p\u00f3s-gradua\u00e7\u00e3o Lato Sensu em Democracia, Direito Eleitoral e Poder Legislativo.\"},{\"@type\":\"BreadcrumbList\",\"@id\":\"https:\\\/\\\/www.notibras.com\\\/site\\\/fux-poe-fim-a-machismo-e-impoe-mulheres-na-pm-goiana\\\/#breadcrumb\",\"itemListElement\":[{\"@type\":\"ListItem\",\"position\":1,\"name\":\"In\u00edcio\",\"item\":\"https:\\\/\\\/www.notibras.com\\\/site\\\/\"},{\"@type\":\"ListItem\",\"position\":2,\"name\":\"Fux p\u00f5e fim a machismo e imp\u00f5e mulheres na PM goiana\"}]},{\"@type\":\"WebSite\",\"@id\":\"https:\\\/\\\/www.notibras.com\\\/site\\\/#website\",\"url\":\"https:\\\/\\\/www.notibras.com\\\/site\\\/\",\"name\":\"Notibras\",\"description\":\"Not\u00edcias de Bras\u00edlia, do Brasil e do Mundo\",\"publisher\":{\"@id\":\"https:\\\/\\\/www.notibras.com\\\/site\\\/#organization\"},\"potentialAction\":[{\"@type\":\"SearchAction\",\"target\":{\"@type\":\"EntryPoint\",\"urlTemplate\":\"https:\\\/\\\/www.notibras.com\\\/site\\\/?s={search_term_string}\"},\"query-input\":{\"@type\":\"PropertyValueSpecification\",\"valueRequired\":true,\"valueName\":\"search_term_string\"}}],\"inLanguage\":\"pt-BR\"},{\"@type\":\"Organization\",\"@id\":\"https:\\\/\\\/www.notibras.com\\\/site\\\/#organization\",\"name\":\"Grupo Notibras de Comunica\u00e7\u00e3o\",\"url\":\"https:\\\/\\\/www.notibras.com\\\/site\\\/\",\"logo\":{\"@type\":\"ImageObject\",\"inLanguage\":\"pt-BR\",\"@id\":\"https:\\\/\\\/www.notibras.com\\\/site\\\/#\\\/schema\\\/logo\\\/image\\\/\",\"url\":\"https:\\\/\\\/www.notibras.com\\\/site\\\/wp-content\\\/uploads\\\/2023\\\/01\\\/notibras23.png\",\"contentUrl\":\"https:\\\/\\\/www.notibras.com\\\/site\\\/wp-content\\\/uploads\\\/2023\\\/01\\\/notibras23.png\",\"width\":350,\"height\":87,\"caption\":\"Grupo Notibras de Comunica\u00e7\u00e3o\"},\"image\":{\"@id\":\"https:\\\/\\\/www.notibras.com\\\/site\\\/#\\\/schema\\\/logo\\\/image\\\/\"},\"sameAs\":[\"https:\\\/\\\/www.facebook.com\\\/notibras\\\/\",\"https:\\\/\\\/x.com\\\/Notibras\",\"https:\\\/\\\/www.instagram.com\\\/notibras\\\/\"]},{\"@type\":\"Person\",\"@id\":\"https:\\\/\\\/www.notibras.com\\\/site\\\/#\\\/schema\\\/person\\\/36ab0979449956132d3e5b517ea76ac8\",\"name\":\"Reda\u00e7\u00e3o\",\"image\":{\"@type\":\"ImageObject\",\"inLanguage\":\"pt-BR\",\"@id\":\"https:\\\/\\\/secure.gravatar.com\\\/avatar\\\/e0a867bdedb85fd243eadf09663511f96fc81e0720a4a42581f334ad4303aa6b?s=96&d=mm&r=g\",\"url\":\"https:\\\/\\\/secure.gravatar.com\\\/avatar\\\/e0a867bdedb85fd243eadf09663511f96fc81e0720a4a42581f334ad4303aa6b?s=96&d=mm&r=g\",\"contentUrl\":\"https:\\\/\\\/secure.gravatar.com\\\/avatar\\\/e0a867bdedb85fd243eadf09663511f96fc81e0720a4a42581f334ad4303aa6b?s=96&d=mm&r=g\",\"caption\":\"Reda\u00e7\u00e3o\"}}]}<\/script>\n<!-- \/ Yoast SEO plugin. -->","yoast_head_json":{"title":"Fux p\u00f5e fim a machismo e imp\u00f5e mulheres na PM goiana - Notibras","robots":{"index":"index","follow":"follow","max-snippet":"max-snippet:-1","max-image-preview":"max-image-preview:large","max-video-preview":"max-video-preview:-1"},"canonical":"https:\/\/www.notibras.com\/site\/fux-poe-fim-a-machismo-e-impoe-mulheres-na-pm-goiana\/","og_locale":"pt_BR","og_type":"article","og_title":"Fux p\u00f5e fim a machismo e imp\u00f5e mulheres na PM goiana - Notibras","og_description":"O ministro Luiz Fux, do Supremo Tribunal Federal (STF), determinou nesta ter\u00e7a-feira (28) que mulheres sejam inclu\u00eddas na lista de aprovados no concurso para a Policia Militar e Bombeiros de Goi\u00e1s. A medida foi tomada ap\u00f3s diversas candidatas alegarem que o governo estadual descumpriu decis\u00e3o anterior do ministro que proibiu a restri\u00e7\u00e3o de 10% das [&hellip;]","og_url":"https:\/\/www.notibras.com\/site\/fux-poe-fim-a-machismo-e-impoe-mulheres-na-pm-goiana\/","og_site_name":"Notibras","article_publisher":"https:\/\/www.facebook.com\/notibras\/","article_published_time":"2024-05-29T03:32:42+00:00","article_modified_time":"2024-05-29T07:37:40+00:00","og_image":[{"width":1170,"height":700,"url":"https:\/\/www.notibras.com\/site\/wp-content\/uploads\/2023\/06\/img_0528.jpg","type":"image\/jpeg"}],"author":"Reda\u00e7\u00e3o","twitter_card":"summary_large_image","twitter_creator":"@Notibras","twitter_site":"@Notibras","twitter_misc":{"Escrito por":"Reda\u00e7\u00e3o","Est. tempo de leitura":"2 minutos"},"schema":{"@context":"https:\/\/schema.org","@graph":[{"@type":"Article","@id":"https:\/\/www.notibras.com\/site\/fux-poe-fim-a-machismo-e-impoe-mulheres-na-pm-goiana\/#article","isPartOf":{"@id":"https:\/\/www.notibras.com\/site\/fux-poe-fim-a-machismo-e-impoe-mulheres-na-pm-goiana\/"},"author":{"name":"Reda\u00e7\u00e3o","@id":"https:\/\/www.notibras.com\/site\/#\/schema\/person\/36ab0979449956132d3e5b517ea76ac8"},"headline":"Fux p\u00f5e fim a machismo e imp\u00f5e mulheres na PM goiana","datePublished":"2024-05-29T03:32:42+00:00","dateModified":"2024-05-29T07:37:40+00:00","mainEntityOfPage":{"@id":"https:\/\/www.notibras.com\/site\/fux-poe-fim-a-machismo-e-impoe-mulheres-na-pm-goiana\/"},"wordCount":252,"publisher":{"@id":"https:\/\/www.notibras.com\/site\/#organization"},"image":{"@id":"https:\/\/www.notibras.com\/site\/fux-poe-fim-a-machismo-e-impoe-mulheres-na-pm-goiana\/#primaryimage"},"thumbnailUrl":"https:\/\/www.notibras.com\/site\/wp-content\/uploads\/2023\/06\/img_0528.jpg","articleSection":["Quadradinho em Foco"],"inLanguage":"pt-BR"},{"@type":"WebPage","@id":"https:\/\/www.notibras.com\/site\/fux-poe-fim-a-machismo-e-impoe-mulheres-na-pm-goiana\/","url":"https:\/\/www.notibras.com\/site\/fux-poe-fim-a-machismo-e-impoe-mulheres-na-pm-goiana\/","name":"Fux p\u00f5e fim a machismo e imp\u00f5e mulheres na PM goiana - Notibras","isPartOf":{"@id":"https:\/\/www.notibras.com\/site\/#website"},"primaryImageOfPage":{"@id":"https:\/\/www.notibras.com\/site\/fux-poe-fim-a-machismo-e-impoe-mulheres-na-pm-goiana\/#primaryimage"},"image":{"@id":"https:\/\/www.notibras.com\/site\/fux-poe-fim-a-machismo-e-impoe-mulheres-na-pm-goiana\/#primaryimage"},"thumbnailUrl":"https:\/\/www.notibras.com\/site\/wp-content\/uploads\/2023\/06\/img_0528.jpg","datePublished":"2024-05-29T03:32:42+00:00","dateModified":"2024-05-29T07:37:40+00:00","breadcrumb":{"@id":"https:\/\/www.notibras.com\/site\/fux-poe-fim-a-machismo-e-impoe-mulheres-na-pm-goiana\/#breadcrumb"},"inLanguage":"pt-BR","potentialAction":[{"@type":"ReadAction","target":["https:\/\/www.notibras.com\/site\/fux-poe-fim-a-machismo-e-impoe-mulheres-na-pm-goiana\/"]}]},{"@type":"ImageObject","inLanguage":"pt-BR","@id":"https:\/\/www.notibras.com\/site\/fux-poe-fim-a-machismo-e-impoe-mulheres-na-pm-goiana\/#primaryimage","url":"https:\/\/www.notibras.com\/site\/wp-content\/uploads\/2023\/06\/img_0528.jpg","contentUrl":"https:\/\/www.notibras.com\/site\/wp-content\/uploads\/2023\/06\/img_0528.jpg","width":1170,"height":700,"caption":"O presidente do Tribunal Superior Eleitoral (TSE), ministro Luiz Fux, durante aula magna sobre o tema Educa\u00e7\u00e3o e Democracia: Perspectiva 2018, na abertura do curso da p\u00f3s-gradua\u00e7\u00e3o Lato Sensu em Democracia, Direito Eleitoral e Poder Legislativo."},{"@type":"BreadcrumbList","@id":"https:\/\/www.notibras.com\/site\/fux-poe-fim-a-machismo-e-impoe-mulheres-na-pm-goiana\/#breadcrumb","itemListElement":[{"@type":"ListItem","position":1,"name":"In\u00edcio","item":"https:\/\/www.notibras.com\/site\/"},{"@type":"ListItem","position":2,"name":"Fux p\u00f5e fim a machismo e imp\u00f5e mulheres na PM goiana"}]},{"@type":"WebSite","@id":"https:\/\/www.notibras.com\/site\/#website","url":"https:\/\/www.notibras.com\/site\/","name":"Notibras","description":"Not\u00edcias de Bras\u00edlia, do Brasil e do Mundo","publisher":{"@id":"https:\/\/www.notibras.com\/site\/#organization"},"potentialAction":[{"@type":"SearchAction","target":{"@type":"EntryPoint","urlTemplate":"https:\/\/www.notibras.com\/site\/?s={search_term_string}"},"query-input":{"@type":"PropertyValueSpecification","valueRequired":true,"valueName":"search_term_string"}}],"inLanguage":"pt-BR"},{"@type":"Organization","@id":"https:\/\/www.notibras.com\/site\/#organization","name":"Grupo Notibras de Comunica\u00e7\u00e3o","url":"https:\/\/www.notibras.com\/site\/","logo":{"@type":"ImageObject","inLanguage":"pt-BR","@id":"https:\/\/www.notibras.com\/site\/#\/schema\/logo\/image\/","url":"https:\/\/www.notibras.com\/site\/wp-content\/uploads\/2023\/01\/notibras23.png","contentUrl":"https:\/\/www.notibras.com\/site\/wp-content\/uploads\/2023\/01\/notibras23.png","width":350,"height":87,"caption":"Grupo Notibras de Comunica\u00e7\u00e3o"},"image":{"@id":"https:\/\/www.notibras.com\/site\/#\/schema\/logo\/image\/"},"sameAs":["https:\/\/www.facebook.com\/notibras\/","https:\/\/x.com\/Notibras","https:\/\/www.instagram.com\/notibras\/"]},{"@type":"Person","@id":"https:\/\/www.notibras.com\/site\/#\/schema\/person\/36ab0979449956132d3e5b517ea76ac8","name":"Reda\u00e7\u00e3o","image":{"@type":"ImageObject","inLanguage":"pt-BR","@id":"https:\/\/secure.gravatar.com\/avatar\/e0a867bdedb85fd243eadf09663511f96fc81e0720a4a42581f334ad4303aa6b?s=96&d=mm&r=g","url":"https:\/\/secure.gravatar.com\/avatar\/e0a867bdedb85fd243eadf09663511f96fc81e0720a4a42581f334ad4303aa6b?s=96&d=mm&r=g","contentUrl":"https:\/\/secure.gravatar.com\/avatar\/e0a867bdedb85fd243eadf09663511f96fc81e0720a4a42581f334ad4303aa6b?s=96&d=mm&r=g","caption":"Reda\u00e7\u00e3o"}}]}},"amp_enabled":true,"_links":{"self":[{"href":"https:\/\/www.notibras.com\/site\/wp-json\/wp\/v2\/posts\/329764","targetHints":{"allow":["GET"]}}],"collection":[{"href":"https:\/\/www.notibras.com\/site\/wp-json\/wp\/v2\/posts"}],"about":[{"href":"https:\/\/www.notibras.com\/site\/wp-json\/wp\/v2\/types\/post"}],"author":[{"embeddable":true,"href":"https:\/\/www.notibras.com\/site\/wp-json\/wp\/v2\/users\/2"}],"replies":[{"embeddable":true,"href":"https:\/\/www.notibras.com\/site\/wp-json\/wp\/v2\/comments?post=329764"}],"version-history":[{"count":1,"href":"https:\/\/www.notibras.com\/site\/wp-json\/wp\/v2\/posts\/329764\/revisions"}],"predecessor-version":[{"id":329765,"href":"https:\/\/www.notibras.com\/site\/wp-json\/wp\/v2\/posts\/329764\/revisions\/329765"}],"wp:featuredmedia":[{"embeddable":true,"href":"https:\/\/www.notibras.com\/site\/wp-json\/wp\/v2\/media\/307380"}],"wp:attachment":[{"href":"https:\/\/www.notibras.com\/site\/wp-json\/wp\/v2\/media?parent=329764"}],"wp:term":[{"taxonomy":"category","embeddable":true,"href":"https:\/\/www.notibras.com\/site\/wp-json\/wp\/v2\/categories?post=329764"},{"taxonomy":"post_tag","embeddable":true,"href":"https:\/\/www.notibras.com\/site\/wp-json\/wp\/v2\/tags?post=329764"}],"curies":[{"name":"wp","href":"https:\/\/api.w.org\/{rel}","templated":true}]}}