{"id":329789,"date":"2024-05-29T00:00:55","date_gmt":"2024-05-29T03:00:55","guid":{"rendered":"https:\/\/www.notibras.com\/site\/?p=329789"},"modified":"2024-05-29T06:20:45","modified_gmt":"2024-05-29T09:20:45","slug":"planos-de-saude-prometem-reverter-cancelamento-de-contratos","status":"publish","type":"post","link":"https:\/\/www.notibras.com\/site\/planos-de-saude-prometem-reverter-cancelamento-de-contratos\/","title":{"rendered":"Planos de sa\u00fade prometem reverter cancelamento de contratos"},"content":{"rendered":"<p>Representantes do setor dos planos de sa\u00fade prometeram reverter os recentes cancelamentos unilaterais de contratos relacionados a algumas doen\u00e7as e transtornos, informou na ter\u00e7a-feira (28) o presidente da C\u00e2mara dos Deputados, Arthur Lira (PP-AL).<\/p>\n<p>\u201cEm reuni\u00e3o com representantes do setor, acordamos que eles suspender\u00e3o os cancelamentos recentes relacionados a algumas doen\u00e7as e transtornos\u201d, disse Lira em uma rede social.<\/p>\n<p>Nos \u00faltimos meses, tem aumentado o n\u00famero de queixas de consumidores sobre o cancelamento unilateral de planos de sa\u00fade, de acordo com o Instituto de Defesa do Consumidor (Idec).<\/p>\n<p>\u201cNa pr\u00e1tica, as operadoras entendem que podem expulsar usu\u00e1rios de suas carteiras e definir os contratos considerados indesej\u00e1veis, discriminando as pessoas que, por sua condi\u00e7\u00e3o, representam maiores despesas assistenciais\u201d, afirmou o Idec, em nota publicada na segunda-feira (27)<\/p>\n<p>Entre abril de 2023 e janeiro de 2024, foram registradas mais de 5,4 mil reclama\u00e7\u00f5es de cancelamentos unilaterais de planos de sa\u00fade no portal do consumidor.gov.br, ligado \u00e0 Secretaria Nacional do Consumidor (Senacon).<\/p>\n<p>Para discutir o tema, participaram da reuni\u00e3o com Lira representantes de empresas como Bradesco Sa\u00fade, Amil, Unimed Nacional, Sul-Americana, Rede Dor Sul-Am\u00e9rica e da Associa\u00e7\u00e3o Brasileira de Planos de Sa\u00fade (Abramge).<\/p>\n<p>Tamb\u00e9m esteve o deputado federal Duarte Junior (PSB-MA), relator do projeto em tramita\u00e7\u00e3o na C\u00e2mara que prev\u00ea altera\u00e7\u00f5es na Lei dos Planos de Sa\u00fade (Lei 9.656 de 1998). Segundo o parlamentar, as empresas se comprometeram a anular os cancelamentos unilaterais dos \u00faltimos dois anos, reativando os planos suspensos.<\/p>\n<p>\u201cA partir do momento que algu\u00e9m paga o plano de sa\u00fade, sem que haja um n\u00e3o pagamento, um inadimplemento, e o plano cancela, isso est\u00e1 errado. Ent\u00e3o, com base em dados e evid\u00eancias concretas, com base nos princ\u00edpios constitucionais, eu apresentei esses argumentos na presen\u00e7a do presidente da Arthur Lira, e houve um compromisso por parte daqueles que l\u00e1 estavam, que representam todo o segmento de planos de sa\u00fade do Brasil\u201d, disse o deputado.<\/p>\n<p>Segundo Duarte Junior, os representantes dos planos de sa\u00fade alegaram que os cancelamentos ocorrem devido a suspeitas de fraudes. \u201cEu sou simplesmente suspeito de algo, e o plano cancela o contrato? Isso n\u00e3o tem l\u00f3gica alguma, \u00e9 absurdo\u201d, afirmou o deputado, justificando que a fraude deve se comprovada.<\/p>\n<p>A Abramge confirmou o acordo para reverter os cancelamentos unilaterais de planos de sa\u00fade. Em nota encaminhada \u00e0 reda\u00e7\u00e3o, a associa\u00e7\u00e3o afirmou que ser\u00e3o revistos os cancelamentos dos servi\u00e7os a pessoas em tratamento de doen\u00e7as graves e do TEA (Transtorno do Espectro Autista) e que ficam suspensos novos cancelamentos unilaterais de planos coletivos por ades\u00e3o. &#8220;Nosso papel agora \u00e9 continuar o di\u00e1logo com o objetivo de assegurar a milh\u00f5es de brasileiros condi\u00e7\u00f5es para o acesso e para o bom atendimento no sistema de sa\u00fade suplementar&#8221;, informou no comunicado.<\/p>\n<p>De acordo com a Ag\u00eancia Nacional de Sa\u00fade Suplementar (ANS), que regula o setor de planos de sa\u00fade, o cancelamento unilateral de um plano individual ou familiar s\u00f3 pode ocorrer nos casos de fraude ou de inadimpl\u00eancia.<\/p>\n<p>\u201cNenhum benefici\u00e1rio pode ser impedido de adquirir plano de sa\u00fade em fun\u00e7\u00e3o da sua condi\u00e7\u00e3o de sa\u00fade ou idade, n\u00e3o pode ter sua cobertura negada por qualquer condi\u00e7\u00e3o e, tamb\u00e9m, n\u00e3o pode haver exclus\u00e3o de clientes pelas operadoras por esses mesmos motivos\u201d, disse a ANS.<\/p>\n","protected":false},"excerpt":{"rendered":"<p>Representantes do setor dos planos de sa\u00fade prometeram reverter os recentes cancelamentos unilaterais de contratos relacionados a algumas doen\u00e7as e transtornos, informou na ter\u00e7a-feira (28) o presidente da C\u00e2mara dos Deputados, Arthur Lira (PP-AL). \u201cEm reuni\u00e3o com representantes do setor, acordamos que eles suspender\u00e3o os cancelamentos recentes relacionados a algumas doen\u00e7as e transtornos\u201d, disse Lira [&hellip;]<\/p>\n","protected":false},"author":2,"featured_media":320169,"comment_status":"closed","ping_status":"closed","sticky":false,"template":"","format":"standard","meta":{"_acf_changed":false,"footnotes":""},"categories":[166,167,168,169,165,170,171,172,173,174],"tags":[],"class_list":["post-329789","post","type-post","status-publish","format-standard","has-post-thumbnail","hentry","category-alagoas","category-bahia","category-ceara","category-maranhao","category-nordeste","category-paraiba-nordeste","category-pernambuco-nordeste","category-piaui","category-rio-grande-do-norte","category-sergipe"],"acf":[],"yoast_head":"<!-- This site is optimized with the Yoast SEO plugin v27.5 - https:\/\/yoast.com\/product\/yoast-seo-wordpress\/ -->\n<title>Planos de sa\u00fade prometem reverter cancelamento de contratos - Notibras<\/title>\n<meta name=\"robots\" content=\"index, follow, max-snippet:-1, max-image-preview:large, max-video-preview:-1\" \/>\n<link rel=\"canonical\" href=\"https:\/\/www.notibras.com\/site\/planos-de-saude-prometem-reverter-cancelamento-de-contratos\/\" \/>\n<meta property=\"og:locale\" content=\"pt_BR\" \/>\n<meta property=\"og:type\" content=\"article\" \/>\n<meta property=\"og:title\" content=\"Planos de sa\u00fade prometem reverter cancelamento de contratos - Notibras\" \/>\n<meta property=\"og:description\" content=\"Representantes do setor dos planos de sa\u00fade prometeram reverter os recentes cancelamentos unilaterais de contratos relacionados a algumas doen\u00e7as e transtornos, informou na ter\u00e7a-feira (28) o presidente da C\u00e2mara dos Deputados, Arthur Lira (PP-AL). \u201cEm reuni\u00e3o com representantes do setor, acordamos que eles suspender\u00e3o os cancelamentos recentes relacionados a algumas doen\u00e7as e transtornos\u201d, disse Lira [&hellip;]\" \/>\n<meta property=\"og:url\" content=\"https:\/\/www.notibras.com\/site\/planos-de-saude-prometem-reverter-cancelamento-de-contratos\/\" \/>\n<meta property=\"og:site_name\" content=\"Notibras\" \/>\n<meta property=\"article:publisher\" content=\"https:\/\/www.facebook.com\/notibras\/\" \/>\n<meta property=\"article:published_time\" content=\"2024-05-29T03:00:55+00:00\" \/>\n<meta property=\"article:modified_time\" content=\"2024-05-29T09:20:45+00:00\" \/>\n<meta property=\"og:image\" content=\"https:\/\/www.notibras.com\/site\/wp-content\/uploads\/2024\/01\/medicosnorte.ne_.webp\" \/>\n\t<meta property=\"og:image:width\" content=\"1170\" \/>\n\t<meta property=\"og:image:height\" content=\"700\" \/>\n\t<meta property=\"og:image:type\" content=\"image\/webp\" \/>\n<meta name=\"author\" content=\"Reda\u00e7\u00e3o\" \/>\n<meta name=\"twitter:card\" content=\"summary_large_image\" \/>\n<meta name=\"twitter:creator\" content=\"@Notibras\" \/>\n<meta name=\"twitter:site\" content=\"@Notibras\" \/>\n<meta name=\"twitter:label1\" content=\"Escrito por\" \/>\n\t<meta name=\"twitter:data1\" content=\"Reda\u00e7\u00e3o\" \/>\n\t<meta name=\"twitter:label2\" content=\"Est. tempo de leitura\" \/>\n\t<meta name=\"twitter:data2\" content=\"4 minutos\" \/>\n<script type=\"application\/ld+json\" class=\"yoast-schema-graph\">{\"@context\":\"https:\\\/\\\/schema.org\",\"@graph\":[{\"@type\":\"Article\",\"@id\":\"https:\\\/\\\/www.notibras.com\\\/site\\\/planos-de-saude-prometem-reverter-cancelamento-de-contratos\\\/#article\",\"isPartOf\":{\"@id\":\"https:\\\/\\\/www.notibras.com\\\/site\\\/planos-de-saude-prometem-reverter-cancelamento-de-contratos\\\/\"},\"author\":{\"name\":\"Reda\u00e7\u00e3o\",\"@id\":\"https:\\\/\\\/www.notibras.com\\\/site\\\/#\\\/schema\\\/person\\\/36ab0979449956132d3e5b517ea76ac8\"},\"headline\":\"Planos de sa\u00fade prometem reverter cancelamento de contratos\",\"datePublished\":\"2024-05-29T03:00:55+00:00\",\"dateModified\":\"2024-05-29T09:20:45+00:00\",\"mainEntityOfPage\":{\"@id\":\"https:\\\/\\\/www.notibras.com\\\/site\\\/planos-de-saude-prometem-reverter-cancelamento-de-contratos\\\/\"},\"wordCount\":591,\"publisher\":{\"@id\":\"https:\\\/\\\/www.notibras.com\\\/site\\\/#organization\"},\"image\":{\"@id\":\"https:\\\/\\\/www.notibras.com\\\/site\\\/planos-de-saude-prometem-reverter-cancelamento-de-contratos\\\/#primaryimage\"},\"thumbnailUrl\":\"https:\\\/\\\/www.notibras.com\\\/site\\\/wp-content\\\/uploads\\\/2024\\\/01\\\/medicosnorte.ne_.webp\",\"articleSection\":[\"Alagoas\",\"Bahia\",\"Cear\u00e1\",\"Maranh\u00e3o\",\"Nordeste\",\"Para\u00edba\",\"Pernambuco\",\"Piau\u00ed\",\"Rio Grande do Norte\",\"Sergipe\"],\"inLanguage\":\"pt-BR\"},{\"@type\":\"WebPage\",\"@id\":\"https:\\\/\\\/www.notibras.com\\\/site\\\/planos-de-saude-prometem-reverter-cancelamento-de-contratos\\\/\",\"url\":\"https:\\\/\\\/www.notibras.com\\\/site\\\/planos-de-saude-prometem-reverter-cancelamento-de-contratos\\\/\",\"name\":\"Planos de sa\u00fade prometem reverter cancelamento de contratos - Notibras\",\"isPartOf\":{\"@id\":\"https:\\\/\\\/www.notibras.com\\\/site\\\/#website\"},\"primaryImageOfPage\":{\"@id\":\"https:\\\/\\\/www.notibras.com\\\/site\\\/planos-de-saude-prometem-reverter-cancelamento-de-contratos\\\/#primaryimage\"},\"image\":{\"@id\":\"https:\\\/\\\/www.notibras.com\\\/site\\\/planos-de-saude-prometem-reverter-cancelamento-de-contratos\\\/#primaryimage\"},\"thumbnailUrl\":\"https:\\\/\\\/www.notibras.com\\\/site\\\/wp-content\\\/uploads\\\/2024\\\/01\\\/medicosnorte.ne_.webp\",\"datePublished\":\"2024-05-29T03:00:55+00:00\",\"dateModified\":\"2024-05-29T09:20:45+00:00\",\"breadcrumb\":{\"@id\":\"https:\\\/\\\/www.notibras.com\\\/site\\\/planos-de-saude-prometem-reverter-cancelamento-de-contratos\\\/#breadcrumb\"},\"inLanguage\":\"pt-BR\",\"potentialAction\":[{\"@type\":\"ReadAction\",\"target\":[\"https:\\\/\\\/www.notibras.com\\\/site\\\/planos-de-saude-prometem-reverter-cancelamento-de-contratos\\\/\"]}]},{\"@type\":\"ImageObject\",\"inLanguage\":\"pt-BR\",\"@id\":\"https:\\\/\\\/www.notibras.com\\\/site\\\/planos-de-saude-prometem-reverter-cancelamento-de-contratos\\\/#primaryimage\",\"url\":\"https:\\\/\\\/www.notibras.com\\\/site\\\/wp-content\\\/uploads\\\/2024\\\/01\\\/medicosnorte.ne_.webp\",\"contentUrl\":\"https:\\\/\\\/www.notibras.com\\\/site\\\/wp-content\\\/uploads\\\/2024\\\/01\\\/medicosnorte.ne_.webp\",\"width\":1170,\"height\":700},{\"@type\":\"BreadcrumbList\",\"@id\":\"https:\\\/\\\/www.notibras.com\\\/site\\\/planos-de-saude-prometem-reverter-cancelamento-de-contratos\\\/#breadcrumb\",\"itemListElement\":[{\"@type\":\"ListItem\",\"position\":1,\"name\":\"In\u00edcio\",\"item\":\"https:\\\/\\\/www.notibras.com\\\/site\\\/\"},{\"@type\":\"ListItem\",\"position\":2,\"name\":\"Planos de sa\u00fade prometem reverter cancelamento de contratos\"}]},{\"@type\":\"WebSite\",\"@id\":\"https:\\\/\\\/www.notibras.com\\\/site\\\/#website\",\"url\":\"https:\\\/\\\/www.notibras.com\\\/site\\\/\",\"name\":\"Notibras\",\"description\":\"Not\u00edcias de Bras\u00edlia, do Brasil e do Mundo\",\"publisher\":{\"@id\":\"https:\\\/\\\/www.notibras.com\\\/site\\\/#organization\"},\"potentialAction\":[{\"@type\":\"SearchAction\",\"target\":{\"@type\":\"EntryPoint\",\"urlTemplate\":\"https:\\\/\\\/www.notibras.com\\\/site\\\/?s={search_term_string}\"},\"query-input\":{\"@type\":\"PropertyValueSpecification\",\"valueRequired\":true,\"valueName\":\"search_term_string\"}}],\"inLanguage\":\"pt-BR\"},{\"@type\":\"Organization\",\"@id\":\"https:\\\/\\\/www.notibras.com\\\/site\\\/#organization\",\"name\":\"Grupo Notibras de Comunica\u00e7\u00e3o\",\"url\":\"https:\\\/\\\/www.notibras.com\\\/site\\\/\",\"logo\":{\"@type\":\"ImageObject\",\"inLanguage\":\"pt-BR\",\"@id\":\"https:\\\/\\\/www.notibras.com\\\/site\\\/#\\\/schema\\\/logo\\\/image\\\/\",\"url\":\"https:\\\/\\\/www.notibras.com\\\/site\\\/wp-content\\\/uploads\\\/2023\\\/01\\\/notibras23.png\",\"contentUrl\":\"https:\\\/\\\/www.notibras.com\\\/site\\\/wp-content\\\/uploads\\\/2023\\\/01\\\/notibras23.png\",\"width\":350,\"height\":87,\"caption\":\"Grupo Notibras de Comunica\u00e7\u00e3o\"},\"image\":{\"@id\":\"https:\\\/\\\/www.notibras.com\\\/site\\\/#\\\/schema\\\/logo\\\/image\\\/\"},\"sameAs\":[\"https:\\\/\\\/www.facebook.com\\\/notibras\\\/\",\"https:\\\/\\\/x.com\\\/Notibras\",\"https:\\\/\\\/www.instagram.com\\\/notibras\\\/\"]},{\"@type\":\"Person\",\"@id\":\"https:\\\/\\\/www.notibras.com\\\/site\\\/#\\\/schema\\\/person\\\/36ab0979449956132d3e5b517ea76ac8\",\"name\":\"Reda\u00e7\u00e3o\",\"image\":{\"@type\":\"ImageObject\",\"inLanguage\":\"pt-BR\",\"@id\":\"https:\\\/\\\/secure.gravatar.com\\\/avatar\\\/e0a867bdedb85fd243eadf09663511f96fc81e0720a4a42581f334ad4303aa6b?s=96&d=mm&r=g\",\"url\":\"https:\\\/\\\/secure.gravatar.com\\\/avatar\\\/e0a867bdedb85fd243eadf09663511f96fc81e0720a4a42581f334ad4303aa6b?s=96&d=mm&r=g\",\"contentUrl\":\"https:\\\/\\\/secure.gravatar.com\\\/avatar\\\/e0a867bdedb85fd243eadf09663511f96fc81e0720a4a42581f334ad4303aa6b?s=96&d=mm&r=g\",\"caption\":\"Reda\u00e7\u00e3o\"}}]}<\/script>\n<!-- \/ Yoast SEO plugin. -->","yoast_head_json":{"title":"Planos de sa\u00fade prometem reverter cancelamento de contratos - Notibras","robots":{"index":"index","follow":"follow","max-snippet":"max-snippet:-1","max-image-preview":"max-image-preview:large","max-video-preview":"max-video-preview:-1"},"canonical":"https:\/\/www.notibras.com\/site\/planos-de-saude-prometem-reverter-cancelamento-de-contratos\/","og_locale":"pt_BR","og_type":"article","og_title":"Planos de sa\u00fade prometem reverter cancelamento de contratos - Notibras","og_description":"Representantes do setor dos planos de sa\u00fade prometeram reverter os recentes cancelamentos unilaterais de contratos relacionados a algumas doen\u00e7as e transtornos, informou na ter\u00e7a-feira (28) o presidente da C\u00e2mara dos Deputados, Arthur Lira (PP-AL). \u201cEm reuni\u00e3o com representantes do setor, acordamos que eles suspender\u00e3o os cancelamentos recentes relacionados a algumas doen\u00e7as e transtornos\u201d, disse Lira [&hellip;]","og_url":"https:\/\/www.notibras.com\/site\/planos-de-saude-prometem-reverter-cancelamento-de-contratos\/","og_site_name":"Notibras","article_publisher":"https:\/\/www.facebook.com\/notibras\/","article_published_time":"2024-05-29T03:00:55+00:00","article_modified_time":"2024-05-29T09:20:45+00:00","og_image":[{"width":1170,"height":700,"url":"https:\/\/www.notibras.com\/site\/wp-content\/uploads\/2024\/01\/medicosnorte.ne_.webp","type":"image\/webp"}],"author":"Reda\u00e7\u00e3o","twitter_card":"summary_large_image","twitter_creator":"@Notibras","twitter_site":"@Notibras","twitter_misc":{"Escrito por":"Reda\u00e7\u00e3o","Est. tempo de leitura":"4 minutos"},"schema":{"@context":"https:\/\/schema.org","@graph":[{"@type":"Article","@id":"https:\/\/www.notibras.com\/site\/planos-de-saude-prometem-reverter-cancelamento-de-contratos\/#article","isPartOf":{"@id":"https:\/\/www.notibras.com\/site\/planos-de-saude-prometem-reverter-cancelamento-de-contratos\/"},"author":{"name":"Reda\u00e7\u00e3o","@id":"https:\/\/www.notibras.com\/site\/#\/schema\/person\/36ab0979449956132d3e5b517ea76ac8"},"headline":"Planos de sa\u00fade prometem reverter cancelamento de contratos","datePublished":"2024-05-29T03:00:55+00:00","dateModified":"2024-05-29T09:20:45+00:00","mainEntityOfPage":{"@id":"https:\/\/www.notibras.com\/site\/planos-de-saude-prometem-reverter-cancelamento-de-contratos\/"},"wordCount":591,"publisher":{"@id":"https:\/\/www.notibras.com\/site\/#organization"},"image":{"@id":"https:\/\/www.notibras.com\/site\/planos-de-saude-prometem-reverter-cancelamento-de-contratos\/#primaryimage"},"thumbnailUrl":"https:\/\/www.notibras.com\/site\/wp-content\/uploads\/2024\/01\/medicosnorte.ne_.webp","articleSection":["Alagoas","Bahia","Cear\u00e1","Maranh\u00e3o","Nordeste","Para\u00edba","Pernambuco","Piau\u00ed","Rio Grande do Norte","Sergipe"],"inLanguage":"pt-BR"},{"@type":"WebPage","@id":"https:\/\/www.notibras.com\/site\/planos-de-saude-prometem-reverter-cancelamento-de-contratos\/","url":"https:\/\/www.notibras.com\/site\/planos-de-saude-prometem-reverter-cancelamento-de-contratos\/","name":"Planos de sa\u00fade prometem reverter cancelamento de contratos - Notibras","isPartOf":{"@id":"https:\/\/www.notibras.com\/site\/#website"},"primaryImageOfPage":{"@id":"https:\/\/www.notibras.com\/site\/planos-de-saude-prometem-reverter-cancelamento-de-contratos\/#primaryimage"},"image":{"@id":"https:\/\/www.notibras.com\/site\/planos-de-saude-prometem-reverter-cancelamento-de-contratos\/#primaryimage"},"thumbnailUrl":"https:\/\/www.notibras.com\/site\/wp-content\/uploads\/2024\/01\/medicosnorte.ne_.webp","datePublished":"2024-05-29T03:00:55+00:00","dateModified":"2024-05-29T09:20:45+00:00","breadcrumb":{"@id":"https:\/\/www.notibras.com\/site\/planos-de-saude-prometem-reverter-cancelamento-de-contratos\/#breadcrumb"},"inLanguage":"pt-BR","potentialAction":[{"@type":"ReadAction","target":["https:\/\/www.notibras.com\/site\/planos-de-saude-prometem-reverter-cancelamento-de-contratos\/"]}]},{"@type":"ImageObject","inLanguage":"pt-BR","@id":"https:\/\/www.notibras.com\/site\/planos-de-saude-prometem-reverter-cancelamento-de-contratos\/#primaryimage","url":"https:\/\/www.notibras.com\/site\/wp-content\/uploads\/2024\/01\/medicosnorte.ne_.webp","contentUrl":"https:\/\/www.notibras.com\/site\/wp-content\/uploads\/2024\/01\/medicosnorte.ne_.webp","width":1170,"height":700},{"@type":"BreadcrumbList","@id":"https:\/\/www.notibras.com\/site\/planos-de-saude-prometem-reverter-cancelamento-de-contratos\/#breadcrumb","itemListElement":[{"@type":"ListItem","position":1,"name":"In\u00edcio","item":"https:\/\/www.notibras.com\/site\/"},{"@type":"ListItem","position":2,"name":"Planos de sa\u00fade prometem reverter cancelamento de contratos"}]},{"@type":"WebSite","@id":"https:\/\/www.notibras.com\/site\/#website","url":"https:\/\/www.notibras.com\/site\/","name":"Notibras","description":"Not\u00edcias de Bras\u00edlia, do Brasil e do Mundo","publisher":{"@id":"https:\/\/www.notibras.com\/site\/#organization"},"potentialAction":[{"@type":"SearchAction","target":{"@type":"EntryPoint","urlTemplate":"https:\/\/www.notibras.com\/site\/?s={search_term_string}"},"query-input":{"@type":"PropertyValueSpecification","valueRequired":true,"valueName":"search_term_string"}}],"inLanguage":"pt-BR"},{"@type":"Organization","@id":"https:\/\/www.notibras.com\/site\/#organization","name":"Grupo Notibras de Comunica\u00e7\u00e3o","url":"https:\/\/www.notibras.com\/site\/","logo":{"@type":"ImageObject","inLanguage":"pt-BR","@id":"https:\/\/www.notibras.com\/site\/#\/schema\/logo\/image\/","url":"https:\/\/www.notibras.com\/site\/wp-content\/uploads\/2023\/01\/notibras23.png","contentUrl":"https:\/\/www.notibras.com\/site\/wp-content\/uploads\/2023\/01\/notibras23.png","width":350,"height":87,"caption":"Grupo Notibras de Comunica\u00e7\u00e3o"},"image":{"@id":"https:\/\/www.notibras.com\/site\/#\/schema\/logo\/image\/"},"sameAs":["https:\/\/www.facebook.com\/notibras\/","https:\/\/x.com\/Notibras","https:\/\/www.instagram.com\/notibras\/"]},{"@type":"Person","@id":"https:\/\/www.notibras.com\/site\/#\/schema\/person\/36ab0979449956132d3e5b517ea76ac8","name":"Reda\u00e7\u00e3o","image":{"@type":"ImageObject","inLanguage":"pt-BR","@id":"https:\/\/secure.gravatar.com\/avatar\/e0a867bdedb85fd243eadf09663511f96fc81e0720a4a42581f334ad4303aa6b?s=96&d=mm&r=g","url":"https:\/\/secure.gravatar.com\/avatar\/e0a867bdedb85fd243eadf09663511f96fc81e0720a4a42581f334ad4303aa6b?s=96&d=mm&r=g","contentUrl":"https:\/\/secure.gravatar.com\/avatar\/e0a867bdedb85fd243eadf09663511f96fc81e0720a4a42581f334ad4303aa6b?s=96&d=mm&r=g","caption":"Reda\u00e7\u00e3o"}}]}},"amp_enabled":true,"_links":{"self":[{"href":"https:\/\/www.notibras.com\/site\/wp-json\/wp\/v2\/posts\/329789","targetHints":{"allow":["GET"]}}],"collection":[{"href":"https:\/\/www.notibras.com\/site\/wp-json\/wp\/v2\/posts"}],"about":[{"href":"https:\/\/www.notibras.com\/site\/wp-json\/wp\/v2\/types\/post"}],"author":[{"embeddable":true,"href":"https:\/\/www.notibras.com\/site\/wp-json\/wp\/v2\/users\/2"}],"replies":[{"embeddable":true,"href":"https:\/\/www.notibras.com\/site\/wp-json\/wp\/v2\/comments?post=329789"}],"version-history":[{"count":1,"href":"https:\/\/www.notibras.com\/site\/wp-json\/wp\/v2\/posts\/329789\/revisions"}],"predecessor-version":[{"id":329790,"href":"https:\/\/www.notibras.com\/site\/wp-json\/wp\/v2\/posts\/329789\/revisions\/329790"}],"wp:featuredmedia":[{"embeddable":true,"href":"https:\/\/www.notibras.com\/site\/wp-json\/wp\/v2\/media\/320169"}],"wp:attachment":[{"href":"https:\/\/www.notibras.com\/site\/wp-json\/wp\/v2\/media?parent=329789"}],"wp:term":[{"taxonomy":"category","embeddable":true,"href":"https:\/\/www.notibras.com\/site\/wp-json\/wp\/v2\/categories?post=329789"},{"taxonomy":"post_tag","embeddable":true,"href":"https:\/\/www.notibras.com\/site\/wp-json\/wp\/v2\/tags?post=329789"}],"curies":[{"name":"wp","href":"https:\/\/api.w.org\/{rel}","templated":true}]}}