{"id":329803,"date":"2024-05-29T00:00:26","date_gmt":"2024-05-29T03:00:26","guid":{"rendered":"https:\/\/www.notibras.com\/site\/?p=329803"},"modified":"2024-05-29T07:17:06","modified_gmt":"2024-05-29T10:17:06","slug":"grupo-de-trabalho-vai-aperfeicoar-enfrentamento-a-dengue","status":"publish","type":"post","link":"https:\/\/www.notibras.com\/site\/grupo-de-trabalho-vai-aperfeicoar-enfrentamento-a-dengue\/","title":{"rendered":"Grupo de trabalho vai aperfei\u00e7oar enfrentamento \u00e0 dengue"},"content":{"rendered":"<p>A Secretaria de Sa\u00fade criou grupo de trabalho (GT) para revisar e atualizar o Plano para Enfrentamento da Dengue e Outras Arboviroses. A cria\u00e7\u00e3o do grupo tem o objetivo de verificar quais medidas foram efetivas no enfrentamento \u00e0 doen\u00e7a e quais pontos de aten\u00e7\u00e3o precisam ser aperfei\u00e7oados para melhorar o atendimento ofertado \u00e0 popula\u00e7\u00e3o.<\/p>\n<p>O GT ter\u00e1 a participa\u00e7\u00e3o de 14 servidores de diferentes setores da SES-DF e ser\u00e1 coordenado pela Assessoria de Mobiliza\u00e7\u00e3o Institucional e Social para Preven\u00e7\u00e3o de Endemias (Amispe). Al\u00e9m da dengue, ele vai refor\u00e7ar o enfrentamento de doen\u00e7as como zika e chikungunya.<\/p>\n<p>O subsecret\u00e1rio de Vigil\u00e2ncia \u00e0 Sa\u00fade, Fabiano dos Anjos, explica que o plano \u00e9 elaborado todos os anos e que aperfei\u00e7oamentos podem ser realizados. Exemplo disso foi a inclus\u00e3o da vacina\u00e7\u00e3o contra a dengue como parte do enfrentamento.<\/p>\n<p>\u201cO per\u00edodo epid\u00eamico j\u00e1 passou. Agora, n\u00f3s vamos olhar para tr\u00e1s e fazer uma revis\u00e3o das li\u00e7\u00f5es aprendidas para a pr\u00f3xima sazonalidade da doen\u00e7a. Vamos identificar quais a\u00e7\u00f5es foram efetivas e quais precisam ser aperfei\u00e7oadas, al\u00e9m de implementar novas estrat\u00e9gias\u201d, explica o subsecret\u00e1rio. Ele lembra que 2024 foi um ano at\u00edpico, com o in\u00edcio do registro de casos da dengue antes do per\u00edodo esperado, que seria entre abril e maio.<\/p>\n<p>Para dar in\u00edcio aos trabalhos, a SES-DF vai realizar oficina em parceria com Organiza\u00e7\u00e3o Pan-Americana de Sa\u00fade (Opas), nos dias 13 e 14 de junho, em local a ser definido. Al\u00e9m dos servidores designados para compor o grupo, poder\u00e3o participar das reuni\u00f5es do GT, como convidados especiais, representantes de outros \u00f3rg\u00e3os e entidades, p\u00fablicas ou privadas, e especialistas em assuntos relacionados ao tema.<\/p>\n<p><strong>Vacina\u00e7\u00e3o<\/strong><br \/>\nA segunda dose da vacina contra a dengue j\u00e1 est\u00e1 dispon\u00edvel para as crian\u00e7as de 10 a 14 anos em mais de 100 Unidades B\u00e1sicas de Sa\u00fade (UBS). O intervalo \u00e9 de 90 dias e deve seguir o esquema indicado pelo Minist\u00e9rio da Sa\u00fade. A data correta para receber o refor\u00e7o est\u00e1 na caderneta de vacina\u00e7\u00e3o de cada crian\u00e7a.<\/p>\n<p>A imuniza\u00e7\u00e3o dessa faixa et\u00e1ria busca reduzir hospitaliza\u00e7\u00f5es e \u00f3bitos decorrentes de complica\u00e7\u00f5es causadas pela doen\u00e7a. Das 170 mil crian\u00e7as e adolescentes registrados no DF, cerca de 61 mil foram imunizados contra a doen\u00e7a. Quem ainda n\u00e3o levou jovens dessa idade para vacinar, deve procurar as UBSs que est\u00e3o aplicando a vacina contra a dengue e iniciar o esquema vacinal.<\/p>\n","protected":false},"excerpt":{"rendered":"<p>A Secretaria de Sa\u00fade criou grupo de trabalho (GT) para revisar e atualizar o Plano para Enfrentamento da Dengue e Outras Arboviroses. A cria\u00e7\u00e3o do grupo tem o objetivo de verificar quais medidas foram efetivas no enfrentamento \u00e0 doen\u00e7a e quais pontos de aten\u00e7\u00e3o precisam ser aperfei\u00e7oados para melhorar o atendimento ofertado \u00e0 popula\u00e7\u00e3o. O [&hellip;]<\/p>\n","protected":false},"author":2,"featured_media":329804,"comment_status":"closed","ping_status":"closed","sticky":false,"template":"","format":"standard","meta":{"_acf_changed":false,"footnotes":""},"categories":[161],"tags":[],"class_list":["post-329803","post","type-post","status-publish","format-standard","has-post-thumbnail","hentry","category-quadradinho-em-foco"],"acf":[],"yoast_head":"<!-- This site is optimized with the Yoast SEO plugin v27.5 - https:\/\/yoast.com\/product\/yoast-seo-wordpress\/ -->\n<title>Grupo de trabalho vai aperfei\u00e7oar enfrentamento \u00e0 dengue - Notibras<\/title>\n<meta name=\"robots\" content=\"index, follow, max-snippet:-1, max-image-preview:large, max-video-preview:-1\" \/>\n<link rel=\"canonical\" href=\"https:\/\/www.notibras.com\/site\/grupo-de-trabalho-vai-aperfeicoar-enfrentamento-a-dengue\/\" \/>\n<meta property=\"og:locale\" content=\"pt_BR\" \/>\n<meta property=\"og:type\" content=\"article\" \/>\n<meta property=\"og:title\" content=\"Grupo de trabalho vai aperfei\u00e7oar enfrentamento \u00e0 dengue - Notibras\" \/>\n<meta property=\"og:description\" content=\"A Secretaria de Sa\u00fade criou grupo de trabalho (GT) para revisar e atualizar o Plano para Enfrentamento da Dengue e Outras Arboviroses. A cria\u00e7\u00e3o do grupo tem o objetivo de verificar quais medidas foram efetivas no enfrentamento \u00e0 doen\u00e7a e quais pontos de aten\u00e7\u00e3o precisam ser aperfei\u00e7oados para melhorar o atendimento ofertado \u00e0 popula\u00e7\u00e3o. O [&hellip;]\" \/>\n<meta property=\"og:url\" content=\"https:\/\/www.notibras.com\/site\/grupo-de-trabalho-vai-aperfeicoar-enfrentamento-a-dengue\/\" \/>\n<meta property=\"og:site_name\" content=\"Notibras\" \/>\n<meta property=\"article:publisher\" content=\"https:\/\/www.facebook.com\/notibras\/\" \/>\n<meta property=\"article:published_time\" content=\"2024-05-29T03:00:26+00:00\" \/>\n<meta property=\"article:modified_time\" content=\"2024-05-29T10:17:06+00:00\" \/>\n<meta property=\"og:image\" content=\"https:\/\/www.notibras.com\/site\/wp-content\/uploads\/2024\/05\/Foto-2-Sofia_Belgas_-Dia_D_de_Vacinacao_por_do_Sol.-Foto_SandroAraujo_Agencia-Saude-DF-55-768x512-1.jpg\" \/>\n\t<meta property=\"og:image:width\" content=\"768\" \/>\n\t<meta property=\"og:image:height\" content=\"512\" \/>\n\t<meta property=\"og:image:type\" content=\"image\/jpeg\" \/>\n<meta name=\"author\" content=\"Reda\u00e7\u00e3o\" \/>\n<meta name=\"twitter:card\" content=\"summary_large_image\" \/>\n<meta name=\"twitter:creator\" content=\"@Notibras\" \/>\n<meta name=\"twitter:site\" content=\"@Notibras\" \/>\n<meta name=\"twitter:label1\" content=\"Escrito por\" \/>\n\t<meta name=\"twitter:data1\" content=\"Reda\u00e7\u00e3o\" \/>\n\t<meta name=\"twitter:label2\" content=\"Est. tempo de leitura\" \/>\n\t<meta name=\"twitter:data2\" content=\"3 minutos\" \/>\n<script type=\"application\/ld+json\" class=\"yoast-schema-graph\">{\"@context\":\"https:\\\/\\\/schema.org\",\"@graph\":[{\"@type\":\"Article\",\"@id\":\"https:\\\/\\\/www.notibras.com\\\/site\\\/grupo-de-trabalho-vai-aperfeicoar-enfrentamento-a-dengue\\\/#article\",\"isPartOf\":{\"@id\":\"https:\\\/\\\/www.notibras.com\\\/site\\\/grupo-de-trabalho-vai-aperfeicoar-enfrentamento-a-dengue\\\/\"},\"author\":{\"name\":\"Reda\u00e7\u00e3o\",\"@id\":\"https:\\\/\\\/www.notibras.com\\\/site\\\/#\\\/schema\\\/person\\\/36ab0979449956132d3e5b517ea76ac8\"},\"headline\":\"Grupo de trabalho vai aperfei\u00e7oar enfrentamento \u00e0 dengue\",\"datePublished\":\"2024-05-29T03:00:26+00:00\",\"dateModified\":\"2024-05-29T10:17:06+00:00\",\"mainEntityOfPage\":{\"@id\":\"https:\\\/\\\/www.notibras.com\\\/site\\\/grupo-de-trabalho-vai-aperfeicoar-enfrentamento-a-dengue\\\/\"},\"wordCount\":441,\"publisher\":{\"@id\":\"https:\\\/\\\/www.notibras.com\\\/site\\\/#organization\"},\"image\":{\"@id\":\"https:\\\/\\\/www.notibras.com\\\/site\\\/grupo-de-trabalho-vai-aperfeicoar-enfrentamento-a-dengue\\\/#primaryimage\"},\"thumbnailUrl\":\"https:\\\/\\\/www.notibras.com\\\/site\\\/wp-content\\\/uploads\\\/2024\\\/05\\\/Foto-2-Sofia_Belgas_-Dia_D_de_Vacinacao_por_do_Sol.-Foto_SandroAraujo_Agencia-Saude-DF-55-768x512-1.jpg\",\"articleSection\":[\"Quadradinho em Foco\"],\"inLanguage\":\"pt-BR\"},{\"@type\":\"WebPage\",\"@id\":\"https:\\\/\\\/www.notibras.com\\\/site\\\/grupo-de-trabalho-vai-aperfeicoar-enfrentamento-a-dengue\\\/\",\"url\":\"https:\\\/\\\/www.notibras.com\\\/site\\\/grupo-de-trabalho-vai-aperfeicoar-enfrentamento-a-dengue\\\/\",\"name\":\"Grupo de trabalho vai aperfei\u00e7oar enfrentamento \u00e0 dengue - Notibras\",\"isPartOf\":{\"@id\":\"https:\\\/\\\/www.notibras.com\\\/site\\\/#website\"},\"primaryImageOfPage\":{\"@id\":\"https:\\\/\\\/www.notibras.com\\\/site\\\/grupo-de-trabalho-vai-aperfeicoar-enfrentamento-a-dengue\\\/#primaryimage\"},\"image\":{\"@id\":\"https:\\\/\\\/www.notibras.com\\\/site\\\/grupo-de-trabalho-vai-aperfeicoar-enfrentamento-a-dengue\\\/#primaryimage\"},\"thumbnailUrl\":\"https:\\\/\\\/www.notibras.com\\\/site\\\/wp-content\\\/uploads\\\/2024\\\/05\\\/Foto-2-Sofia_Belgas_-Dia_D_de_Vacinacao_por_do_Sol.-Foto_SandroAraujo_Agencia-Saude-DF-55-768x512-1.jpg\",\"datePublished\":\"2024-05-29T03:00:26+00:00\",\"dateModified\":\"2024-05-29T10:17:06+00:00\",\"breadcrumb\":{\"@id\":\"https:\\\/\\\/www.notibras.com\\\/site\\\/grupo-de-trabalho-vai-aperfeicoar-enfrentamento-a-dengue\\\/#breadcrumb\"},\"inLanguage\":\"pt-BR\",\"potentialAction\":[{\"@type\":\"ReadAction\",\"target\":[\"https:\\\/\\\/www.notibras.com\\\/site\\\/grupo-de-trabalho-vai-aperfeicoar-enfrentamento-a-dengue\\\/\"]}]},{\"@type\":\"ImageObject\",\"inLanguage\":\"pt-BR\",\"@id\":\"https:\\\/\\\/www.notibras.com\\\/site\\\/grupo-de-trabalho-vai-aperfeicoar-enfrentamento-a-dengue\\\/#primaryimage\",\"url\":\"https:\\\/\\\/www.notibras.com\\\/site\\\/wp-content\\\/uploads\\\/2024\\\/05\\\/Foto-2-Sofia_Belgas_-Dia_D_de_Vacinacao_por_do_Sol.-Foto_SandroAraujo_Agencia-Saude-DF-55-768x512-1.jpg\",\"contentUrl\":\"https:\\\/\\\/www.notibras.com\\\/site\\\/wp-content\\\/uploads\\\/2024\\\/05\\\/Foto-2-Sofia_Belgas_-Dia_D_de_Vacinacao_por_do_Sol.-Foto_SandroAraujo_Agencia-Saude-DF-55-768x512-1.jpg\",\"width\":768,\"height\":512},{\"@type\":\"BreadcrumbList\",\"@id\":\"https:\\\/\\\/www.notibras.com\\\/site\\\/grupo-de-trabalho-vai-aperfeicoar-enfrentamento-a-dengue\\\/#breadcrumb\",\"itemListElement\":[{\"@type\":\"ListItem\",\"position\":1,\"name\":\"In\u00edcio\",\"item\":\"https:\\\/\\\/www.notibras.com\\\/site\\\/\"},{\"@type\":\"ListItem\",\"position\":2,\"name\":\"Grupo de trabalho vai aperfei\u00e7oar enfrentamento \u00e0 dengue\"}]},{\"@type\":\"WebSite\",\"@id\":\"https:\\\/\\\/www.notibras.com\\\/site\\\/#website\",\"url\":\"https:\\\/\\\/www.notibras.com\\\/site\\\/\",\"name\":\"Notibras\",\"description\":\"Not\u00edcias de Bras\u00edlia, do Brasil e do Mundo\",\"publisher\":{\"@id\":\"https:\\\/\\\/www.notibras.com\\\/site\\\/#organization\"},\"potentialAction\":[{\"@type\":\"SearchAction\",\"target\":{\"@type\":\"EntryPoint\",\"urlTemplate\":\"https:\\\/\\\/www.notibras.com\\\/site\\\/?s={search_term_string}\"},\"query-input\":{\"@type\":\"PropertyValueSpecification\",\"valueRequired\":true,\"valueName\":\"search_term_string\"}}],\"inLanguage\":\"pt-BR\"},{\"@type\":\"Organization\",\"@id\":\"https:\\\/\\\/www.notibras.com\\\/site\\\/#organization\",\"name\":\"Grupo Notibras de Comunica\u00e7\u00e3o\",\"url\":\"https:\\\/\\\/www.notibras.com\\\/site\\\/\",\"logo\":{\"@type\":\"ImageObject\",\"inLanguage\":\"pt-BR\",\"@id\":\"https:\\\/\\\/www.notibras.com\\\/site\\\/#\\\/schema\\\/logo\\\/image\\\/\",\"url\":\"https:\\\/\\\/www.notibras.com\\\/site\\\/wp-content\\\/uploads\\\/2023\\\/01\\\/notibras23.png\",\"contentUrl\":\"https:\\\/\\\/www.notibras.com\\\/site\\\/wp-content\\\/uploads\\\/2023\\\/01\\\/notibras23.png\",\"width\":350,\"height\":87,\"caption\":\"Grupo Notibras de Comunica\u00e7\u00e3o\"},\"image\":{\"@id\":\"https:\\\/\\\/www.notibras.com\\\/site\\\/#\\\/schema\\\/logo\\\/image\\\/\"},\"sameAs\":[\"https:\\\/\\\/www.facebook.com\\\/notibras\\\/\",\"https:\\\/\\\/x.com\\\/Notibras\",\"https:\\\/\\\/www.instagram.com\\\/notibras\\\/\"]},{\"@type\":\"Person\",\"@id\":\"https:\\\/\\\/www.notibras.com\\\/site\\\/#\\\/schema\\\/person\\\/36ab0979449956132d3e5b517ea76ac8\",\"name\":\"Reda\u00e7\u00e3o\",\"image\":{\"@type\":\"ImageObject\",\"inLanguage\":\"pt-BR\",\"@id\":\"https:\\\/\\\/secure.gravatar.com\\\/avatar\\\/e0a867bdedb85fd243eadf09663511f96fc81e0720a4a42581f334ad4303aa6b?s=96&d=mm&r=g\",\"url\":\"https:\\\/\\\/secure.gravatar.com\\\/avatar\\\/e0a867bdedb85fd243eadf09663511f96fc81e0720a4a42581f334ad4303aa6b?s=96&d=mm&r=g\",\"contentUrl\":\"https:\\\/\\\/secure.gravatar.com\\\/avatar\\\/e0a867bdedb85fd243eadf09663511f96fc81e0720a4a42581f334ad4303aa6b?s=96&d=mm&r=g\",\"caption\":\"Reda\u00e7\u00e3o\"}}]}<\/script>\n<!-- \/ Yoast SEO plugin. -->","yoast_head_json":{"title":"Grupo de trabalho vai aperfei\u00e7oar enfrentamento \u00e0 dengue - Notibras","robots":{"index":"index","follow":"follow","max-snippet":"max-snippet:-1","max-image-preview":"max-image-preview:large","max-video-preview":"max-video-preview:-1"},"canonical":"https:\/\/www.notibras.com\/site\/grupo-de-trabalho-vai-aperfeicoar-enfrentamento-a-dengue\/","og_locale":"pt_BR","og_type":"article","og_title":"Grupo de trabalho vai aperfei\u00e7oar enfrentamento \u00e0 dengue - Notibras","og_description":"A Secretaria de Sa\u00fade criou grupo de trabalho (GT) para revisar e atualizar o Plano para Enfrentamento da Dengue e Outras Arboviroses. A cria\u00e7\u00e3o do grupo tem o objetivo de verificar quais medidas foram efetivas no enfrentamento \u00e0 doen\u00e7a e quais pontos de aten\u00e7\u00e3o precisam ser aperfei\u00e7oados para melhorar o atendimento ofertado \u00e0 popula\u00e7\u00e3o. O [&hellip;]","og_url":"https:\/\/www.notibras.com\/site\/grupo-de-trabalho-vai-aperfeicoar-enfrentamento-a-dengue\/","og_site_name":"Notibras","article_publisher":"https:\/\/www.facebook.com\/notibras\/","article_published_time":"2024-05-29T03:00:26+00:00","article_modified_time":"2024-05-29T10:17:06+00:00","og_image":[{"width":768,"height":512,"url":"https:\/\/www.notibras.com\/site\/wp-content\/uploads\/2024\/05\/Foto-2-Sofia_Belgas_-Dia_D_de_Vacinacao_por_do_Sol.-Foto_SandroAraujo_Agencia-Saude-DF-55-768x512-1.jpg","type":"image\/jpeg"}],"author":"Reda\u00e7\u00e3o","twitter_card":"summary_large_image","twitter_creator":"@Notibras","twitter_site":"@Notibras","twitter_misc":{"Escrito por":"Reda\u00e7\u00e3o","Est. tempo de leitura":"3 minutos"},"schema":{"@context":"https:\/\/schema.org","@graph":[{"@type":"Article","@id":"https:\/\/www.notibras.com\/site\/grupo-de-trabalho-vai-aperfeicoar-enfrentamento-a-dengue\/#article","isPartOf":{"@id":"https:\/\/www.notibras.com\/site\/grupo-de-trabalho-vai-aperfeicoar-enfrentamento-a-dengue\/"},"author":{"name":"Reda\u00e7\u00e3o","@id":"https:\/\/www.notibras.com\/site\/#\/schema\/person\/36ab0979449956132d3e5b517ea76ac8"},"headline":"Grupo de trabalho vai aperfei\u00e7oar enfrentamento \u00e0 dengue","datePublished":"2024-05-29T03:00:26+00:00","dateModified":"2024-05-29T10:17:06+00:00","mainEntityOfPage":{"@id":"https:\/\/www.notibras.com\/site\/grupo-de-trabalho-vai-aperfeicoar-enfrentamento-a-dengue\/"},"wordCount":441,"publisher":{"@id":"https:\/\/www.notibras.com\/site\/#organization"},"image":{"@id":"https:\/\/www.notibras.com\/site\/grupo-de-trabalho-vai-aperfeicoar-enfrentamento-a-dengue\/#primaryimage"},"thumbnailUrl":"https:\/\/www.notibras.com\/site\/wp-content\/uploads\/2024\/05\/Foto-2-Sofia_Belgas_-Dia_D_de_Vacinacao_por_do_Sol.-Foto_SandroAraujo_Agencia-Saude-DF-55-768x512-1.jpg","articleSection":["Quadradinho em Foco"],"inLanguage":"pt-BR"},{"@type":"WebPage","@id":"https:\/\/www.notibras.com\/site\/grupo-de-trabalho-vai-aperfeicoar-enfrentamento-a-dengue\/","url":"https:\/\/www.notibras.com\/site\/grupo-de-trabalho-vai-aperfeicoar-enfrentamento-a-dengue\/","name":"Grupo de trabalho vai aperfei\u00e7oar enfrentamento \u00e0 dengue - Notibras","isPartOf":{"@id":"https:\/\/www.notibras.com\/site\/#website"},"primaryImageOfPage":{"@id":"https:\/\/www.notibras.com\/site\/grupo-de-trabalho-vai-aperfeicoar-enfrentamento-a-dengue\/#primaryimage"},"image":{"@id":"https:\/\/www.notibras.com\/site\/grupo-de-trabalho-vai-aperfeicoar-enfrentamento-a-dengue\/#primaryimage"},"thumbnailUrl":"https:\/\/www.notibras.com\/site\/wp-content\/uploads\/2024\/05\/Foto-2-Sofia_Belgas_-Dia_D_de_Vacinacao_por_do_Sol.-Foto_SandroAraujo_Agencia-Saude-DF-55-768x512-1.jpg","datePublished":"2024-05-29T03:00:26+00:00","dateModified":"2024-05-29T10:17:06+00:00","breadcrumb":{"@id":"https:\/\/www.notibras.com\/site\/grupo-de-trabalho-vai-aperfeicoar-enfrentamento-a-dengue\/#breadcrumb"},"inLanguage":"pt-BR","potentialAction":[{"@type":"ReadAction","target":["https:\/\/www.notibras.com\/site\/grupo-de-trabalho-vai-aperfeicoar-enfrentamento-a-dengue\/"]}]},{"@type":"ImageObject","inLanguage":"pt-BR","@id":"https:\/\/www.notibras.com\/site\/grupo-de-trabalho-vai-aperfeicoar-enfrentamento-a-dengue\/#primaryimage","url":"https:\/\/www.notibras.com\/site\/wp-content\/uploads\/2024\/05\/Foto-2-Sofia_Belgas_-Dia_D_de_Vacinacao_por_do_Sol.-Foto_SandroAraujo_Agencia-Saude-DF-55-768x512-1.jpg","contentUrl":"https:\/\/www.notibras.com\/site\/wp-content\/uploads\/2024\/05\/Foto-2-Sofia_Belgas_-Dia_D_de_Vacinacao_por_do_Sol.-Foto_SandroAraujo_Agencia-Saude-DF-55-768x512-1.jpg","width":768,"height":512},{"@type":"BreadcrumbList","@id":"https:\/\/www.notibras.com\/site\/grupo-de-trabalho-vai-aperfeicoar-enfrentamento-a-dengue\/#breadcrumb","itemListElement":[{"@type":"ListItem","position":1,"name":"In\u00edcio","item":"https:\/\/www.notibras.com\/site\/"},{"@type":"ListItem","position":2,"name":"Grupo de trabalho vai aperfei\u00e7oar enfrentamento \u00e0 dengue"}]},{"@type":"WebSite","@id":"https:\/\/www.notibras.com\/site\/#website","url":"https:\/\/www.notibras.com\/site\/","name":"Notibras","description":"Not\u00edcias de Bras\u00edlia, do Brasil e do Mundo","publisher":{"@id":"https:\/\/www.notibras.com\/site\/#organization"},"potentialAction":[{"@type":"SearchAction","target":{"@type":"EntryPoint","urlTemplate":"https:\/\/www.notibras.com\/site\/?s={search_term_string}"},"query-input":{"@type":"PropertyValueSpecification","valueRequired":true,"valueName":"search_term_string"}}],"inLanguage":"pt-BR"},{"@type":"Organization","@id":"https:\/\/www.notibras.com\/site\/#organization","name":"Grupo Notibras de Comunica\u00e7\u00e3o","url":"https:\/\/www.notibras.com\/site\/","logo":{"@type":"ImageObject","inLanguage":"pt-BR","@id":"https:\/\/www.notibras.com\/site\/#\/schema\/logo\/image\/","url":"https:\/\/www.notibras.com\/site\/wp-content\/uploads\/2023\/01\/notibras23.png","contentUrl":"https:\/\/www.notibras.com\/site\/wp-content\/uploads\/2023\/01\/notibras23.png","width":350,"height":87,"caption":"Grupo Notibras de Comunica\u00e7\u00e3o"},"image":{"@id":"https:\/\/www.notibras.com\/site\/#\/schema\/logo\/image\/"},"sameAs":["https:\/\/www.facebook.com\/notibras\/","https:\/\/x.com\/Notibras","https:\/\/www.instagram.com\/notibras\/"]},{"@type":"Person","@id":"https:\/\/www.notibras.com\/site\/#\/schema\/person\/36ab0979449956132d3e5b517ea76ac8","name":"Reda\u00e7\u00e3o","image":{"@type":"ImageObject","inLanguage":"pt-BR","@id":"https:\/\/secure.gravatar.com\/avatar\/e0a867bdedb85fd243eadf09663511f96fc81e0720a4a42581f334ad4303aa6b?s=96&d=mm&r=g","url":"https:\/\/secure.gravatar.com\/avatar\/e0a867bdedb85fd243eadf09663511f96fc81e0720a4a42581f334ad4303aa6b?s=96&d=mm&r=g","contentUrl":"https:\/\/secure.gravatar.com\/avatar\/e0a867bdedb85fd243eadf09663511f96fc81e0720a4a42581f334ad4303aa6b?s=96&d=mm&r=g","caption":"Reda\u00e7\u00e3o"}}]}},"amp_enabled":true,"_links":{"self":[{"href":"https:\/\/www.notibras.com\/site\/wp-json\/wp\/v2\/posts\/329803","targetHints":{"allow":["GET"]}}],"collection":[{"href":"https:\/\/www.notibras.com\/site\/wp-json\/wp\/v2\/posts"}],"about":[{"href":"https:\/\/www.notibras.com\/site\/wp-json\/wp\/v2\/types\/post"}],"author":[{"embeddable":true,"href":"https:\/\/www.notibras.com\/site\/wp-json\/wp\/v2\/users\/2"}],"replies":[{"embeddable":true,"href":"https:\/\/www.notibras.com\/site\/wp-json\/wp\/v2\/comments?post=329803"}],"version-history":[{"count":1,"href":"https:\/\/www.notibras.com\/site\/wp-json\/wp\/v2\/posts\/329803\/revisions"}],"predecessor-version":[{"id":329805,"href":"https:\/\/www.notibras.com\/site\/wp-json\/wp\/v2\/posts\/329803\/revisions\/329805"}],"wp:featuredmedia":[{"embeddable":true,"href":"https:\/\/www.notibras.com\/site\/wp-json\/wp\/v2\/media\/329804"}],"wp:attachment":[{"href":"https:\/\/www.notibras.com\/site\/wp-json\/wp\/v2\/media?parent=329803"}],"wp:term":[{"taxonomy":"category","embeddable":true,"href":"https:\/\/www.notibras.com\/site\/wp-json\/wp\/v2\/categories?post=329803"},{"taxonomy":"post_tag","embeddable":true,"href":"https:\/\/www.notibras.com\/site\/wp-json\/wp\/v2\/tags?post=329803"}],"curies":[{"name":"wp","href":"https:\/\/api.w.org\/{rel}","templated":true}]}}