{"id":329809,"date":"2024-05-29T00:28:05","date_gmt":"2024-05-29T03:28:05","guid":{"rendered":"https:\/\/www.notibras.com\/site\/?p=329809"},"modified":"2024-05-29T07:29:57","modified_gmt":"2024-05-29T10:29:57","slug":"feriado-prolongado-acende-alerta-para-importancia-de-doar-sangue","status":"publish","type":"post","link":"https:\/\/www.notibras.com\/site\/feriado-prolongado-acende-alerta-para-importancia-de-doar-sangue\/","title":{"rendered":"Feriado prolongado acende alerta para import\u00e2ncia de doar sangue"},"content":{"rendered":"<p>Pretende viajar para aproveitar o feriado prolongado? Lembre-se de colocar na agenda outro compromisso importante: a doa\u00e7\u00e3o de sangue. A Funda\u00e7\u00e3o Hemocentro de Bras\u00edlia (FHB) convida os cidad\u00e3os a contribu\u00edrem com a reestrutura\u00e7\u00e3o do estoque de bolsas que alimentam as unidades da rede p\u00fablica e institui\u00e7\u00f5es conveniadas.<\/p>\n<p>\u00c0s v\u00e9speras da data de Corpus Christi, quando muitos brasilienses devem pegar a estrada para momentos de lazer entre fam\u00edlia e amigos, um sinal de alerta \u00e9 aceso. No per\u00edodo, a demanda por transfus\u00f5es de sangue costuma aumentar, enquanto a oferta e os agendamentos para doa\u00e7\u00f5es diminuem.<\/p>\n<p>\u201cDurante per\u00edodos como esse, temos uma queda bastante acentuada no fluxo de doa\u00e7\u00f5es, mas existe uma possibilidade de aumento da demanda por conta dos acidentes de tr\u00e2nsito; com isso, fazemos um apelo para que a popula\u00e7\u00e3o venha antes do feriado nos ajudar a manter os estoques em n\u00edveis seguros, adequados, para que a gente possa atravessar bem o feriado e atender todo tipo de demanda que a gente porventura possa ter\u201d, refor\u00e7a a gerente de capta\u00e7\u00e3o da FHB, Kelly Barbi.<\/p>\n<p><strong>Equil\u00edbrio na balan\u00e7a<\/strong><br \/>\nO quadro cr\u00edtico em fun\u00e7\u00e3o da epidemia de dengue no Distrito Federal \u2013 que chegou ao \u00edndice alarmante de 30% \u2013 foi estabilizado, e os estoques voltaram a um patamar de seguran\u00e7a acima de 80%. No entanto, um novo aumento da demanda pode desestruturar o abastecimento de sangue nas unidades de sa\u00fade.<\/p>\n<p>\u201cTemos sempre que lembrar que n\u00e3o existe um substituto para o sangue\u201d, refor\u00e7a a gestora do Hemocentro. \u201cA gente conta com a popula\u00e7\u00e3o para ajudar esses pacientes que precisam de transfus\u00e3o, para ter esse atendimento de sa\u00fade cont\u00ednuo e dar seguimento aos tratamentos na rede do DF.\u201d<\/p>\n<p>A dire\u00e7\u00e3o do Hemocentro ressalta que todas as doa\u00e7\u00f5es s\u00e3o bem-vindas, mas faz um convite especial aos doadores dos tipos sangu\u00edneos O+, O- e B-, que est\u00e3o em n\u00edveis cr\u00edticos. At\u00e9 a pr\u00f3xima semana, eles ser\u00e3o atendidos preferencialmente, na tentativa de retomar a oferta.<\/p>\n<p>\u201cAssim como uma viagem durante o feriado est\u00e1 anotada na agenda, a gente gostaria que a doa\u00e7\u00e3o de sangue entrasse na programa\u00e7\u00e3o dos brasilienses\u201d, afirma Kelly Barbi. \u201cVoc\u00ea, que vai viajar para curtir o feriad\u00e3o, d\u00ea um pulinho no hemocentro antes.\u201d<\/p>\n","protected":false},"excerpt":{"rendered":"<p>Pretende viajar para aproveitar o feriado prolongado? Lembre-se de colocar na agenda outro compromisso importante: a doa\u00e7\u00e3o de sangue. A Funda\u00e7\u00e3o Hemocentro de Bras\u00edlia (FHB) convida os cidad\u00e3os a contribu\u00edrem com a reestrutura\u00e7\u00e3o do estoque de bolsas que alimentam as unidades da rede p\u00fablica e institui\u00e7\u00f5es conveniadas. \u00c0s v\u00e9speras da data de Corpus Christi, quando [&hellip;]<\/p>\n","protected":false},"author":2,"featured_media":329810,"comment_status":"closed","ping_status":"closed","sticky":false,"template":"","format":"standard","meta":{"_acf_changed":false,"footnotes":""},"categories":[161],"tags":[],"class_list":["post-329809","post","type-post","status-publish","format-standard","has-post-thumbnail","hentry","category-quadradinho-em-foco"],"acf":[],"yoast_head":"<!-- This site is optimized with the Yoast SEO plugin v27.5 - https:\/\/yoast.com\/product\/yoast-seo-wordpress\/ -->\n<title>Feriado prolongado acende alerta para import\u00e2ncia de doar sangue - Notibras<\/title>\n<meta name=\"robots\" content=\"index, follow, max-snippet:-1, max-image-preview:large, max-video-preview:-1\" \/>\n<link rel=\"canonical\" href=\"https:\/\/www.notibras.com\/site\/feriado-prolongado-acende-alerta-para-importancia-de-doar-sangue\/\" \/>\n<meta property=\"og:locale\" content=\"pt_BR\" \/>\n<meta property=\"og:type\" content=\"article\" \/>\n<meta property=\"og:title\" content=\"Feriado prolongado acende alerta para import\u00e2ncia de doar sangue - Notibras\" \/>\n<meta property=\"og:description\" content=\"Pretende viajar para aproveitar o feriado prolongado? Lembre-se de colocar na agenda outro compromisso importante: a doa\u00e7\u00e3o de sangue. A Funda\u00e7\u00e3o Hemocentro de Bras\u00edlia (FHB) convida os cidad\u00e3os a contribu\u00edrem com a reestrutura\u00e7\u00e3o do estoque de bolsas que alimentam as unidades da rede p\u00fablica e institui\u00e7\u00f5es conveniadas. \u00c0s v\u00e9speras da data de Corpus Christi, quando [&hellip;]\" \/>\n<meta property=\"og:url\" content=\"https:\/\/www.notibras.com\/site\/feriado-prolongado-acende-alerta-para-importancia-de-doar-sangue\/\" \/>\n<meta property=\"og:site_name\" content=\"Notibras\" \/>\n<meta property=\"article:publisher\" content=\"https:\/\/www.facebook.com\/notibras\/\" \/>\n<meta property=\"article:published_time\" content=\"2024-05-29T03:28:05+00:00\" \/>\n<meta property=\"article:modified_time\" content=\"2024-05-29T10:29:57+00:00\" \/>\n<meta property=\"og:image\" content=\"https:\/\/www.notibras.com\/site\/wp-content\/uploads\/2024\/05\/Foto-Vinicius-de-Melo-SMDF-2.jpg\" \/>\n\t<meta property=\"og:image:width\" content=\"799\" \/>\n\t<meta property=\"og:image:height\" content=\"533\" \/>\n\t<meta property=\"og:image:type\" content=\"image\/jpeg\" \/>\n<meta name=\"author\" content=\"Reda\u00e7\u00e3o\" \/>\n<meta name=\"twitter:card\" content=\"summary_large_image\" \/>\n<meta name=\"twitter:creator\" content=\"@Notibras\" \/>\n<meta name=\"twitter:site\" content=\"@Notibras\" \/>\n<meta name=\"twitter:label1\" content=\"Escrito por\" \/>\n\t<meta name=\"twitter:data1\" content=\"Reda\u00e7\u00e3o\" \/>\n\t<meta name=\"twitter:label2\" content=\"Est. tempo de leitura\" \/>\n\t<meta name=\"twitter:data2\" content=\"3 minutos\" \/>\n<script type=\"application\/ld+json\" class=\"yoast-schema-graph\">{\"@context\":\"https:\\\/\\\/schema.org\",\"@graph\":[{\"@type\":\"Article\",\"@id\":\"https:\\\/\\\/www.notibras.com\\\/site\\\/feriado-prolongado-acende-alerta-para-importancia-de-doar-sangue\\\/#article\",\"isPartOf\":{\"@id\":\"https:\\\/\\\/www.notibras.com\\\/site\\\/feriado-prolongado-acende-alerta-para-importancia-de-doar-sangue\\\/\"},\"author\":{\"name\":\"Reda\u00e7\u00e3o\",\"@id\":\"https:\\\/\\\/www.notibras.com\\\/site\\\/#\\\/schema\\\/person\\\/36ab0979449956132d3e5b517ea76ac8\"},\"headline\":\"Feriado prolongado acende alerta para import\u00e2ncia de doar sangue\",\"datePublished\":\"2024-05-29T03:28:05+00:00\",\"dateModified\":\"2024-05-29T10:29:57+00:00\",\"mainEntityOfPage\":{\"@id\":\"https:\\\/\\\/www.notibras.com\\\/site\\\/feriado-prolongado-acende-alerta-para-importancia-de-doar-sangue\\\/\"},\"wordCount\":410,\"publisher\":{\"@id\":\"https:\\\/\\\/www.notibras.com\\\/site\\\/#organization\"},\"image\":{\"@id\":\"https:\\\/\\\/www.notibras.com\\\/site\\\/feriado-prolongado-acende-alerta-para-importancia-de-doar-sangue\\\/#primaryimage\"},\"thumbnailUrl\":\"https:\\\/\\\/www.notibras.com\\\/site\\\/wp-content\\\/uploads\\\/2024\\\/05\\\/Foto-Vinicius-de-Melo-SMDF-2.jpg\",\"articleSection\":[\"Quadradinho em Foco\"],\"inLanguage\":\"pt-BR\"},{\"@type\":\"WebPage\",\"@id\":\"https:\\\/\\\/www.notibras.com\\\/site\\\/feriado-prolongado-acende-alerta-para-importancia-de-doar-sangue\\\/\",\"url\":\"https:\\\/\\\/www.notibras.com\\\/site\\\/feriado-prolongado-acende-alerta-para-importancia-de-doar-sangue\\\/\",\"name\":\"Feriado prolongado acende alerta para import\u00e2ncia de doar sangue - Notibras\",\"isPartOf\":{\"@id\":\"https:\\\/\\\/www.notibras.com\\\/site\\\/#website\"},\"primaryImageOfPage\":{\"@id\":\"https:\\\/\\\/www.notibras.com\\\/site\\\/feriado-prolongado-acende-alerta-para-importancia-de-doar-sangue\\\/#primaryimage\"},\"image\":{\"@id\":\"https:\\\/\\\/www.notibras.com\\\/site\\\/feriado-prolongado-acende-alerta-para-importancia-de-doar-sangue\\\/#primaryimage\"},\"thumbnailUrl\":\"https:\\\/\\\/www.notibras.com\\\/site\\\/wp-content\\\/uploads\\\/2024\\\/05\\\/Foto-Vinicius-de-Melo-SMDF-2.jpg\",\"datePublished\":\"2024-05-29T03:28:05+00:00\",\"dateModified\":\"2024-05-29T10:29:57+00:00\",\"breadcrumb\":{\"@id\":\"https:\\\/\\\/www.notibras.com\\\/site\\\/feriado-prolongado-acende-alerta-para-importancia-de-doar-sangue\\\/#breadcrumb\"},\"inLanguage\":\"pt-BR\",\"potentialAction\":[{\"@type\":\"ReadAction\",\"target\":[\"https:\\\/\\\/www.notibras.com\\\/site\\\/feriado-prolongado-acende-alerta-para-importancia-de-doar-sangue\\\/\"]}]},{\"@type\":\"ImageObject\",\"inLanguage\":\"pt-BR\",\"@id\":\"https:\\\/\\\/www.notibras.com\\\/site\\\/feriado-prolongado-acende-alerta-para-importancia-de-doar-sangue\\\/#primaryimage\",\"url\":\"https:\\\/\\\/www.notibras.com\\\/site\\\/wp-content\\\/uploads\\\/2024\\\/05\\\/Foto-Vinicius-de-Melo-SMDF-2.jpg\",\"contentUrl\":\"https:\\\/\\\/www.notibras.com\\\/site\\\/wp-content\\\/uploads\\\/2024\\\/05\\\/Foto-Vinicius-de-Melo-SMDF-2.jpg\",\"width\":799,\"height\":533},{\"@type\":\"BreadcrumbList\",\"@id\":\"https:\\\/\\\/www.notibras.com\\\/site\\\/feriado-prolongado-acende-alerta-para-importancia-de-doar-sangue\\\/#breadcrumb\",\"itemListElement\":[{\"@type\":\"ListItem\",\"position\":1,\"name\":\"In\u00edcio\",\"item\":\"https:\\\/\\\/www.notibras.com\\\/site\\\/\"},{\"@type\":\"ListItem\",\"position\":2,\"name\":\"Feriado prolongado acende alerta para import\u00e2ncia de doar sangue\"}]},{\"@type\":\"WebSite\",\"@id\":\"https:\\\/\\\/www.notibras.com\\\/site\\\/#website\",\"url\":\"https:\\\/\\\/www.notibras.com\\\/site\\\/\",\"name\":\"Notibras\",\"description\":\"Not\u00edcias de Bras\u00edlia, do Brasil e do Mundo\",\"publisher\":{\"@id\":\"https:\\\/\\\/www.notibras.com\\\/site\\\/#organization\"},\"potentialAction\":[{\"@type\":\"SearchAction\",\"target\":{\"@type\":\"EntryPoint\",\"urlTemplate\":\"https:\\\/\\\/www.notibras.com\\\/site\\\/?s={search_term_string}\"},\"query-input\":{\"@type\":\"PropertyValueSpecification\",\"valueRequired\":true,\"valueName\":\"search_term_string\"}}],\"inLanguage\":\"pt-BR\"},{\"@type\":\"Organization\",\"@id\":\"https:\\\/\\\/www.notibras.com\\\/site\\\/#organization\",\"name\":\"Grupo Notibras de Comunica\u00e7\u00e3o\",\"url\":\"https:\\\/\\\/www.notibras.com\\\/site\\\/\",\"logo\":{\"@type\":\"ImageObject\",\"inLanguage\":\"pt-BR\",\"@id\":\"https:\\\/\\\/www.notibras.com\\\/site\\\/#\\\/schema\\\/logo\\\/image\\\/\",\"url\":\"https:\\\/\\\/www.notibras.com\\\/site\\\/wp-content\\\/uploads\\\/2023\\\/01\\\/notibras23.png\",\"contentUrl\":\"https:\\\/\\\/www.notibras.com\\\/site\\\/wp-content\\\/uploads\\\/2023\\\/01\\\/notibras23.png\",\"width\":350,\"height\":87,\"caption\":\"Grupo Notibras de Comunica\u00e7\u00e3o\"},\"image\":{\"@id\":\"https:\\\/\\\/www.notibras.com\\\/site\\\/#\\\/schema\\\/logo\\\/image\\\/\"},\"sameAs\":[\"https:\\\/\\\/www.facebook.com\\\/notibras\\\/\",\"https:\\\/\\\/x.com\\\/Notibras\",\"https:\\\/\\\/www.instagram.com\\\/notibras\\\/\"]},{\"@type\":\"Person\",\"@id\":\"https:\\\/\\\/www.notibras.com\\\/site\\\/#\\\/schema\\\/person\\\/36ab0979449956132d3e5b517ea76ac8\",\"name\":\"Reda\u00e7\u00e3o\",\"image\":{\"@type\":\"ImageObject\",\"inLanguage\":\"pt-BR\",\"@id\":\"https:\\\/\\\/secure.gravatar.com\\\/avatar\\\/e0a867bdedb85fd243eadf09663511f96fc81e0720a4a42581f334ad4303aa6b?s=96&d=mm&r=g\",\"url\":\"https:\\\/\\\/secure.gravatar.com\\\/avatar\\\/e0a867bdedb85fd243eadf09663511f96fc81e0720a4a42581f334ad4303aa6b?s=96&d=mm&r=g\",\"contentUrl\":\"https:\\\/\\\/secure.gravatar.com\\\/avatar\\\/e0a867bdedb85fd243eadf09663511f96fc81e0720a4a42581f334ad4303aa6b?s=96&d=mm&r=g\",\"caption\":\"Reda\u00e7\u00e3o\"}}]}<\/script>\n<!-- \/ Yoast SEO plugin. -->","yoast_head_json":{"title":"Feriado prolongado acende alerta para import\u00e2ncia de doar sangue - Notibras","robots":{"index":"index","follow":"follow","max-snippet":"max-snippet:-1","max-image-preview":"max-image-preview:large","max-video-preview":"max-video-preview:-1"},"canonical":"https:\/\/www.notibras.com\/site\/feriado-prolongado-acende-alerta-para-importancia-de-doar-sangue\/","og_locale":"pt_BR","og_type":"article","og_title":"Feriado prolongado acende alerta para import\u00e2ncia de doar sangue - Notibras","og_description":"Pretende viajar para aproveitar o feriado prolongado? Lembre-se de colocar na agenda outro compromisso importante: a doa\u00e7\u00e3o de sangue. A Funda\u00e7\u00e3o Hemocentro de Bras\u00edlia (FHB) convida os cidad\u00e3os a contribu\u00edrem com a reestrutura\u00e7\u00e3o do estoque de bolsas que alimentam as unidades da rede p\u00fablica e institui\u00e7\u00f5es conveniadas. \u00c0s v\u00e9speras da data de Corpus Christi, quando [&hellip;]","og_url":"https:\/\/www.notibras.com\/site\/feriado-prolongado-acende-alerta-para-importancia-de-doar-sangue\/","og_site_name":"Notibras","article_publisher":"https:\/\/www.facebook.com\/notibras\/","article_published_time":"2024-05-29T03:28:05+00:00","article_modified_time":"2024-05-29T10:29:57+00:00","og_image":[{"width":799,"height":533,"url":"https:\/\/www.notibras.com\/site\/wp-content\/uploads\/2024\/05\/Foto-Vinicius-de-Melo-SMDF-2.jpg","type":"image\/jpeg"}],"author":"Reda\u00e7\u00e3o","twitter_card":"summary_large_image","twitter_creator":"@Notibras","twitter_site":"@Notibras","twitter_misc":{"Escrito por":"Reda\u00e7\u00e3o","Est. tempo de leitura":"3 minutos"},"schema":{"@context":"https:\/\/schema.org","@graph":[{"@type":"Article","@id":"https:\/\/www.notibras.com\/site\/feriado-prolongado-acende-alerta-para-importancia-de-doar-sangue\/#article","isPartOf":{"@id":"https:\/\/www.notibras.com\/site\/feriado-prolongado-acende-alerta-para-importancia-de-doar-sangue\/"},"author":{"name":"Reda\u00e7\u00e3o","@id":"https:\/\/www.notibras.com\/site\/#\/schema\/person\/36ab0979449956132d3e5b517ea76ac8"},"headline":"Feriado prolongado acende alerta para import\u00e2ncia de doar sangue","datePublished":"2024-05-29T03:28:05+00:00","dateModified":"2024-05-29T10:29:57+00:00","mainEntityOfPage":{"@id":"https:\/\/www.notibras.com\/site\/feriado-prolongado-acende-alerta-para-importancia-de-doar-sangue\/"},"wordCount":410,"publisher":{"@id":"https:\/\/www.notibras.com\/site\/#organization"},"image":{"@id":"https:\/\/www.notibras.com\/site\/feriado-prolongado-acende-alerta-para-importancia-de-doar-sangue\/#primaryimage"},"thumbnailUrl":"https:\/\/www.notibras.com\/site\/wp-content\/uploads\/2024\/05\/Foto-Vinicius-de-Melo-SMDF-2.jpg","articleSection":["Quadradinho em Foco"],"inLanguage":"pt-BR"},{"@type":"WebPage","@id":"https:\/\/www.notibras.com\/site\/feriado-prolongado-acende-alerta-para-importancia-de-doar-sangue\/","url":"https:\/\/www.notibras.com\/site\/feriado-prolongado-acende-alerta-para-importancia-de-doar-sangue\/","name":"Feriado prolongado acende alerta para import\u00e2ncia de doar sangue - Notibras","isPartOf":{"@id":"https:\/\/www.notibras.com\/site\/#website"},"primaryImageOfPage":{"@id":"https:\/\/www.notibras.com\/site\/feriado-prolongado-acende-alerta-para-importancia-de-doar-sangue\/#primaryimage"},"image":{"@id":"https:\/\/www.notibras.com\/site\/feriado-prolongado-acende-alerta-para-importancia-de-doar-sangue\/#primaryimage"},"thumbnailUrl":"https:\/\/www.notibras.com\/site\/wp-content\/uploads\/2024\/05\/Foto-Vinicius-de-Melo-SMDF-2.jpg","datePublished":"2024-05-29T03:28:05+00:00","dateModified":"2024-05-29T10:29:57+00:00","breadcrumb":{"@id":"https:\/\/www.notibras.com\/site\/feriado-prolongado-acende-alerta-para-importancia-de-doar-sangue\/#breadcrumb"},"inLanguage":"pt-BR","potentialAction":[{"@type":"ReadAction","target":["https:\/\/www.notibras.com\/site\/feriado-prolongado-acende-alerta-para-importancia-de-doar-sangue\/"]}]},{"@type":"ImageObject","inLanguage":"pt-BR","@id":"https:\/\/www.notibras.com\/site\/feriado-prolongado-acende-alerta-para-importancia-de-doar-sangue\/#primaryimage","url":"https:\/\/www.notibras.com\/site\/wp-content\/uploads\/2024\/05\/Foto-Vinicius-de-Melo-SMDF-2.jpg","contentUrl":"https:\/\/www.notibras.com\/site\/wp-content\/uploads\/2024\/05\/Foto-Vinicius-de-Melo-SMDF-2.jpg","width":799,"height":533},{"@type":"BreadcrumbList","@id":"https:\/\/www.notibras.com\/site\/feriado-prolongado-acende-alerta-para-importancia-de-doar-sangue\/#breadcrumb","itemListElement":[{"@type":"ListItem","position":1,"name":"In\u00edcio","item":"https:\/\/www.notibras.com\/site\/"},{"@type":"ListItem","position":2,"name":"Feriado prolongado acende alerta para import\u00e2ncia de doar sangue"}]},{"@type":"WebSite","@id":"https:\/\/www.notibras.com\/site\/#website","url":"https:\/\/www.notibras.com\/site\/","name":"Notibras","description":"Not\u00edcias de Bras\u00edlia, do Brasil e do Mundo","publisher":{"@id":"https:\/\/www.notibras.com\/site\/#organization"},"potentialAction":[{"@type":"SearchAction","target":{"@type":"EntryPoint","urlTemplate":"https:\/\/www.notibras.com\/site\/?s={search_term_string}"},"query-input":{"@type":"PropertyValueSpecification","valueRequired":true,"valueName":"search_term_string"}}],"inLanguage":"pt-BR"},{"@type":"Organization","@id":"https:\/\/www.notibras.com\/site\/#organization","name":"Grupo Notibras de Comunica\u00e7\u00e3o","url":"https:\/\/www.notibras.com\/site\/","logo":{"@type":"ImageObject","inLanguage":"pt-BR","@id":"https:\/\/www.notibras.com\/site\/#\/schema\/logo\/image\/","url":"https:\/\/www.notibras.com\/site\/wp-content\/uploads\/2023\/01\/notibras23.png","contentUrl":"https:\/\/www.notibras.com\/site\/wp-content\/uploads\/2023\/01\/notibras23.png","width":350,"height":87,"caption":"Grupo Notibras de Comunica\u00e7\u00e3o"},"image":{"@id":"https:\/\/www.notibras.com\/site\/#\/schema\/logo\/image\/"},"sameAs":["https:\/\/www.facebook.com\/notibras\/","https:\/\/x.com\/Notibras","https:\/\/www.instagram.com\/notibras\/"]},{"@type":"Person","@id":"https:\/\/www.notibras.com\/site\/#\/schema\/person\/36ab0979449956132d3e5b517ea76ac8","name":"Reda\u00e7\u00e3o","image":{"@type":"ImageObject","inLanguage":"pt-BR","@id":"https:\/\/secure.gravatar.com\/avatar\/e0a867bdedb85fd243eadf09663511f96fc81e0720a4a42581f334ad4303aa6b?s=96&d=mm&r=g","url":"https:\/\/secure.gravatar.com\/avatar\/e0a867bdedb85fd243eadf09663511f96fc81e0720a4a42581f334ad4303aa6b?s=96&d=mm&r=g","contentUrl":"https:\/\/secure.gravatar.com\/avatar\/e0a867bdedb85fd243eadf09663511f96fc81e0720a4a42581f334ad4303aa6b?s=96&d=mm&r=g","caption":"Reda\u00e7\u00e3o"}}]}},"amp_enabled":true,"_links":{"self":[{"href":"https:\/\/www.notibras.com\/site\/wp-json\/wp\/v2\/posts\/329809","targetHints":{"allow":["GET"]}}],"collection":[{"href":"https:\/\/www.notibras.com\/site\/wp-json\/wp\/v2\/posts"}],"about":[{"href":"https:\/\/www.notibras.com\/site\/wp-json\/wp\/v2\/types\/post"}],"author":[{"embeddable":true,"href":"https:\/\/www.notibras.com\/site\/wp-json\/wp\/v2\/users\/2"}],"replies":[{"embeddable":true,"href":"https:\/\/www.notibras.com\/site\/wp-json\/wp\/v2\/comments?post=329809"}],"version-history":[{"count":1,"href":"https:\/\/www.notibras.com\/site\/wp-json\/wp\/v2\/posts\/329809\/revisions"}],"predecessor-version":[{"id":329811,"href":"https:\/\/www.notibras.com\/site\/wp-json\/wp\/v2\/posts\/329809\/revisions\/329811"}],"wp:featuredmedia":[{"embeddable":true,"href":"https:\/\/www.notibras.com\/site\/wp-json\/wp\/v2\/media\/329810"}],"wp:attachment":[{"href":"https:\/\/www.notibras.com\/site\/wp-json\/wp\/v2\/media?parent=329809"}],"wp:term":[{"taxonomy":"category","embeddable":true,"href":"https:\/\/www.notibras.com\/site\/wp-json\/wp\/v2\/categories?post=329809"},{"taxonomy":"post_tag","embeddable":true,"href":"https:\/\/www.notibras.com\/site\/wp-json\/wp\/v2\/tags?post=329809"}],"curies":[{"name":"wp","href":"https:\/\/api.w.org\/{rel}","templated":true}]}}