{"id":329812,"date":"2024-05-29T00:04:41","date_gmt":"2024-05-29T03:04:41","guid":{"rendered":"https:\/\/www.notibras.com\/site\/?p=329812"},"modified":"2024-05-29T07:36:20","modified_gmt":"2024-05-29T10:36:20","slug":"pistao-sul-tera-trecho-interditado-de-quinta-30-ate-terca-4","status":"publish","type":"post","link":"https:\/\/www.notibras.com\/site\/pistao-sul-tera-trecho-interditado-de-quinta-30-ate-terca-4\/","title":{"rendered":"Pist\u00e3o Sul ter\u00e1 trecho interditado de quinta (30) at\u00e9 ter\u00e7a (4)"},"content":{"rendered":"<p>O Departamento de Estradas de Rodagem do Distrito Federal (DER-DF) informa que, para dar continuidade \u00e0s obras de recupera\u00e7\u00e3o asf\u00e1ltica de trecho da Estrada Parque Contorno (DF-001), conhecido como \u201cPist\u00e3o Sul\u201d, ir\u00e1 interditar a via marginal, no sentido Taguatinga, localizada bem em frente ao Taguatinga Shopping, a partir das 7h da manh\u00e3 desta 5\u00aa feira (30) at\u00e9 \u00e0s 17h da 3\u00aa feira (4).<\/p>\n<p>Como a marginal ser\u00e1 fechada, haver\u00e1 restri\u00e7\u00e3o de tr\u00e1fego no local. As obras de recupera\u00e7\u00e3o asf\u00e1ltica do trecho em quest\u00e3o incluem os seguintes servi\u00e7os: terraplenagem, pavimenta\u00e7\u00e3o e drenagem.<\/p>\n<p>A empresa contratada ir\u00e1 sinalizar o trecho em obras. Al\u00e9m disso, uma viatura do DER-DF estar\u00e1 presente para orientar e garantir a seguran\u00e7a dos usu\u00e1rios da via. O departamento reconhece os transtornos que os servi\u00e7os provocam no tr\u00e2nsito, mas lembra aos motoristas que, quando estiverem conclu\u00eddas as obras, cerca de 60 mil pessoas que transitam pelo local diariamente ser\u00e3o beneficiadas e ter\u00e3o seu tempo deslocamento reduzido, al\u00e9m de ganhar na seguran\u00e7a e trafegabilidade.<\/p>\n","protected":false},"excerpt":{"rendered":"<p>O Departamento de Estradas de Rodagem do Distrito Federal (DER-DF) informa que, para dar continuidade \u00e0s obras de recupera\u00e7\u00e3o asf\u00e1ltica de trecho da Estrada Parque Contorno (DF-001), conhecido como \u201cPist\u00e3o Sul\u201d, ir\u00e1 interditar a via marginal, no sentido Taguatinga, localizada bem em frente ao Taguatinga Shopping, a partir das 7h da manh\u00e3 desta 5\u00aa feira [&hellip;]<\/p>\n","protected":false},"author":2,"featured_media":329813,"comment_status":"closed","ping_status":"closed","sticky":false,"template":"","format":"standard","meta":{"_acf_changed":false,"footnotes":""},"categories":[161],"tags":[],"class_list":["post-329812","post","type-post","status-publish","format-standard","has-post-thumbnail","hentry","category-quadradinho-em-foco"],"acf":[],"yoast_head":"<!-- This site is optimized with the Yoast SEO plugin v27.5 - https:\/\/yoast.com\/product\/yoast-seo-wordpress\/ -->\n<title>Pist\u00e3o Sul ter\u00e1 trecho interditado de quinta (30) at\u00e9 ter\u00e7a (4) - Notibras<\/title>\n<meta name=\"robots\" content=\"index, follow, max-snippet:-1, max-image-preview:large, max-video-preview:-1\" \/>\n<link rel=\"canonical\" href=\"https:\/\/www.notibras.com\/site\/pistao-sul-tera-trecho-interditado-de-quinta-30-ate-terca-4\/\" \/>\n<meta property=\"og:locale\" content=\"pt_BR\" \/>\n<meta property=\"og:type\" content=\"article\" \/>\n<meta property=\"og:title\" content=\"Pist\u00e3o Sul ter\u00e1 trecho interditado de quinta (30) at\u00e9 ter\u00e7a (4) - Notibras\" \/>\n<meta property=\"og:description\" content=\"O Departamento de Estradas de Rodagem do Distrito Federal (DER-DF) informa que, para dar continuidade \u00e0s obras de recupera\u00e7\u00e3o asf\u00e1ltica de trecho da Estrada Parque Contorno (DF-001), conhecido como \u201cPist\u00e3o Sul\u201d, ir\u00e1 interditar a via marginal, no sentido Taguatinga, localizada bem em frente ao Taguatinga Shopping, a partir das 7h da manh\u00e3 desta 5\u00aa feira [&hellip;]\" \/>\n<meta property=\"og:url\" content=\"https:\/\/www.notibras.com\/site\/pistao-sul-tera-trecho-interditado-de-quinta-30-ate-terca-4\/\" \/>\n<meta property=\"og:site_name\" content=\"Notibras\" \/>\n<meta property=\"article:publisher\" content=\"https:\/\/www.facebook.com\/notibras\/\" \/>\n<meta property=\"article:published_time\" content=\"2024-05-29T03:04:41+00:00\" \/>\n<meta property=\"article:modified_time\" content=\"2024-05-29T10:36:20+00:00\" \/>\n<meta property=\"og:image\" content=\"https:\/\/www.notibras.com\/site\/wp-content\/uploads\/2024\/05\/WhatsApp-Image-2024-05-28-at-18.40.28.jpeg\" \/>\n\t<meta property=\"og:image:width\" content=\"560\" \/>\n\t<meta property=\"og:image:height\" content=\"494\" \/>\n\t<meta property=\"og:image:type\" content=\"image\/jpeg\" \/>\n<meta name=\"author\" content=\"Reda\u00e7\u00e3o\" \/>\n<meta name=\"twitter:card\" content=\"summary_large_image\" \/>\n<meta name=\"twitter:creator\" content=\"@Notibras\" \/>\n<meta name=\"twitter:site\" content=\"@Notibras\" \/>\n<meta name=\"twitter:label1\" content=\"Escrito por\" \/>\n\t<meta name=\"twitter:data1\" content=\"Reda\u00e7\u00e3o\" \/>\n\t<meta name=\"twitter:label2\" content=\"Est. tempo de leitura\" \/>\n\t<meta name=\"twitter:data2\" content=\"2 minutos\" \/>\n<script type=\"application\/ld+json\" class=\"yoast-schema-graph\">{\"@context\":\"https:\\\/\\\/schema.org\",\"@graph\":[{\"@type\":\"Article\",\"@id\":\"https:\\\/\\\/www.notibras.com\\\/site\\\/pistao-sul-tera-trecho-interditado-de-quinta-30-ate-terca-4\\\/#article\",\"isPartOf\":{\"@id\":\"https:\\\/\\\/www.notibras.com\\\/site\\\/pistao-sul-tera-trecho-interditado-de-quinta-30-ate-terca-4\\\/\"},\"author\":{\"name\":\"Reda\u00e7\u00e3o\",\"@id\":\"https:\\\/\\\/www.notibras.com\\\/site\\\/#\\\/schema\\\/person\\\/36ab0979449956132d3e5b517ea76ac8\"},\"headline\":\"Pist\u00e3o Sul ter\u00e1 trecho interditado de quinta (30) at\u00e9 ter\u00e7a (4)\",\"datePublished\":\"2024-05-29T03:04:41+00:00\",\"dateModified\":\"2024-05-29T10:36:20+00:00\",\"mainEntityOfPage\":{\"@id\":\"https:\\\/\\\/www.notibras.com\\\/site\\\/pistao-sul-tera-trecho-interditado-de-quinta-30-ate-terca-4\\\/\"},\"wordCount\":190,\"publisher\":{\"@id\":\"https:\\\/\\\/www.notibras.com\\\/site\\\/#organization\"},\"image\":{\"@id\":\"https:\\\/\\\/www.notibras.com\\\/site\\\/pistao-sul-tera-trecho-interditado-de-quinta-30-ate-terca-4\\\/#primaryimage\"},\"thumbnailUrl\":\"https:\\\/\\\/www.notibras.com\\\/site\\\/wp-content\\\/uploads\\\/2024\\\/05\\\/WhatsApp-Image-2024-05-28-at-18.40.28.jpeg\",\"articleSection\":[\"Quadradinho em Foco\"],\"inLanguage\":\"pt-BR\"},{\"@type\":\"WebPage\",\"@id\":\"https:\\\/\\\/www.notibras.com\\\/site\\\/pistao-sul-tera-trecho-interditado-de-quinta-30-ate-terca-4\\\/\",\"url\":\"https:\\\/\\\/www.notibras.com\\\/site\\\/pistao-sul-tera-trecho-interditado-de-quinta-30-ate-terca-4\\\/\",\"name\":\"Pist\u00e3o Sul ter\u00e1 trecho interditado de quinta (30) at\u00e9 ter\u00e7a (4) - Notibras\",\"isPartOf\":{\"@id\":\"https:\\\/\\\/www.notibras.com\\\/site\\\/#website\"},\"primaryImageOfPage\":{\"@id\":\"https:\\\/\\\/www.notibras.com\\\/site\\\/pistao-sul-tera-trecho-interditado-de-quinta-30-ate-terca-4\\\/#primaryimage\"},\"image\":{\"@id\":\"https:\\\/\\\/www.notibras.com\\\/site\\\/pistao-sul-tera-trecho-interditado-de-quinta-30-ate-terca-4\\\/#primaryimage\"},\"thumbnailUrl\":\"https:\\\/\\\/www.notibras.com\\\/site\\\/wp-content\\\/uploads\\\/2024\\\/05\\\/WhatsApp-Image-2024-05-28-at-18.40.28.jpeg\",\"datePublished\":\"2024-05-29T03:04:41+00:00\",\"dateModified\":\"2024-05-29T10:36:20+00:00\",\"breadcrumb\":{\"@id\":\"https:\\\/\\\/www.notibras.com\\\/site\\\/pistao-sul-tera-trecho-interditado-de-quinta-30-ate-terca-4\\\/#breadcrumb\"},\"inLanguage\":\"pt-BR\",\"potentialAction\":[{\"@type\":\"ReadAction\",\"target\":[\"https:\\\/\\\/www.notibras.com\\\/site\\\/pistao-sul-tera-trecho-interditado-de-quinta-30-ate-terca-4\\\/\"]}]},{\"@type\":\"ImageObject\",\"inLanguage\":\"pt-BR\",\"@id\":\"https:\\\/\\\/www.notibras.com\\\/site\\\/pistao-sul-tera-trecho-interditado-de-quinta-30-ate-terca-4\\\/#primaryimage\",\"url\":\"https:\\\/\\\/www.notibras.com\\\/site\\\/wp-content\\\/uploads\\\/2024\\\/05\\\/WhatsApp-Image-2024-05-28-at-18.40.28.jpeg\",\"contentUrl\":\"https:\\\/\\\/www.notibras.com\\\/site\\\/wp-content\\\/uploads\\\/2024\\\/05\\\/WhatsApp-Image-2024-05-28-at-18.40.28.jpeg\",\"width\":560,\"height\":494},{\"@type\":\"BreadcrumbList\",\"@id\":\"https:\\\/\\\/www.notibras.com\\\/site\\\/pistao-sul-tera-trecho-interditado-de-quinta-30-ate-terca-4\\\/#breadcrumb\",\"itemListElement\":[{\"@type\":\"ListItem\",\"position\":1,\"name\":\"In\u00edcio\",\"item\":\"https:\\\/\\\/www.notibras.com\\\/site\\\/\"},{\"@type\":\"ListItem\",\"position\":2,\"name\":\"Pist\u00e3o Sul ter\u00e1 trecho interditado de quinta (30) at\u00e9 ter\u00e7a (4)\"}]},{\"@type\":\"WebSite\",\"@id\":\"https:\\\/\\\/www.notibras.com\\\/site\\\/#website\",\"url\":\"https:\\\/\\\/www.notibras.com\\\/site\\\/\",\"name\":\"Notibras\",\"description\":\"Not\u00edcias de Bras\u00edlia, do Brasil e do Mundo\",\"publisher\":{\"@id\":\"https:\\\/\\\/www.notibras.com\\\/site\\\/#organization\"},\"potentialAction\":[{\"@type\":\"SearchAction\",\"target\":{\"@type\":\"EntryPoint\",\"urlTemplate\":\"https:\\\/\\\/www.notibras.com\\\/site\\\/?s={search_term_string}\"},\"query-input\":{\"@type\":\"PropertyValueSpecification\",\"valueRequired\":true,\"valueName\":\"search_term_string\"}}],\"inLanguage\":\"pt-BR\"},{\"@type\":\"Organization\",\"@id\":\"https:\\\/\\\/www.notibras.com\\\/site\\\/#organization\",\"name\":\"Grupo Notibras de Comunica\u00e7\u00e3o\",\"url\":\"https:\\\/\\\/www.notibras.com\\\/site\\\/\",\"logo\":{\"@type\":\"ImageObject\",\"inLanguage\":\"pt-BR\",\"@id\":\"https:\\\/\\\/www.notibras.com\\\/site\\\/#\\\/schema\\\/logo\\\/image\\\/\",\"url\":\"https:\\\/\\\/www.notibras.com\\\/site\\\/wp-content\\\/uploads\\\/2023\\\/01\\\/notibras23.png\",\"contentUrl\":\"https:\\\/\\\/www.notibras.com\\\/site\\\/wp-content\\\/uploads\\\/2023\\\/01\\\/notibras23.png\",\"width\":350,\"height\":87,\"caption\":\"Grupo Notibras de Comunica\u00e7\u00e3o\"},\"image\":{\"@id\":\"https:\\\/\\\/www.notibras.com\\\/site\\\/#\\\/schema\\\/logo\\\/image\\\/\"},\"sameAs\":[\"https:\\\/\\\/www.facebook.com\\\/notibras\\\/\",\"https:\\\/\\\/x.com\\\/Notibras\",\"https:\\\/\\\/www.instagram.com\\\/notibras\\\/\"]},{\"@type\":\"Person\",\"@id\":\"https:\\\/\\\/www.notibras.com\\\/site\\\/#\\\/schema\\\/person\\\/36ab0979449956132d3e5b517ea76ac8\",\"name\":\"Reda\u00e7\u00e3o\",\"image\":{\"@type\":\"ImageObject\",\"inLanguage\":\"pt-BR\",\"@id\":\"https:\\\/\\\/secure.gravatar.com\\\/avatar\\\/e0a867bdedb85fd243eadf09663511f96fc81e0720a4a42581f334ad4303aa6b?s=96&d=mm&r=g\",\"url\":\"https:\\\/\\\/secure.gravatar.com\\\/avatar\\\/e0a867bdedb85fd243eadf09663511f96fc81e0720a4a42581f334ad4303aa6b?s=96&d=mm&r=g\",\"contentUrl\":\"https:\\\/\\\/secure.gravatar.com\\\/avatar\\\/e0a867bdedb85fd243eadf09663511f96fc81e0720a4a42581f334ad4303aa6b?s=96&d=mm&r=g\",\"caption\":\"Reda\u00e7\u00e3o\"}}]}<\/script>\n<!-- \/ Yoast SEO plugin. -->","yoast_head_json":{"title":"Pist\u00e3o Sul ter\u00e1 trecho interditado de quinta (30) at\u00e9 ter\u00e7a (4) - Notibras","robots":{"index":"index","follow":"follow","max-snippet":"max-snippet:-1","max-image-preview":"max-image-preview:large","max-video-preview":"max-video-preview:-1"},"canonical":"https:\/\/www.notibras.com\/site\/pistao-sul-tera-trecho-interditado-de-quinta-30-ate-terca-4\/","og_locale":"pt_BR","og_type":"article","og_title":"Pist\u00e3o Sul ter\u00e1 trecho interditado de quinta (30) at\u00e9 ter\u00e7a (4) - Notibras","og_description":"O Departamento de Estradas de Rodagem do Distrito Federal (DER-DF) informa que, para dar continuidade \u00e0s obras de recupera\u00e7\u00e3o asf\u00e1ltica de trecho da Estrada Parque Contorno (DF-001), conhecido como \u201cPist\u00e3o Sul\u201d, ir\u00e1 interditar a via marginal, no sentido Taguatinga, localizada bem em frente ao Taguatinga Shopping, a partir das 7h da manh\u00e3 desta 5\u00aa feira [&hellip;]","og_url":"https:\/\/www.notibras.com\/site\/pistao-sul-tera-trecho-interditado-de-quinta-30-ate-terca-4\/","og_site_name":"Notibras","article_publisher":"https:\/\/www.facebook.com\/notibras\/","article_published_time":"2024-05-29T03:04:41+00:00","article_modified_time":"2024-05-29T10:36:20+00:00","og_image":[{"width":560,"height":494,"url":"https:\/\/www.notibras.com\/site\/wp-content\/uploads\/2024\/05\/WhatsApp-Image-2024-05-28-at-18.40.28.jpeg","type":"image\/jpeg"}],"author":"Reda\u00e7\u00e3o","twitter_card":"summary_large_image","twitter_creator":"@Notibras","twitter_site":"@Notibras","twitter_misc":{"Escrito por":"Reda\u00e7\u00e3o","Est. tempo de leitura":"2 minutos"},"schema":{"@context":"https:\/\/schema.org","@graph":[{"@type":"Article","@id":"https:\/\/www.notibras.com\/site\/pistao-sul-tera-trecho-interditado-de-quinta-30-ate-terca-4\/#article","isPartOf":{"@id":"https:\/\/www.notibras.com\/site\/pistao-sul-tera-trecho-interditado-de-quinta-30-ate-terca-4\/"},"author":{"name":"Reda\u00e7\u00e3o","@id":"https:\/\/www.notibras.com\/site\/#\/schema\/person\/36ab0979449956132d3e5b517ea76ac8"},"headline":"Pist\u00e3o Sul ter\u00e1 trecho interditado de quinta (30) at\u00e9 ter\u00e7a (4)","datePublished":"2024-05-29T03:04:41+00:00","dateModified":"2024-05-29T10:36:20+00:00","mainEntityOfPage":{"@id":"https:\/\/www.notibras.com\/site\/pistao-sul-tera-trecho-interditado-de-quinta-30-ate-terca-4\/"},"wordCount":190,"publisher":{"@id":"https:\/\/www.notibras.com\/site\/#organization"},"image":{"@id":"https:\/\/www.notibras.com\/site\/pistao-sul-tera-trecho-interditado-de-quinta-30-ate-terca-4\/#primaryimage"},"thumbnailUrl":"https:\/\/www.notibras.com\/site\/wp-content\/uploads\/2024\/05\/WhatsApp-Image-2024-05-28-at-18.40.28.jpeg","articleSection":["Quadradinho em Foco"],"inLanguage":"pt-BR"},{"@type":"WebPage","@id":"https:\/\/www.notibras.com\/site\/pistao-sul-tera-trecho-interditado-de-quinta-30-ate-terca-4\/","url":"https:\/\/www.notibras.com\/site\/pistao-sul-tera-trecho-interditado-de-quinta-30-ate-terca-4\/","name":"Pist\u00e3o Sul ter\u00e1 trecho interditado de quinta (30) at\u00e9 ter\u00e7a (4) - Notibras","isPartOf":{"@id":"https:\/\/www.notibras.com\/site\/#website"},"primaryImageOfPage":{"@id":"https:\/\/www.notibras.com\/site\/pistao-sul-tera-trecho-interditado-de-quinta-30-ate-terca-4\/#primaryimage"},"image":{"@id":"https:\/\/www.notibras.com\/site\/pistao-sul-tera-trecho-interditado-de-quinta-30-ate-terca-4\/#primaryimage"},"thumbnailUrl":"https:\/\/www.notibras.com\/site\/wp-content\/uploads\/2024\/05\/WhatsApp-Image-2024-05-28-at-18.40.28.jpeg","datePublished":"2024-05-29T03:04:41+00:00","dateModified":"2024-05-29T10:36:20+00:00","breadcrumb":{"@id":"https:\/\/www.notibras.com\/site\/pistao-sul-tera-trecho-interditado-de-quinta-30-ate-terca-4\/#breadcrumb"},"inLanguage":"pt-BR","potentialAction":[{"@type":"ReadAction","target":["https:\/\/www.notibras.com\/site\/pistao-sul-tera-trecho-interditado-de-quinta-30-ate-terca-4\/"]}]},{"@type":"ImageObject","inLanguage":"pt-BR","@id":"https:\/\/www.notibras.com\/site\/pistao-sul-tera-trecho-interditado-de-quinta-30-ate-terca-4\/#primaryimage","url":"https:\/\/www.notibras.com\/site\/wp-content\/uploads\/2024\/05\/WhatsApp-Image-2024-05-28-at-18.40.28.jpeg","contentUrl":"https:\/\/www.notibras.com\/site\/wp-content\/uploads\/2024\/05\/WhatsApp-Image-2024-05-28-at-18.40.28.jpeg","width":560,"height":494},{"@type":"BreadcrumbList","@id":"https:\/\/www.notibras.com\/site\/pistao-sul-tera-trecho-interditado-de-quinta-30-ate-terca-4\/#breadcrumb","itemListElement":[{"@type":"ListItem","position":1,"name":"In\u00edcio","item":"https:\/\/www.notibras.com\/site\/"},{"@type":"ListItem","position":2,"name":"Pist\u00e3o Sul ter\u00e1 trecho interditado de quinta (30) at\u00e9 ter\u00e7a (4)"}]},{"@type":"WebSite","@id":"https:\/\/www.notibras.com\/site\/#website","url":"https:\/\/www.notibras.com\/site\/","name":"Notibras","description":"Not\u00edcias de Bras\u00edlia, do Brasil e do Mundo","publisher":{"@id":"https:\/\/www.notibras.com\/site\/#organization"},"potentialAction":[{"@type":"SearchAction","target":{"@type":"EntryPoint","urlTemplate":"https:\/\/www.notibras.com\/site\/?s={search_term_string}"},"query-input":{"@type":"PropertyValueSpecification","valueRequired":true,"valueName":"search_term_string"}}],"inLanguage":"pt-BR"},{"@type":"Organization","@id":"https:\/\/www.notibras.com\/site\/#organization","name":"Grupo Notibras de Comunica\u00e7\u00e3o","url":"https:\/\/www.notibras.com\/site\/","logo":{"@type":"ImageObject","inLanguage":"pt-BR","@id":"https:\/\/www.notibras.com\/site\/#\/schema\/logo\/image\/","url":"https:\/\/www.notibras.com\/site\/wp-content\/uploads\/2023\/01\/notibras23.png","contentUrl":"https:\/\/www.notibras.com\/site\/wp-content\/uploads\/2023\/01\/notibras23.png","width":350,"height":87,"caption":"Grupo Notibras de Comunica\u00e7\u00e3o"},"image":{"@id":"https:\/\/www.notibras.com\/site\/#\/schema\/logo\/image\/"},"sameAs":["https:\/\/www.facebook.com\/notibras\/","https:\/\/x.com\/Notibras","https:\/\/www.instagram.com\/notibras\/"]},{"@type":"Person","@id":"https:\/\/www.notibras.com\/site\/#\/schema\/person\/36ab0979449956132d3e5b517ea76ac8","name":"Reda\u00e7\u00e3o","image":{"@type":"ImageObject","inLanguage":"pt-BR","@id":"https:\/\/secure.gravatar.com\/avatar\/e0a867bdedb85fd243eadf09663511f96fc81e0720a4a42581f334ad4303aa6b?s=96&d=mm&r=g","url":"https:\/\/secure.gravatar.com\/avatar\/e0a867bdedb85fd243eadf09663511f96fc81e0720a4a42581f334ad4303aa6b?s=96&d=mm&r=g","contentUrl":"https:\/\/secure.gravatar.com\/avatar\/e0a867bdedb85fd243eadf09663511f96fc81e0720a4a42581f334ad4303aa6b?s=96&d=mm&r=g","caption":"Reda\u00e7\u00e3o"}}]}},"amp_enabled":true,"_links":{"self":[{"href":"https:\/\/www.notibras.com\/site\/wp-json\/wp\/v2\/posts\/329812","targetHints":{"allow":["GET"]}}],"collection":[{"href":"https:\/\/www.notibras.com\/site\/wp-json\/wp\/v2\/posts"}],"about":[{"href":"https:\/\/www.notibras.com\/site\/wp-json\/wp\/v2\/types\/post"}],"author":[{"embeddable":true,"href":"https:\/\/www.notibras.com\/site\/wp-json\/wp\/v2\/users\/2"}],"replies":[{"embeddable":true,"href":"https:\/\/www.notibras.com\/site\/wp-json\/wp\/v2\/comments?post=329812"}],"version-history":[{"count":1,"href":"https:\/\/www.notibras.com\/site\/wp-json\/wp\/v2\/posts\/329812\/revisions"}],"predecessor-version":[{"id":329814,"href":"https:\/\/www.notibras.com\/site\/wp-json\/wp\/v2\/posts\/329812\/revisions\/329814"}],"wp:featuredmedia":[{"embeddable":true,"href":"https:\/\/www.notibras.com\/site\/wp-json\/wp\/v2\/media\/329813"}],"wp:attachment":[{"href":"https:\/\/www.notibras.com\/site\/wp-json\/wp\/v2\/media?parent=329812"}],"wp:term":[{"taxonomy":"category","embeddable":true,"href":"https:\/\/www.notibras.com\/site\/wp-json\/wp\/v2\/categories?post=329812"},{"taxonomy":"post_tag","embeddable":true,"href":"https:\/\/www.notibras.com\/site\/wp-json\/wp\/v2\/tags?post=329812"}],"curies":[{"name":"wp","href":"https:\/\/api.w.org\/{rel}","templated":true}]}}