{"id":329853,"date":"2024-05-30T09:50:55","date_gmt":"2024-05-30T12:50:55","guid":{"rendered":"https:\/\/www.notibras.com\/site\/?p=329853"},"modified":"2024-05-30T09:59:45","modified_gmt":"2024-05-30T12:59:45","slug":"familia-unida-se-divorcia-com-partida-da-matriarca","status":"publish","type":"post","link":"https:\/\/www.notibras.com\/site\/familia-unida-se-divorcia-com-partida-da-matriarca\/","title":{"rendered":"Fam\u00edlia unida se divorcia com partida da matriarca"},"content":{"rendered":"<p>Vov\u00f3, nascida em Olinda, mas soteropolitana de cora\u00e7\u00e3o, era uma figura! Sempre cheia de sorrisos e \u00f3timas hist\u00f3rias na ponta da l\u00edngua. E, se n\u00e3o se lembrava de uma, inventava e ficava ainda melhor. Meus irm\u00e3os, primos e eu arregal\u00e1vamos os olhos e apont\u00e1vamos as orelhas em sua dire\u00e7\u00e3o e, logo ap\u00f3s o fim, minha mente infantil divagava sobre cada trecho.<\/p>\n<p>\u2014 Vov\u00f3, os bolsos do palet\u00f3 do seu pai eram mesmo cheios de caramelos?<\/p>\n<p>\u2014 \u00c9 verdade, Pedrinho. Papai sempre voltava do trabalho com os bolsos bem cheios de caramelos. Mam\u00e3e brigava com ele, mas depois at\u00e9 ela entrava na brincadeira e pegava alguns para comer depois da janta. E todos r\u00edamos.<\/p>\n<p>Na escola, eu contava pros meus amigos que meu bisav\u00f4 possu\u00eda um terno m\u00e1gico, de onde sa\u00edam balas, bombons e, em dia de muito calor, at\u00e9 picol\u00e9 para que todos pudessem se refrescar. At\u00e9 hoje n\u00e3o sei se vov\u00f3 havia mesmo nos contado dessa forma ou, ent\u00e3o, sonhei com ela me dizendo isso. Meus colegas ficavam maravilhados com aquelas hist\u00f3rias recontadas e, nesses momentos, eu me sentia importante que nem vov\u00f3.<\/p>\n<p>Mas n\u00e3o pense voc\u00ea que minha av\u00f3 era apenas uma contadora de casos. N\u00e3o, senhor! Era a melhor cozinheira do mundo. Isso, ali\u00e1s, foi motivo de disc\u00f3rdia quando ela recebeu a visita do seu \u00fanico irm\u00e3o ainda vivo, que, apesar de ser meu tio-bisav\u00f4, costumava cham\u00e1-lo de tio Chico.<\/p>\n<p>E l\u00e1 estava quase toda a fam\u00edlia reunida. Meu av\u00f4 sentado em uma das cabeceiras da mesa, tio Chico na outra. Vov\u00f3 estava pr\u00f3xima ao marido, enquanto eu me sentava justamente na primeira cadeira \u00e0 esquerda do seu irm\u00e3o. Tio Chico falava dos tempos de menino, quando come\u00e7ou a falar como \u00e9 que minha bisav\u00f3 era t\u00e3o boa com os filhos, al\u00e9m de excelente cozinheira, que sabia fazer o melhor espaguete do mundo.<\/p>\n<p>\u2014 Mas o da vov\u00f3 \u00e9 muito melhor, n\u00e9, tio Chico?<\/p>\n<p>\u2014 Pedrinho, sua av\u00f3 sabe l\u00e1 cozinhar? Voc\u00ea precisava provar a comida da minha m\u00e3e!<\/p>\n<p>A minha vontade era de dar um belo chute na canela do tio Chico. N\u00e3o fiz isso, mas durante muitos anos acabei ficando com birra dele. Como \u00e9 que ele foi capaz de falar aquilo da pr\u00f3pria irm\u00e3? A m\u00e1goa, apesar de sanada ap\u00f3s eu entrar na faculdade, n\u00e3o me deixou desfrutar da companhia do tio Chico por longo tempo.<\/p>\n<p>Hoje, perto de completar 50 anos, sinto saudade daqueles tempos. At\u00e9 meus amigos mais pr\u00f3ximos, que de vez em quando passavam os finais de semana na casa da minha av\u00f3, falam que ela era como am\u00e1lgama. \u00c9 verdade, vov\u00f3 conseguia unir todos os parentes como ningu\u00e9m. E, desde que ela se foi no ano passado, a fam\u00edlia se divorciou.<\/p>\n<p><strong>*Eduardo Mart\u00ednez \u00e9 autor do livro \u201c57 Contos e Cr\u00f4nicas por um Autor muito Velho\u201d.<\/strong><\/p>\n<p>Compre aqui\u00a0<span class=\"x19la9d6 x1fc57z9 x6ikm8r x10wlt62 x19co3pv x1g5zs5t xfibh0p xiy17q3 x1xsqp64 x1lkfr7t xexx8yu x4uap5 x18d9i69 xkhd6sd\"><span class=\"xrtxmta x1bhl96m\"><img decoding=\"async\" class=\"emoji\" role=\"img\" draggable=\"false\" src=\"https:\/\/s.w.org\/images\/core\/emoji\/14.0.0\/svg\/1f447-1f3ff.svg\" alt=\"&#x1f447;&#x1f3ff;\" \/><\/span><\/span><span class=\"x19la9d6 x1fc57z9 x6ikm8r x10wlt62 x19co3pv x1g5zs5t xfibh0p xiy17q3 x1xsqp64 x1lkfr7t xexx8yu x4uap5 x18d9i69 xkhd6sd\"><span class=\"xrtxmta x1bhl96m\"><img decoding=\"async\" class=\"emoji\" role=\"img\" draggable=\"false\" src=\"https:\/\/s.w.org\/images\/core\/emoji\/14.0.0\/svg\/1f447-1f3ff.svg\" alt=\"&#x1f447;&#x1f3ff;\" \/><\/span><\/span><span class=\"x19la9d6 x1fc57z9 x6ikm8r x10wlt62 x19co3pv x1g5zs5t xfibh0p xiy17q3 x1xsqp64 x1lkfr7t xexx8yu x4uap5 x18d9i69 xkhd6sd\"><span class=\"xrtxmta x1bhl96m\"><img decoding=\"async\" class=\"emoji\" role=\"img\" draggable=\"false\" src=\"https:\/\/s.w.org\/images\/core\/emoji\/14.0.0\/svg\/1f447-1f3ff.svg\" alt=\"&#x1f447;&#x1f3ff;\" \/><\/span><\/span><\/p>\n<p><a href=\"http:\/\/www.joanineditora.com.br\/57-contos-e-cronicas-por-um-autor-muito-velho\">http:\/\/www.joanineditora.com.br\/57-contos-e-cronicas-por-um-autor-muito-velho<\/a><\/p>\n","protected":false},"excerpt":{"rendered":"<p>Vov\u00f3, nascida em Olinda, mas soteropolitana de cora\u00e7\u00e3o, era uma figura! Sempre cheia de sorrisos e \u00f3timas hist\u00f3rias na ponta da l\u00edngua. E, se n\u00e3o se lembrava de uma, inventava e ficava ainda melhor. Meus irm\u00e3os, primos e eu arregal\u00e1vamos os olhos e apont\u00e1vamos as orelhas em sua dire\u00e7\u00e3o e, logo ap\u00f3s o fim, minha [&hellip;]<\/p>\n","protected":false},"author":2,"featured_media":329854,"comment_status":"closed","ping_status":"closed","sticky":false,"template":"","format":"standard","meta":{"_acf_changed":false,"footnotes":""},"categories":[165,171],"tags":[],"class_list":["post-329853","post","type-post","status-publish","format-standard","has-post-thumbnail","hentry","category-nordeste","category-pernambuco-nordeste"],"acf":[],"_links":{"self":[{"href":"https:\/\/www.notibras.com\/site\/wp-json\/wp\/v2\/posts\/329853","targetHints":{"allow":["GET"]}}],"collection":[{"href":"https:\/\/www.notibras.com\/site\/wp-json\/wp\/v2\/posts"}],"about":[{"href":"https:\/\/www.notibras.com\/site\/wp-json\/wp\/v2\/types\/post"}],"author":[{"embeddable":true,"href":"https:\/\/www.notibras.com\/site\/wp-json\/wp\/v2\/users\/2"}],"replies":[{"embeddable":true,"href":"https:\/\/www.notibras.com\/site\/wp-json\/wp\/v2\/comments?post=329853"}],"version-history":[{"count":2,"href":"https:\/\/www.notibras.com\/site\/wp-json\/wp\/v2\/posts\/329853\/revisions"}],"predecessor-version":[{"id":329859,"href":"https:\/\/www.notibras.com\/site\/wp-json\/wp\/v2\/posts\/329853\/revisions\/329859"}],"wp:featuredmedia":[{"embeddable":true,"href":"https:\/\/www.notibras.com\/site\/wp-json\/wp\/v2\/media\/329854"}],"wp:attachment":[{"href":"https:\/\/www.notibras.com\/site\/wp-json\/wp\/v2\/media?parent=329853"}],"wp:term":[{"taxonomy":"category","embeddable":true,"href":"https:\/\/www.notibras.com\/site\/wp-json\/wp\/v2\/categories?post=329853"},{"taxonomy":"post_tag","embeddable":true,"href":"https:\/\/www.notibras.com\/site\/wp-json\/wp\/v2\/tags?post=329853"}],"curies":[{"name":"wp","href":"https:\/\/api.w.org\/{rel}","templated":true}]}}