{"id":329856,"date":"2024-05-30T08:55:10","date_gmt":"2024-05-30T11:55:10","guid":{"rendered":"https:\/\/www.notibras.com\/site\/?p=329856"},"modified":"2024-05-30T09:57:04","modified_gmt":"2024-05-30T12:57:04","slug":"izolda-cela-deixa-educacao-para-disputar-prefeitura","status":"publish","type":"post","link":"https:\/\/www.notibras.com\/site\/izolda-cela-deixa-educacao-para-disputar-prefeitura\/","title":{"rendered":"Izolda Cela deixa Educa\u00e7\u00e3o para disputar prefeitura"},"content":{"rendered":"<p>A secret\u00e1ria executiva do Minist\u00e9rio da Educa\u00e7\u00e3o (MEC), Izolda Cela, anunciou a sa\u00edda da pasta para disputar as elei\u00e7\u00f5es municipais de outubro. O an\u00fancio foi feito em comunicado enviado nessa quarta-feira (29) \u00e0 sua equipe.<\/p>\n<p>Ex-governadora do Cear\u00e1, Izolda dever\u00e1 ser candidata a prefeita de Fortaleza ou Sobral (CE). Ela deixa a pasta \u00e0s v\u00e9speras de acabar o prazo legal para a desincompatibiliza\u00e7\u00e3o de cargos de confian\u00e7a, que \u00e9 de quatro meses antes do pleito. As elei\u00e7\u00f5es est\u00e3o marcadas para 6 de outubro, com eventual segundo turno em 27 de outubro (em cidades acima de 200 mil habitantes).<\/p>\n<p>Na mensagem, Cela informou que n\u00e3o retornar\u00e1 ao trabalho ap\u00f3s o feriado de Corpus Christi, na segunda-feira (2). Ela elogiou o trabalho do ministro da Educa\u00e7\u00e3o, o tamb\u00e9m ex-governador do Cear\u00e1 Camilo Santana, e disse que as defini\u00e7\u00f5es relativas \u00e0 candidatura &#8220;a Deus pertencem\u201d.<\/p>\n<p>Al\u00e9m de ex-governadora, Izolda Cela \u00e9 tamb\u00e9m ex-secret\u00e1ria de Educa\u00e7\u00e3o do Cear\u00e1. Boa parte do cr\u00e9dito pelo bom desempenho do estado em m\u00e9tricas educacionais nos \u00faltimos anos \u00e9 atribu\u00edda \u00e0 sua gest\u00e3o. Ela chegou a ser cotada para assumir o pr\u00f3prio minist\u00e9rio, antes do presidente Luiz In\u00e1cio Lula da Silva optar por Santana.<\/p>\n<p>Em fevereiro deste ano, Izolda deixou o PDT para se filiar ao PSB, seguindo movimento do senador Cid Gomes, seu aliado pol\u00edtico e uma das principais lideran\u00e7as no Cear\u00e1. Ele fez a transi\u00e7\u00e3o pol\u00edtica ap\u00f3s ter se desentendido com o irm\u00e3o, Ciro Gomes, ex-candidato \u00e0 Presid\u00eancia.<\/p>\n<p>A rixa familiar envolveu a candidatura da ent\u00e3o governadora Izolda Cela \u00e0 reelei\u00e7\u00e3o, no pleito de 2022. A candidatura tinha o apoio de Cid, mas acabou barrada por Ciro, que n\u00e3o concordou em continuar a alian\u00e7a do PDT com o PT no Cear\u00e1.<\/p>\n","protected":false},"excerpt":{"rendered":"<p>A secret\u00e1ria executiva do Minist\u00e9rio da Educa\u00e7\u00e3o (MEC), Izolda Cela, anunciou a sa\u00edda da pasta para disputar as elei\u00e7\u00f5es municipais de outubro. O an\u00fancio foi feito em comunicado enviado nessa quarta-feira (29) \u00e0 sua equipe. Ex-governadora do Cear\u00e1, Izolda dever\u00e1 ser candidata a prefeita de Fortaleza ou Sobral (CE). Ela deixa a pasta \u00e0s v\u00e9speras [&hellip;]<\/p>\n","protected":false},"author":2,"featured_media":329857,"comment_status":"closed","ping_status":"closed","sticky":false,"template":"","format":"standard","meta":{"_acf_changed":false,"footnotes":""},"categories":[168,165],"tags":[],"class_list":["post-329856","post","type-post","status-publish","format-standard","has-post-thumbnail","hentry","category-ceara","category-nordeste"],"acf":[],"_links":{"self":[{"href":"https:\/\/www.notibras.com\/site\/wp-json\/wp\/v2\/posts\/329856","targetHints":{"allow":["GET"]}}],"collection":[{"href":"https:\/\/www.notibras.com\/site\/wp-json\/wp\/v2\/posts"}],"about":[{"href":"https:\/\/www.notibras.com\/site\/wp-json\/wp\/v2\/types\/post"}],"author":[{"embeddable":true,"href":"https:\/\/www.notibras.com\/site\/wp-json\/wp\/v2\/users\/2"}],"replies":[{"embeddable":true,"href":"https:\/\/www.notibras.com\/site\/wp-json\/wp\/v2\/comments?post=329856"}],"version-history":[{"count":1,"href":"https:\/\/www.notibras.com\/site\/wp-json\/wp\/v2\/posts\/329856\/revisions"}],"predecessor-version":[{"id":329858,"href":"https:\/\/www.notibras.com\/site\/wp-json\/wp\/v2\/posts\/329856\/revisions\/329858"}],"wp:featuredmedia":[{"embeddable":true,"href":"https:\/\/www.notibras.com\/site\/wp-json\/wp\/v2\/media\/329857"}],"wp:attachment":[{"href":"https:\/\/www.notibras.com\/site\/wp-json\/wp\/v2\/media?parent=329856"}],"wp:term":[{"taxonomy":"category","embeddable":true,"href":"https:\/\/www.notibras.com\/site\/wp-json\/wp\/v2\/categories?post=329856"},{"taxonomy":"post_tag","embeddable":true,"href":"https:\/\/www.notibras.com\/site\/wp-json\/wp\/v2\/tags?post=329856"}],"curies":[{"name":"wp","href":"https:\/\/api.w.org\/{rel}","templated":true}]}}