{"id":329860,"date":"2024-05-30T10:05:08","date_gmt":"2024-05-30T13:05:08","guid":{"rendered":"https:\/\/www.notibras.com\/site\/?p=329860"},"modified":"2024-05-30T10:05:08","modified_gmt":"2024-05-30T13:05:08","slug":"saude-lanca-campanha-contra-uso-de-cigarros-eletronicos","status":"publish","type":"post","link":"https:\/\/www.notibras.com\/site\/saude-lanca-campanha-contra-uso-de-cigarros-eletronicos\/","title":{"rendered":"Sa\u00fade lan\u00e7a campanha contra uso de cigarros eletr\u00f4nicos"},"content":{"rendered":"<p>O Minist\u00e9rio da Sa\u00fade e o Instituto Nacional de C\u00e2ncer (Inca) lan\u00e7aram nesta quarta-feira (29) campanha de preven\u00e7\u00e3o ao uso de cigarros eletr\u00f4nicos. \u201cDe acordo com a Organiza\u00e7\u00e3o Mundial da Sa\u00fade (OMS), novos produtos, como os cigarros eletr\u00f4nicos, e informa\u00e7\u00f5es enganosas da ind\u00fastria do tabaco s\u00e3o uma amea\u00e7a, levando a uma inicia\u00e7\u00e3o ao tabagismo cada vez mais precoce\u201d, destacou a pasta em nota.<\/p>\n<p>Dados apresentados pelo minist\u00e9rio indicam que crian\u00e7as e adolescentes que usam cigarros eletr\u00f4nicos t\u00eam pelo menos duas vezes mais probabilidade de fumar cigarros mais tarde na vida. O mote da campanha \u00e9 o Dia Mundial Sem Tabaco 2024, lembrado nesta sexta-feira (31) e que, este ano, tem como tema Prote\u00e7\u00e3o das crian\u00e7as contra a interfer\u00eancia da ind\u00fastria do tabaco.<\/p>\n<p>\u201cPor meio de linguagem jovem, a campanha visa a promover uma mudan\u00e7a de comportamento, al\u00e9m de proteger as novas gera\u00e7\u00f5es dos perigos do uso do tabaco, alertando sobre as t\u00e1ticas da ind\u00fastria para atrair crian\u00e7as e adolescentes, com interesse em garantir e ampliar seu mercado consumidor.\u201d<\/p>\n<p><strong>N\u00fameros<\/strong><br \/>\nDados da \u00faltima Pesquisa Nacional de Sa\u00fade do Escolar (PeNSE) revelam que, em 2019, 16,8% dos estudantes no Brasil com idade entre 13 e 17 anos j\u00e1 haviam experimentado o cigarro eletr\u00f4nico, sendo 13,6% com idade de 13 a 15 anos e 22,7% com 16 e 17 anos. Quanto ao sexo, a experimenta\u00e7\u00e3o \u00e9 maior entre os homens (18,1%) do que entre as mulheres (14,6%).<\/p>\n<p>A varia\u00e7\u00e3o regional foi significativa, com maior experimenta\u00e7\u00e3o do cigarro eletr\u00f4nico nas regi\u00f5es Centro-Oeste (23,7%), Sul (21,0%) e Sudeste (18,4%), ficando menor do que a m\u00e9dia nacional o Nordeste (10,8%) e o Norte (12,3%).<\/p>\n<p>Houve ainda aumento dos estudantes de 13 a 17 anos que declararam consumo de cigarros nos 30 dias anteriores \u00e0 data da pesquisa, com o percentual passando de 5,6% em 2013 para 6,8% em 2019.<\/p>\n<p><strong>Preju\u00edzos<\/strong><br \/>\nO minist\u00e9rio destaca que os dispositivos eletr\u00f4nicos para fumar (DEFs), que englobam os cigarros eletr\u00f4nicos e outros produtos de tabaco aquecido, t\u00eam quantidades vari\u00e1veis de nicotina e outras subst\u00e2ncias t\u00f3xicas, o que faz com que suas emiss\u00f5es sejam prejudiciais tanto para quem faz o uso direto quanto para quem \u00e9 exposto aos aeross\u00f3is.<\/p>\n<p>\u201cMesmo alguns produtos que alegam n\u00e3o conter nicotina podem apresentar a subst\u00e2ncia em sua composi\u00e7\u00e3o e suas emiss\u00f5es s\u00e3o nocivas\u201d, ressaltou a pasta. \u201cA nicotina causa depend\u00eancia e pode afetar negativamente o desenvolvimento cerebral de crian\u00e7as e adolescentes, impactando no aprendizado e na sa\u00fade mental.\u201d<\/p>\n<p>Ainda de acordo com o minist\u00e9rio, o consumo de tabaco \u00e9 considerado importante fator de risco para doen\u00e7as cardiovasculares e respirat\u00f3rias e para mais de 20 tipos ou subtipos diferentes de c\u00e2ncer, al\u00e9m de outras condi\u00e7\u00f5es de sa\u00fade classificadas como \u201cdebilitantes\u201d.<\/p>\n<p>\u201cAlguns estudos recentes sugerem que o uso de DEFs pode aumentar o risco de doen\u00e7as card\u00edacas e dist\u00farbios pulmonares. Al\u00e9m disso, a exposi\u00e7\u00e3o \u00e0 nicotina em mulheres gr\u00e1vidas pode afetar negativamente o desenvolvimento cerebral do feto. J\u00e1 a exposi\u00e7\u00e3o acidental de crian\u00e7as aos l\u00edquidos dos cigarros eletr\u00f4nicos representa s\u00e9rios riscos, pois os dispositivos podem vazar ou as crian\u00e7as podem engolir o l\u00edquido ou as c\u00e1psulas.\u201d<\/p>\n<p><strong>Anvisa<\/strong><br \/>\nEm 2009, a Ag\u00eancia Nacional de Vigil\u00e2ncia Sanit\u00e1ria (Anvisa) publicou resolu\u00e7\u00e3o proibindo a comercializa\u00e7\u00e3o, a fabrica\u00e7\u00e3o e a publicidade de cigarros eletr\u00f4nicos no Brasil. Recentemente, em abril, a diretoria colegiada da ag\u00eancia revisou a legisla\u00e7\u00e3o e proibiu a fabrica\u00e7\u00e3o, a importa\u00e7\u00e3o, a comercializa\u00e7\u00e3o, a distribui\u00e7\u00e3o, o armazenamento, o transporte e a propaganda de dispositivos eletr\u00f4nicos para fumar.<\/p>\n","protected":false},"excerpt":{"rendered":"<p>O Minist\u00e9rio da Sa\u00fade e o Instituto Nacional de C\u00e2ncer (Inca) lan\u00e7aram nesta quarta-feira (29) campanha de preven\u00e7\u00e3o ao uso de cigarros eletr\u00f4nicos. \u201cDe acordo com a Organiza\u00e7\u00e3o Mundial da Sa\u00fade (OMS), novos produtos, como os cigarros eletr\u00f4nicos, e informa\u00e7\u00f5es enganosas da ind\u00fastria do tabaco s\u00e3o uma amea\u00e7a, levando a uma inicia\u00e7\u00e3o ao tabagismo cada [&hellip;]<\/p>\n","protected":false},"author":2,"featured_media":329861,"comment_status":"closed","ping_status":"closed","sticky":false,"template":"","format":"standard","meta":{"_acf_changed":false,"footnotes":""},"categories":[161],"tags":[],"class_list":["post-329860","post","type-post","status-publish","format-standard","has-post-thumbnail","hentry","category-quadradinho-em-foco"],"acf":[],"yoast_head":"<!-- This site is optimized with the Yoast SEO plugin v27.5 - https:\/\/yoast.com\/product\/yoast-seo-wordpress\/ -->\n<title>Sa\u00fade lan\u00e7a campanha contra uso de cigarros eletr\u00f4nicos - Notibras<\/title>\n<meta name=\"robots\" content=\"index, follow, max-snippet:-1, max-image-preview:large, max-video-preview:-1\" \/>\n<link rel=\"canonical\" href=\"https:\/\/www.notibras.com\/site\/saude-lanca-campanha-contra-uso-de-cigarros-eletronicos\/\" \/>\n<meta property=\"og:locale\" content=\"pt_BR\" \/>\n<meta property=\"og:type\" content=\"article\" \/>\n<meta property=\"og:title\" content=\"Sa\u00fade lan\u00e7a campanha contra uso de cigarros eletr\u00f4nicos - Notibras\" \/>\n<meta property=\"og:description\" content=\"O Minist\u00e9rio da Sa\u00fade e o Instituto Nacional de C\u00e2ncer (Inca) lan\u00e7aram nesta quarta-feira (29) campanha de preven\u00e7\u00e3o ao uso de cigarros eletr\u00f4nicos. \u201cDe acordo com a Organiza\u00e7\u00e3o Mundial da Sa\u00fade (OMS), novos produtos, como os cigarros eletr\u00f4nicos, e informa\u00e7\u00f5es enganosas da ind\u00fastria do tabaco s\u00e3o uma amea\u00e7a, levando a uma inicia\u00e7\u00e3o ao tabagismo cada [&hellip;]\" \/>\n<meta property=\"og:url\" content=\"https:\/\/www.notibras.com\/site\/saude-lanca-campanha-contra-uso-de-cigarros-eletronicos\/\" \/>\n<meta property=\"og:site_name\" content=\"Notibras\" \/>\n<meta property=\"article:publisher\" content=\"https:\/\/www.facebook.com\/notibras\/\" \/>\n<meta property=\"article:published_time\" content=\"2024-05-30T13:05:08+00:00\" \/>\n<meta property=\"og:image\" content=\"https:\/\/www.notibras.com\/site\/wp-content\/uploads\/2024\/05\/cigeletronico.webp\" \/>\n\t<meta property=\"og:image:width\" content=\"1170\" \/>\n\t<meta property=\"og:image:height\" content=\"700\" \/>\n\t<meta property=\"og:image:type\" content=\"image\/webp\" \/>\n<meta name=\"author\" content=\"Reda\u00e7\u00e3o\" \/>\n<meta name=\"twitter:card\" content=\"summary_large_image\" \/>\n<meta name=\"twitter:creator\" content=\"@Notibras\" \/>\n<meta name=\"twitter:site\" content=\"@Notibras\" \/>\n<meta name=\"twitter:label1\" content=\"Escrito por\" \/>\n\t<meta name=\"twitter:data1\" content=\"Reda\u00e7\u00e3o\" \/>\n\t<meta name=\"twitter:label2\" content=\"Est. tempo de leitura\" \/>\n\t<meta name=\"twitter:data2\" content=\"4 minutos\" \/>\n<script type=\"application\/ld+json\" class=\"yoast-schema-graph\">{\"@context\":\"https:\\\/\\\/schema.org\",\"@graph\":[{\"@type\":\"Article\",\"@id\":\"https:\\\/\\\/www.notibras.com\\\/site\\\/saude-lanca-campanha-contra-uso-de-cigarros-eletronicos\\\/#article\",\"isPartOf\":{\"@id\":\"https:\\\/\\\/www.notibras.com\\\/site\\\/saude-lanca-campanha-contra-uso-de-cigarros-eletronicos\\\/\"},\"author\":{\"name\":\"Reda\u00e7\u00e3o\",\"@id\":\"https:\\\/\\\/www.notibras.com\\\/site\\\/#\\\/schema\\\/person\\\/36ab0979449956132d3e5b517ea76ac8\"},\"headline\":\"Sa\u00fade lan\u00e7a campanha contra uso de cigarros eletr\u00f4nicos\",\"datePublished\":\"2024-05-30T13:05:08+00:00\",\"mainEntityOfPage\":{\"@id\":\"https:\\\/\\\/www.notibras.com\\\/site\\\/saude-lanca-campanha-contra-uso-de-cigarros-eletronicos\\\/\"},\"wordCount\":632,\"publisher\":{\"@id\":\"https:\\\/\\\/www.notibras.com\\\/site\\\/#organization\"},\"image\":{\"@id\":\"https:\\\/\\\/www.notibras.com\\\/site\\\/saude-lanca-campanha-contra-uso-de-cigarros-eletronicos\\\/#primaryimage\"},\"thumbnailUrl\":\"https:\\\/\\\/www.notibras.com\\\/site\\\/wp-content\\\/uploads\\\/2024\\\/05\\\/cigeletronico.webp\",\"articleSection\":[\"Quadradinho em Foco\"],\"inLanguage\":\"pt-BR\"},{\"@type\":\"WebPage\",\"@id\":\"https:\\\/\\\/www.notibras.com\\\/site\\\/saude-lanca-campanha-contra-uso-de-cigarros-eletronicos\\\/\",\"url\":\"https:\\\/\\\/www.notibras.com\\\/site\\\/saude-lanca-campanha-contra-uso-de-cigarros-eletronicos\\\/\",\"name\":\"Sa\u00fade lan\u00e7a campanha contra uso de cigarros eletr\u00f4nicos - Notibras\",\"isPartOf\":{\"@id\":\"https:\\\/\\\/www.notibras.com\\\/site\\\/#website\"},\"primaryImageOfPage\":{\"@id\":\"https:\\\/\\\/www.notibras.com\\\/site\\\/saude-lanca-campanha-contra-uso-de-cigarros-eletronicos\\\/#primaryimage\"},\"image\":{\"@id\":\"https:\\\/\\\/www.notibras.com\\\/site\\\/saude-lanca-campanha-contra-uso-de-cigarros-eletronicos\\\/#primaryimage\"},\"thumbnailUrl\":\"https:\\\/\\\/www.notibras.com\\\/site\\\/wp-content\\\/uploads\\\/2024\\\/05\\\/cigeletronico.webp\",\"datePublished\":\"2024-05-30T13:05:08+00:00\",\"breadcrumb\":{\"@id\":\"https:\\\/\\\/www.notibras.com\\\/site\\\/saude-lanca-campanha-contra-uso-de-cigarros-eletronicos\\\/#breadcrumb\"},\"inLanguage\":\"pt-BR\",\"potentialAction\":[{\"@type\":\"ReadAction\",\"target\":[\"https:\\\/\\\/www.notibras.com\\\/site\\\/saude-lanca-campanha-contra-uso-de-cigarros-eletronicos\\\/\"]}]},{\"@type\":\"ImageObject\",\"inLanguage\":\"pt-BR\",\"@id\":\"https:\\\/\\\/www.notibras.com\\\/site\\\/saude-lanca-campanha-contra-uso-de-cigarros-eletronicos\\\/#primaryimage\",\"url\":\"https:\\\/\\\/www.notibras.com\\\/site\\\/wp-content\\\/uploads\\\/2024\\\/05\\\/cigeletronico.webp\",\"contentUrl\":\"https:\\\/\\\/www.notibras.com\\\/site\\\/wp-content\\\/uploads\\\/2024\\\/05\\\/cigeletronico.webp\",\"width\":1170,\"height\":700},{\"@type\":\"BreadcrumbList\",\"@id\":\"https:\\\/\\\/www.notibras.com\\\/site\\\/saude-lanca-campanha-contra-uso-de-cigarros-eletronicos\\\/#breadcrumb\",\"itemListElement\":[{\"@type\":\"ListItem\",\"position\":1,\"name\":\"In\u00edcio\",\"item\":\"https:\\\/\\\/www.notibras.com\\\/site\\\/\"},{\"@type\":\"ListItem\",\"position\":2,\"name\":\"Sa\u00fade lan\u00e7a campanha contra uso de cigarros eletr\u00f4nicos\"}]},{\"@type\":\"WebSite\",\"@id\":\"https:\\\/\\\/www.notibras.com\\\/site\\\/#website\",\"url\":\"https:\\\/\\\/www.notibras.com\\\/site\\\/\",\"name\":\"Notibras\",\"description\":\"Not\u00edcias de Bras\u00edlia, do Brasil e do Mundo\",\"publisher\":{\"@id\":\"https:\\\/\\\/www.notibras.com\\\/site\\\/#organization\"},\"potentialAction\":[{\"@type\":\"SearchAction\",\"target\":{\"@type\":\"EntryPoint\",\"urlTemplate\":\"https:\\\/\\\/www.notibras.com\\\/site\\\/?s={search_term_string}\"},\"query-input\":{\"@type\":\"PropertyValueSpecification\",\"valueRequired\":true,\"valueName\":\"search_term_string\"}}],\"inLanguage\":\"pt-BR\"},{\"@type\":\"Organization\",\"@id\":\"https:\\\/\\\/www.notibras.com\\\/site\\\/#organization\",\"name\":\"Grupo Notibras de Comunica\u00e7\u00e3o\",\"url\":\"https:\\\/\\\/www.notibras.com\\\/site\\\/\",\"logo\":{\"@type\":\"ImageObject\",\"inLanguage\":\"pt-BR\",\"@id\":\"https:\\\/\\\/www.notibras.com\\\/site\\\/#\\\/schema\\\/logo\\\/image\\\/\",\"url\":\"https:\\\/\\\/www.notibras.com\\\/site\\\/wp-content\\\/uploads\\\/2023\\\/01\\\/notibras23.png\",\"contentUrl\":\"https:\\\/\\\/www.notibras.com\\\/site\\\/wp-content\\\/uploads\\\/2023\\\/01\\\/notibras23.png\",\"width\":350,\"height\":87,\"caption\":\"Grupo Notibras de Comunica\u00e7\u00e3o\"},\"image\":{\"@id\":\"https:\\\/\\\/www.notibras.com\\\/site\\\/#\\\/schema\\\/logo\\\/image\\\/\"},\"sameAs\":[\"https:\\\/\\\/www.facebook.com\\\/notibras\\\/\",\"https:\\\/\\\/x.com\\\/Notibras\",\"https:\\\/\\\/www.instagram.com\\\/notibras\\\/\"]},{\"@type\":\"Person\",\"@id\":\"https:\\\/\\\/www.notibras.com\\\/site\\\/#\\\/schema\\\/person\\\/36ab0979449956132d3e5b517ea76ac8\",\"name\":\"Reda\u00e7\u00e3o\",\"image\":{\"@type\":\"ImageObject\",\"inLanguage\":\"pt-BR\",\"@id\":\"https:\\\/\\\/secure.gravatar.com\\\/avatar\\\/e0a867bdedb85fd243eadf09663511f96fc81e0720a4a42581f334ad4303aa6b?s=96&d=mm&r=g\",\"url\":\"https:\\\/\\\/secure.gravatar.com\\\/avatar\\\/e0a867bdedb85fd243eadf09663511f96fc81e0720a4a42581f334ad4303aa6b?s=96&d=mm&r=g\",\"contentUrl\":\"https:\\\/\\\/secure.gravatar.com\\\/avatar\\\/e0a867bdedb85fd243eadf09663511f96fc81e0720a4a42581f334ad4303aa6b?s=96&d=mm&r=g\",\"caption\":\"Reda\u00e7\u00e3o\"}}]}<\/script>\n<!-- \/ Yoast SEO plugin. -->","yoast_head_json":{"title":"Sa\u00fade lan\u00e7a campanha contra uso de cigarros eletr\u00f4nicos - Notibras","robots":{"index":"index","follow":"follow","max-snippet":"max-snippet:-1","max-image-preview":"max-image-preview:large","max-video-preview":"max-video-preview:-1"},"canonical":"https:\/\/www.notibras.com\/site\/saude-lanca-campanha-contra-uso-de-cigarros-eletronicos\/","og_locale":"pt_BR","og_type":"article","og_title":"Sa\u00fade lan\u00e7a campanha contra uso de cigarros eletr\u00f4nicos - Notibras","og_description":"O Minist\u00e9rio da Sa\u00fade e o Instituto Nacional de C\u00e2ncer (Inca) lan\u00e7aram nesta quarta-feira (29) campanha de preven\u00e7\u00e3o ao uso de cigarros eletr\u00f4nicos. \u201cDe acordo com a Organiza\u00e7\u00e3o Mundial da Sa\u00fade (OMS), novos produtos, como os cigarros eletr\u00f4nicos, e informa\u00e7\u00f5es enganosas da ind\u00fastria do tabaco s\u00e3o uma amea\u00e7a, levando a uma inicia\u00e7\u00e3o ao tabagismo cada [&hellip;]","og_url":"https:\/\/www.notibras.com\/site\/saude-lanca-campanha-contra-uso-de-cigarros-eletronicos\/","og_site_name":"Notibras","article_publisher":"https:\/\/www.facebook.com\/notibras\/","article_published_time":"2024-05-30T13:05:08+00:00","og_image":[{"width":1170,"height":700,"url":"https:\/\/www.notibras.com\/site\/wp-content\/uploads\/2024\/05\/cigeletronico.webp","type":"image\/webp"}],"author":"Reda\u00e7\u00e3o","twitter_card":"summary_large_image","twitter_creator":"@Notibras","twitter_site":"@Notibras","twitter_misc":{"Escrito por":"Reda\u00e7\u00e3o","Est. tempo de leitura":"4 minutos"},"schema":{"@context":"https:\/\/schema.org","@graph":[{"@type":"Article","@id":"https:\/\/www.notibras.com\/site\/saude-lanca-campanha-contra-uso-de-cigarros-eletronicos\/#article","isPartOf":{"@id":"https:\/\/www.notibras.com\/site\/saude-lanca-campanha-contra-uso-de-cigarros-eletronicos\/"},"author":{"name":"Reda\u00e7\u00e3o","@id":"https:\/\/www.notibras.com\/site\/#\/schema\/person\/36ab0979449956132d3e5b517ea76ac8"},"headline":"Sa\u00fade lan\u00e7a campanha contra uso de cigarros eletr\u00f4nicos","datePublished":"2024-05-30T13:05:08+00:00","mainEntityOfPage":{"@id":"https:\/\/www.notibras.com\/site\/saude-lanca-campanha-contra-uso-de-cigarros-eletronicos\/"},"wordCount":632,"publisher":{"@id":"https:\/\/www.notibras.com\/site\/#organization"},"image":{"@id":"https:\/\/www.notibras.com\/site\/saude-lanca-campanha-contra-uso-de-cigarros-eletronicos\/#primaryimage"},"thumbnailUrl":"https:\/\/www.notibras.com\/site\/wp-content\/uploads\/2024\/05\/cigeletronico.webp","articleSection":["Quadradinho em Foco"],"inLanguage":"pt-BR"},{"@type":"WebPage","@id":"https:\/\/www.notibras.com\/site\/saude-lanca-campanha-contra-uso-de-cigarros-eletronicos\/","url":"https:\/\/www.notibras.com\/site\/saude-lanca-campanha-contra-uso-de-cigarros-eletronicos\/","name":"Sa\u00fade lan\u00e7a campanha contra uso de cigarros eletr\u00f4nicos - Notibras","isPartOf":{"@id":"https:\/\/www.notibras.com\/site\/#website"},"primaryImageOfPage":{"@id":"https:\/\/www.notibras.com\/site\/saude-lanca-campanha-contra-uso-de-cigarros-eletronicos\/#primaryimage"},"image":{"@id":"https:\/\/www.notibras.com\/site\/saude-lanca-campanha-contra-uso-de-cigarros-eletronicos\/#primaryimage"},"thumbnailUrl":"https:\/\/www.notibras.com\/site\/wp-content\/uploads\/2024\/05\/cigeletronico.webp","datePublished":"2024-05-30T13:05:08+00:00","breadcrumb":{"@id":"https:\/\/www.notibras.com\/site\/saude-lanca-campanha-contra-uso-de-cigarros-eletronicos\/#breadcrumb"},"inLanguage":"pt-BR","potentialAction":[{"@type":"ReadAction","target":["https:\/\/www.notibras.com\/site\/saude-lanca-campanha-contra-uso-de-cigarros-eletronicos\/"]}]},{"@type":"ImageObject","inLanguage":"pt-BR","@id":"https:\/\/www.notibras.com\/site\/saude-lanca-campanha-contra-uso-de-cigarros-eletronicos\/#primaryimage","url":"https:\/\/www.notibras.com\/site\/wp-content\/uploads\/2024\/05\/cigeletronico.webp","contentUrl":"https:\/\/www.notibras.com\/site\/wp-content\/uploads\/2024\/05\/cigeletronico.webp","width":1170,"height":700},{"@type":"BreadcrumbList","@id":"https:\/\/www.notibras.com\/site\/saude-lanca-campanha-contra-uso-de-cigarros-eletronicos\/#breadcrumb","itemListElement":[{"@type":"ListItem","position":1,"name":"In\u00edcio","item":"https:\/\/www.notibras.com\/site\/"},{"@type":"ListItem","position":2,"name":"Sa\u00fade lan\u00e7a campanha contra uso de cigarros eletr\u00f4nicos"}]},{"@type":"WebSite","@id":"https:\/\/www.notibras.com\/site\/#website","url":"https:\/\/www.notibras.com\/site\/","name":"Notibras","description":"Not\u00edcias de Bras\u00edlia, do Brasil e do Mundo","publisher":{"@id":"https:\/\/www.notibras.com\/site\/#organization"},"potentialAction":[{"@type":"SearchAction","target":{"@type":"EntryPoint","urlTemplate":"https:\/\/www.notibras.com\/site\/?s={search_term_string}"},"query-input":{"@type":"PropertyValueSpecification","valueRequired":true,"valueName":"search_term_string"}}],"inLanguage":"pt-BR"},{"@type":"Organization","@id":"https:\/\/www.notibras.com\/site\/#organization","name":"Grupo Notibras de Comunica\u00e7\u00e3o","url":"https:\/\/www.notibras.com\/site\/","logo":{"@type":"ImageObject","inLanguage":"pt-BR","@id":"https:\/\/www.notibras.com\/site\/#\/schema\/logo\/image\/","url":"https:\/\/www.notibras.com\/site\/wp-content\/uploads\/2023\/01\/notibras23.png","contentUrl":"https:\/\/www.notibras.com\/site\/wp-content\/uploads\/2023\/01\/notibras23.png","width":350,"height":87,"caption":"Grupo Notibras de Comunica\u00e7\u00e3o"},"image":{"@id":"https:\/\/www.notibras.com\/site\/#\/schema\/logo\/image\/"},"sameAs":["https:\/\/www.facebook.com\/notibras\/","https:\/\/x.com\/Notibras","https:\/\/www.instagram.com\/notibras\/"]},{"@type":"Person","@id":"https:\/\/www.notibras.com\/site\/#\/schema\/person\/36ab0979449956132d3e5b517ea76ac8","name":"Reda\u00e7\u00e3o","image":{"@type":"ImageObject","inLanguage":"pt-BR","@id":"https:\/\/secure.gravatar.com\/avatar\/e0a867bdedb85fd243eadf09663511f96fc81e0720a4a42581f334ad4303aa6b?s=96&d=mm&r=g","url":"https:\/\/secure.gravatar.com\/avatar\/e0a867bdedb85fd243eadf09663511f96fc81e0720a4a42581f334ad4303aa6b?s=96&d=mm&r=g","contentUrl":"https:\/\/secure.gravatar.com\/avatar\/e0a867bdedb85fd243eadf09663511f96fc81e0720a4a42581f334ad4303aa6b?s=96&d=mm&r=g","caption":"Reda\u00e7\u00e3o"}}]}},"amp_enabled":true,"_links":{"self":[{"href":"https:\/\/www.notibras.com\/site\/wp-json\/wp\/v2\/posts\/329860","targetHints":{"allow":["GET"]}}],"collection":[{"href":"https:\/\/www.notibras.com\/site\/wp-json\/wp\/v2\/posts"}],"about":[{"href":"https:\/\/www.notibras.com\/site\/wp-json\/wp\/v2\/types\/post"}],"author":[{"embeddable":true,"href":"https:\/\/www.notibras.com\/site\/wp-json\/wp\/v2\/users\/2"}],"replies":[{"embeddable":true,"href":"https:\/\/www.notibras.com\/site\/wp-json\/wp\/v2\/comments?post=329860"}],"version-history":[{"count":1,"href":"https:\/\/www.notibras.com\/site\/wp-json\/wp\/v2\/posts\/329860\/revisions"}],"predecessor-version":[{"id":329862,"href":"https:\/\/www.notibras.com\/site\/wp-json\/wp\/v2\/posts\/329860\/revisions\/329862"}],"wp:featuredmedia":[{"embeddable":true,"href":"https:\/\/www.notibras.com\/site\/wp-json\/wp\/v2\/media\/329861"}],"wp:attachment":[{"href":"https:\/\/www.notibras.com\/site\/wp-json\/wp\/v2\/media?parent=329860"}],"wp:term":[{"taxonomy":"category","embeddable":true,"href":"https:\/\/www.notibras.com\/site\/wp-json\/wp\/v2\/categories?post=329860"},{"taxonomy":"post_tag","embeddable":true,"href":"https:\/\/www.notibras.com\/site\/wp-json\/wp\/v2\/tags?post=329860"}],"curies":[{"name":"wp","href":"https:\/\/api.w.org\/{rel}","templated":true}]}}