{"id":329868,"date":"2024-05-30T00:00:49","date_gmt":"2024-05-30T03:00:49","guid":{"rendered":"https:\/\/www.notibras.com\/site\/?p=329868"},"modified":"2024-05-30T10:22:43","modified_gmt":"2024-05-30T13:22:43","slug":"indice-usado-no-reajuste-do-aluguel-sobe-089-em-maio","status":"publish","type":"post","link":"https:\/\/www.notibras.com\/site\/indice-usado-no-reajuste-do-aluguel-sobe-089-em-maio\/","title":{"rendered":"\u00cdndice usado no reajuste do aluguel sobe 0,89% em maio"},"content":{"rendered":"<p>O \u00cdndice Geral de Pre\u00e7os &#8211; Mercado (IGP-M), conhecido como \u201cinfla\u00e7\u00e3o do aluguel\u201d, subiu 0,89% em maio, registrando uma acelera\u00e7\u00e3o em rela\u00e7\u00e3o ao m\u00eas anterior, quando apresentou taxa de 0,31%. Com esse resultado, o \u00edndice acumula alta de 0,28% no ano e queda de 0,34% nos \u00faltimos 12 meses. Em maio de 2023, ele tinha registrado taxa de -1,84% no m\u00eas e acumulava queda de 4,47% em 12 meses anteriores. O IGP-M \u00e9 calculado pelo Instituto Brasileiro de Economia da Funda\u00e7\u00e3o Getulio Vargas (FGV-Ibre).<\/p>\n<p>Em maio, o \u00cdndice de Pre\u00e7os ao Produtor Amplo (IPA) subiu 1,06%, uma expressiva acelera\u00e7\u00e3o em rela\u00e7\u00e3o ao comportamento observado em abril, quando registrou alta de 0,29%. O grupo de Bens Finais variou 0,06% em maio, uma varia\u00e7\u00e3o superior a taxa de -0,13% registrada no m\u00eas anterior.<\/p>\n<p>Esse acr\u00e9scimo foi impulsionado principalmente pelo subgrupo de alimentos processados, cuja taxa passou de -0,39% para 1,07%, no mesmo intervalo. Al\u00e9m disso, o \u00edndice correspondente a bens finais, que exclui os subgrupos de alimentos in natura e combust\u00edveis para consumo, variou de 0,05% em abril para 0,50% em maio.<\/p>\n<p>A taxa do grupo Bens Intermedi\u00e1rios subiu 1,03% em maio, intensificando a alta observada no m\u00eas anterior, quando registrou 0,72%. O principal fator que influenciou esse movimento foi o subgrupo de materiais e componentes para a manufatura, cuja taxa passou de 0,85% para 1,44%.<\/p>\n<p>O \u00edndice de Bens Intermedi\u00e1rios (excluindo o subgrupo de combust\u00edveis e lubrificantes para a produ\u00e7\u00e3o) registrou alta de 1,01% em maio, ap\u00f3s variar 0,63% em abril.<\/p>\n<p>O est\u00e1gio das Mat\u00e9rias-Primas Brutas apresentou uma alta expressiva de 2,15% em maio, na compara\u00e7\u00e3o ao m\u00eas de abril, quando variou 0,24%. A acelera\u00e7\u00e3o deste grupo foi influenciada principalmente por itens chave, tais como o min\u00e9rio de ferro, que inverteu sua taxa de uma queda de -4,78% para uma alta de 8,18%, os bovinos, cuja taxa alterou de -1,37% para 0,43%, e arroz em casca, que passou de -2,71% para 2,74%.<\/p>\n<p>Em contraste, alguns itens tiveram um comportamento oposto, entre os quais se destacam o cacau, que despencou de uma alta de 63,63% para -11,60%, a laranja, que retrocedeu de uma alta de 2,81% para uma queda de -12,20% e a cana-de-a\u00e7\u00facar, que apresentou um novo recuo, passando de -1,09% para -2,33%.<\/p>\n<p>Em maio, o \u00cdndice de Pre\u00e7os ao Consumidor (IPC) registrou uma varia\u00e7\u00e3o de 0,44%, avan\u00e7ando em rela\u00e7\u00e3o \u00e0 taxa de 0,32% observada em abril. Entre as oito classes de despesa que comp\u00f5em o \u00edndice, cinco delas exibiram acelera\u00e7\u00e3o em suas taxas de varia\u00e7\u00e3o.<\/p>\n<p>O maior impacto veio do grupo Educa\u00e7\u00e3o, Leitura e Recrea\u00e7\u00e3o, cuja taxa de varia\u00e7\u00e3o passou de -1,37% para 0,13%. Dentro desta classe de despesa, \u00e9 importante destacar o subitem passagem a\u00e9rea, que passou de -8,94% na medi\u00e7\u00e3o anterior para 0,47% na atual.<\/p>\n<p>Tamb\u00e9m apresentaram avan\u00e7o em suas taxas de varia\u00e7\u00e3o os grupos Transportes (0,24% para 0,66%), Sa\u00fade e Cuidados Pessoais (0,63% para 0,78%), Comunica\u00e7\u00e3o (0,16% para 0,58%) e Despesas Diversas (0,18% para 0,20%). Dentro destas classes de despesa, \u00e9 importante destacar os itens: gasolina (0,30% para 1,70%), artigos de higiene e cuidado pessoal (-0,89% para 0,78%), combo de telefonia, internet e TV por assinatura (-0,64% para 0,64%) e alimentos para animais dom\u00e9sticos (-0,67% para 0,42%).<\/p>\n<p>\u201cO IPA de maio registrou uma varia\u00e7\u00e3o de 1,06%, destacando-se a acelera\u00e7\u00e3o nos pre\u00e7os de mat\u00e9rias primas brutas e bens intermedi\u00e1rios. Entre as maiores influ\u00eancias positivas do IPA est\u00e3o o min\u00e9rio de ferro, que passou de -4,78% para 8,18%, e o farelo de soja, que subiu de -2,32% para 9,58%. No IPC, a gasolina aumentou de 0,30% para 1,70%, enquanto a passagem a\u00e9rea passou de -8,94% para 0,47%. Esses movimentos responderam pela acelera\u00e7\u00e3o da taxa interanual do IGP-M&#8221;, disse Andr\u00e9 Braz, coordenador dos \u00cdndices de Pre\u00e7os.<\/p>\n<p>Em contrapartida, os grupos Alimenta\u00e7\u00e3o (0,83% para 0,51%), Habita\u00e7\u00e3o (0,54% para 0,29%) e Vestu\u00e1rio (0,05% para -0,58%) exibiram recuo em suas taxas de varia\u00e7\u00e3o. Nestas classes de despesa, as maiores influ\u00eancias partiram dos seguintes itens: frutas (3,35% para -1,73%), tarifa de eletricidade residencial (0,92% para 0,11%) e roupas (0,11% para -0,73%).<\/p>\n<p><strong>INCC<\/strong><br \/>\nEm maio, o \u00cdndice Nacional de Custo da Constru\u00e7\u00e3o (INCC) registrou alta de 0,59%, um valor superior \u00e0 taxa de 0,41% observada em abril. Analisando os tr\u00eas grupos constituintes do INCC, observam-se as seguintes varia\u00e7\u00f5es na transi\u00e7\u00e3o de abril para maio: o grupo Materiais e Equipamentos apresentou um avan\u00e7o, passando de 0,17% para 0,25%; o de Servi\u00e7os teve uma eleva\u00e7\u00e3o de 0,29% para 0,50%; e o grupo M\u00e3o de Obra registrou novo avan\u00e7o, variando de 0,74% para 1,05%.<\/p>\n","protected":false},"excerpt":{"rendered":"<p>O \u00cdndice Geral de Pre\u00e7os &#8211; Mercado (IGP-M), conhecido como \u201cinfla\u00e7\u00e3o do aluguel\u201d, subiu 0,89% em maio, registrando uma acelera\u00e7\u00e3o em rela\u00e7\u00e3o ao m\u00eas anterior, quando apresentou taxa de 0,31%. Com esse resultado, o \u00edndice acumula alta de 0,28% no ano e queda de 0,34% nos \u00faltimos 12 meses. Em maio de 2023, ele tinha [&hellip;]<\/p>\n","protected":false},"author":2,"featured_media":283082,"comment_status":"closed","ping_status":"closed","sticky":false,"template":"","format":"standard","meta":{"_acf_changed":false,"footnotes":""},"categories":[161],"tags":[],"class_list":["post-329868","post","type-post","status-publish","format-standard","has-post-thumbnail","hentry","category-quadradinho-em-foco"],"acf":[],"yoast_head":"<!-- This site is optimized with the Yoast SEO plugin v27.5 - https:\/\/yoast.com\/product\/yoast-seo-wordpress\/ -->\n<title>\u00cdndice usado no reajuste do aluguel sobe 0,89% em maio - Notibras<\/title>\n<meta name=\"robots\" content=\"index, follow, max-snippet:-1, max-image-preview:large, max-video-preview:-1\" \/>\n<link rel=\"canonical\" href=\"https:\/\/www.notibras.com\/site\/indice-usado-no-reajuste-do-aluguel-sobe-089-em-maio\/\" \/>\n<meta property=\"og:locale\" content=\"pt_BR\" \/>\n<meta property=\"og:type\" content=\"article\" \/>\n<meta property=\"og:title\" content=\"\u00cdndice usado no reajuste do aluguel sobe 0,89% em maio - Notibras\" \/>\n<meta property=\"og:description\" content=\"O \u00cdndice Geral de Pre\u00e7os &#8211; Mercado (IGP-M), conhecido como \u201cinfla\u00e7\u00e3o do aluguel\u201d, subiu 0,89% em maio, registrando uma acelera\u00e7\u00e3o em rela\u00e7\u00e3o ao m\u00eas anterior, quando apresentou taxa de 0,31%. Com esse resultado, o \u00edndice acumula alta de 0,28% no ano e queda de 0,34% nos \u00faltimos 12 meses. Em maio de 2023, ele tinha [&hellip;]\" \/>\n<meta property=\"og:url\" content=\"https:\/\/www.notibras.com\/site\/indice-usado-no-reajuste-do-aluguel-sobe-089-em-maio\/\" \/>\n<meta property=\"og:site_name\" content=\"Notibras\" \/>\n<meta property=\"article:publisher\" content=\"https:\/\/www.facebook.com\/notibras\/\" \/>\n<meta property=\"article:published_time\" content=\"2024-05-30T03:00:49+00:00\" \/>\n<meta property=\"article:modified_time\" content=\"2024-05-30T13:22:43+00:00\" \/>\n<meta property=\"og:image\" content=\"https:\/\/www.notibras.com\/site\/wp-content\/uploads\/2022\/03\/andre-borges.luguel.jpg\" \/>\n\t<meta property=\"og:image:width\" content=\"1170\" \/>\n\t<meta property=\"og:image:height\" content=\"700\" \/>\n\t<meta property=\"og:image:type\" content=\"image\/jpeg\" \/>\n<meta name=\"author\" content=\"Reda\u00e7\u00e3o\" \/>\n<meta name=\"twitter:card\" content=\"summary_large_image\" \/>\n<meta name=\"twitter:creator\" content=\"@Notibras\" \/>\n<meta name=\"twitter:site\" content=\"@Notibras\" \/>\n<meta name=\"twitter:label1\" content=\"Escrito por\" \/>\n\t<meta name=\"twitter:data1\" content=\"Reda\u00e7\u00e3o\" \/>\n\t<meta name=\"twitter:label2\" content=\"Est. tempo de leitura\" \/>\n\t<meta name=\"twitter:data2\" content=\"5 minutos\" \/>\n<script type=\"application\/ld+json\" class=\"yoast-schema-graph\">{\"@context\":\"https:\\\/\\\/schema.org\",\"@graph\":[{\"@type\":\"Article\",\"@id\":\"https:\\\/\\\/www.notibras.com\\\/site\\\/indice-usado-no-reajuste-do-aluguel-sobe-089-em-maio\\\/#article\",\"isPartOf\":{\"@id\":\"https:\\\/\\\/www.notibras.com\\\/site\\\/indice-usado-no-reajuste-do-aluguel-sobe-089-em-maio\\\/\"},\"author\":{\"name\":\"Reda\u00e7\u00e3o\",\"@id\":\"https:\\\/\\\/www.notibras.com\\\/site\\\/#\\\/schema\\\/person\\\/36ab0979449956132d3e5b517ea76ac8\"},\"headline\":\"\u00cdndice usado no reajuste do aluguel sobe 0,89% em maio\",\"datePublished\":\"2024-05-30T03:00:49+00:00\",\"dateModified\":\"2024-05-30T13:22:43+00:00\",\"mainEntityOfPage\":{\"@id\":\"https:\\\/\\\/www.notibras.com\\\/site\\\/indice-usado-no-reajuste-do-aluguel-sobe-089-em-maio\\\/\"},\"wordCount\":754,\"publisher\":{\"@id\":\"https:\\\/\\\/www.notibras.com\\\/site\\\/#organization\"},\"image\":{\"@id\":\"https:\\\/\\\/www.notibras.com\\\/site\\\/indice-usado-no-reajuste-do-aluguel-sobe-089-em-maio\\\/#primaryimage\"},\"thumbnailUrl\":\"https:\\\/\\\/www.notibras.com\\\/site\\\/wp-content\\\/uploads\\\/2022\\\/03\\\/andre-borges.luguel.jpg\",\"articleSection\":[\"Quadradinho em Foco\"],\"inLanguage\":\"pt-BR\"},{\"@type\":\"WebPage\",\"@id\":\"https:\\\/\\\/www.notibras.com\\\/site\\\/indice-usado-no-reajuste-do-aluguel-sobe-089-em-maio\\\/\",\"url\":\"https:\\\/\\\/www.notibras.com\\\/site\\\/indice-usado-no-reajuste-do-aluguel-sobe-089-em-maio\\\/\",\"name\":\"\u00cdndice usado no reajuste do aluguel sobe 0,89% em maio - Notibras\",\"isPartOf\":{\"@id\":\"https:\\\/\\\/www.notibras.com\\\/site\\\/#website\"},\"primaryImageOfPage\":{\"@id\":\"https:\\\/\\\/www.notibras.com\\\/site\\\/indice-usado-no-reajuste-do-aluguel-sobe-089-em-maio\\\/#primaryimage\"},\"image\":{\"@id\":\"https:\\\/\\\/www.notibras.com\\\/site\\\/indice-usado-no-reajuste-do-aluguel-sobe-089-em-maio\\\/#primaryimage\"},\"thumbnailUrl\":\"https:\\\/\\\/www.notibras.com\\\/site\\\/wp-content\\\/uploads\\\/2022\\\/03\\\/andre-borges.luguel.jpg\",\"datePublished\":\"2024-05-30T03:00:49+00:00\",\"dateModified\":\"2024-05-30T13:22:43+00:00\",\"breadcrumb\":{\"@id\":\"https:\\\/\\\/www.notibras.com\\\/site\\\/indice-usado-no-reajuste-do-aluguel-sobe-089-em-maio\\\/#breadcrumb\"},\"inLanguage\":\"pt-BR\",\"potentialAction\":[{\"@type\":\"ReadAction\",\"target\":[\"https:\\\/\\\/www.notibras.com\\\/site\\\/indice-usado-no-reajuste-do-aluguel-sobe-089-em-maio\\\/\"]}]},{\"@type\":\"ImageObject\",\"inLanguage\":\"pt-BR\",\"@id\":\"https:\\\/\\\/www.notibras.com\\\/site\\\/indice-usado-no-reajuste-do-aluguel-sobe-089-em-maio\\\/#primaryimage\",\"url\":\"https:\\\/\\\/www.notibras.com\\\/site\\\/wp-content\\\/uploads\\\/2022\\\/03\\\/andre-borges.luguel.jpg\",\"contentUrl\":\"https:\\\/\\\/www.notibras.com\\\/site\\\/wp-content\\\/uploads\\\/2022\\\/03\\\/andre-borges.luguel.jpg\",\"width\":1170,\"height\":700,\"caption\":\"\u00c1guas Claras, Bras\u00edlia DF, Brasil 1\\\/5\\\/2018 Foto: Andre Borges\\\/Ag\u00eancia Bras\u00edlia. Uma das regi\u00f5es administrativas que mais cresce no Distrito Federal, \u00c1guas Claras completa 15 anos em 6 de maio. A programa\u00e7\u00e3o de anivers\u00e1rio se estende por todo o m\u00eas com eventos esportivos e culturais para todas as idades. De 4 a 31 de maio, os moradores ter\u00e3o diversos pontos da cidade ocupados com m\u00fasica, arte, corridas e campeonatos de futev\u00f4lei e de society.\"},{\"@type\":\"BreadcrumbList\",\"@id\":\"https:\\\/\\\/www.notibras.com\\\/site\\\/indice-usado-no-reajuste-do-aluguel-sobe-089-em-maio\\\/#breadcrumb\",\"itemListElement\":[{\"@type\":\"ListItem\",\"position\":1,\"name\":\"In\u00edcio\",\"item\":\"https:\\\/\\\/www.notibras.com\\\/site\\\/\"},{\"@type\":\"ListItem\",\"position\":2,\"name\":\"\u00cdndice usado no reajuste do aluguel sobe 0,89% em maio\"}]},{\"@type\":\"WebSite\",\"@id\":\"https:\\\/\\\/www.notibras.com\\\/site\\\/#website\",\"url\":\"https:\\\/\\\/www.notibras.com\\\/site\\\/\",\"name\":\"Notibras\",\"description\":\"Not\u00edcias de Bras\u00edlia, do Brasil e do Mundo\",\"publisher\":{\"@id\":\"https:\\\/\\\/www.notibras.com\\\/site\\\/#organization\"},\"potentialAction\":[{\"@type\":\"SearchAction\",\"target\":{\"@type\":\"EntryPoint\",\"urlTemplate\":\"https:\\\/\\\/www.notibras.com\\\/site\\\/?s={search_term_string}\"},\"query-input\":{\"@type\":\"PropertyValueSpecification\",\"valueRequired\":true,\"valueName\":\"search_term_string\"}}],\"inLanguage\":\"pt-BR\"},{\"@type\":\"Organization\",\"@id\":\"https:\\\/\\\/www.notibras.com\\\/site\\\/#organization\",\"name\":\"Grupo Notibras de Comunica\u00e7\u00e3o\",\"url\":\"https:\\\/\\\/www.notibras.com\\\/site\\\/\",\"logo\":{\"@type\":\"ImageObject\",\"inLanguage\":\"pt-BR\",\"@id\":\"https:\\\/\\\/www.notibras.com\\\/site\\\/#\\\/schema\\\/logo\\\/image\\\/\",\"url\":\"https:\\\/\\\/www.notibras.com\\\/site\\\/wp-content\\\/uploads\\\/2023\\\/01\\\/notibras23.png\",\"contentUrl\":\"https:\\\/\\\/www.notibras.com\\\/site\\\/wp-content\\\/uploads\\\/2023\\\/01\\\/notibras23.png\",\"width\":350,\"height\":87,\"caption\":\"Grupo Notibras de Comunica\u00e7\u00e3o\"},\"image\":{\"@id\":\"https:\\\/\\\/www.notibras.com\\\/site\\\/#\\\/schema\\\/logo\\\/image\\\/\"},\"sameAs\":[\"https:\\\/\\\/www.facebook.com\\\/notibras\\\/\",\"https:\\\/\\\/x.com\\\/Notibras\",\"https:\\\/\\\/www.instagram.com\\\/notibras\\\/\"]},{\"@type\":\"Person\",\"@id\":\"https:\\\/\\\/www.notibras.com\\\/site\\\/#\\\/schema\\\/person\\\/36ab0979449956132d3e5b517ea76ac8\",\"name\":\"Reda\u00e7\u00e3o\",\"image\":{\"@type\":\"ImageObject\",\"inLanguage\":\"pt-BR\",\"@id\":\"https:\\\/\\\/secure.gravatar.com\\\/avatar\\\/e0a867bdedb85fd243eadf09663511f96fc81e0720a4a42581f334ad4303aa6b?s=96&d=mm&r=g\",\"url\":\"https:\\\/\\\/secure.gravatar.com\\\/avatar\\\/e0a867bdedb85fd243eadf09663511f96fc81e0720a4a42581f334ad4303aa6b?s=96&d=mm&r=g\",\"contentUrl\":\"https:\\\/\\\/secure.gravatar.com\\\/avatar\\\/e0a867bdedb85fd243eadf09663511f96fc81e0720a4a42581f334ad4303aa6b?s=96&d=mm&r=g\",\"caption\":\"Reda\u00e7\u00e3o\"}}]}<\/script>\n<!-- \/ Yoast SEO plugin. -->","yoast_head_json":{"title":"\u00cdndice usado no reajuste do aluguel sobe 0,89% em maio - Notibras","robots":{"index":"index","follow":"follow","max-snippet":"max-snippet:-1","max-image-preview":"max-image-preview:large","max-video-preview":"max-video-preview:-1"},"canonical":"https:\/\/www.notibras.com\/site\/indice-usado-no-reajuste-do-aluguel-sobe-089-em-maio\/","og_locale":"pt_BR","og_type":"article","og_title":"\u00cdndice usado no reajuste do aluguel sobe 0,89% em maio - Notibras","og_description":"O \u00cdndice Geral de Pre\u00e7os &#8211; Mercado (IGP-M), conhecido como \u201cinfla\u00e7\u00e3o do aluguel\u201d, subiu 0,89% em maio, registrando uma acelera\u00e7\u00e3o em rela\u00e7\u00e3o ao m\u00eas anterior, quando apresentou taxa de 0,31%. Com esse resultado, o \u00edndice acumula alta de 0,28% no ano e queda de 0,34% nos \u00faltimos 12 meses. Em maio de 2023, ele tinha [&hellip;]","og_url":"https:\/\/www.notibras.com\/site\/indice-usado-no-reajuste-do-aluguel-sobe-089-em-maio\/","og_site_name":"Notibras","article_publisher":"https:\/\/www.facebook.com\/notibras\/","article_published_time":"2024-05-30T03:00:49+00:00","article_modified_time":"2024-05-30T13:22:43+00:00","og_image":[{"width":1170,"height":700,"url":"https:\/\/www.notibras.com\/site\/wp-content\/uploads\/2022\/03\/andre-borges.luguel.jpg","type":"image\/jpeg"}],"author":"Reda\u00e7\u00e3o","twitter_card":"summary_large_image","twitter_creator":"@Notibras","twitter_site":"@Notibras","twitter_misc":{"Escrito por":"Reda\u00e7\u00e3o","Est. tempo de leitura":"5 minutos"},"schema":{"@context":"https:\/\/schema.org","@graph":[{"@type":"Article","@id":"https:\/\/www.notibras.com\/site\/indice-usado-no-reajuste-do-aluguel-sobe-089-em-maio\/#article","isPartOf":{"@id":"https:\/\/www.notibras.com\/site\/indice-usado-no-reajuste-do-aluguel-sobe-089-em-maio\/"},"author":{"name":"Reda\u00e7\u00e3o","@id":"https:\/\/www.notibras.com\/site\/#\/schema\/person\/36ab0979449956132d3e5b517ea76ac8"},"headline":"\u00cdndice usado no reajuste do aluguel sobe 0,89% em maio","datePublished":"2024-05-30T03:00:49+00:00","dateModified":"2024-05-30T13:22:43+00:00","mainEntityOfPage":{"@id":"https:\/\/www.notibras.com\/site\/indice-usado-no-reajuste-do-aluguel-sobe-089-em-maio\/"},"wordCount":754,"publisher":{"@id":"https:\/\/www.notibras.com\/site\/#organization"},"image":{"@id":"https:\/\/www.notibras.com\/site\/indice-usado-no-reajuste-do-aluguel-sobe-089-em-maio\/#primaryimage"},"thumbnailUrl":"https:\/\/www.notibras.com\/site\/wp-content\/uploads\/2022\/03\/andre-borges.luguel.jpg","articleSection":["Quadradinho em Foco"],"inLanguage":"pt-BR"},{"@type":"WebPage","@id":"https:\/\/www.notibras.com\/site\/indice-usado-no-reajuste-do-aluguel-sobe-089-em-maio\/","url":"https:\/\/www.notibras.com\/site\/indice-usado-no-reajuste-do-aluguel-sobe-089-em-maio\/","name":"\u00cdndice usado no reajuste do aluguel sobe 0,89% em maio - Notibras","isPartOf":{"@id":"https:\/\/www.notibras.com\/site\/#website"},"primaryImageOfPage":{"@id":"https:\/\/www.notibras.com\/site\/indice-usado-no-reajuste-do-aluguel-sobe-089-em-maio\/#primaryimage"},"image":{"@id":"https:\/\/www.notibras.com\/site\/indice-usado-no-reajuste-do-aluguel-sobe-089-em-maio\/#primaryimage"},"thumbnailUrl":"https:\/\/www.notibras.com\/site\/wp-content\/uploads\/2022\/03\/andre-borges.luguel.jpg","datePublished":"2024-05-30T03:00:49+00:00","dateModified":"2024-05-30T13:22:43+00:00","breadcrumb":{"@id":"https:\/\/www.notibras.com\/site\/indice-usado-no-reajuste-do-aluguel-sobe-089-em-maio\/#breadcrumb"},"inLanguage":"pt-BR","potentialAction":[{"@type":"ReadAction","target":["https:\/\/www.notibras.com\/site\/indice-usado-no-reajuste-do-aluguel-sobe-089-em-maio\/"]}]},{"@type":"ImageObject","inLanguage":"pt-BR","@id":"https:\/\/www.notibras.com\/site\/indice-usado-no-reajuste-do-aluguel-sobe-089-em-maio\/#primaryimage","url":"https:\/\/www.notibras.com\/site\/wp-content\/uploads\/2022\/03\/andre-borges.luguel.jpg","contentUrl":"https:\/\/www.notibras.com\/site\/wp-content\/uploads\/2022\/03\/andre-borges.luguel.jpg","width":1170,"height":700,"caption":"\u00c1guas Claras, Bras\u00edlia DF, Brasil 1\/5\/2018 Foto: Andre Borges\/Ag\u00eancia Bras\u00edlia. Uma das regi\u00f5es administrativas que mais cresce no Distrito Federal, \u00c1guas Claras completa 15 anos em 6 de maio. A programa\u00e7\u00e3o de anivers\u00e1rio se estende por todo o m\u00eas com eventos esportivos e culturais para todas as idades. De 4 a 31 de maio, os moradores ter\u00e3o diversos pontos da cidade ocupados com m\u00fasica, arte, corridas e campeonatos de futev\u00f4lei e de society."},{"@type":"BreadcrumbList","@id":"https:\/\/www.notibras.com\/site\/indice-usado-no-reajuste-do-aluguel-sobe-089-em-maio\/#breadcrumb","itemListElement":[{"@type":"ListItem","position":1,"name":"In\u00edcio","item":"https:\/\/www.notibras.com\/site\/"},{"@type":"ListItem","position":2,"name":"\u00cdndice usado no reajuste do aluguel sobe 0,89% em maio"}]},{"@type":"WebSite","@id":"https:\/\/www.notibras.com\/site\/#website","url":"https:\/\/www.notibras.com\/site\/","name":"Notibras","description":"Not\u00edcias de Bras\u00edlia, do Brasil e do Mundo","publisher":{"@id":"https:\/\/www.notibras.com\/site\/#organization"},"potentialAction":[{"@type":"SearchAction","target":{"@type":"EntryPoint","urlTemplate":"https:\/\/www.notibras.com\/site\/?s={search_term_string}"},"query-input":{"@type":"PropertyValueSpecification","valueRequired":true,"valueName":"search_term_string"}}],"inLanguage":"pt-BR"},{"@type":"Organization","@id":"https:\/\/www.notibras.com\/site\/#organization","name":"Grupo Notibras de Comunica\u00e7\u00e3o","url":"https:\/\/www.notibras.com\/site\/","logo":{"@type":"ImageObject","inLanguage":"pt-BR","@id":"https:\/\/www.notibras.com\/site\/#\/schema\/logo\/image\/","url":"https:\/\/www.notibras.com\/site\/wp-content\/uploads\/2023\/01\/notibras23.png","contentUrl":"https:\/\/www.notibras.com\/site\/wp-content\/uploads\/2023\/01\/notibras23.png","width":350,"height":87,"caption":"Grupo Notibras de Comunica\u00e7\u00e3o"},"image":{"@id":"https:\/\/www.notibras.com\/site\/#\/schema\/logo\/image\/"},"sameAs":["https:\/\/www.facebook.com\/notibras\/","https:\/\/x.com\/Notibras","https:\/\/www.instagram.com\/notibras\/"]},{"@type":"Person","@id":"https:\/\/www.notibras.com\/site\/#\/schema\/person\/36ab0979449956132d3e5b517ea76ac8","name":"Reda\u00e7\u00e3o","image":{"@type":"ImageObject","inLanguage":"pt-BR","@id":"https:\/\/secure.gravatar.com\/avatar\/e0a867bdedb85fd243eadf09663511f96fc81e0720a4a42581f334ad4303aa6b?s=96&d=mm&r=g","url":"https:\/\/secure.gravatar.com\/avatar\/e0a867bdedb85fd243eadf09663511f96fc81e0720a4a42581f334ad4303aa6b?s=96&d=mm&r=g","contentUrl":"https:\/\/secure.gravatar.com\/avatar\/e0a867bdedb85fd243eadf09663511f96fc81e0720a4a42581f334ad4303aa6b?s=96&d=mm&r=g","caption":"Reda\u00e7\u00e3o"}}]}},"amp_enabled":true,"_links":{"self":[{"href":"https:\/\/www.notibras.com\/site\/wp-json\/wp\/v2\/posts\/329868","targetHints":{"allow":["GET"]}}],"collection":[{"href":"https:\/\/www.notibras.com\/site\/wp-json\/wp\/v2\/posts"}],"about":[{"href":"https:\/\/www.notibras.com\/site\/wp-json\/wp\/v2\/types\/post"}],"author":[{"embeddable":true,"href":"https:\/\/www.notibras.com\/site\/wp-json\/wp\/v2\/users\/2"}],"replies":[{"embeddable":true,"href":"https:\/\/www.notibras.com\/site\/wp-json\/wp\/v2\/comments?post=329868"}],"version-history":[{"count":1,"href":"https:\/\/www.notibras.com\/site\/wp-json\/wp\/v2\/posts\/329868\/revisions"}],"predecessor-version":[{"id":329869,"href":"https:\/\/www.notibras.com\/site\/wp-json\/wp\/v2\/posts\/329868\/revisions\/329869"}],"wp:featuredmedia":[{"embeddable":true,"href":"https:\/\/www.notibras.com\/site\/wp-json\/wp\/v2\/media\/283082"}],"wp:attachment":[{"href":"https:\/\/www.notibras.com\/site\/wp-json\/wp\/v2\/media?parent=329868"}],"wp:term":[{"taxonomy":"category","embeddable":true,"href":"https:\/\/www.notibras.com\/site\/wp-json\/wp\/v2\/categories?post=329868"},{"taxonomy":"post_tag","embeddable":true,"href":"https:\/\/www.notibras.com\/site\/wp-json\/wp\/v2\/tags?post=329868"}],"curies":[{"name":"wp","href":"https:\/\/api.w.org\/{rel}","templated":true}]}}