{"id":329870,"date":"2024-05-30T00:00:27","date_gmt":"2024-05-30T03:00:27","guid":{"rendered":"https:\/\/www.notibras.com\/site\/?p=329870"},"modified":"2024-05-30T10:30:00","modified_gmt":"2024-05-30T13:30:00","slug":"emergencias-samu-caps-iii-e-mais-de-30-unidades-basicas-ficam-abertas","status":"publish","type":"post","link":"https:\/\/www.notibras.com\/site\/emergencias-samu-caps-iii-e-mais-de-30-unidades-basicas-ficam-abertas\/","title":{"rendered":"Emerg\u00eancias, Samu, Caps III e mais de 30 unidades b\u00e1sicas ficam abertas"},"content":{"rendered":"<p>No feriado de Corpus Christi, nesta quinta-feira (30), e no ponto facultativo desta sexta-feira (31), emerg\u00eancias, Samu, Caps III e mais de 30 Unidades B\u00e1sicas de Sa\u00fade (UBS) funcionar\u00e3o no Distrito Federal. Campanhas de vacina\u00e7\u00e3o contra dengue, gripe, poliomielite e covid-19 tamb\u00e9m continuam nas UBSs.<\/p>\n<p>No s\u00e1bado (1\u00ba) e domingo (2), ser\u00e1 mantida a rotina prevista aos fins de semana. Na segunda-feira (3), a rede de 176 UBSs da Secretaria de Sa\u00fade do DF (SES-DF) volta a funcionar normalmente, a partir das 7h, em todo o Distrito Federal.<\/p>\n<p><strong>Confira como fica o funcionamento<\/strong><br \/>\nSamu \u2013 Atendimento 24 horas pelo telefone 192<\/p>\n<p>Emerg\u00eancias \u2013 As emerg\u00eancias dos hospitais regionais, as Unidades de Pronto Atendimento (UPAs) e a Casa de Parto de S\u00e3o Sebasti\u00e3o atendem de forma ininterrupta, em plant\u00e3o 24h<\/p>\n<p>Pacientes com dengue \u2013 Diariamente, sem interrup\u00e7\u00f5es, pessoas com sintomas da doen\u00e7a contam com as 11 tendas de atendimento, sendo tr\u00eas (Gama, Guar\u00e1 e Parano\u00e1) com funcionamento 24 horas, e oito (Planaltina, Varj\u00e3o, Plano Piloto, Vicente Pires, Arniqueira, Taguatinga, Samambaia e Ceil\u00e2ndia) com atendimento das 7h \u00e0s 18h.<\/p>\n<p>Pacientes com s\u00edndromes respirat\u00f3rias \u2013 Pessoas com sintomas de s\u00edndromes respirat\u00f3rias contar\u00e3o com mais de 30 UBSs em funcionamento de quinta-feira (30) a sexta (31), das 7h \u00e0s 19h. Informa\u00e7\u00f5es completas com hor\u00e1rios e endere\u00e7os est\u00e3o dispon\u00edveis no site da SES-DF. Na segunda-feira (1\u00ba), a rede de 176 UBSs volta a funcionar normalmente.<\/p>\n<p>Sa\u00fade bucal \u2013 N\u00e3o haver\u00e1 atendimento odontol\u00f3gico nas UBSs nem nos Centros de Especialidades Odontol\u00f3gicas (CEOs) ao longo do feriado. Dois prontos-socorros odontol\u00f3gicos funcionam normalmente: 24h todos os dias, no Hospital Regional da Asa Norte (Hran), e das 7h \u00e0s 19h, s\u00e1bado (1\u00ba) e domingo (2), no Hospital Regional de Taguatinga (HRT).<\/p>\n<p>Vacina\u00e7\u00e3o \u2013 Vacinas contra dengue, gripe, covid-19 e outras doen\u00e7as, conforme seus p\u00fablicos priorit\u00e1rios e o calend\u00e1rio nacional de vacina\u00e7\u00e3o, estar\u00e3o dispon\u00edveis.<\/p>\n<p>CAPS \u2013 Os Centros de Aten\u00e7\u00e3o Psicossocial (Caps) do tipo III e os Centros de Aten\u00e7\u00e3o Psicossocial \u00c1lcool e outras Drogas III (Caps AD III) funcionam normalmente, com acolhimento 24 horas, ao longo de todos os dias do feriado. J\u00e1 os Caps tipos I e II e o Centro de Aten\u00e7\u00e3o Psicossocial Infanto-Juvenil (Capsi) n\u00e3o abrem de quinta-feira (30) a domingo (2).<\/p>\n<p>Farm\u00e1cias de alto custo \u2013 As unidades do Componente Especializado da Assist\u00eancia Farmac\u00eautica (Ceaf), mais conhecidas como Farm\u00e1cias de Alto Custo, fecham nos dias 30 (quinta-feira), 31 (sexta-feira) e 2 (domingo). No s\u00e1bado (1\u00ba), o atendimento ser\u00e1 das 7h \u00e0s 12h.<\/p>\n<p>Ambulat\u00f3rios e policl\u00ednicas \u2013 Os ambulat\u00f3rios e as policl\u00ednicas n\u00e3o abrem de quinta-feira (30) a domingo (2), voltando ao atendimento normal na segunda-feira (3).<\/p>\n","protected":false},"excerpt":{"rendered":"<p>No feriado de Corpus Christi, nesta quinta-feira (30), e no ponto facultativo desta sexta-feira (31), emerg\u00eancias, Samu, Caps III e mais de 30 Unidades B\u00e1sicas de Sa\u00fade (UBS) funcionar\u00e3o no Distrito Federal. Campanhas de vacina\u00e7\u00e3o contra dengue, gripe, poliomielite e covid-19 tamb\u00e9m continuam nas UBSs. No s\u00e1bado (1\u00ba) e domingo (2), ser\u00e1 mantida a rotina [&hellip;]<\/p>\n","protected":false},"author":2,"featured_media":329871,"comment_status":"closed","ping_status":"closed","sticky":false,"template":"","format":"standard","meta":{"_acf_changed":false,"footnotes":""},"categories":[161],"tags":[],"class_list":["post-329870","post","type-post","status-publish","format-standard","has-post-thumbnail","hentry","category-quadradinho-em-foco"],"acf":[],"yoast_head":"<!-- This site is optimized with the Yoast SEO plugin v27.5 - https:\/\/yoast.com\/product\/yoast-seo-wordpress\/ -->\n<title>Emerg\u00eancias, Samu, Caps III e mais de 30 unidades b\u00e1sicas ficam abertas - Notibras<\/title>\n<meta name=\"robots\" content=\"index, follow, max-snippet:-1, max-image-preview:large, max-video-preview:-1\" \/>\n<link rel=\"canonical\" href=\"https:\/\/www.notibras.com\/site\/emergencias-samu-caps-iii-e-mais-de-30-unidades-basicas-ficam-abertas\/\" \/>\n<meta property=\"og:locale\" content=\"pt_BR\" \/>\n<meta property=\"og:type\" content=\"article\" \/>\n<meta property=\"og:title\" content=\"Emerg\u00eancias, Samu, Caps III e mais de 30 unidades b\u00e1sicas ficam abertas - Notibras\" \/>\n<meta property=\"og:description\" content=\"No feriado de Corpus Christi, nesta quinta-feira (30), e no ponto facultativo desta sexta-feira (31), emerg\u00eancias, Samu, Caps III e mais de 30 Unidades B\u00e1sicas de Sa\u00fade (UBS) funcionar\u00e3o no Distrito Federal. Campanhas de vacina\u00e7\u00e3o contra dengue, gripe, poliomielite e covid-19 tamb\u00e9m continuam nas UBSs. No s\u00e1bado (1\u00ba) e domingo (2), ser\u00e1 mantida a rotina [&hellip;]\" \/>\n<meta property=\"og:url\" content=\"https:\/\/www.notibras.com\/site\/emergencias-samu-caps-iii-e-mais-de-30-unidades-basicas-ficam-abertas\/\" \/>\n<meta property=\"og:site_name\" content=\"Notibras\" \/>\n<meta property=\"article:publisher\" content=\"https:\/\/www.facebook.com\/notibras\/\" \/>\n<meta property=\"article:published_time\" content=\"2024-05-30T03:00:27+00:00\" \/>\n<meta property=\"article:modified_time\" content=\"2024-05-30T13:30:00+00:00\" \/>\n<meta property=\"og:image\" content=\"https:\/\/www.notibras.com\/site\/wp-content\/uploads\/2024\/05\/WhatsApp-Image-2024-05-29-at-21.04.47-1.jpeg\" \/>\n\t<meta property=\"og:image:width\" content=\"799\" \/>\n\t<meta property=\"og:image:height\" content=\"533\" \/>\n\t<meta property=\"og:image:type\" content=\"image\/jpeg\" \/>\n<meta name=\"author\" content=\"Reda\u00e7\u00e3o\" \/>\n<meta name=\"twitter:card\" content=\"summary_large_image\" \/>\n<meta name=\"twitter:creator\" content=\"@Notibras\" \/>\n<meta name=\"twitter:site\" content=\"@Notibras\" \/>\n<meta name=\"twitter:label1\" content=\"Escrito por\" \/>\n\t<meta name=\"twitter:data1\" content=\"Reda\u00e7\u00e3o\" \/>\n\t<meta name=\"twitter:label2\" content=\"Est. tempo de leitura\" \/>\n\t<meta name=\"twitter:data2\" content=\"3 minutos\" \/>\n<script type=\"application\/ld+json\" class=\"yoast-schema-graph\">{\"@context\":\"https:\\\/\\\/schema.org\",\"@graph\":[{\"@type\":\"Article\",\"@id\":\"https:\\\/\\\/www.notibras.com\\\/site\\\/emergencias-samu-caps-iii-e-mais-de-30-unidades-basicas-ficam-abertas\\\/#article\",\"isPartOf\":{\"@id\":\"https:\\\/\\\/www.notibras.com\\\/site\\\/emergencias-samu-caps-iii-e-mais-de-30-unidades-basicas-ficam-abertas\\\/\"},\"author\":{\"name\":\"Reda\u00e7\u00e3o\",\"@id\":\"https:\\\/\\\/www.notibras.com\\\/site\\\/#\\\/schema\\\/person\\\/36ab0979449956132d3e5b517ea76ac8\"},\"headline\":\"Emerg\u00eancias, Samu, Caps III e mais de 30 unidades b\u00e1sicas ficam abertas\",\"datePublished\":\"2024-05-30T03:00:27+00:00\",\"dateModified\":\"2024-05-30T13:30:00+00:00\",\"mainEntityOfPage\":{\"@id\":\"https:\\\/\\\/www.notibras.com\\\/site\\\/emergencias-samu-caps-iii-e-mais-de-30-unidades-basicas-ficam-abertas\\\/\"},\"wordCount\":463,\"publisher\":{\"@id\":\"https:\\\/\\\/www.notibras.com\\\/site\\\/#organization\"},\"image\":{\"@id\":\"https:\\\/\\\/www.notibras.com\\\/site\\\/emergencias-samu-caps-iii-e-mais-de-30-unidades-basicas-ficam-abertas\\\/#primaryimage\"},\"thumbnailUrl\":\"https:\\\/\\\/www.notibras.com\\\/site\\\/wp-content\\\/uploads\\\/2024\\\/05\\\/WhatsApp-Image-2024-05-29-at-21.04.47-1.jpeg\",\"articleSection\":[\"Quadradinho em Foco\"],\"inLanguage\":\"pt-BR\"},{\"@type\":\"WebPage\",\"@id\":\"https:\\\/\\\/www.notibras.com\\\/site\\\/emergencias-samu-caps-iii-e-mais-de-30-unidades-basicas-ficam-abertas\\\/\",\"url\":\"https:\\\/\\\/www.notibras.com\\\/site\\\/emergencias-samu-caps-iii-e-mais-de-30-unidades-basicas-ficam-abertas\\\/\",\"name\":\"Emerg\u00eancias, Samu, Caps III e mais de 30 unidades b\u00e1sicas ficam abertas - Notibras\",\"isPartOf\":{\"@id\":\"https:\\\/\\\/www.notibras.com\\\/site\\\/#website\"},\"primaryImageOfPage\":{\"@id\":\"https:\\\/\\\/www.notibras.com\\\/site\\\/emergencias-samu-caps-iii-e-mais-de-30-unidades-basicas-ficam-abertas\\\/#primaryimage\"},\"image\":{\"@id\":\"https:\\\/\\\/www.notibras.com\\\/site\\\/emergencias-samu-caps-iii-e-mais-de-30-unidades-basicas-ficam-abertas\\\/#primaryimage\"},\"thumbnailUrl\":\"https:\\\/\\\/www.notibras.com\\\/site\\\/wp-content\\\/uploads\\\/2024\\\/05\\\/WhatsApp-Image-2024-05-29-at-21.04.47-1.jpeg\",\"datePublished\":\"2024-05-30T03:00:27+00:00\",\"dateModified\":\"2024-05-30T13:30:00+00:00\",\"breadcrumb\":{\"@id\":\"https:\\\/\\\/www.notibras.com\\\/site\\\/emergencias-samu-caps-iii-e-mais-de-30-unidades-basicas-ficam-abertas\\\/#breadcrumb\"},\"inLanguage\":\"pt-BR\",\"potentialAction\":[{\"@type\":\"ReadAction\",\"target\":[\"https:\\\/\\\/www.notibras.com\\\/site\\\/emergencias-samu-caps-iii-e-mais-de-30-unidades-basicas-ficam-abertas\\\/\"]}]},{\"@type\":\"ImageObject\",\"inLanguage\":\"pt-BR\",\"@id\":\"https:\\\/\\\/www.notibras.com\\\/site\\\/emergencias-samu-caps-iii-e-mais-de-30-unidades-basicas-ficam-abertas\\\/#primaryimage\",\"url\":\"https:\\\/\\\/www.notibras.com\\\/site\\\/wp-content\\\/uploads\\\/2024\\\/05\\\/WhatsApp-Image-2024-05-29-at-21.04.47-1.jpeg\",\"contentUrl\":\"https:\\\/\\\/www.notibras.com\\\/site\\\/wp-content\\\/uploads\\\/2024\\\/05\\\/WhatsApp-Image-2024-05-29-at-21.04.47-1.jpeg\",\"width\":799,\"height\":533},{\"@type\":\"BreadcrumbList\",\"@id\":\"https:\\\/\\\/www.notibras.com\\\/site\\\/emergencias-samu-caps-iii-e-mais-de-30-unidades-basicas-ficam-abertas\\\/#breadcrumb\",\"itemListElement\":[{\"@type\":\"ListItem\",\"position\":1,\"name\":\"In\u00edcio\",\"item\":\"https:\\\/\\\/www.notibras.com\\\/site\\\/\"},{\"@type\":\"ListItem\",\"position\":2,\"name\":\"Emerg\u00eancias, Samu, Caps III e mais de 30 unidades b\u00e1sicas ficam abertas\"}]},{\"@type\":\"WebSite\",\"@id\":\"https:\\\/\\\/www.notibras.com\\\/site\\\/#website\",\"url\":\"https:\\\/\\\/www.notibras.com\\\/site\\\/\",\"name\":\"Notibras\",\"description\":\"Not\u00edcias de Bras\u00edlia, do Brasil e do Mundo\",\"publisher\":{\"@id\":\"https:\\\/\\\/www.notibras.com\\\/site\\\/#organization\"},\"potentialAction\":[{\"@type\":\"SearchAction\",\"target\":{\"@type\":\"EntryPoint\",\"urlTemplate\":\"https:\\\/\\\/www.notibras.com\\\/site\\\/?s={search_term_string}\"},\"query-input\":{\"@type\":\"PropertyValueSpecification\",\"valueRequired\":true,\"valueName\":\"search_term_string\"}}],\"inLanguage\":\"pt-BR\"},{\"@type\":\"Organization\",\"@id\":\"https:\\\/\\\/www.notibras.com\\\/site\\\/#organization\",\"name\":\"Grupo Notibras de Comunica\u00e7\u00e3o\",\"url\":\"https:\\\/\\\/www.notibras.com\\\/site\\\/\",\"logo\":{\"@type\":\"ImageObject\",\"inLanguage\":\"pt-BR\",\"@id\":\"https:\\\/\\\/www.notibras.com\\\/site\\\/#\\\/schema\\\/logo\\\/image\\\/\",\"url\":\"https:\\\/\\\/www.notibras.com\\\/site\\\/wp-content\\\/uploads\\\/2023\\\/01\\\/notibras23.png\",\"contentUrl\":\"https:\\\/\\\/www.notibras.com\\\/site\\\/wp-content\\\/uploads\\\/2023\\\/01\\\/notibras23.png\",\"width\":350,\"height\":87,\"caption\":\"Grupo Notibras de Comunica\u00e7\u00e3o\"},\"image\":{\"@id\":\"https:\\\/\\\/www.notibras.com\\\/site\\\/#\\\/schema\\\/logo\\\/image\\\/\"},\"sameAs\":[\"https:\\\/\\\/www.facebook.com\\\/notibras\\\/\",\"https:\\\/\\\/x.com\\\/Notibras\",\"https:\\\/\\\/www.instagram.com\\\/notibras\\\/\"]},{\"@type\":\"Person\",\"@id\":\"https:\\\/\\\/www.notibras.com\\\/site\\\/#\\\/schema\\\/person\\\/36ab0979449956132d3e5b517ea76ac8\",\"name\":\"Reda\u00e7\u00e3o\",\"image\":{\"@type\":\"ImageObject\",\"inLanguage\":\"pt-BR\",\"@id\":\"https:\\\/\\\/secure.gravatar.com\\\/avatar\\\/e0a867bdedb85fd243eadf09663511f96fc81e0720a4a42581f334ad4303aa6b?s=96&d=mm&r=g\",\"url\":\"https:\\\/\\\/secure.gravatar.com\\\/avatar\\\/e0a867bdedb85fd243eadf09663511f96fc81e0720a4a42581f334ad4303aa6b?s=96&d=mm&r=g\",\"contentUrl\":\"https:\\\/\\\/secure.gravatar.com\\\/avatar\\\/e0a867bdedb85fd243eadf09663511f96fc81e0720a4a42581f334ad4303aa6b?s=96&d=mm&r=g\",\"caption\":\"Reda\u00e7\u00e3o\"}}]}<\/script>\n<!-- \/ Yoast SEO plugin. -->","yoast_head_json":{"title":"Emerg\u00eancias, Samu, Caps III e mais de 30 unidades b\u00e1sicas ficam abertas - Notibras","robots":{"index":"index","follow":"follow","max-snippet":"max-snippet:-1","max-image-preview":"max-image-preview:large","max-video-preview":"max-video-preview:-1"},"canonical":"https:\/\/www.notibras.com\/site\/emergencias-samu-caps-iii-e-mais-de-30-unidades-basicas-ficam-abertas\/","og_locale":"pt_BR","og_type":"article","og_title":"Emerg\u00eancias, Samu, Caps III e mais de 30 unidades b\u00e1sicas ficam abertas - Notibras","og_description":"No feriado de Corpus Christi, nesta quinta-feira (30), e no ponto facultativo desta sexta-feira (31), emerg\u00eancias, Samu, Caps III e mais de 30 Unidades B\u00e1sicas de Sa\u00fade (UBS) funcionar\u00e3o no Distrito Federal. Campanhas de vacina\u00e7\u00e3o contra dengue, gripe, poliomielite e covid-19 tamb\u00e9m continuam nas UBSs. No s\u00e1bado (1\u00ba) e domingo (2), ser\u00e1 mantida a rotina [&hellip;]","og_url":"https:\/\/www.notibras.com\/site\/emergencias-samu-caps-iii-e-mais-de-30-unidades-basicas-ficam-abertas\/","og_site_name":"Notibras","article_publisher":"https:\/\/www.facebook.com\/notibras\/","article_published_time":"2024-05-30T03:00:27+00:00","article_modified_time":"2024-05-30T13:30:00+00:00","og_image":[{"width":799,"height":533,"url":"https:\/\/www.notibras.com\/site\/wp-content\/uploads\/2024\/05\/WhatsApp-Image-2024-05-29-at-21.04.47-1.jpeg","type":"image\/jpeg"}],"author":"Reda\u00e7\u00e3o","twitter_card":"summary_large_image","twitter_creator":"@Notibras","twitter_site":"@Notibras","twitter_misc":{"Escrito por":"Reda\u00e7\u00e3o","Est. tempo de leitura":"3 minutos"},"schema":{"@context":"https:\/\/schema.org","@graph":[{"@type":"Article","@id":"https:\/\/www.notibras.com\/site\/emergencias-samu-caps-iii-e-mais-de-30-unidades-basicas-ficam-abertas\/#article","isPartOf":{"@id":"https:\/\/www.notibras.com\/site\/emergencias-samu-caps-iii-e-mais-de-30-unidades-basicas-ficam-abertas\/"},"author":{"name":"Reda\u00e7\u00e3o","@id":"https:\/\/www.notibras.com\/site\/#\/schema\/person\/36ab0979449956132d3e5b517ea76ac8"},"headline":"Emerg\u00eancias, Samu, Caps III e mais de 30 unidades b\u00e1sicas ficam abertas","datePublished":"2024-05-30T03:00:27+00:00","dateModified":"2024-05-30T13:30:00+00:00","mainEntityOfPage":{"@id":"https:\/\/www.notibras.com\/site\/emergencias-samu-caps-iii-e-mais-de-30-unidades-basicas-ficam-abertas\/"},"wordCount":463,"publisher":{"@id":"https:\/\/www.notibras.com\/site\/#organization"},"image":{"@id":"https:\/\/www.notibras.com\/site\/emergencias-samu-caps-iii-e-mais-de-30-unidades-basicas-ficam-abertas\/#primaryimage"},"thumbnailUrl":"https:\/\/www.notibras.com\/site\/wp-content\/uploads\/2024\/05\/WhatsApp-Image-2024-05-29-at-21.04.47-1.jpeg","articleSection":["Quadradinho em Foco"],"inLanguage":"pt-BR"},{"@type":"WebPage","@id":"https:\/\/www.notibras.com\/site\/emergencias-samu-caps-iii-e-mais-de-30-unidades-basicas-ficam-abertas\/","url":"https:\/\/www.notibras.com\/site\/emergencias-samu-caps-iii-e-mais-de-30-unidades-basicas-ficam-abertas\/","name":"Emerg\u00eancias, Samu, Caps III e mais de 30 unidades b\u00e1sicas ficam abertas - Notibras","isPartOf":{"@id":"https:\/\/www.notibras.com\/site\/#website"},"primaryImageOfPage":{"@id":"https:\/\/www.notibras.com\/site\/emergencias-samu-caps-iii-e-mais-de-30-unidades-basicas-ficam-abertas\/#primaryimage"},"image":{"@id":"https:\/\/www.notibras.com\/site\/emergencias-samu-caps-iii-e-mais-de-30-unidades-basicas-ficam-abertas\/#primaryimage"},"thumbnailUrl":"https:\/\/www.notibras.com\/site\/wp-content\/uploads\/2024\/05\/WhatsApp-Image-2024-05-29-at-21.04.47-1.jpeg","datePublished":"2024-05-30T03:00:27+00:00","dateModified":"2024-05-30T13:30:00+00:00","breadcrumb":{"@id":"https:\/\/www.notibras.com\/site\/emergencias-samu-caps-iii-e-mais-de-30-unidades-basicas-ficam-abertas\/#breadcrumb"},"inLanguage":"pt-BR","potentialAction":[{"@type":"ReadAction","target":["https:\/\/www.notibras.com\/site\/emergencias-samu-caps-iii-e-mais-de-30-unidades-basicas-ficam-abertas\/"]}]},{"@type":"ImageObject","inLanguage":"pt-BR","@id":"https:\/\/www.notibras.com\/site\/emergencias-samu-caps-iii-e-mais-de-30-unidades-basicas-ficam-abertas\/#primaryimage","url":"https:\/\/www.notibras.com\/site\/wp-content\/uploads\/2024\/05\/WhatsApp-Image-2024-05-29-at-21.04.47-1.jpeg","contentUrl":"https:\/\/www.notibras.com\/site\/wp-content\/uploads\/2024\/05\/WhatsApp-Image-2024-05-29-at-21.04.47-1.jpeg","width":799,"height":533},{"@type":"BreadcrumbList","@id":"https:\/\/www.notibras.com\/site\/emergencias-samu-caps-iii-e-mais-de-30-unidades-basicas-ficam-abertas\/#breadcrumb","itemListElement":[{"@type":"ListItem","position":1,"name":"In\u00edcio","item":"https:\/\/www.notibras.com\/site\/"},{"@type":"ListItem","position":2,"name":"Emerg\u00eancias, Samu, Caps III e mais de 30 unidades b\u00e1sicas ficam abertas"}]},{"@type":"WebSite","@id":"https:\/\/www.notibras.com\/site\/#website","url":"https:\/\/www.notibras.com\/site\/","name":"Notibras","description":"Not\u00edcias de Bras\u00edlia, do Brasil e do Mundo","publisher":{"@id":"https:\/\/www.notibras.com\/site\/#organization"},"potentialAction":[{"@type":"SearchAction","target":{"@type":"EntryPoint","urlTemplate":"https:\/\/www.notibras.com\/site\/?s={search_term_string}"},"query-input":{"@type":"PropertyValueSpecification","valueRequired":true,"valueName":"search_term_string"}}],"inLanguage":"pt-BR"},{"@type":"Organization","@id":"https:\/\/www.notibras.com\/site\/#organization","name":"Grupo Notibras de Comunica\u00e7\u00e3o","url":"https:\/\/www.notibras.com\/site\/","logo":{"@type":"ImageObject","inLanguage":"pt-BR","@id":"https:\/\/www.notibras.com\/site\/#\/schema\/logo\/image\/","url":"https:\/\/www.notibras.com\/site\/wp-content\/uploads\/2023\/01\/notibras23.png","contentUrl":"https:\/\/www.notibras.com\/site\/wp-content\/uploads\/2023\/01\/notibras23.png","width":350,"height":87,"caption":"Grupo Notibras de Comunica\u00e7\u00e3o"},"image":{"@id":"https:\/\/www.notibras.com\/site\/#\/schema\/logo\/image\/"},"sameAs":["https:\/\/www.facebook.com\/notibras\/","https:\/\/x.com\/Notibras","https:\/\/www.instagram.com\/notibras\/"]},{"@type":"Person","@id":"https:\/\/www.notibras.com\/site\/#\/schema\/person\/36ab0979449956132d3e5b517ea76ac8","name":"Reda\u00e7\u00e3o","image":{"@type":"ImageObject","inLanguage":"pt-BR","@id":"https:\/\/secure.gravatar.com\/avatar\/e0a867bdedb85fd243eadf09663511f96fc81e0720a4a42581f334ad4303aa6b?s=96&d=mm&r=g","url":"https:\/\/secure.gravatar.com\/avatar\/e0a867bdedb85fd243eadf09663511f96fc81e0720a4a42581f334ad4303aa6b?s=96&d=mm&r=g","contentUrl":"https:\/\/secure.gravatar.com\/avatar\/e0a867bdedb85fd243eadf09663511f96fc81e0720a4a42581f334ad4303aa6b?s=96&d=mm&r=g","caption":"Reda\u00e7\u00e3o"}}]}},"amp_enabled":true,"_links":{"self":[{"href":"https:\/\/www.notibras.com\/site\/wp-json\/wp\/v2\/posts\/329870","targetHints":{"allow":["GET"]}}],"collection":[{"href":"https:\/\/www.notibras.com\/site\/wp-json\/wp\/v2\/posts"}],"about":[{"href":"https:\/\/www.notibras.com\/site\/wp-json\/wp\/v2\/types\/post"}],"author":[{"embeddable":true,"href":"https:\/\/www.notibras.com\/site\/wp-json\/wp\/v2\/users\/2"}],"replies":[{"embeddable":true,"href":"https:\/\/www.notibras.com\/site\/wp-json\/wp\/v2\/comments?post=329870"}],"version-history":[{"count":1,"href":"https:\/\/www.notibras.com\/site\/wp-json\/wp\/v2\/posts\/329870\/revisions"}],"predecessor-version":[{"id":329872,"href":"https:\/\/www.notibras.com\/site\/wp-json\/wp\/v2\/posts\/329870\/revisions\/329872"}],"wp:featuredmedia":[{"embeddable":true,"href":"https:\/\/www.notibras.com\/site\/wp-json\/wp\/v2\/media\/329871"}],"wp:attachment":[{"href":"https:\/\/www.notibras.com\/site\/wp-json\/wp\/v2\/media?parent=329870"}],"wp:term":[{"taxonomy":"category","embeddable":true,"href":"https:\/\/www.notibras.com\/site\/wp-json\/wp\/v2\/categories?post=329870"},{"taxonomy":"post_tag","embeddable":true,"href":"https:\/\/www.notibras.com\/site\/wp-json\/wp\/v2\/tags?post=329870"}],"curies":[{"name":"wp","href":"https:\/\/api.w.org\/{rel}","templated":true}]}}