{"id":329873,"date":"2024-05-30T10:37:48","date_gmt":"2024-05-30T13:37:48","guid":{"rendered":"https:\/\/www.notibras.com\/site\/?p=329873"},"modified":"2024-05-30T10:38:48","modified_gmt":"2024-05-30T13:38:48","slug":"complexo-de-edipo-casorio-e-depois-solto-no-mundo","status":"publish","type":"post","link":"https:\/\/www.notibras.com\/site\/complexo-de-edipo-casorio-e-depois-solto-no-mundo\/","title":{"rendered":"Complexo de \u00c9dipo, cas\u00f3rio e depois solto no mundo"},"content":{"rendered":"<p>Carrapicho n\u00e3o sabia o porqu\u00ea daquele apelido. N\u00e3o que ficasse incomodado, pois, at\u00e9 onde se tem not\u00edcia, n\u00e3o fazia a menor ideia do significado dessa palavra. Tanto \u00e9 que, quando precisava informar o nome de registro, gaguejava at\u00e9 que sa\u00eda Juvenildo Araripe dos Santos. Mas deixemos de lado tanta complica\u00e7\u00e3o e voltemos para a praticidade do codinome. Carrapicho!<\/p>\n<p>Assim que deu os primeiros passos, o moleque n\u00e3o desgrudava da saia da m\u00e3e, Laurinda. N\u00e3o importava se a mulher estivesse varrendo o ch\u00e3o, lavando aquele monte de roupas no tanque ou mesmo indo at\u00e9 a esquina na venda do Onofre. L\u00e1 ia o menino agarrado que nem carrapato.<\/p>\n<p>Dos seis aos 17, Carrapicho foi levado para a escola pelas m\u00e3os firmes da m\u00e3e. Ele, choroso, tentava de todas as maneiras se manter grudado, mas Laurinda, mais firme, desvencilhava as m\u00e3os do rebento das suas e o deixava entregue para n\u00e3o virar burro. Que estudasse, pois a vida, n\u00e3o raro, pode ser cruel.<\/p>\n<p>Carrapicho, ent\u00e3o aos 18, entrou na faculdade. Que orgulho para Laurinda, que ainda sofria com a depend\u00eancia constante do filho, que n\u00e3o a queria largar.<\/p>\n<p>\u2014 Arrume uma namorada!<\/p>\n<p>\u2014 A minha namorada \u00e9 a senhora, mam\u00e3e.<\/p>\n<p>Apesar do complexo de \u00c9dipo, o rapaz acabou tra\u00eddo pelo pr\u00f3prio cora\u00e7\u00e3o, que se apaixonou por Laura, uma mo\u00e7a do mesmo curso. O casal, ap\u00f3s quatro longos anos de namoro, se viu formado e, menos de seis meses ap\u00f3s, assumiu compromisso de amor eterno diante do padre.<\/p>\n<p>Carrapicho e Laura viviam uma vida confort\u00e1vel. Bem empregados, sal\u00e1rios juntados muito acima da m\u00e9dia, poderiam passar f\u00e9rias anuais em qualquer lugar. Mas o marido, afeito a manter os mesmos h\u00e1bitos, conseguia convencer a mulher a irem para a mesma cidade, onde se hospedavam no mesmo hotel e, gra\u00e7as \u00e0s reservas antecipadas, no mesmo quarto.<\/p>\n<p>Laura achava gra\u00e7a das manias do esposo, at\u00e9 que, certa manh\u00e3 fria de junho, arrumou as malas e foi morar com Pedro, antigo colega de faculdade, que h\u00e1 pouco havia se separado. Quanto ao Carrapicho, desolado, caiu no mundo.<\/p>\n<p><strong>*Eduardo Mart\u00ednez \u00e9 autor do livro \u201c57 Contos e Cr\u00f4nicas por um Autor muito Velho\u201d.<\/strong><\/p>\n<p>Compre aqui\u00a0<span class=\"x19la9d6 x1fc57z9 x6ikm8r x10wlt62 x19co3pv x1g5zs5t xfibh0p xiy17q3 x1xsqp64 x1lkfr7t xexx8yu x4uap5 x18d9i69 xkhd6sd\"><span class=\"xrtxmta x1bhl96m\"><img decoding=\"async\" class=\"emoji\" role=\"img\" draggable=\"false\" src=\"https:\/\/s.w.org\/images\/core\/emoji\/14.0.0\/svg\/1f447-1f3ff.svg\" alt=\"&#x1f447;&#x1f3ff;\" \/><\/span><\/span><span class=\"x19la9d6 x1fc57z9 x6ikm8r x10wlt62 x19co3pv x1g5zs5t xfibh0p xiy17q3 x1xsqp64 x1lkfr7t xexx8yu x4uap5 x18d9i69 xkhd6sd\"><span class=\"xrtxmta x1bhl96m\"><img decoding=\"async\" class=\"emoji\" role=\"img\" draggable=\"false\" src=\"https:\/\/s.w.org\/images\/core\/emoji\/14.0.0\/svg\/1f447-1f3ff.svg\" alt=\"&#x1f447;&#x1f3ff;\" \/><\/span><\/span><span class=\"x19la9d6 x1fc57z9 x6ikm8r x10wlt62 x19co3pv x1g5zs5t xfibh0p xiy17q3 x1xsqp64 x1lkfr7t xexx8yu x4uap5 x18d9i69 xkhd6sd\"><span class=\"xrtxmta x1bhl96m\"><img decoding=\"async\" class=\"emoji\" role=\"img\" draggable=\"false\" src=\"https:\/\/s.w.org\/images\/core\/emoji\/14.0.0\/svg\/1f447-1f3ff.svg\" alt=\"&#x1f447;&#x1f3ff;\" \/><\/span><\/span><\/p>\n<p><a href=\"http:\/\/www.joanineditora.com.br\/57-contos-e-cronicas-por-um-autor-muito-velho\">http:\/\/www.joanineditora.com.br\/57-contos-e-cronicas-por-um-autor-muito-velho<\/a><\/p>\n","protected":false},"excerpt":{"rendered":"<p>Carrapicho n\u00e3o sabia o porqu\u00ea daquele apelido. N\u00e3o que ficasse incomodado, pois, at\u00e9 onde se tem not\u00edcia, n\u00e3o fazia a menor ideia do significado dessa palavra. Tanto \u00e9 que, quando precisava informar o nome de registro, gaguejava at\u00e9 que sa\u00eda Juvenildo Araripe dos Santos. Mas deixemos de lado tanta complica\u00e7\u00e3o e voltemos para a praticidade [&hellip;]<\/p>\n","protected":false},"author":2,"featured_media":329874,"comment_status":"closed","ping_status":"closed","sticky":false,"template":"","format":"standard","meta":{"_acf_changed":false,"footnotes":""},"categories":[161],"tags":[],"class_list":["post-329873","post","type-post","status-publish","format-standard","has-post-thumbnail","hentry","category-quadradinho-em-foco"],"acf":[],"yoast_head":"<!-- This site is optimized with the Yoast SEO plugin v27.5 - https:\/\/yoast.com\/product\/yoast-seo-wordpress\/ -->\n<title>Complexo de \u00c9dipo, cas\u00f3rio e depois solto no mundo - Notibras<\/title>\n<meta name=\"robots\" content=\"index, follow, max-snippet:-1, max-image-preview:large, max-video-preview:-1\" \/>\n<link rel=\"canonical\" href=\"https:\/\/www.notibras.com\/site\/complexo-de-edipo-casorio-e-depois-solto-no-mundo\/\" \/>\n<meta property=\"og:locale\" content=\"pt_BR\" \/>\n<meta property=\"og:type\" content=\"article\" \/>\n<meta property=\"og:title\" content=\"Complexo de \u00c9dipo, cas\u00f3rio e depois solto no mundo - Notibras\" \/>\n<meta property=\"og:description\" content=\"Carrapicho n\u00e3o sabia o porqu\u00ea daquele apelido. N\u00e3o que ficasse incomodado, pois, at\u00e9 onde se tem not\u00edcia, n\u00e3o fazia a menor ideia do significado dessa palavra. Tanto \u00e9 que, quando precisava informar o nome de registro, gaguejava at\u00e9 que sa\u00eda Juvenildo Araripe dos Santos. Mas deixemos de lado tanta complica\u00e7\u00e3o e voltemos para a praticidade [&hellip;]\" \/>\n<meta property=\"og:url\" content=\"https:\/\/www.notibras.com\/site\/complexo-de-edipo-casorio-e-depois-solto-no-mundo\/\" \/>\n<meta property=\"og:site_name\" content=\"Notibras\" \/>\n<meta property=\"article:publisher\" content=\"https:\/\/www.facebook.com\/notibras\/\" \/>\n<meta property=\"article:published_time\" content=\"2024-05-30T13:37:48+00:00\" \/>\n<meta property=\"article:modified_time\" content=\"2024-05-30T13:38:48+00:00\" \/>\n<meta property=\"og:image\" content=\"https:\/\/www.notibras.com\/site\/wp-content\/uploads\/2024\/05\/31e863b2-6d2c-4fa8-ad73-db3c1f6ec3e9.jpeg\" \/>\n\t<meta property=\"og:image:width\" content=\"320\" \/>\n\t<meta property=\"og:image:height\" content=\"320\" \/>\n\t<meta property=\"og:image:type\" content=\"image\/jpeg\" \/>\n<meta name=\"author\" content=\"Reda\u00e7\u00e3o\" \/>\n<meta name=\"twitter:card\" content=\"summary_large_image\" \/>\n<meta name=\"twitter:creator\" content=\"@Notibras\" \/>\n<meta name=\"twitter:site\" content=\"@Notibras\" \/>\n<meta name=\"twitter:label1\" content=\"Escrito por\" \/>\n\t<meta name=\"twitter:data1\" content=\"Reda\u00e7\u00e3o\" \/>\n\t<meta name=\"twitter:label2\" content=\"Est. tempo de leitura\" \/>\n\t<meta name=\"twitter:data2\" content=\"3 minutos\" \/>\n<script type=\"application\/ld+json\" class=\"yoast-schema-graph\">{\"@context\":\"https:\\\/\\\/schema.org\",\"@graph\":[{\"@type\":\"Article\",\"@id\":\"https:\\\/\\\/www.notibras.com\\\/site\\\/complexo-de-edipo-casorio-e-depois-solto-no-mundo\\\/#article\",\"isPartOf\":{\"@id\":\"https:\\\/\\\/www.notibras.com\\\/site\\\/complexo-de-edipo-casorio-e-depois-solto-no-mundo\\\/\"},\"author\":{\"name\":\"Reda\u00e7\u00e3o\",\"@id\":\"https:\\\/\\\/www.notibras.com\\\/site\\\/#\\\/schema\\\/person\\\/36ab0979449956132d3e5b517ea76ac8\"},\"headline\":\"Complexo de \u00c9dipo, cas\u00f3rio e depois solto no mundo\",\"datePublished\":\"2024-05-30T13:37:48+00:00\",\"dateModified\":\"2024-05-30T13:38:48+00:00\",\"mainEntityOfPage\":{\"@id\":\"https:\\\/\\\/www.notibras.com\\\/site\\\/complexo-de-edipo-casorio-e-depois-solto-no-mundo\\\/\"},\"wordCount\":398,\"publisher\":{\"@id\":\"https:\\\/\\\/www.notibras.com\\\/site\\\/#organization\"},\"image\":{\"@id\":\"https:\\\/\\\/www.notibras.com\\\/site\\\/complexo-de-edipo-casorio-e-depois-solto-no-mundo\\\/#primaryimage\"},\"thumbnailUrl\":\"https:\\\/\\\/www.notibras.com\\\/site\\\/wp-content\\\/uploads\\\/2024\\\/05\\\/31e863b2-6d2c-4fa8-ad73-db3c1f6ec3e9.jpeg\",\"articleSection\":[\"Quadradinho em Foco\"],\"inLanguage\":\"pt-BR\"},{\"@type\":\"WebPage\",\"@id\":\"https:\\\/\\\/www.notibras.com\\\/site\\\/complexo-de-edipo-casorio-e-depois-solto-no-mundo\\\/\",\"url\":\"https:\\\/\\\/www.notibras.com\\\/site\\\/complexo-de-edipo-casorio-e-depois-solto-no-mundo\\\/\",\"name\":\"Complexo de \u00c9dipo, cas\u00f3rio e depois solto no mundo - Notibras\",\"isPartOf\":{\"@id\":\"https:\\\/\\\/www.notibras.com\\\/site\\\/#website\"},\"primaryImageOfPage\":{\"@id\":\"https:\\\/\\\/www.notibras.com\\\/site\\\/complexo-de-edipo-casorio-e-depois-solto-no-mundo\\\/#primaryimage\"},\"image\":{\"@id\":\"https:\\\/\\\/www.notibras.com\\\/site\\\/complexo-de-edipo-casorio-e-depois-solto-no-mundo\\\/#primaryimage\"},\"thumbnailUrl\":\"https:\\\/\\\/www.notibras.com\\\/site\\\/wp-content\\\/uploads\\\/2024\\\/05\\\/31e863b2-6d2c-4fa8-ad73-db3c1f6ec3e9.jpeg\",\"datePublished\":\"2024-05-30T13:37:48+00:00\",\"dateModified\":\"2024-05-30T13:38:48+00:00\",\"breadcrumb\":{\"@id\":\"https:\\\/\\\/www.notibras.com\\\/site\\\/complexo-de-edipo-casorio-e-depois-solto-no-mundo\\\/#breadcrumb\"},\"inLanguage\":\"pt-BR\",\"potentialAction\":[{\"@type\":\"ReadAction\",\"target\":[\"https:\\\/\\\/www.notibras.com\\\/site\\\/complexo-de-edipo-casorio-e-depois-solto-no-mundo\\\/\"]}]},{\"@type\":\"ImageObject\",\"inLanguage\":\"pt-BR\",\"@id\":\"https:\\\/\\\/www.notibras.com\\\/site\\\/complexo-de-edipo-casorio-e-depois-solto-no-mundo\\\/#primaryimage\",\"url\":\"https:\\\/\\\/www.notibras.com\\\/site\\\/wp-content\\\/uploads\\\/2024\\\/05\\\/31e863b2-6d2c-4fa8-ad73-db3c1f6ec3e9.jpeg\",\"contentUrl\":\"https:\\\/\\\/www.notibras.com\\\/site\\\/wp-content\\\/uploads\\\/2024\\\/05\\\/31e863b2-6d2c-4fa8-ad73-db3c1f6ec3e9.jpeg\",\"width\":320,\"height\":320},{\"@type\":\"BreadcrumbList\",\"@id\":\"https:\\\/\\\/www.notibras.com\\\/site\\\/complexo-de-edipo-casorio-e-depois-solto-no-mundo\\\/#breadcrumb\",\"itemListElement\":[{\"@type\":\"ListItem\",\"position\":1,\"name\":\"In\u00edcio\",\"item\":\"https:\\\/\\\/www.notibras.com\\\/site\\\/\"},{\"@type\":\"ListItem\",\"position\":2,\"name\":\"Complexo de \u00c9dipo, cas\u00f3rio e depois solto no mundo\"}]},{\"@type\":\"WebSite\",\"@id\":\"https:\\\/\\\/www.notibras.com\\\/site\\\/#website\",\"url\":\"https:\\\/\\\/www.notibras.com\\\/site\\\/\",\"name\":\"Notibras\",\"description\":\"Not\u00edcias de Bras\u00edlia, do Brasil e do Mundo\",\"publisher\":{\"@id\":\"https:\\\/\\\/www.notibras.com\\\/site\\\/#organization\"},\"potentialAction\":[{\"@type\":\"SearchAction\",\"target\":{\"@type\":\"EntryPoint\",\"urlTemplate\":\"https:\\\/\\\/www.notibras.com\\\/site\\\/?s={search_term_string}\"},\"query-input\":{\"@type\":\"PropertyValueSpecification\",\"valueRequired\":true,\"valueName\":\"search_term_string\"}}],\"inLanguage\":\"pt-BR\"},{\"@type\":\"Organization\",\"@id\":\"https:\\\/\\\/www.notibras.com\\\/site\\\/#organization\",\"name\":\"Grupo Notibras de Comunica\u00e7\u00e3o\",\"url\":\"https:\\\/\\\/www.notibras.com\\\/site\\\/\",\"logo\":{\"@type\":\"ImageObject\",\"inLanguage\":\"pt-BR\",\"@id\":\"https:\\\/\\\/www.notibras.com\\\/site\\\/#\\\/schema\\\/logo\\\/image\\\/\",\"url\":\"https:\\\/\\\/www.notibras.com\\\/site\\\/wp-content\\\/uploads\\\/2023\\\/01\\\/notibras23.png\",\"contentUrl\":\"https:\\\/\\\/www.notibras.com\\\/site\\\/wp-content\\\/uploads\\\/2023\\\/01\\\/notibras23.png\",\"width\":350,\"height\":87,\"caption\":\"Grupo Notibras de Comunica\u00e7\u00e3o\"},\"image\":{\"@id\":\"https:\\\/\\\/www.notibras.com\\\/site\\\/#\\\/schema\\\/logo\\\/image\\\/\"},\"sameAs\":[\"https:\\\/\\\/www.facebook.com\\\/notibras\\\/\",\"https:\\\/\\\/x.com\\\/Notibras\",\"https:\\\/\\\/www.instagram.com\\\/notibras\\\/\"]},{\"@type\":\"Person\",\"@id\":\"https:\\\/\\\/www.notibras.com\\\/site\\\/#\\\/schema\\\/person\\\/36ab0979449956132d3e5b517ea76ac8\",\"name\":\"Reda\u00e7\u00e3o\",\"image\":{\"@type\":\"ImageObject\",\"inLanguage\":\"pt-BR\",\"@id\":\"https:\\\/\\\/secure.gravatar.com\\\/avatar\\\/e0a867bdedb85fd243eadf09663511f96fc81e0720a4a42581f334ad4303aa6b?s=96&d=mm&r=g\",\"url\":\"https:\\\/\\\/secure.gravatar.com\\\/avatar\\\/e0a867bdedb85fd243eadf09663511f96fc81e0720a4a42581f334ad4303aa6b?s=96&d=mm&r=g\",\"contentUrl\":\"https:\\\/\\\/secure.gravatar.com\\\/avatar\\\/e0a867bdedb85fd243eadf09663511f96fc81e0720a4a42581f334ad4303aa6b?s=96&d=mm&r=g\",\"caption\":\"Reda\u00e7\u00e3o\"}}]}<\/script>\n<!-- \/ Yoast SEO plugin. -->","yoast_head_json":{"title":"Complexo de \u00c9dipo, cas\u00f3rio e depois solto no mundo - Notibras","robots":{"index":"index","follow":"follow","max-snippet":"max-snippet:-1","max-image-preview":"max-image-preview:large","max-video-preview":"max-video-preview:-1"},"canonical":"https:\/\/www.notibras.com\/site\/complexo-de-edipo-casorio-e-depois-solto-no-mundo\/","og_locale":"pt_BR","og_type":"article","og_title":"Complexo de \u00c9dipo, cas\u00f3rio e depois solto no mundo - Notibras","og_description":"Carrapicho n\u00e3o sabia o porqu\u00ea daquele apelido. N\u00e3o que ficasse incomodado, pois, at\u00e9 onde se tem not\u00edcia, n\u00e3o fazia a menor ideia do significado dessa palavra. Tanto \u00e9 que, quando precisava informar o nome de registro, gaguejava at\u00e9 que sa\u00eda Juvenildo Araripe dos Santos. Mas deixemos de lado tanta complica\u00e7\u00e3o e voltemos para a praticidade [&hellip;]","og_url":"https:\/\/www.notibras.com\/site\/complexo-de-edipo-casorio-e-depois-solto-no-mundo\/","og_site_name":"Notibras","article_publisher":"https:\/\/www.facebook.com\/notibras\/","article_published_time":"2024-05-30T13:37:48+00:00","article_modified_time":"2024-05-30T13:38:48+00:00","og_image":[{"width":320,"height":320,"url":"https:\/\/www.notibras.com\/site\/wp-content\/uploads\/2024\/05\/31e863b2-6d2c-4fa8-ad73-db3c1f6ec3e9.jpeg","type":"image\/jpeg"}],"author":"Reda\u00e7\u00e3o","twitter_card":"summary_large_image","twitter_creator":"@Notibras","twitter_site":"@Notibras","twitter_misc":{"Escrito por":"Reda\u00e7\u00e3o","Est. tempo de leitura":"3 minutos"},"schema":{"@context":"https:\/\/schema.org","@graph":[{"@type":"Article","@id":"https:\/\/www.notibras.com\/site\/complexo-de-edipo-casorio-e-depois-solto-no-mundo\/#article","isPartOf":{"@id":"https:\/\/www.notibras.com\/site\/complexo-de-edipo-casorio-e-depois-solto-no-mundo\/"},"author":{"name":"Reda\u00e7\u00e3o","@id":"https:\/\/www.notibras.com\/site\/#\/schema\/person\/36ab0979449956132d3e5b517ea76ac8"},"headline":"Complexo de \u00c9dipo, cas\u00f3rio e depois solto no mundo","datePublished":"2024-05-30T13:37:48+00:00","dateModified":"2024-05-30T13:38:48+00:00","mainEntityOfPage":{"@id":"https:\/\/www.notibras.com\/site\/complexo-de-edipo-casorio-e-depois-solto-no-mundo\/"},"wordCount":398,"publisher":{"@id":"https:\/\/www.notibras.com\/site\/#organization"},"image":{"@id":"https:\/\/www.notibras.com\/site\/complexo-de-edipo-casorio-e-depois-solto-no-mundo\/#primaryimage"},"thumbnailUrl":"https:\/\/www.notibras.com\/site\/wp-content\/uploads\/2024\/05\/31e863b2-6d2c-4fa8-ad73-db3c1f6ec3e9.jpeg","articleSection":["Quadradinho em Foco"],"inLanguage":"pt-BR"},{"@type":"WebPage","@id":"https:\/\/www.notibras.com\/site\/complexo-de-edipo-casorio-e-depois-solto-no-mundo\/","url":"https:\/\/www.notibras.com\/site\/complexo-de-edipo-casorio-e-depois-solto-no-mundo\/","name":"Complexo de \u00c9dipo, cas\u00f3rio e depois solto no mundo - Notibras","isPartOf":{"@id":"https:\/\/www.notibras.com\/site\/#website"},"primaryImageOfPage":{"@id":"https:\/\/www.notibras.com\/site\/complexo-de-edipo-casorio-e-depois-solto-no-mundo\/#primaryimage"},"image":{"@id":"https:\/\/www.notibras.com\/site\/complexo-de-edipo-casorio-e-depois-solto-no-mundo\/#primaryimage"},"thumbnailUrl":"https:\/\/www.notibras.com\/site\/wp-content\/uploads\/2024\/05\/31e863b2-6d2c-4fa8-ad73-db3c1f6ec3e9.jpeg","datePublished":"2024-05-30T13:37:48+00:00","dateModified":"2024-05-30T13:38:48+00:00","breadcrumb":{"@id":"https:\/\/www.notibras.com\/site\/complexo-de-edipo-casorio-e-depois-solto-no-mundo\/#breadcrumb"},"inLanguage":"pt-BR","potentialAction":[{"@type":"ReadAction","target":["https:\/\/www.notibras.com\/site\/complexo-de-edipo-casorio-e-depois-solto-no-mundo\/"]}]},{"@type":"ImageObject","inLanguage":"pt-BR","@id":"https:\/\/www.notibras.com\/site\/complexo-de-edipo-casorio-e-depois-solto-no-mundo\/#primaryimage","url":"https:\/\/www.notibras.com\/site\/wp-content\/uploads\/2024\/05\/31e863b2-6d2c-4fa8-ad73-db3c1f6ec3e9.jpeg","contentUrl":"https:\/\/www.notibras.com\/site\/wp-content\/uploads\/2024\/05\/31e863b2-6d2c-4fa8-ad73-db3c1f6ec3e9.jpeg","width":320,"height":320},{"@type":"BreadcrumbList","@id":"https:\/\/www.notibras.com\/site\/complexo-de-edipo-casorio-e-depois-solto-no-mundo\/#breadcrumb","itemListElement":[{"@type":"ListItem","position":1,"name":"In\u00edcio","item":"https:\/\/www.notibras.com\/site\/"},{"@type":"ListItem","position":2,"name":"Complexo de \u00c9dipo, cas\u00f3rio e depois solto no mundo"}]},{"@type":"WebSite","@id":"https:\/\/www.notibras.com\/site\/#website","url":"https:\/\/www.notibras.com\/site\/","name":"Notibras","description":"Not\u00edcias de Bras\u00edlia, do Brasil e do Mundo","publisher":{"@id":"https:\/\/www.notibras.com\/site\/#organization"},"potentialAction":[{"@type":"SearchAction","target":{"@type":"EntryPoint","urlTemplate":"https:\/\/www.notibras.com\/site\/?s={search_term_string}"},"query-input":{"@type":"PropertyValueSpecification","valueRequired":true,"valueName":"search_term_string"}}],"inLanguage":"pt-BR"},{"@type":"Organization","@id":"https:\/\/www.notibras.com\/site\/#organization","name":"Grupo Notibras de Comunica\u00e7\u00e3o","url":"https:\/\/www.notibras.com\/site\/","logo":{"@type":"ImageObject","inLanguage":"pt-BR","@id":"https:\/\/www.notibras.com\/site\/#\/schema\/logo\/image\/","url":"https:\/\/www.notibras.com\/site\/wp-content\/uploads\/2023\/01\/notibras23.png","contentUrl":"https:\/\/www.notibras.com\/site\/wp-content\/uploads\/2023\/01\/notibras23.png","width":350,"height":87,"caption":"Grupo Notibras de Comunica\u00e7\u00e3o"},"image":{"@id":"https:\/\/www.notibras.com\/site\/#\/schema\/logo\/image\/"},"sameAs":["https:\/\/www.facebook.com\/notibras\/","https:\/\/x.com\/Notibras","https:\/\/www.instagram.com\/notibras\/"]},{"@type":"Person","@id":"https:\/\/www.notibras.com\/site\/#\/schema\/person\/36ab0979449956132d3e5b517ea76ac8","name":"Reda\u00e7\u00e3o","image":{"@type":"ImageObject","inLanguage":"pt-BR","@id":"https:\/\/secure.gravatar.com\/avatar\/e0a867bdedb85fd243eadf09663511f96fc81e0720a4a42581f334ad4303aa6b?s=96&d=mm&r=g","url":"https:\/\/secure.gravatar.com\/avatar\/e0a867bdedb85fd243eadf09663511f96fc81e0720a4a42581f334ad4303aa6b?s=96&d=mm&r=g","contentUrl":"https:\/\/secure.gravatar.com\/avatar\/e0a867bdedb85fd243eadf09663511f96fc81e0720a4a42581f334ad4303aa6b?s=96&d=mm&r=g","caption":"Reda\u00e7\u00e3o"}}]}},"amp_enabled":true,"_links":{"self":[{"href":"https:\/\/www.notibras.com\/site\/wp-json\/wp\/v2\/posts\/329873","targetHints":{"allow":["GET"]}}],"collection":[{"href":"https:\/\/www.notibras.com\/site\/wp-json\/wp\/v2\/posts"}],"about":[{"href":"https:\/\/www.notibras.com\/site\/wp-json\/wp\/v2\/types\/post"}],"author":[{"embeddable":true,"href":"https:\/\/www.notibras.com\/site\/wp-json\/wp\/v2\/users\/2"}],"replies":[{"embeddable":true,"href":"https:\/\/www.notibras.com\/site\/wp-json\/wp\/v2\/comments?post=329873"}],"version-history":[{"count":2,"href":"https:\/\/www.notibras.com\/site\/wp-json\/wp\/v2\/posts\/329873\/revisions"}],"predecessor-version":[{"id":329876,"href":"https:\/\/www.notibras.com\/site\/wp-json\/wp\/v2\/posts\/329873\/revisions\/329876"}],"wp:featuredmedia":[{"embeddable":true,"href":"https:\/\/www.notibras.com\/site\/wp-json\/wp\/v2\/media\/329874"}],"wp:attachment":[{"href":"https:\/\/www.notibras.com\/site\/wp-json\/wp\/v2\/media?parent=329873"}],"wp:term":[{"taxonomy":"category","embeddable":true,"href":"https:\/\/www.notibras.com\/site\/wp-json\/wp\/v2\/categories?post=329873"},{"taxonomy":"post_tag","embeddable":true,"href":"https:\/\/www.notibras.com\/site\/wp-json\/wp\/v2\/tags?post=329873"}],"curies":[{"name":"wp","href":"https:\/\/api.w.org\/{rel}","templated":true}]}}