{"id":329931,"date":"2024-05-31T08:50:34","date_gmt":"2024-05-31T11:50:34","guid":{"rendered":"https:\/\/www.notibras.com\/site\/?p=329931"},"modified":"2024-05-31T08:59:13","modified_gmt":"2024-05-31T11:59:13","slug":"policiais-civis-conquistam-importante-vitoria-no-congresso","status":"publish","type":"post","link":"https:\/\/www.notibras.com\/site\/policiais-civis-conquistam-importante-vitoria-no-congresso\/","title":{"rendered":"Policiais civis conquistam importante vit\u00f3ria no Congresso"},"content":{"rendered":"<p>Em uma jogada r\u00e1pida e articulada, policiais civis do Distrito Federal e dos ex-Territ\u00f3rios conquistaram uma importante vit\u00f3ria no Senado Federal na \u00faltima semana. Gra\u00e7as \u00e0 a\u00e7\u00e3o conjunta de diversas lideran\u00e7as, a categoria garantiu a cria\u00e7\u00e3o de um grupo de trabalho exclusivo para discutir a equipara\u00e7\u00e3o salarial e de benef\u00edcios com a Pol\u00edcia Federal.<\/p>\n<p>Tudo come\u00e7ou na manh\u00e3 do dia 27 de maio, quando o coordenador do comit\u00ea dos policiais civis antifascismo, Daniel Barros, recebeu um v\u00eddeo do senador Randolfe Rodrigues, l\u00edder do governo no Congresso, se comprometendo com o sindicato dos policiais do Amap\u00e1 a incluir a categoria na emenda ao PL 1213\/24, que trata dos reajustes dos servidores federais.<\/p>\n<p>Diante da urg\u00eancia da vota\u00e7\u00e3o, marcada para o dia seguinte, Daniel Barros entrou em contato com a deputada federal \u00c9rika Kokay (PT), que imediatamente se comprometeu a articular a inclus\u00e3o da PCDF na emenda. A deputada procurou o senador Randolfe Rodrigues e a Secretaria de Rela\u00e7\u00f5es Institucionais do DF, pressionaram pela aprova\u00e7\u00e3o da medida.<\/p>\n<p>A a\u00e7\u00e3o conjunta tamb\u00e9m contou com o apoio do ex-presidente do Sinpol\/DF, F\u00e1bio Barcellos, que articulou o ex-ministro Jos\u00e9 Dirceu, somando mais for\u00e7a \u00e0 causa.<\/p>\n<p>Apesar da intensa articula\u00e7\u00e3o, o Sinpol\/DF, em um movimento que gerou questionamentos entre os policiais, apenas no final do dia, convocou a categoria para acompanhar a vota\u00e7\u00e3o no local errado, direcionando-os para o Anexo II da c\u00e2mara em vez do plen\u00e1rio. Esse atraso colocou em risco a participa\u00e7\u00e3o dos policiais na vota\u00e7\u00e3o da emenda.<\/p>\n<p>No entanto, apesar da intensa mobiliza\u00e7\u00e3o, a emenda n\u00e3o foi aprovada por v\u00edcio de iniciativa. Diante disso, o l\u00edder do governo no Senado, Jacques Wagner (PT), prop\u00f4s a cria\u00e7\u00e3o de um grupo de trabalho composto por deputados federais, senadores e policiais, sem a participa\u00e7\u00e3o do GDF, para discutir a equipara\u00e7\u00e3o da PCDF e das Pol\u00edcias Civis dos ex-Territ\u00f3rios ainda neste semestre.<\/p>\n<p>Essa vit\u00f3ria hist\u00f3rica representa um passo importante na luta pela valoriza\u00e7\u00e3o da carreira policial civil e pela garantia de melhores condi\u00e7\u00f5es de trabalho para esses profissionais que tanto contribuem para a seguran\u00e7a p\u00fablica da capital da Rep\u00fablica.<\/p>\n","protected":false},"excerpt":{"rendered":"<p>Em uma jogada r\u00e1pida e articulada, policiais civis do Distrito Federal e dos ex-Territ\u00f3rios conquistaram uma importante vit\u00f3ria no Senado Federal na \u00faltima semana. Gra\u00e7as \u00e0 a\u00e7\u00e3o conjunta de diversas lideran\u00e7as, a categoria garantiu a cria\u00e7\u00e3o de um grupo de trabalho exclusivo para discutir a equipara\u00e7\u00e3o salarial e de benef\u00edcios com a Pol\u00edcia Federal. Tudo [&hellip;]<\/p>\n","protected":false},"author":2,"featured_media":329932,"comment_status":"closed","ping_status":"closed","sticky":false,"template":"","format":"standard","meta":{"_acf_changed":false,"footnotes":""},"categories":[161],"tags":[],"class_list":["post-329931","post","type-post","status-publish","format-standard","has-post-thumbnail","hentry","category-quadradinho-em-foco"],"acf":[],"yoast_head":"<!-- This site is optimized with the Yoast SEO plugin v27.5 - https:\/\/yoast.com\/product\/yoast-seo-wordpress\/ -->\n<title>Policiais civis conquistam importante vit\u00f3ria no Congresso - Notibras<\/title>\n<meta name=\"robots\" content=\"index, follow, max-snippet:-1, max-image-preview:large, max-video-preview:-1\" \/>\n<link rel=\"canonical\" href=\"https:\/\/www.notibras.com\/site\/policiais-civis-conquistam-importante-vitoria-no-congresso\/\" \/>\n<meta property=\"og:locale\" content=\"pt_BR\" \/>\n<meta property=\"og:type\" content=\"article\" \/>\n<meta property=\"og:title\" content=\"Policiais civis conquistam importante vit\u00f3ria no Congresso - Notibras\" \/>\n<meta property=\"og:description\" content=\"Em uma jogada r\u00e1pida e articulada, policiais civis do Distrito Federal e dos ex-Territ\u00f3rios conquistaram uma importante vit\u00f3ria no Senado Federal na \u00faltima semana. Gra\u00e7as \u00e0 a\u00e7\u00e3o conjunta de diversas lideran\u00e7as, a categoria garantiu a cria\u00e7\u00e3o de um grupo de trabalho exclusivo para discutir a equipara\u00e7\u00e3o salarial e de benef\u00edcios com a Pol\u00edcia Federal. Tudo [&hellip;]\" \/>\n<meta property=\"og:url\" content=\"https:\/\/www.notibras.com\/site\/policiais-civis-conquistam-importante-vitoria-no-congresso\/\" \/>\n<meta property=\"og:site_name\" content=\"Notibras\" \/>\n<meta property=\"article:publisher\" content=\"https:\/\/www.facebook.com\/notibras\/\" \/>\n<meta property=\"article:published_time\" content=\"2024-05-31T11:50:34+00:00\" \/>\n<meta property=\"article:modified_time\" content=\"2024-05-31T11:59:13+00:00\" \/>\n<meta property=\"og:image\" content=\"https:\/\/www.notibras.com\/site\/wp-content\/uploads\/2024\/05\/0b544398-2699-45c1-b015-99b8cdfdc065.jpeg\" \/>\n\t<meta property=\"og:image:width\" content=\"1600\" \/>\n\t<meta property=\"og:image:height\" content=\"720\" \/>\n\t<meta property=\"og:image:type\" content=\"image\/jpeg\" \/>\n<meta name=\"author\" content=\"Reda\u00e7\u00e3o\" \/>\n<meta name=\"twitter:card\" content=\"summary_large_image\" \/>\n<meta name=\"twitter:creator\" content=\"@Notibras\" \/>\n<meta name=\"twitter:site\" content=\"@Notibras\" \/>\n<meta name=\"twitter:label1\" content=\"Escrito por\" \/>\n\t<meta name=\"twitter:data1\" content=\"Reda\u00e7\u00e3o\" \/>\n\t<meta name=\"twitter:label2\" content=\"Est. tempo de leitura\" \/>\n\t<meta name=\"twitter:data2\" content=\"3 minutos\" \/>\n<script type=\"application\/ld+json\" class=\"yoast-schema-graph\">{\"@context\":\"https:\\\/\\\/schema.org\",\"@graph\":[{\"@type\":\"Article\",\"@id\":\"https:\\\/\\\/www.notibras.com\\\/site\\\/policiais-civis-conquistam-importante-vitoria-no-congresso\\\/#article\",\"isPartOf\":{\"@id\":\"https:\\\/\\\/www.notibras.com\\\/site\\\/policiais-civis-conquistam-importante-vitoria-no-congresso\\\/\"},\"author\":{\"name\":\"Reda\u00e7\u00e3o\",\"@id\":\"https:\\\/\\\/www.notibras.com\\\/site\\\/#\\\/schema\\\/person\\\/36ab0979449956132d3e5b517ea76ac8\"},\"headline\":\"Policiais civis conquistam importante vit\u00f3ria no Congresso\",\"datePublished\":\"2024-05-31T11:50:34+00:00\",\"dateModified\":\"2024-05-31T11:59:13+00:00\",\"mainEntityOfPage\":{\"@id\":\"https:\\\/\\\/www.notibras.com\\\/site\\\/policiais-civis-conquistam-importante-vitoria-no-congresso\\\/\"},\"wordCount\":393,\"publisher\":{\"@id\":\"https:\\\/\\\/www.notibras.com\\\/site\\\/#organization\"},\"image\":{\"@id\":\"https:\\\/\\\/www.notibras.com\\\/site\\\/policiais-civis-conquistam-importante-vitoria-no-congresso\\\/#primaryimage\"},\"thumbnailUrl\":\"https:\\\/\\\/www.notibras.com\\\/site\\\/wp-content\\\/uploads\\\/2024\\\/05\\\/0b544398-2699-45c1-b015-99b8cdfdc065.jpeg\",\"articleSection\":[\"Quadradinho em Foco\"],\"inLanguage\":\"pt-BR\"},{\"@type\":\"WebPage\",\"@id\":\"https:\\\/\\\/www.notibras.com\\\/site\\\/policiais-civis-conquistam-importante-vitoria-no-congresso\\\/\",\"url\":\"https:\\\/\\\/www.notibras.com\\\/site\\\/policiais-civis-conquistam-importante-vitoria-no-congresso\\\/\",\"name\":\"Policiais civis conquistam importante vit\u00f3ria no Congresso - Notibras\",\"isPartOf\":{\"@id\":\"https:\\\/\\\/www.notibras.com\\\/site\\\/#website\"},\"primaryImageOfPage\":{\"@id\":\"https:\\\/\\\/www.notibras.com\\\/site\\\/policiais-civis-conquistam-importante-vitoria-no-congresso\\\/#primaryimage\"},\"image\":{\"@id\":\"https:\\\/\\\/www.notibras.com\\\/site\\\/policiais-civis-conquistam-importante-vitoria-no-congresso\\\/#primaryimage\"},\"thumbnailUrl\":\"https:\\\/\\\/www.notibras.com\\\/site\\\/wp-content\\\/uploads\\\/2024\\\/05\\\/0b544398-2699-45c1-b015-99b8cdfdc065.jpeg\",\"datePublished\":\"2024-05-31T11:50:34+00:00\",\"dateModified\":\"2024-05-31T11:59:13+00:00\",\"breadcrumb\":{\"@id\":\"https:\\\/\\\/www.notibras.com\\\/site\\\/policiais-civis-conquistam-importante-vitoria-no-congresso\\\/#breadcrumb\"},\"inLanguage\":\"pt-BR\",\"potentialAction\":[{\"@type\":\"ReadAction\",\"target\":[\"https:\\\/\\\/www.notibras.com\\\/site\\\/policiais-civis-conquistam-importante-vitoria-no-congresso\\\/\"]}]},{\"@type\":\"ImageObject\",\"inLanguage\":\"pt-BR\",\"@id\":\"https:\\\/\\\/www.notibras.com\\\/site\\\/policiais-civis-conquistam-importante-vitoria-no-congresso\\\/#primaryimage\",\"url\":\"https:\\\/\\\/www.notibras.com\\\/site\\\/wp-content\\\/uploads\\\/2024\\\/05\\\/0b544398-2699-45c1-b015-99b8cdfdc065.jpeg\",\"contentUrl\":\"https:\\\/\\\/www.notibras.com\\\/site\\\/wp-content\\\/uploads\\\/2024\\\/05\\\/0b544398-2699-45c1-b015-99b8cdfdc065.jpeg\",\"width\":1600,\"height\":720},{\"@type\":\"BreadcrumbList\",\"@id\":\"https:\\\/\\\/www.notibras.com\\\/site\\\/policiais-civis-conquistam-importante-vitoria-no-congresso\\\/#breadcrumb\",\"itemListElement\":[{\"@type\":\"ListItem\",\"position\":1,\"name\":\"In\u00edcio\",\"item\":\"https:\\\/\\\/www.notibras.com\\\/site\\\/\"},{\"@type\":\"ListItem\",\"position\":2,\"name\":\"Policiais civis conquistam importante vit\u00f3ria no Congresso\"}]},{\"@type\":\"WebSite\",\"@id\":\"https:\\\/\\\/www.notibras.com\\\/site\\\/#website\",\"url\":\"https:\\\/\\\/www.notibras.com\\\/site\\\/\",\"name\":\"Notibras\",\"description\":\"Not\u00edcias de Bras\u00edlia, do Brasil e do Mundo\",\"publisher\":{\"@id\":\"https:\\\/\\\/www.notibras.com\\\/site\\\/#organization\"},\"potentialAction\":[{\"@type\":\"SearchAction\",\"target\":{\"@type\":\"EntryPoint\",\"urlTemplate\":\"https:\\\/\\\/www.notibras.com\\\/site\\\/?s={search_term_string}\"},\"query-input\":{\"@type\":\"PropertyValueSpecification\",\"valueRequired\":true,\"valueName\":\"search_term_string\"}}],\"inLanguage\":\"pt-BR\"},{\"@type\":\"Organization\",\"@id\":\"https:\\\/\\\/www.notibras.com\\\/site\\\/#organization\",\"name\":\"Grupo Notibras de Comunica\u00e7\u00e3o\",\"url\":\"https:\\\/\\\/www.notibras.com\\\/site\\\/\",\"logo\":{\"@type\":\"ImageObject\",\"inLanguage\":\"pt-BR\",\"@id\":\"https:\\\/\\\/www.notibras.com\\\/site\\\/#\\\/schema\\\/logo\\\/image\\\/\",\"url\":\"https:\\\/\\\/www.notibras.com\\\/site\\\/wp-content\\\/uploads\\\/2023\\\/01\\\/notibras23.png\",\"contentUrl\":\"https:\\\/\\\/www.notibras.com\\\/site\\\/wp-content\\\/uploads\\\/2023\\\/01\\\/notibras23.png\",\"width\":350,\"height\":87,\"caption\":\"Grupo Notibras de Comunica\u00e7\u00e3o\"},\"image\":{\"@id\":\"https:\\\/\\\/www.notibras.com\\\/site\\\/#\\\/schema\\\/logo\\\/image\\\/\"},\"sameAs\":[\"https:\\\/\\\/www.facebook.com\\\/notibras\\\/\",\"https:\\\/\\\/x.com\\\/Notibras\",\"https:\\\/\\\/www.instagram.com\\\/notibras\\\/\"]},{\"@type\":\"Person\",\"@id\":\"https:\\\/\\\/www.notibras.com\\\/site\\\/#\\\/schema\\\/person\\\/36ab0979449956132d3e5b517ea76ac8\",\"name\":\"Reda\u00e7\u00e3o\",\"image\":{\"@type\":\"ImageObject\",\"inLanguage\":\"pt-BR\",\"@id\":\"https:\\\/\\\/secure.gravatar.com\\\/avatar\\\/e0a867bdedb85fd243eadf09663511f96fc81e0720a4a42581f334ad4303aa6b?s=96&d=mm&r=g\",\"url\":\"https:\\\/\\\/secure.gravatar.com\\\/avatar\\\/e0a867bdedb85fd243eadf09663511f96fc81e0720a4a42581f334ad4303aa6b?s=96&d=mm&r=g\",\"contentUrl\":\"https:\\\/\\\/secure.gravatar.com\\\/avatar\\\/e0a867bdedb85fd243eadf09663511f96fc81e0720a4a42581f334ad4303aa6b?s=96&d=mm&r=g\",\"caption\":\"Reda\u00e7\u00e3o\"}}]}<\/script>\n<!-- \/ Yoast SEO plugin. -->","yoast_head_json":{"title":"Policiais civis conquistam importante vit\u00f3ria no Congresso - Notibras","robots":{"index":"index","follow":"follow","max-snippet":"max-snippet:-1","max-image-preview":"max-image-preview:large","max-video-preview":"max-video-preview:-1"},"canonical":"https:\/\/www.notibras.com\/site\/policiais-civis-conquistam-importante-vitoria-no-congresso\/","og_locale":"pt_BR","og_type":"article","og_title":"Policiais civis conquistam importante vit\u00f3ria no Congresso - Notibras","og_description":"Em uma jogada r\u00e1pida e articulada, policiais civis do Distrito Federal e dos ex-Territ\u00f3rios conquistaram uma importante vit\u00f3ria no Senado Federal na \u00faltima semana. Gra\u00e7as \u00e0 a\u00e7\u00e3o conjunta de diversas lideran\u00e7as, a categoria garantiu a cria\u00e7\u00e3o de um grupo de trabalho exclusivo para discutir a equipara\u00e7\u00e3o salarial e de benef\u00edcios com a Pol\u00edcia Federal. Tudo [&hellip;]","og_url":"https:\/\/www.notibras.com\/site\/policiais-civis-conquistam-importante-vitoria-no-congresso\/","og_site_name":"Notibras","article_publisher":"https:\/\/www.facebook.com\/notibras\/","article_published_time":"2024-05-31T11:50:34+00:00","article_modified_time":"2024-05-31T11:59:13+00:00","og_image":[{"width":1600,"height":720,"url":"https:\/\/www.notibras.com\/site\/wp-content\/uploads\/2024\/05\/0b544398-2699-45c1-b015-99b8cdfdc065.jpeg","type":"image\/jpeg"}],"author":"Reda\u00e7\u00e3o","twitter_card":"summary_large_image","twitter_creator":"@Notibras","twitter_site":"@Notibras","twitter_misc":{"Escrito por":"Reda\u00e7\u00e3o","Est. tempo de leitura":"3 minutos"},"schema":{"@context":"https:\/\/schema.org","@graph":[{"@type":"Article","@id":"https:\/\/www.notibras.com\/site\/policiais-civis-conquistam-importante-vitoria-no-congresso\/#article","isPartOf":{"@id":"https:\/\/www.notibras.com\/site\/policiais-civis-conquistam-importante-vitoria-no-congresso\/"},"author":{"name":"Reda\u00e7\u00e3o","@id":"https:\/\/www.notibras.com\/site\/#\/schema\/person\/36ab0979449956132d3e5b517ea76ac8"},"headline":"Policiais civis conquistam importante vit\u00f3ria no Congresso","datePublished":"2024-05-31T11:50:34+00:00","dateModified":"2024-05-31T11:59:13+00:00","mainEntityOfPage":{"@id":"https:\/\/www.notibras.com\/site\/policiais-civis-conquistam-importante-vitoria-no-congresso\/"},"wordCount":393,"publisher":{"@id":"https:\/\/www.notibras.com\/site\/#organization"},"image":{"@id":"https:\/\/www.notibras.com\/site\/policiais-civis-conquistam-importante-vitoria-no-congresso\/#primaryimage"},"thumbnailUrl":"https:\/\/www.notibras.com\/site\/wp-content\/uploads\/2024\/05\/0b544398-2699-45c1-b015-99b8cdfdc065.jpeg","articleSection":["Quadradinho em Foco"],"inLanguage":"pt-BR"},{"@type":"WebPage","@id":"https:\/\/www.notibras.com\/site\/policiais-civis-conquistam-importante-vitoria-no-congresso\/","url":"https:\/\/www.notibras.com\/site\/policiais-civis-conquistam-importante-vitoria-no-congresso\/","name":"Policiais civis conquistam importante vit\u00f3ria no Congresso - Notibras","isPartOf":{"@id":"https:\/\/www.notibras.com\/site\/#website"},"primaryImageOfPage":{"@id":"https:\/\/www.notibras.com\/site\/policiais-civis-conquistam-importante-vitoria-no-congresso\/#primaryimage"},"image":{"@id":"https:\/\/www.notibras.com\/site\/policiais-civis-conquistam-importante-vitoria-no-congresso\/#primaryimage"},"thumbnailUrl":"https:\/\/www.notibras.com\/site\/wp-content\/uploads\/2024\/05\/0b544398-2699-45c1-b015-99b8cdfdc065.jpeg","datePublished":"2024-05-31T11:50:34+00:00","dateModified":"2024-05-31T11:59:13+00:00","breadcrumb":{"@id":"https:\/\/www.notibras.com\/site\/policiais-civis-conquistam-importante-vitoria-no-congresso\/#breadcrumb"},"inLanguage":"pt-BR","potentialAction":[{"@type":"ReadAction","target":["https:\/\/www.notibras.com\/site\/policiais-civis-conquistam-importante-vitoria-no-congresso\/"]}]},{"@type":"ImageObject","inLanguage":"pt-BR","@id":"https:\/\/www.notibras.com\/site\/policiais-civis-conquistam-importante-vitoria-no-congresso\/#primaryimage","url":"https:\/\/www.notibras.com\/site\/wp-content\/uploads\/2024\/05\/0b544398-2699-45c1-b015-99b8cdfdc065.jpeg","contentUrl":"https:\/\/www.notibras.com\/site\/wp-content\/uploads\/2024\/05\/0b544398-2699-45c1-b015-99b8cdfdc065.jpeg","width":1600,"height":720},{"@type":"BreadcrumbList","@id":"https:\/\/www.notibras.com\/site\/policiais-civis-conquistam-importante-vitoria-no-congresso\/#breadcrumb","itemListElement":[{"@type":"ListItem","position":1,"name":"In\u00edcio","item":"https:\/\/www.notibras.com\/site\/"},{"@type":"ListItem","position":2,"name":"Policiais civis conquistam importante vit\u00f3ria no Congresso"}]},{"@type":"WebSite","@id":"https:\/\/www.notibras.com\/site\/#website","url":"https:\/\/www.notibras.com\/site\/","name":"Notibras","description":"Not\u00edcias de Bras\u00edlia, do Brasil e do Mundo","publisher":{"@id":"https:\/\/www.notibras.com\/site\/#organization"},"potentialAction":[{"@type":"SearchAction","target":{"@type":"EntryPoint","urlTemplate":"https:\/\/www.notibras.com\/site\/?s={search_term_string}"},"query-input":{"@type":"PropertyValueSpecification","valueRequired":true,"valueName":"search_term_string"}}],"inLanguage":"pt-BR"},{"@type":"Organization","@id":"https:\/\/www.notibras.com\/site\/#organization","name":"Grupo Notibras de Comunica\u00e7\u00e3o","url":"https:\/\/www.notibras.com\/site\/","logo":{"@type":"ImageObject","inLanguage":"pt-BR","@id":"https:\/\/www.notibras.com\/site\/#\/schema\/logo\/image\/","url":"https:\/\/www.notibras.com\/site\/wp-content\/uploads\/2023\/01\/notibras23.png","contentUrl":"https:\/\/www.notibras.com\/site\/wp-content\/uploads\/2023\/01\/notibras23.png","width":350,"height":87,"caption":"Grupo Notibras de Comunica\u00e7\u00e3o"},"image":{"@id":"https:\/\/www.notibras.com\/site\/#\/schema\/logo\/image\/"},"sameAs":["https:\/\/www.facebook.com\/notibras\/","https:\/\/x.com\/Notibras","https:\/\/www.instagram.com\/notibras\/"]},{"@type":"Person","@id":"https:\/\/www.notibras.com\/site\/#\/schema\/person\/36ab0979449956132d3e5b517ea76ac8","name":"Reda\u00e7\u00e3o","image":{"@type":"ImageObject","inLanguage":"pt-BR","@id":"https:\/\/secure.gravatar.com\/avatar\/e0a867bdedb85fd243eadf09663511f96fc81e0720a4a42581f334ad4303aa6b?s=96&d=mm&r=g","url":"https:\/\/secure.gravatar.com\/avatar\/e0a867bdedb85fd243eadf09663511f96fc81e0720a4a42581f334ad4303aa6b?s=96&d=mm&r=g","contentUrl":"https:\/\/secure.gravatar.com\/avatar\/e0a867bdedb85fd243eadf09663511f96fc81e0720a4a42581f334ad4303aa6b?s=96&d=mm&r=g","caption":"Reda\u00e7\u00e3o"}}]}},"amp_enabled":true,"_links":{"self":[{"href":"https:\/\/www.notibras.com\/site\/wp-json\/wp\/v2\/posts\/329931","targetHints":{"allow":["GET"]}}],"collection":[{"href":"https:\/\/www.notibras.com\/site\/wp-json\/wp\/v2\/posts"}],"about":[{"href":"https:\/\/www.notibras.com\/site\/wp-json\/wp\/v2\/types\/post"}],"author":[{"embeddable":true,"href":"https:\/\/www.notibras.com\/site\/wp-json\/wp\/v2\/users\/2"}],"replies":[{"embeddable":true,"href":"https:\/\/www.notibras.com\/site\/wp-json\/wp\/v2\/comments?post=329931"}],"version-history":[{"count":1,"href":"https:\/\/www.notibras.com\/site\/wp-json\/wp\/v2\/posts\/329931\/revisions"}],"predecessor-version":[{"id":329933,"href":"https:\/\/www.notibras.com\/site\/wp-json\/wp\/v2\/posts\/329931\/revisions\/329933"}],"wp:featuredmedia":[{"embeddable":true,"href":"https:\/\/www.notibras.com\/site\/wp-json\/wp\/v2\/media\/329932"}],"wp:attachment":[{"href":"https:\/\/www.notibras.com\/site\/wp-json\/wp\/v2\/media?parent=329931"}],"wp:term":[{"taxonomy":"category","embeddable":true,"href":"https:\/\/www.notibras.com\/site\/wp-json\/wp\/v2\/categories?post=329931"},{"taxonomy":"post_tag","embeddable":true,"href":"https:\/\/www.notibras.com\/site\/wp-json\/wp\/v2\/tags?post=329931"}],"curies":[{"name":"wp","href":"https:\/\/api.w.org\/{rel}","templated":true}]}}