{"id":329934,"date":"2024-05-31T00:20:34","date_gmt":"2024-05-31T03:20:34","guid":{"rendered":"https:\/\/www.notibras.com\/site\/?p=329934"},"modified":"2024-05-31T09:22:34","modified_gmt":"2024-05-31T12:22:34","slug":"corpus-christi-reune-cerca-de-50-mil-fieis-na-esplanada","status":"publish","type":"post","link":"https:\/\/www.notibras.com\/site\/corpus-christi-reune-cerca-de-50-mil-fieis-na-esplanada\/","title":{"rendered":"Corpus Christi re\u00fane cerca de 50 mil fi\u00e9is na Esplanada"},"content":{"rendered":"<p>A tradicional festa de Corpus Christi da Arquidiocese de Bras\u00edlia reuniu cerca de 50 mil fi\u00e9is na Esplanada dos Minist\u00e9rios, nesta quinta-feira (30). O evento contou com apoio de \u00f3rg\u00e3os do Governo do Distrito Federal (GDF), incluindo interdi\u00e7\u00e3o de vias para organiza\u00e7\u00e3o do tr\u00e2nsito e instala\u00e7\u00e3o de pontos de hidrata\u00e7\u00e3o.<\/p>\n<p>A solenidade do Sant\u00edssimo Corpo e Sangue de Cristo come\u00e7ou \u00e0s 6h, com a confec\u00e7\u00e3o de tapetes com imagens que relembram o sacramento da Eucaristia, at\u00e9 o grande ato: a Santa Missa, \u00e0s 17h, celebrada pelo cardeal-arcebispo de Bras\u00edlia, dom Paulo Cezar Costa. Por fim, \u00e0s 19h, o p\u00fablico seguiu a prociss\u00e3o do Sant\u00edssimo Sacramento, em que o arcebispo proferiu b\u00ean\u00e7\u00e3os aos enfermos, aos governantes e \u00e0s fam\u00edlias.<\/p>\n<p>O secret\u00e1rio de Governo, Jos\u00e9 Humberto Pires de Ara\u00fajo, destacou a import\u00e2ncia do evento para a comunidade cat\u00f3lica do DF. \u201c\u00c9 um evento hist\u00f3rico na nossa cidade que transcende, inclusive, a pr\u00f3pria f\u00e9, porque muita gente vem curiosa para conhecer esse o momento bonito que \u00e9 a celebra\u00e7\u00e3o\u201d, observou. \u201cTemos um esquema de policiais, bloqueio do tr\u00e2nsito, muita organiza\u00e7\u00e3o. \u00c9 uma festa tranquila, porque quem est\u00e1 aqui est\u00e1 carregando o Esp\u00edrito de Deus no cora\u00e7\u00e3o. As pessoas v\u00eam para renovar a f\u00e9\u201d, disse.<\/p>\n<p>A cerim\u00f4nia ocorre na Esplanada dos Minist\u00e9rios desde 1978 e faz parte da hist\u00f3ria brasiliense. A enfermeira Juliana Nonato, 31, e a dona de casa Alessandra Nonato, 22, frequentam o Corpus Christi desde crian\u00e7as. As irm\u00e3s desejam passar a tradi\u00e7\u00e3o aos filhos. \u201cN\u00f3s os trazemos desde que s\u00e3o pequenos para que aprendam a valorizar nossa religi\u00e3o\u201d, conta Juliana, que \u00e9 m\u00e3e da Helena, 5, e do Joaquim, 1. \u201cMinha m\u00e3e trazia a gente e n\u00f3s fic\u00e1vamos brincando enquanto a missa acontecia, mas sempre de olho, louvando a Deus. \u00c9 isso que queremos transmitir a eles\u201d, completa Alessandra, m\u00e3e do Bernardo, 5, e do Arthur, 1.<\/p>\n<p>A aposentada L\u00facia Silveira, 74, acompanhou Juliana e Alessandra na celebra\u00e7\u00e3o deste ano. Cat\u00f3lica, L\u00facia mora em Itaituba (MG), e aproveitou a visita \u00e0 casa da filha, que reside em Samambaia, para conhecer a festa brasiliense. \u201cEu adorei! \u00c9 t\u00e3o bonito, tudo t\u00e3o organizado, tem muitos policiais e n\u00e3o vi nenhum problema no tr\u00e2nsito. Nunca tinha visto um evento grande assim, cheio de gente unida com Deus. Vou tentar voltar outros anos\u201d, compartilhou.<\/p>\n<p>Esta tamb\u00e9m foi a primeira vez do confeiteiro Everson Ribeiro, 40, no evento. Ele levou a esposa, a recepcionista D\u00e9bora Amorim, 42, e os filhos Isabella, 12, e Arthur, 7, para aproveitarem o momento. \u201c\u00c9 t\u00e3o grandioso quanto o que vemos na televis\u00e3o, muito bonito\u201d, disse Everson. Por sua vez, D\u00e9bora j\u00e1 conhecia a festa, mas fazia alguns anos que n\u00e3o participava: \u201cVim a \u00faltima vez h\u00e1 uns oito anos e estou muito feliz em voltar e ver que a festa continua linda. Quero plantar essa semente nos meus filhos, para que a gente volte mais vezes\u201d, comentou.<\/p>\n","protected":false},"excerpt":{"rendered":"<p>A tradicional festa de Corpus Christi da Arquidiocese de Bras\u00edlia reuniu cerca de 50 mil fi\u00e9is na Esplanada dos Minist\u00e9rios, nesta quinta-feira (30). O evento contou com apoio de \u00f3rg\u00e3os do Governo do Distrito Federal (GDF), incluindo interdi\u00e7\u00e3o de vias para organiza\u00e7\u00e3o do tr\u00e2nsito e instala\u00e7\u00e3o de pontos de hidrata\u00e7\u00e3o. A solenidade do Sant\u00edssimo Corpo [&hellip;]<\/p>\n","protected":false},"author":2,"featured_media":329935,"comment_status":"closed","ping_status":"closed","sticky":false,"template":"","format":"standard","meta":{"_acf_changed":false,"footnotes":""},"categories":[161],"tags":[],"class_list":["post-329934","post","type-post","status-publish","format-standard","has-post-thumbnail","hentry","category-quadradinho-em-foco"],"acf":[],"yoast_head":"<!-- This site is optimized with the Yoast SEO plugin v27.5 - https:\/\/yoast.com\/product\/yoast-seo-wordpress\/ -->\n<title>Corpus Christi re\u00fane cerca de 50 mil fi\u00e9is na Esplanada - Notibras<\/title>\n<meta name=\"robots\" content=\"index, follow, max-snippet:-1, max-image-preview:large, max-video-preview:-1\" \/>\n<link rel=\"canonical\" href=\"https:\/\/www.notibras.com\/site\/corpus-christi-reune-cerca-de-50-mil-fieis-na-esplanada\/\" \/>\n<meta property=\"og:locale\" content=\"pt_BR\" \/>\n<meta property=\"og:type\" content=\"article\" \/>\n<meta property=\"og:title\" content=\"Corpus Christi re\u00fane cerca de 50 mil fi\u00e9is na Esplanada - Notibras\" \/>\n<meta property=\"og:description\" content=\"A tradicional festa de Corpus Christi da Arquidiocese de Bras\u00edlia reuniu cerca de 50 mil fi\u00e9is na Esplanada dos Minist\u00e9rios, nesta quinta-feira (30). O evento contou com apoio de \u00f3rg\u00e3os do Governo do Distrito Federal (GDF), incluindo interdi\u00e7\u00e3o de vias para organiza\u00e7\u00e3o do tr\u00e2nsito e instala\u00e7\u00e3o de pontos de hidrata\u00e7\u00e3o. A solenidade do Sant\u00edssimo Corpo [&hellip;]\" \/>\n<meta property=\"og:url\" content=\"https:\/\/www.notibras.com\/site\/corpus-christi-reune-cerca-de-50-mil-fieis-na-esplanada\/\" \/>\n<meta property=\"og:site_name\" content=\"Notibras\" \/>\n<meta property=\"article:publisher\" content=\"https:\/\/www.facebook.com\/notibras\/\" \/>\n<meta property=\"article:published_time\" content=\"2024-05-31T03:20:34+00:00\" \/>\n<meta property=\"article:modified_time\" content=\"2024-05-31T12:22:34+00:00\" \/>\n<meta property=\"og:image\" content=\"https:\/\/www.notibras.com\/site\/wp-content\/uploads\/2024\/05\/WhatsApp-Image-2024-05-30-at-20.13.22-1-1536x1023-1.jpeg\" \/>\n\t<meta property=\"og:image:width\" content=\"1536\" \/>\n\t<meta property=\"og:image:height\" content=\"1023\" \/>\n\t<meta property=\"og:image:type\" content=\"image\/jpeg\" \/>\n<meta name=\"author\" content=\"Reda\u00e7\u00e3o\" \/>\n<meta name=\"twitter:card\" content=\"summary_large_image\" \/>\n<meta name=\"twitter:creator\" content=\"@Notibras\" \/>\n<meta name=\"twitter:site\" content=\"@Notibras\" \/>\n<meta name=\"twitter:label1\" content=\"Escrito por\" \/>\n\t<meta name=\"twitter:data1\" content=\"Reda\u00e7\u00e3o\" \/>\n\t<meta name=\"twitter:label2\" content=\"Est. tempo de leitura\" \/>\n\t<meta name=\"twitter:data2\" content=\"3 minutos\" \/>\n<script type=\"application\/ld+json\" class=\"yoast-schema-graph\">{\"@context\":\"https:\\\/\\\/schema.org\",\"@graph\":[{\"@type\":\"Article\",\"@id\":\"https:\\\/\\\/www.notibras.com\\\/site\\\/corpus-christi-reune-cerca-de-50-mil-fieis-na-esplanada\\\/#article\",\"isPartOf\":{\"@id\":\"https:\\\/\\\/www.notibras.com\\\/site\\\/corpus-christi-reune-cerca-de-50-mil-fieis-na-esplanada\\\/\"},\"author\":{\"name\":\"Reda\u00e7\u00e3o\",\"@id\":\"https:\\\/\\\/www.notibras.com\\\/site\\\/#\\\/schema\\\/person\\\/36ab0979449956132d3e5b517ea76ac8\"},\"headline\":\"Corpus Christi re\u00fane cerca de 50 mil fi\u00e9is na Esplanada\",\"datePublished\":\"2024-05-31T03:20:34+00:00\",\"dateModified\":\"2024-05-31T12:22:34+00:00\",\"mainEntityOfPage\":{\"@id\":\"https:\\\/\\\/www.notibras.com\\\/site\\\/corpus-christi-reune-cerca-de-50-mil-fieis-na-esplanada\\\/\"},\"wordCount\":525,\"publisher\":{\"@id\":\"https:\\\/\\\/www.notibras.com\\\/site\\\/#organization\"},\"image\":{\"@id\":\"https:\\\/\\\/www.notibras.com\\\/site\\\/corpus-christi-reune-cerca-de-50-mil-fieis-na-esplanada\\\/#primaryimage\"},\"thumbnailUrl\":\"https:\\\/\\\/www.notibras.com\\\/site\\\/wp-content\\\/uploads\\\/2024\\\/05\\\/WhatsApp-Image-2024-05-30-at-20.13.22-1-1536x1023-1.jpeg\",\"articleSection\":[\"Quadradinho em Foco\"],\"inLanguage\":\"pt-BR\"},{\"@type\":\"WebPage\",\"@id\":\"https:\\\/\\\/www.notibras.com\\\/site\\\/corpus-christi-reune-cerca-de-50-mil-fieis-na-esplanada\\\/\",\"url\":\"https:\\\/\\\/www.notibras.com\\\/site\\\/corpus-christi-reune-cerca-de-50-mil-fieis-na-esplanada\\\/\",\"name\":\"Corpus Christi re\u00fane cerca de 50 mil fi\u00e9is na Esplanada - Notibras\",\"isPartOf\":{\"@id\":\"https:\\\/\\\/www.notibras.com\\\/site\\\/#website\"},\"primaryImageOfPage\":{\"@id\":\"https:\\\/\\\/www.notibras.com\\\/site\\\/corpus-christi-reune-cerca-de-50-mil-fieis-na-esplanada\\\/#primaryimage\"},\"image\":{\"@id\":\"https:\\\/\\\/www.notibras.com\\\/site\\\/corpus-christi-reune-cerca-de-50-mil-fieis-na-esplanada\\\/#primaryimage\"},\"thumbnailUrl\":\"https:\\\/\\\/www.notibras.com\\\/site\\\/wp-content\\\/uploads\\\/2024\\\/05\\\/WhatsApp-Image-2024-05-30-at-20.13.22-1-1536x1023-1.jpeg\",\"datePublished\":\"2024-05-31T03:20:34+00:00\",\"dateModified\":\"2024-05-31T12:22:34+00:00\",\"breadcrumb\":{\"@id\":\"https:\\\/\\\/www.notibras.com\\\/site\\\/corpus-christi-reune-cerca-de-50-mil-fieis-na-esplanada\\\/#breadcrumb\"},\"inLanguage\":\"pt-BR\",\"potentialAction\":[{\"@type\":\"ReadAction\",\"target\":[\"https:\\\/\\\/www.notibras.com\\\/site\\\/corpus-christi-reune-cerca-de-50-mil-fieis-na-esplanada\\\/\"]}]},{\"@type\":\"ImageObject\",\"inLanguage\":\"pt-BR\",\"@id\":\"https:\\\/\\\/www.notibras.com\\\/site\\\/corpus-christi-reune-cerca-de-50-mil-fieis-na-esplanada\\\/#primaryimage\",\"url\":\"https:\\\/\\\/www.notibras.com\\\/site\\\/wp-content\\\/uploads\\\/2024\\\/05\\\/WhatsApp-Image-2024-05-30-at-20.13.22-1-1536x1023-1.jpeg\",\"contentUrl\":\"https:\\\/\\\/www.notibras.com\\\/site\\\/wp-content\\\/uploads\\\/2024\\\/05\\\/WhatsApp-Image-2024-05-30-at-20.13.22-1-1536x1023-1.jpeg\",\"width\":1536,\"height\":1023},{\"@type\":\"BreadcrumbList\",\"@id\":\"https:\\\/\\\/www.notibras.com\\\/site\\\/corpus-christi-reune-cerca-de-50-mil-fieis-na-esplanada\\\/#breadcrumb\",\"itemListElement\":[{\"@type\":\"ListItem\",\"position\":1,\"name\":\"In\u00edcio\",\"item\":\"https:\\\/\\\/www.notibras.com\\\/site\\\/\"},{\"@type\":\"ListItem\",\"position\":2,\"name\":\"Corpus Christi re\u00fane cerca de 50 mil fi\u00e9is na Esplanada\"}]},{\"@type\":\"WebSite\",\"@id\":\"https:\\\/\\\/www.notibras.com\\\/site\\\/#website\",\"url\":\"https:\\\/\\\/www.notibras.com\\\/site\\\/\",\"name\":\"Notibras\",\"description\":\"Not\u00edcias de Bras\u00edlia, do Brasil e do Mundo\",\"publisher\":{\"@id\":\"https:\\\/\\\/www.notibras.com\\\/site\\\/#organization\"},\"potentialAction\":[{\"@type\":\"SearchAction\",\"target\":{\"@type\":\"EntryPoint\",\"urlTemplate\":\"https:\\\/\\\/www.notibras.com\\\/site\\\/?s={search_term_string}\"},\"query-input\":{\"@type\":\"PropertyValueSpecification\",\"valueRequired\":true,\"valueName\":\"search_term_string\"}}],\"inLanguage\":\"pt-BR\"},{\"@type\":\"Organization\",\"@id\":\"https:\\\/\\\/www.notibras.com\\\/site\\\/#organization\",\"name\":\"Grupo Notibras de Comunica\u00e7\u00e3o\",\"url\":\"https:\\\/\\\/www.notibras.com\\\/site\\\/\",\"logo\":{\"@type\":\"ImageObject\",\"inLanguage\":\"pt-BR\",\"@id\":\"https:\\\/\\\/www.notibras.com\\\/site\\\/#\\\/schema\\\/logo\\\/image\\\/\",\"url\":\"https:\\\/\\\/www.notibras.com\\\/site\\\/wp-content\\\/uploads\\\/2023\\\/01\\\/notibras23.png\",\"contentUrl\":\"https:\\\/\\\/www.notibras.com\\\/site\\\/wp-content\\\/uploads\\\/2023\\\/01\\\/notibras23.png\",\"width\":350,\"height\":87,\"caption\":\"Grupo Notibras de Comunica\u00e7\u00e3o\"},\"image\":{\"@id\":\"https:\\\/\\\/www.notibras.com\\\/site\\\/#\\\/schema\\\/logo\\\/image\\\/\"},\"sameAs\":[\"https:\\\/\\\/www.facebook.com\\\/notibras\\\/\",\"https:\\\/\\\/x.com\\\/Notibras\",\"https:\\\/\\\/www.instagram.com\\\/notibras\\\/\"]},{\"@type\":\"Person\",\"@id\":\"https:\\\/\\\/www.notibras.com\\\/site\\\/#\\\/schema\\\/person\\\/36ab0979449956132d3e5b517ea76ac8\",\"name\":\"Reda\u00e7\u00e3o\",\"image\":{\"@type\":\"ImageObject\",\"inLanguage\":\"pt-BR\",\"@id\":\"https:\\\/\\\/secure.gravatar.com\\\/avatar\\\/e0a867bdedb85fd243eadf09663511f96fc81e0720a4a42581f334ad4303aa6b?s=96&d=mm&r=g\",\"url\":\"https:\\\/\\\/secure.gravatar.com\\\/avatar\\\/e0a867bdedb85fd243eadf09663511f96fc81e0720a4a42581f334ad4303aa6b?s=96&d=mm&r=g\",\"contentUrl\":\"https:\\\/\\\/secure.gravatar.com\\\/avatar\\\/e0a867bdedb85fd243eadf09663511f96fc81e0720a4a42581f334ad4303aa6b?s=96&d=mm&r=g\",\"caption\":\"Reda\u00e7\u00e3o\"}}]}<\/script>\n<!-- \/ Yoast SEO plugin. -->","yoast_head_json":{"title":"Corpus Christi re\u00fane cerca de 50 mil fi\u00e9is na Esplanada - Notibras","robots":{"index":"index","follow":"follow","max-snippet":"max-snippet:-1","max-image-preview":"max-image-preview:large","max-video-preview":"max-video-preview:-1"},"canonical":"https:\/\/www.notibras.com\/site\/corpus-christi-reune-cerca-de-50-mil-fieis-na-esplanada\/","og_locale":"pt_BR","og_type":"article","og_title":"Corpus Christi re\u00fane cerca de 50 mil fi\u00e9is na Esplanada - Notibras","og_description":"A tradicional festa de Corpus Christi da Arquidiocese de Bras\u00edlia reuniu cerca de 50 mil fi\u00e9is na Esplanada dos Minist\u00e9rios, nesta quinta-feira (30). O evento contou com apoio de \u00f3rg\u00e3os do Governo do Distrito Federal (GDF), incluindo interdi\u00e7\u00e3o de vias para organiza\u00e7\u00e3o do tr\u00e2nsito e instala\u00e7\u00e3o de pontos de hidrata\u00e7\u00e3o. A solenidade do Sant\u00edssimo Corpo [&hellip;]","og_url":"https:\/\/www.notibras.com\/site\/corpus-christi-reune-cerca-de-50-mil-fieis-na-esplanada\/","og_site_name":"Notibras","article_publisher":"https:\/\/www.facebook.com\/notibras\/","article_published_time":"2024-05-31T03:20:34+00:00","article_modified_time":"2024-05-31T12:22:34+00:00","og_image":[{"width":1536,"height":1023,"url":"https:\/\/www.notibras.com\/site\/wp-content\/uploads\/2024\/05\/WhatsApp-Image-2024-05-30-at-20.13.22-1-1536x1023-1.jpeg","type":"image\/jpeg"}],"author":"Reda\u00e7\u00e3o","twitter_card":"summary_large_image","twitter_creator":"@Notibras","twitter_site":"@Notibras","twitter_misc":{"Escrito por":"Reda\u00e7\u00e3o","Est. tempo de leitura":"3 minutos"},"schema":{"@context":"https:\/\/schema.org","@graph":[{"@type":"Article","@id":"https:\/\/www.notibras.com\/site\/corpus-christi-reune-cerca-de-50-mil-fieis-na-esplanada\/#article","isPartOf":{"@id":"https:\/\/www.notibras.com\/site\/corpus-christi-reune-cerca-de-50-mil-fieis-na-esplanada\/"},"author":{"name":"Reda\u00e7\u00e3o","@id":"https:\/\/www.notibras.com\/site\/#\/schema\/person\/36ab0979449956132d3e5b517ea76ac8"},"headline":"Corpus Christi re\u00fane cerca de 50 mil fi\u00e9is na Esplanada","datePublished":"2024-05-31T03:20:34+00:00","dateModified":"2024-05-31T12:22:34+00:00","mainEntityOfPage":{"@id":"https:\/\/www.notibras.com\/site\/corpus-christi-reune-cerca-de-50-mil-fieis-na-esplanada\/"},"wordCount":525,"publisher":{"@id":"https:\/\/www.notibras.com\/site\/#organization"},"image":{"@id":"https:\/\/www.notibras.com\/site\/corpus-christi-reune-cerca-de-50-mil-fieis-na-esplanada\/#primaryimage"},"thumbnailUrl":"https:\/\/www.notibras.com\/site\/wp-content\/uploads\/2024\/05\/WhatsApp-Image-2024-05-30-at-20.13.22-1-1536x1023-1.jpeg","articleSection":["Quadradinho em Foco"],"inLanguage":"pt-BR"},{"@type":"WebPage","@id":"https:\/\/www.notibras.com\/site\/corpus-christi-reune-cerca-de-50-mil-fieis-na-esplanada\/","url":"https:\/\/www.notibras.com\/site\/corpus-christi-reune-cerca-de-50-mil-fieis-na-esplanada\/","name":"Corpus Christi re\u00fane cerca de 50 mil fi\u00e9is na Esplanada - Notibras","isPartOf":{"@id":"https:\/\/www.notibras.com\/site\/#website"},"primaryImageOfPage":{"@id":"https:\/\/www.notibras.com\/site\/corpus-christi-reune-cerca-de-50-mil-fieis-na-esplanada\/#primaryimage"},"image":{"@id":"https:\/\/www.notibras.com\/site\/corpus-christi-reune-cerca-de-50-mil-fieis-na-esplanada\/#primaryimage"},"thumbnailUrl":"https:\/\/www.notibras.com\/site\/wp-content\/uploads\/2024\/05\/WhatsApp-Image-2024-05-30-at-20.13.22-1-1536x1023-1.jpeg","datePublished":"2024-05-31T03:20:34+00:00","dateModified":"2024-05-31T12:22:34+00:00","breadcrumb":{"@id":"https:\/\/www.notibras.com\/site\/corpus-christi-reune-cerca-de-50-mil-fieis-na-esplanada\/#breadcrumb"},"inLanguage":"pt-BR","potentialAction":[{"@type":"ReadAction","target":["https:\/\/www.notibras.com\/site\/corpus-christi-reune-cerca-de-50-mil-fieis-na-esplanada\/"]}]},{"@type":"ImageObject","inLanguage":"pt-BR","@id":"https:\/\/www.notibras.com\/site\/corpus-christi-reune-cerca-de-50-mil-fieis-na-esplanada\/#primaryimage","url":"https:\/\/www.notibras.com\/site\/wp-content\/uploads\/2024\/05\/WhatsApp-Image-2024-05-30-at-20.13.22-1-1536x1023-1.jpeg","contentUrl":"https:\/\/www.notibras.com\/site\/wp-content\/uploads\/2024\/05\/WhatsApp-Image-2024-05-30-at-20.13.22-1-1536x1023-1.jpeg","width":1536,"height":1023},{"@type":"BreadcrumbList","@id":"https:\/\/www.notibras.com\/site\/corpus-christi-reune-cerca-de-50-mil-fieis-na-esplanada\/#breadcrumb","itemListElement":[{"@type":"ListItem","position":1,"name":"In\u00edcio","item":"https:\/\/www.notibras.com\/site\/"},{"@type":"ListItem","position":2,"name":"Corpus Christi re\u00fane cerca de 50 mil fi\u00e9is na Esplanada"}]},{"@type":"WebSite","@id":"https:\/\/www.notibras.com\/site\/#website","url":"https:\/\/www.notibras.com\/site\/","name":"Notibras","description":"Not\u00edcias de Bras\u00edlia, do Brasil e do Mundo","publisher":{"@id":"https:\/\/www.notibras.com\/site\/#organization"},"potentialAction":[{"@type":"SearchAction","target":{"@type":"EntryPoint","urlTemplate":"https:\/\/www.notibras.com\/site\/?s={search_term_string}"},"query-input":{"@type":"PropertyValueSpecification","valueRequired":true,"valueName":"search_term_string"}}],"inLanguage":"pt-BR"},{"@type":"Organization","@id":"https:\/\/www.notibras.com\/site\/#organization","name":"Grupo Notibras de Comunica\u00e7\u00e3o","url":"https:\/\/www.notibras.com\/site\/","logo":{"@type":"ImageObject","inLanguage":"pt-BR","@id":"https:\/\/www.notibras.com\/site\/#\/schema\/logo\/image\/","url":"https:\/\/www.notibras.com\/site\/wp-content\/uploads\/2023\/01\/notibras23.png","contentUrl":"https:\/\/www.notibras.com\/site\/wp-content\/uploads\/2023\/01\/notibras23.png","width":350,"height":87,"caption":"Grupo Notibras de Comunica\u00e7\u00e3o"},"image":{"@id":"https:\/\/www.notibras.com\/site\/#\/schema\/logo\/image\/"},"sameAs":["https:\/\/www.facebook.com\/notibras\/","https:\/\/x.com\/Notibras","https:\/\/www.instagram.com\/notibras\/"]},{"@type":"Person","@id":"https:\/\/www.notibras.com\/site\/#\/schema\/person\/36ab0979449956132d3e5b517ea76ac8","name":"Reda\u00e7\u00e3o","image":{"@type":"ImageObject","inLanguage":"pt-BR","@id":"https:\/\/secure.gravatar.com\/avatar\/e0a867bdedb85fd243eadf09663511f96fc81e0720a4a42581f334ad4303aa6b?s=96&d=mm&r=g","url":"https:\/\/secure.gravatar.com\/avatar\/e0a867bdedb85fd243eadf09663511f96fc81e0720a4a42581f334ad4303aa6b?s=96&d=mm&r=g","contentUrl":"https:\/\/secure.gravatar.com\/avatar\/e0a867bdedb85fd243eadf09663511f96fc81e0720a4a42581f334ad4303aa6b?s=96&d=mm&r=g","caption":"Reda\u00e7\u00e3o"}}]}},"amp_enabled":true,"_links":{"self":[{"href":"https:\/\/www.notibras.com\/site\/wp-json\/wp\/v2\/posts\/329934","targetHints":{"allow":["GET"]}}],"collection":[{"href":"https:\/\/www.notibras.com\/site\/wp-json\/wp\/v2\/posts"}],"about":[{"href":"https:\/\/www.notibras.com\/site\/wp-json\/wp\/v2\/types\/post"}],"author":[{"embeddable":true,"href":"https:\/\/www.notibras.com\/site\/wp-json\/wp\/v2\/users\/2"}],"replies":[{"embeddable":true,"href":"https:\/\/www.notibras.com\/site\/wp-json\/wp\/v2\/comments?post=329934"}],"version-history":[{"count":1,"href":"https:\/\/www.notibras.com\/site\/wp-json\/wp\/v2\/posts\/329934\/revisions"}],"predecessor-version":[{"id":329936,"href":"https:\/\/www.notibras.com\/site\/wp-json\/wp\/v2\/posts\/329934\/revisions\/329936"}],"wp:featuredmedia":[{"embeddable":true,"href":"https:\/\/www.notibras.com\/site\/wp-json\/wp\/v2\/media\/329935"}],"wp:attachment":[{"href":"https:\/\/www.notibras.com\/site\/wp-json\/wp\/v2\/media?parent=329934"}],"wp:term":[{"taxonomy":"category","embeddable":true,"href":"https:\/\/www.notibras.com\/site\/wp-json\/wp\/v2\/categories?post=329934"},{"taxonomy":"post_tag","embeddable":true,"href":"https:\/\/www.notibras.com\/site\/wp-json\/wp\/v2\/tags?post=329934"}],"curies":[{"name":"wp","href":"https:\/\/api.w.org\/{rel}","templated":true}]}}