{"id":329939,"date":"2024-05-31T00:00:46","date_gmt":"2024-05-31T03:00:46","guid":{"rendered":"https:\/\/www.notibras.com\/site\/?p=329939"},"modified":"2024-05-31T09:33:18","modified_gmt":"2024-05-31T12:33:18","slug":"biblioteca-nacional-oferece-oficinas-gratuitas-de-redacao","status":"publish","type":"post","link":"https:\/\/www.notibras.com\/site\/biblioteca-nacional-oferece-oficinas-gratuitas-de-redacao\/","title":{"rendered":"Biblioteca Nacional oferece oficinas gratuitas de reda\u00e7\u00e3o"},"content":{"rendered":"<p>A Biblioteca Nacional de Bras\u00edlia (BNB) est\u00e1 com inscri\u00e7\u00f5es abertas para novas turmas da oficina de reda\u00e7\u00e3o voltada para o p\u00fablico idoso que vai tentar uma das 216 vagas em 60 cursos de gradua\u00e7\u00e3o na Universidade de Bras\u00edlia (UnB), no \u00e2mbito do edital 60+. As provas est\u00e3o agendadas para o dia 16 de junho.<\/p>\n<p>Ser\u00e3o disponibilizadas, ao todo, 100 vagas para os candidatos do vestibular. N\u00e3o \u00e9 preciso pagar taxa para participar das turmas, e as inscri\u00e7\u00f5es devem ser realizadas por formul\u00e1rio virtual.<\/p>\n<p>As aulas ser\u00e3o ministradas no audit\u00f3rio da BNB pelos professores Joana Melo e Pedro Lima, em dois encontros por turma. O primeiro encontro ser\u00e1 na pr\u00f3xima quinta-feira (6), das 19h \u00e0s 21h, e no pr\u00f3ximo s\u00e1bado (8), das 10h \u00e0s 12h. O segundo encontro ocorrer\u00e1 nos dias 11 (ter\u00e7a-feira) e 13 (quinta-feira) de junho, das 15h \u00e0s 17h.<\/p>\n<p>A diretora da BNB, Marmenha Ros\u00e1rio, enfatizou a relev\u00e2ncia do trabalho em andamento, destacando a import\u00e2ncia de integrar a experi\u00eancia e o conhecimento dos idosos \u00e0 comunidade acad\u00eamica da UnB. \u201cEstamos prestando um servi\u00e7o importante, que se soma \u00e0 hist\u00f3rica iniciativa da universidade de dar mais espa\u00e7o aos idosos, uma popula\u00e7\u00e3o crescente que tem muito a contribuir para a qualidade das discuss\u00f5es acad\u00eamicas na terceira maior universidade federal do pa\u00eds\u201d, afirmou.<\/p>\n<p>Aos 64 anos, Gra\u00e7a Pimentel est\u00e1 em seu quarto curso de gradua\u00e7\u00e3o. A estudante de gest\u00e3o ambiental foi uma das participantes dos aul\u00f5es que conseguiram a t\u00e3o sonhada aprova\u00e7\u00e3o na UnB. \u201cEu assisti uma \u00fanica aula de reda\u00e7\u00e3o e j\u00e1 foi fundamental para minha aprova\u00e7\u00e3o. \u00c9 um projeto important\u00edssimo e o n\u00edvel de interesse dos participantes \u00e9 muito bacana\u201d, destacou.<\/p>\n<p>As dicas recebidas durante o encontro foram um diferencial para o bom resultado no certame. \u201cA professora, muito experiente, nos orientou de maneira pr\u00e1tica, ajudando-nos a captar o essencial para fazer uma boa reda\u00e7\u00e3o. Isso foi fundamental porque nos deu seguran\u00e7a para realizar a reda\u00e7\u00e3o\u201d, detalhou.<\/p>\n","protected":false},"excerpt":{"rendered":"<p>A Biblioteca Nacional de Bras\u00edlia (BNB) est\u00e1 com inscri\u00e7\u00f5es abertas para novas turmas da oficina de reda\u00e7\u00e3o voltada para o p\u00fablico idoso que vai tentar uma das 216 vagas em 60 cursos de gradua\u00e7\u00e3o na Universidade de Bras\u00edlia (UnB), no \u00e2mbito do edital 60+. As provas est\u00e3o agendadas para o dia 16 de junho. Ser\u00e3o [&hellip;]<\/p>\n","protected":false},"author":2,"featured_media":329940,"comment_status":"closed","ping_status":"closed","sticky":false,"template":"","format":"standard","meta":{"_acf_changed":false,"footnotes":""},"categories":[161],"tags":[],"class_list":["post-329939","post","type-post","status-publish","format-standard","has-post-thumbnail","hentry","category-quadradinho-em-foco"],"acf":[],"yoast_head":"<!-- This site is optimized with the Yoast SEO plugin v27.5 - https:\/\/yoast.com\/product\/yoast-seo-wordpress\/ -->\n<title>Biblioteca Nacional oferece oficinas gratuitas de reda\u00e7\u00e3o - Notibras<\/title>\n<meta name=\"robots\" content=\"index, follow, max-snippet:-1, max-image-preview:large, max-video-preview:-1\" \/>\n<link rel=\"canonical\" href=\"https:\/\/www.notibras.com\/site\/biblioteca-nacional-oferece-oficinas-gratuitas-de-redacao\/\" \/>\n<meta property=\"og:locale\" content=\"pt_BR\" \/>\n<meta property=\"og:type\" content=\"article\" \/>\n<meta property=\"og:title\" content=\"Biblioteca Nacional oferece oficinas gratuitas de reda\u00e7\u00e3o - Notibras\" \/>\n<meta property=\"og:description\" content=\"A Biblioteca Nacional de Bras\u00edlia (BNB) est\u00e1 com inscri\u00e7\u00f5es abertas para novas turmas da oficina de reda\u00e7\u00e3o voltada para o p\u00fablico idoso que vai tentar uma das 216 vagas em 60 cursos de gradua\u00e7\u00e3o na Universidade de Bras\u00edlia (UnB), no \u00e2mbito do edital 60+. As provas est\u00e3o agendadas para o dia 16 de junho. Ser\u00e3o [&hellip;]\" \/>\n<meta property=\"og:url\" content=\"https:\/\/www.notibras.com\/site\/biblioteca-nacional-oferece-oficinas-gratuitas-de-redacao\/\" \/>\n<meta property=\"og:site_name\" content=\"Notibras\" \/>\n<meta property=\"article:publisher\" content=\"https:\/\/www.facebook.com\/notibras\/\" \/>\n<meta property=\"article:published_time\" content=\"2024-05-31T03:00:46+00:00\" \/>\n<meta property=\"article:modified_time\" content=\"2024-05-31T12:33:18+00:00\" \/>\n<meta property=\"og:image\" content=\"https:\/\/www.notibras.com\/site\/wp-content\/uploads\/2024\/05\/WhatsApp-Image-2024-05-30-at-10.26.58-1.jpeg\" \/>\n\t<meta property=\"og:image:width\" content=\"799\" \/>\n\t<meta property=\"og:image:height\" content=\"533\" \/>\n\t<meta property=\"og:image:type\" content=\"image\/jpeg\" \/>\n<meta name=\"author\" content=\"Reda\u00e7\u00e3o\" \/>\n<meta name=\"twitter:card\" content=\"summary_large_image\" \/>\n<meta name=\"twitter:creator\" content=\"@Notibras\" \/>\n<meta name=\"twitter:site\" content=\"@Notibras\" \/>\n<meta name=\"twitter:label1\" content=\"Escrito por\" \/>\n\t<meta name=\"twitter:data1\" content=\"Reda\u00e7\u00e3o\" \/>\n\t<meta name=\"twitter:label2\" content=\"Est. tempo de leitura\" \/>\n\t<meta name=\"twitter:data2\" content=\"2 minutos\" \/>\n<script type=\"application\/ld+json\" class=\"yoast-schema-graph\">{\"@context\":\"https:\\\/\\\/schema.org\",\"@graph\":[{\"@type\":\"Article\",\"@id\":\"https:\\\/\\\/www.notibras.com\\\/site\\\/biblioteca-nacional-oferece-oficinas-gratuitas-de-redacao\\\/#article\",\"isPartOf\":{\"@id\":\"https:\\\/\\\/www.notibras.com\\\/site\\\/biblioteca-nacional-oferece-oficinas-gratuitas-de-redacao\\\/\"},\"author\":{\"name\":\"Reda\u00e7\u00e3o\",\"@id\":\"https:\\\/\\\/www.notibras.com\\\/site\\\/#\\\/schema\\\/person\\\/36ab0979449956132d3e5b517ea76ac8\"},\"headline\":\"Biblioteca Nacional oferece oficinas gratuitas de reda\u00e7\u00e3o\",\"datePublished\":\"2024-05-31T03:00:46+00:00\",\"dateModified\":\"2024-05-31T12:33:18+00:00\",\"mainEntityOfPage\":{\"@id\":\"https:\\\/\\\/www.notibras.com\\\/site\\\/biblioteca-nacional-oferece-oficinas-gratuitas-de-redacao\\\/\"},\"wordCount\":354,\"publisher\":{\"@id\":\"https:\\\/\\\/www.notibras.com\\\/site\\\/#organization\"},\"image\":{\"@id\":\"https:\\\/\\\/www.notibras.com\\\/site\\\/biblioteca-nacional-oferece-oficinas-gratuitas-de-redacao\\\/#primaryimage\"},\"thumbnailUrl\":\"https:\\\/\\\/www.notibras.com\\\/site\\\/wp-content\\\/uploads\\\/2024\\\/05\\\/WhatsApp-Image-2024-05-30-at-10.26.58-1.jpeg\",\"articleSection\":[\"Quadradinho em Foco\"],\"inLanguage\":\"pt-BR\"},{\"@type\":\"WebPage\",\"@id\":\"https:\\\/\\\/www.notibras.com\\\/site\\\/biblioteca-nacional-oferece-oficinas-gratuitas-de-redacao\\\/\",\"url\":\"https:\\\/\\\/www.notibras.com\\\/site\\\/biblioteca-nacional-oferece-oficinas-gratuitas-de-redacao\\\/\",\"name\":\"Biblioteca Nacional oferece oficinas gratuitas de reda\u00e7\u00e3o - Notibras\",\"isPartOf\":{\"@id\":\"https:\\\/\\\/www.notibras.com\\\/site\\\/#website\"},\"primaryImageOfPage\":{\"@id\":\"https:\\\/\\\/www.notibras.com\\\/site\\\/biblioteca-nacional-oferece-oficinas-gratuitas-de-redacao\\\/#primaryimage\"},\"image\":{\"@id\":\"https:\\\/\\\/www.notibras.com\\\/site\\\/biblioteca-nacional-oferece-oficinas-gratuitas-de-redacao\\\/#primaryimage\"},\"thumbnailUrl\":\"https:\\\/\\\/www.notibras.com\\\/site\\\/wp-content\\\/uploads\\\/2024\\\/05\\\/WhatsApp-Image-2024-05-30-at-10.26.58-1.jpeg\",\"datePublished\":\"2024-05-31T03:00:46+00:00\",\"dateModified\":\"2024-05-31T12:33:18+00:00\",\"breadcrumb\":{\"@id\":\"https:\\\/\\\/www.notibras.com\\\/site\\\/biblioteca-nacional-oferece-oficinas-gratuitas-de-redacao\\\/#breadcrumb\"},\"inLanguage\":\"pt-BR\",\"potentialAction\":[{\"@type\":\"ReadAction\",\"target\":[\"https:\\\/\\\/www.notibras.com\\\/site\\\/biblioteca-nacional-oferece-oficinas-gratuitas-de-redacao\\\/\"]}]},{\"@type\":\"ImageObject\",\"inLanguage\":\"pt-BR\",\"@id\":\"https:\\\/\\\/www.notibras.com\\\/site\\\/biblioteca-nacional-oferece-oficinas-gratuitas-de-redacao\\\/#primaryimage\",\"url\":\"https:\\\/\\\/www.notibras.com\\\/site\\\/wp-content\\\/uploads\\\/2024\\\/05\\\/WhatsApp-Image-2024-05-30-at-10.26.58-1.jpeg\",\"contentUrl\":\"https:\\\/\\\/www.notibras.com\\\/site\\\/wp-content\\\/uploads\\\/2024\\\/05\\\/WhatsApp-Image-2024-05-30-at-10.26.58-1.jpeg\",\"width\":799,\"height\":533},{\"@type\":\"BreadcrumbList\",\"@id\":\"https:\\\/\\\/www.notibras.com\\\/site\\\/biblioteca-nacional-oferece-oficinas-gratuitas-de-redacao\\\/#breadcrumb\",\"itemListElement\":[{\"@type\":\"ListItem\",\"position\":1,\"name\":\"In\u00edcio\",\"item\":\"https:\\\/\\\/www.notibras.com\\\/site\\\/\"},{\"@type\":\"ListItem\",\"position\":2,\"name\":\"Biblioteca Nacional oferece oficinas gratuitas de reda\u00e7\u00e3o\"}]},{\"@type\":\"WebSite\",\"@id\":\"https:\\\/\\\/www.notibras.com\\\/site\\\/#website\",\"url\":\"https:\\\/\\\/www.notibras.com\\\/site\\\/\",\"name\":\"Notibras\",\"description\":\"Not\u00edcias de Bras\u00edlia, do Brasil e do Mundo\",\"publisher\":{\"@id\":\"https:\\\/\\\/www.notibras.com\\\/site\\\/#organization\"},\"potentialAction\":[{\"@type\":\"SearchAction\",\"target\":{\"@type\":\"EntryPoint\",\"urlTemplate\":\"https:\\\/\\\/www.notibras.com\\\/site\\\/?s={search_term_string}\"},\"query-input\":{\"@type\":\"PropertyValueSpecification\",\"valueRequired\":true,\"valueName\":\"search_term_string\"}}],\"inLanguage\":\"pt-BR\"},{\"@type\":\"Organization\",\"@id\":\"https:\\\/\\\/www.notibras.com\\\/site\\\/#organization\",\"name\":\"Grupo Notibras de Comunica\u00e7\u00e3o\",\"url\":\"https:\\\/\\\/www.notibras.com\\\/site\\\/\",\"logo\":{\"@type\":\"ImageObject\",\"inLanguage\":\"pt-BR\",\"@id\":\"https:\\\/\\\/www.notibras.com\\\/site\\\/#\\\/schema\\\/logo\\\/image\\\/\",\"url\":\"https:\\\/\\\/www.notibras.com\\\/site\\\/wp-content\\\/uploads\\\/2023\\\/01\\\/notibras23.png\",\"contentUrl\":\"https:\\\/\\\/www.notibras.com\\\/site\\\/wp-content\\\/uploads\\\/2023\\\/01\\\/notibras23.png\",\"width\":350,\"height\":87,\"caption\":\"Grupo Notibras de Comunica\u00e7\u00e3o\"},\"image\":{\"@id\":\"https:\\\/\\\/www.notibras.com\\\/site\\\/#\\\/schema\\\/logo\\\/image\\\/\"},\"sameAs\":[\"https:\\\/\\\/www.facebook.com\\\/notibras\\\/\",\"https:\\\/\\\/x.com\\\/Notibras\",\"https:\\\/\\\/www.instagram.com\\\/notibras\\\/\"]},{\"@type\":\"Person\",\"@id\":\"https:\\\/\\\/www.notibras.com\\\/site\\\/#\\\/schema\\\/person\\\/36ab0979449956132d3e5b517ea76ac8\",\"name\":\"Reda\u00e7\u00e3o\",\"image\":{\"@type\":\"ImageObject\",\"inLanguage\":\"pt-BR\",\"@id\":\"https:\\\/\\\/secure.gravatar.com\\\/avatar\\\/e0a867bdedb85fd243eadf09663511f96fc81e0720a4a42581f334ad4303aa6b?s=96&d=mm&r=g\",\"url\":\"https:\\\/\\\/secure.gravatar.com\\\/avatar\\\/e0a867bdedb85fd243eadf09663511f96fc81e0720a4a42581f334ad4303aa6b?s=96&d=mm&r=g\",\"contentUrl\":\"https:\\\/\\\/secure.gravatar.com\\\/avatar\\\/e0a867bdedb85fd243eadf09663511f96fc81e0720a4a42581f334ad4303aa6b?s=96&d=mm&r=g\",\"caption\":\"Reda\u00e7\u00e3o\"}}]}<\/script>\n<!-- \/ Yoast SEO plugin. -->","yoast_head_json":{"title":"Biblioteca Nacional oferece oficinas gratuitas de reda\u00e7\u00e3o - Notibras","robots":{"index":"index","follow":"follow","max-snippet":"max-snippet:-1","max-image-preview":"max-image-preview:large","max-video-preview":"max-video-preview:-1"},"canonical":"https:\/\/www.notibras.com\/site\/biblioteca-nacional-oferece-oficinas-gratuitas-de-redacao\/","og_locale":"pt_BR","og_type":"article","og_title":"Biblioteca Nacional oferece oficinas gratuitas de reda\u00e7\u00e3o - Notibras","og_description":"A Biblioteca Nacional de Bras\u00edlia (BNB) est\u00e1 com inscri\u00e7\u00f5es abertas para novas turmas da oficina de reda\u00e7\u00e3o voltada para o p\u00fablico idoso que vai tentar uma das 216 vagas em 60 cursos de gradua\u00e7\u00e3o na Universidade de Bras\u00edlia (UnB), no \u00e2mbito do edital 60+. As provas est\u00e3o agendadas para o dia 16 de junho. Ser\u00e3o [&hellip;]","og_url":"https:\/\/www.notibras.com\/site\/biblioteca-nacional-oferece-oficinas-gratuitas-de-redacao\/","og_site_name":"Notibras","article_publisher":"https:\/\/www.facebook.com\/notibras\/","article_published_time":"2024-05-31T03:00:46+00:00","article_modified_time":"2024-05-31T12:33:18+00:00","og_image":[{"width":799,"height":533,"url":"https:\/\/www.notibras.com\/site\/wp-content\/uploads\/2024\/05\/WhatsApp-Image-2024-05-30-at-10.26.58-1.jpeg","type":"image\/jpeg"}],"author":"Reda\u00e7\u00e3o","twitter_card":"summary_large_image","twitter_creator":"@Notibras","twitter_site":"@Notibras","twitter_misc":{"Escrito por":"Reda\u00e7\u00e3o","Est. tempo de leitura":"2 minutos"},"schema":{"@context":"https:\/\/schema.org","@graph":[{"@type":"Article","@id":"https:\/\/www.notibras.com\/site\/biblioteca-nacional-oferece-oficinas-gratuitas-de-redacao\/#article","isPartOf":{"@id":"https:\/\/www.notibras.com\/site\/biblioteca-nacional-oferece-oficinas-gratuitas-de-redacao\/"},"author":{"name":"Reda\u00e7\u00e3o","@id":"https:\/\/www.notibras.com\/site\/#\/schema\/person\/36ab0979449956132d3e5b517ea76ac8"},"headline":"Biblioteca Nacional oferece oficinas gratuitas de reda\u00e7\u00e3o","datePublished":"2024-05-31T03:00:46+00:00","dateModified":"2024-05-31T12:33:18+00:00","mainEntityOfPage":{"@id":"https:\/\/www.notibras.com\/site\/biblioteca-nacional-oferece-oficinas-gratuitas-de-redacao\/"},"wordCount":354,"publisher":{"@id":"https:\/\/www.notibras.com\/site\/#organization"},"image":{"@id":"https:\/\/www.notibras.com\/site\/biblioteca-nacional-oferece-oficinas-gratuitas-de-redacao\/#primaryimage"},"thumbnailUrl":"https:\/\/www.notibras.com\/site\/wp-content\/uploads\/2024\/05\/WhatsApp-Image-2024-05-30-at-10.26.58-1.jpeg","articleSection":["Quadradinho em Foco"],"inLanguage":"pt-BR"},{"@type":"WebPage","@id":"https:\/\/www.notibras.com\/site\/biblioteca-nacional-oferece-oficinas-gratuitas-de-redacao\/","url":"https:\/\/www.notibras.com\/site\/biblioteca-nacional-oferece-oficinas-gratuitas-de-redacao\/","name":"Biblioteca Nacional oferece oficinas gratuitas de reda\u00e7\u00e3o - Notibras","isPartOf":{"@id":"https:\/\/www.notibras.com\/site\/#website"},"primaryImageOfPage":{"@id":"https:\/\/www.notibras.com\/site\/biblioteca-nacional-oferece-oficinas-gratuitas-de-redacao\/#primaryimage"},"image":{"@id":"https:\/\/www.notibras.com\/site\/biblioteca-nacional-oferece-oficinas-gratuitas-de-redacao\/#primaryimage"},"thumbnailUrl":"https:\/\/www.notibras.com\/site\/wp-content\/uploads\/2024\/05\/WhatsApp-Image-2024-05-30-at-10.26.58-1.jpeg","datePublished":"2024-05-31T03:00:46+00:00","dateModified":"2024-05-31T12:33:18+00:00","breadcrumb":{"@id":"https:\/\/www.notibras.com\/site\/biblioteca-nacional-oferece-oficinas-gratuitas-de-redacao\/#breadcrumb"},"inLanguage":"pt-BR","potentialAction":[{"@type":"ReadAction","target":["https:\/\/www.notibras.com\/site\/biblioteca-nacional-oferece-oficinas-gratuitas-de-redacao\/"]}]},{"@type":"ImageObject","inLanguage":"pt-BR","@id":"https:\/\/www.notibras.com\/site\/biblioteca-nacional-oferece-oficinas-gratuitas-de-redacao\/#primaryimage","url":"https:\/\/www.notibras.com\/site\/wp-content\/uploads\/2024\/05\/WhatsApp-Image-2024-05-30-at-10.26.58-1.jpeg","contentUrl":"https:\/\/www.notibras.com\/site\/wp-content\/uploads\/2024\/05\/WhatsApp-Image-2024-05-30-at-10.26.58-1.jpeg","width":799,"height":533},{"@type":"BreadcrumbList","@id":"https:\/\/www.notibras.com\/site\/biblioteca-nacional-oferece-oficinas-gratuitas-de-redacao\/#breadcrumb","itemListElement":[{"@type":"ListItem","position":1,"name":"In\u00edcio","item":"https:\/\/www.notibras.com\/site\/"},{"@type":"ListItem","position":2,"name":"Biblioteca Nacional oferece oficinas gratuitas de reda\u00e7\u00e3o"}]},{"@type":"WebSite","@id":"https:\/\/www.notibras.com\/site\/#website","url":"https:\/\/www.notibras.com\/site\/","name":"Notibras","description":"Not\u00edcias de Bras\u00edlia, do Brasil e do Mundo","publisher":{"@id":"https:\/\/www.notibras.com\/site\/#organization"},"potentialAction":[{"@type":"SearchAction","target":{"@type":"EntryPoint","urlTemplate":"https:\/\/www.notibras.com\/site\/?s={search_term_string}"},"query-input":{"@type":"PropertyValueSpecification","valueRequired":true,"valueName":"search_term_string"}}],"inLanguage":"pt-BR"},{"@type":"Organization","@id":"https:\/\/www.notibras.com\/site\/#organization","name":"Grupo Notibras de Comunica\u00e7\u00e3o","url":"https:\/\/www.notibras.com\/site\/","logo":{"@type":"ImageObject","inLanguage":"pt-BR","@id":"https:\/\/www.notibras.com\/site\/#\/schema\/logo\/image\/","url":"https:\/\/www.notibras.com\/site\/wp-content\/uploads\/2023\/01\/notibras23.png","contentUrl":"https:\/\/www.notibras.com\/site\/wp-content\/uploads\/2023\/01\/notibras23.png","width":350,"height":87,"caption":"Grupo Notibras de Comunica\u00e7\u00e3o"},"image":{"@id":"https:\/\/www.notibras.com\/site\/#\/schema\/logo\/image\/"},"sameAs":["https:\/\/www.facebook.com\/notibras\/","https:\/\/x.com\/Notibras","https:\/\/www.instagram.com\/notibras\/"]},{"@type":"Person","@id":"https:\/\/www.notibras.com\/site\/#\/schema\/person\/36ab0979449956132d3e5b517ea76ac8","name":"Reda\u00e7\u00e3o","image":{"@type":"ImageObject","inLanguage":"pt-BR","@id":"https:\/\/secure.gravatar.com\/avatar\/e0a867bdedb85fd243eadf09663511f96fc81e0720a4a42581f334ad4303aa6b?s=96&d=mm&r=g","url":"https:\/\/secure.gravatar.com\/avatar\/e0a867bdedb85fd243eadf09663511f96fc81e0720a4a42581f334ad4303aa6b?s=96&d=mm&r=g","contentUrl":"https:\/\/secure.gravatar.com\/avatar\/e0a867bdedb85fd243eadf09663511f96fc81e0720a4a42581f334ad4303aa6b?s=96&d=mm&r=g","caption":"Reda\u00e7\u00e3o"}}]}},"amp_enabled":true,"_links":{"self":[{"href":"https:\/\/www.notibras.com\/site\/wp-json\/wp\/v2\/posts\/329939","targetHints":{"allow":["GET"]}}],"collection":[{"href":"https:\/\/www.notibras.com\/site\/wp-json\/wp\/v2\/posts"}],"about":[{"href":"https:\/\/www.notibras.com\/site\/wp-json\/wp\/v2\/types\/post"}],"author":[{"embeddable":true,"href":"https:\/\/www.notibras.com\/site\/wp-json\/wp\/v2\/users\/2"}],"replies":[{"embeddable":true,"href":"https:\/\/www.notibras.com\/site\/wp-json\/wp\/v2\/comments?post=329939"}],"version-history":[{"count":1,"href":"https:\/\/www.notibras.com\/site\/wp-json\/wp\/v2\/posts\/329939\/revisions"}],"predecessor-version":[{"id":329941,"href":"https:\/\/www.notibras.com\/site\/wp-json\/wp\/v2\/posts\/329939\/revisions\/329941"}],"wp:featuredmedia":[{"embeddable":true,"href":"https:\/\/www.notibras.com\/site\/wp-json\/wp\/v2\/media\/329940"}],"wp:attachment":[{"href":"https:\/\/www.notibras.com\/site\/wp-json\/wp\/v2\/media?parent=329939"}],"wp:term":[{"taxonomy":"category","embeddable":true,"href":"https:\/\/www.notibras.com\/site\/wp-json\/wp\/v2\/categories?post=329939"},{"taxonomy":"post_tag","embeddable":true,"href":"https:\/\/www.notibras.com\/site\/wp-json\/wp\/v2\/tags?post=329939"}],"curies":[{"name":"wp","href":"https:\/\/api.w.org\/{rel}","templated":true}]}}