{"id":329942,"date":"2024-05-31T00:00:09","date_gmt":"2024-05-31T03:00:09","guid":{"rendered":"https:\/\/www.notibras.com\/site\/?p=329942"},"modified":"2024-05-31T09:40:54","modified_gmt":"2024-05-31T12:40:54","slug":"confira-quatro-dicas-para-nao-voltar-para-casa-com-carrapatos","status":"publish","type":"post","link":"https:\/\/www.notibras.com\/site\/confira-quatro-dicas-para-nao-voltar-para-casa-com-carrapatos\/","title":{"rendered":"Confira quatro dicas para n\u00e3o voltar para casa com carrapatos"},"content":{"rendered":"<p>O per\u00edodo de estiagem chegou ao Distrito Federal (DF), e a baixa umidade aliada ao clima des\u00e9rtico (frio no in\u00edcio da manh\u00e3 e \u00e0 noite e calor durante o dia) cria condi\u00e7\u00f5es perfeitas para o ciclo reprodutivo dos carrapatos. Por isso, algumas recomenda\u00e7\u00f5es precisam ser levadas em considera\u00e7\u00e3o por quem quer evitar ser alvo do aracn\u00eddeo parasita ao visitar parques, zool\u00f3gicos ou qualquer \u00e1rea de vegeta\u00e7\u00e3o natural preservada.<\/p>\n<p>Por fazer divisa com uma \u00e1rea de preserva\u00e7\u00e3o ambiental, o Zool\u00f3gico de Bras\u00edlia \u00e9 procurado por diversos animais de vida livre, como macacos-prego e capivaras, o que facilita a entrada de carrapatos no parque. Por isso, as a\u00e7\u00f5es preventivas contra os parasitas ocorrem durante o ano todo, como dedetiza\u00e7\u00e3o em todo o local. Os animais assistidos pela institui\u00e7\u00e3o tamb\u00e9m tomam rem\u00e9dios para evitar infesta\u00e7\u00f5es.<\/p>\n<p>\u201cNosso objetivo \u00e9 proporcionar um ambiente seguro e agrad\u00e1vel para todos que visitam o zool\u00f3gico, por isso adotamos uma s\u00e9rie de medidas preventivas contra os carrapatos, especialmente no per\u00edodo de seca\u201d, afirma o diretor-presidente do Zool\u00f3gico de Bras\u00edlia, Wallison Couto.<\/p>\n<p><strong>Raios solares<\/strong> &#8211;\u00a0 O controle desses ectoparasitas ocorre tamb\u00e9m por meio da capina mec\u00e2nica, que evita touceiras de grama e aumenta a exposi\u00e7\u00e3o direta a raios solares, normalmente fatal para os carrapatos. Como no per\u00edodo reprodutivo \u2013 a seca \u2013 aumenta a quantidade de carrapatos no zoo, a recomenda\u00e7\u00e3o \u00e9 que visitantes tamb\u00e9m fiquem atentos para que o passeio ocorra sem intercorr\u00eancias.<\/p>\n<p>Confira, abaixo, os cuidados que devem ser tomados ao se visitar qualquer parque que contenha \u00e1rea de vegeta\u00e7\u00e3o natural preservada.<\/p>\n<p><strong>\u21d2<\/strong> Ande pelas cal\u00e7adas. Os carrapatos ficam na grama, portanto, use os passeios asfaltados ou cimentados para se deslocar dentro dos parques<\/p>\n<p><strong>\u21d2<\/strong> N\u00e3o fa\u00e7a piqueniques na grama. Voc\u00ea pode se reunir com amigos e familiares nas mesas apropriadas espalhadas por todo o Zool\u00f3gico de Bras\u00edlia e nos parques do Distrito Federal<\/p>\n<p><strong>\u21d2<\/strong> Vista-se com roupas adequadas. Para ficar menos exposto e evitar riscos, \u00e9 recomendado utilizar blusas de manga longa e cal\u00e7as compridas, al\u00e9m de sapatos fechados. Roupas brancas podem ser uma boa alternativa, j\u00e1 que facilitam encontrar um eventual carrapato que esteja em voc\u00ea<\/p>\n<p><strong>\u21d2<\/strong> Passe repelente por todo o corpo e tamb\u00e9m nas crian\u00e7as.<\/p>\n","protected":false},"excerpt":{"rendered":"<p>O per\u00edodo de estiagem chegou ao Distrito Federal (DF), e a baixa umidade aliada ao clima des\u00e9rtico (frio no in\u00edcio da manh\u00e3 e \u00e0 noite e calor durante o dia) cria condi\u00e7\u00f5es perfeitas para o ciclo reprodutivo dos carrapatos. Por isso, algumas recomenda\u00e7\u00f5es precisam ser levadas em considera\u00e7\u00e3o por quem quer evitar ser alvo do [&hellip;]<\/p>\n","protected":false},"author":2,"featured_media":329943,"comment_status":"closed","ping_status":"closed","sticky":false,"template":"","format":"standard","meta":{"_acf_changed":false,"footnotes":""},"categories":[161],"tags":[],"class_list":["post-329942","post","type-post","status-publish","format-standard","has-post-thumbnail","hentry","category-quadradinho-em-foco"],"acf":[],"yoast_head":"<!-- This site is optimized with the Yoast SEO plugin v27.5 - https:\/\/yoast.com\/product\/yoast-seo-wordpress\/ -->\n<title>Confira quatro dicas para n\u00e3o voltar para casa com carrapatos - Notibras<\/title>\n<meta name=\"robots\" content=\"index, follow, max-snippet:-1, max-image-preview:large, max-video-preview:-1\" \/>\n<link rel=\"canonical\" href=\"https:\/\/www.notibras.com\/site\/confira-quatro-dicas-para-nao-voltar-para-casa-com-carrapatos\/\" \/>\n<meta property=\"og:locale\" content=\"pt_BR\" \/>\n<meta property=\"og:type\" content=\"article\" \/>\n<meta property=\"og:title\" content=\"Confira quatro dicas para n\u00e3o voltar para casa com carrapatos - Notibras\" \/>\n<meta property=\"og:description\" content=\"O per\u00edodo de estiagem chegou ao Distrito Federal (DF), e a baixa umidade aliada ao clima des\u00e9rtico (frio no in\u00edcio da manh\u00e3 e \u00e0 noite e calor durante o dia) cria condi\u00e7\u00f5es perfeitas para o ciclo reprodutivo dos carrapatos. Por isso, algumas recomenda\u00e7\u00f5es precisam ser levadas em considera\u00e7\u00e3o por quem quer evitar ser alvo do [&hellip;]\" \/>\n<meta property=\"og:url\" content=\"https:\/\/www.notibras.com\/site\/confira-quatro-dicas-para-nao-voltar-para-casa-com-carrapatos\/\" \/>\n<meta property=\"og:site_name\" content=\"Notibras\" \/>\n<meta property=\"article:publisher\" content=\"https:\/\/www.facebook.com\/notibras\/\" \/>\n<meta property=\"article:published_time\" content=\"2024-05-31T03:00:09+00:00\" \/>\n<meta property=\"article:modified_time\" content=\"2024-05-31T12:40:54+00:00\" \/>\n<meta property=\"og:image\" content=\"https:\/\/www.notibras.com\/site\/wp-content\/uploads\/2024\/05\/Foto-Geovana-Albuquerque.jpg\" \/>\n\t<meta property=\"og:image:width\" content=\"799\" \/>\n\t<meta property=\"og:image:height\" content=\"533\" \/>\n\t<meta property=\"og:image:type\" content=\"image\/jpeg\" \/>\n<meta name=\"author\" content=\"Reda\u00e7\u00e3o\" \/>\n<meta name=\"twitter:card\" content=\"summary_large_image\" \/>\n<meta name=\"twitter:creator\" content=\"@Notibras\" \/>\n<meta name=\"twitter:site\" content=\"@Notibras\" \/>\n<meta name=\"twitter:label1\" content=\"Escrito por\" \/>\n\t<meta name=\"twitter:data1\" content=\"Reda\u00e7\u00e3o\" \/>\n\t<meta name=\"twitter:label2\" content=\"Est. tempo de leitura\" \/>\n\t<meta name=\"twitter:data2\" content=\"3 minutos\" \/>\n<script type=\"application\/ld+json\" class=\"yoast-schema-graph\">{\"@context\":\"https:\\\/\\\/schema.org\",\"@graph\":[{\"@type\":\"Article\",\"@id\":\"https:\\\/\\\/www.notibras.com\\\/site\\\/confira-quatro-dicas-para-nao-voltar-para-casa-com-carrapatos\\\/#article\",\"isPartOf\":{\"@id\":\"https:\\\/\\\/www.notibras.com\\\/site\\\/confira-quatro-dicas-para-nao-voltar-para-casa-com-carrapatos\\\/\"},\"author\":{\"name\":\"Reda\u00e7\u00e3o\",\"@id\":\"https:\\\/\\\/www.notibras.com\\\/site\\\/#\\\/schema\\\/person\\\/36ab0979449956132d3e5b517ea76ac8\"},\"headline\":\"Confira quatro dicas para n\u00e3o voltar para casa com carrapatos\",\"datePublished\":\"2024-05-31T03:00:09+00:00\",\"dateModified\":\"2024-05-31T12:40:54+00:00\",\"mainEntityOfPage\":{\"@id\":\"https:\\\/\\\/www.notibras.com\\\/site\\\/confira-quatro-dicas-para-nao-voltar-para-casa-com-carrapatos\\\/\"},\"wordCount\":402,\"publisher\":{\"@id\":\"https:\\\/\\\/www.notibras.com\\\/site\\\/#organization\"},\"image\":{\"@id\":\"https:\\\/\\\/www.notibras.com\\\/site\\\/confira-quatro-dicas-para-nao-voltar-para-casa-com-carrapatos\\\/#primaryimage\"},\"thumbnailUrl\":\"https:\\\/\\\/www.notibras.com\\\/site\\\/wp-content\\\/uploads\\\/2024\\\/05\\\/Foto-Geovana-Albuquerque.jpg\",\"articleSection\":[\"Quadradinho em Foco\"],\"inLanguage\":\"pt-BR\"},{\"@type\":\"WebPage\",\"@id\":\"https:\\\/\\\/www.notibras.com\\\/site\\\/confira-quatro-dicas-para-nao-voltar-para-casa-com-carrapatos\\\/\",\"url\":\"https:\\\/\\\/www.notibras.com\\\/site\\\/confira-quatro-dicas-para-nao-voltar-para-casa-com-carrapatos\\\/\",\"name\":\"Confira quatro dicas para n\u00e3o voltar para casa com carrapatos - Notibras\",\"isPartOf\":{\"@id\":\"https:\\\/\\\/www.notibras.com\\\/site\\\/#website\"},\"primaryImageOfPage\":{\"@id\":\"https:\\\/\\\/www.notibras.com\\\/site\\\/confira-quatro-dicas-para-nao-voltar-para-casa-com-carrapatos\\\/#primaryimage\"},\"image\":{\"@id\":\"https:\\\/\\\/www.notibras.com\\\/site\\\/confira-quatro-dicas-para-nao-voltar-para-casa-com-carrapatos\\\/#primaryimage\"},\"thumbnailUrl\":\"https:\\\/\\\/www.notibras.com\\\/site\\\/wp-content\\\/uploads\\\/2024\\\/05\\\/Foto-Geovana-Albuquerque.jpg\",\"datePublished\":\"2024-05-31T03:00:09+00:00\",\"dateModified\":\"2024-05-31T12:40:54+00:00\",\"breadcrumb\":{\"@id\":\"https:\\\/\\\/www.notibras.com\\\/site\\\/confira-quatro-dicas-para-nao-voltar-para-casa-com-carrapatos\\\/#breadcrumb\"},\"inLanguage\":\"pt-BR\",\"potentialAction\":[{\"@type\":\"ReadAction\",\"target\":[\"https:\\\/\\\/www.notibras.com\\\/site\\\/confira-quatro-dicas-para-nao-voltar-para-casa-com-carrapatos\\\/\"]}]},{\"@type\":\"ImageObject\",\"inLanguage\":\"pt-BR\",\"@id\":\"https:\\\/\\\/www.notibras.com\\\/site\\\/confira-quatro-dicas-para-nao-voltar-para-casa-com-carrapatos\\\/#primaryimage\",\"url\":\"https:\\\/\\\/www.notibras.com\\\/site\\\/wp-content\\\/uploads\\\/2024\\\/05\\\/Foto-Geovana-Albuquerque.jpg\",\"contentUrl\":\"https:\\\/\\\/www.notibras.com\\\/site\\\/wp-content\\\/uploads\\\/2024\\\/05\\\/Foto-Geovana-Albuquerque.jpg\",\"width\":799,\"height\":533},{\"@type\":\"BreadcrumbList\",\"@id\":\"https:\\\/\\\/www.notibras.com\\\/site\\\/confira-quatro-dicas-para-nao-voltar-para-casa-com-carrapatos\\\/#breadcrumb\",\"itemListElement\":[{\"@type\":\"ListItem\",\"position\":1,\"name\":\"In\u00edcio\",\"item\":\"https:\\\/\\\/www.notibras.com\\\/site\\\/\"},{\"@type\":\"ListItem\",\"position\":2,\"name\":\"Confira quatro dicas para n\u00e3o voltar para casa com carrapatos\"}]},{\"@type\":\"WebSite\",\"@id\":\"https:\\\/\\\/www.notibras.com\\\/site\\\/#website\",\"url\":\"https:\\\/\\\/www.notibras.com\\\/site\\\/\",\"name\":\"Notibras\",\"description\":\"Not\u00edcias de Bras\u00edlia, do Brasil e do Mundo\",\"publisher\":{\"@id\":\"https:\\\/\\\/www.notibras.com\\\/site\\\/#organization\"},\"potentialAction\":[{\"@type\":\"SearchAction\",\"target\":{\"@type\":\"EntryPoint\",\"urlTemplate\":\"https:\\\/\\\/www.notibras.com\\\/site\\\/?s={search_term_string}\"},\"query-input\":{\"@type\":\"PropertyValueSpecification\",\"valueRequired\":true,\"valueName\":\"search_term_string\"}}],\"inLanguage\":\"pt-BR\"},{\"@type\":\"Organization\",\"@id\":\"https:\\\/\\\/www.notibras.com\\\/site\\\/#organization\",\"name\":\"Grupo Notibras de Comunica\u00e7\u00e3o\",\"url\":\"https:\\\/\\\/www.notibras.com\\\/site\\\/\",\"logo\":{\"@type\":\"ImageObject\",\"inLanguage\":\"pt-BR\",\"@id\":\"https:\\\/\\\/www.notibras.com\\\/site\\\/#\\\/schema\\\/logo\\\/image\\\/\",\"url\":\"https:\\\/\\\/www.notibras.com\\\/site\\\/wp-content\\\/uploads\\\/2023\\\/01\\\/notibras23.png\",\"contentUrl\":\"https:\\\/\\\/www.notibras.com\\\/site\\\/wp-content\\\/uploads\\\/2023\\\/01\\\/notibras23.png\",\"width\":350,\"height\":87,\"caption\":\"Grupo Notibras de Comunica\u00e7\u00e3o\"},\"image\":{\"@id\":\"https:\\\/\\\/www.notibras.com\\\/site\\\/#\\\/schema\\\/logo\\\/image\\\/\"},\"sameAs\":[\"https:\\\/\\\/www.facebook.com\\\/notibras\\\/\",\"https:\\\/\\\/x.com\\\/Notibras\",\"https:\\\/\\\/www.instagram.com\\\/notibras\\\/\"]},{\"@type\":\"Person\",\"@id\":\"https:\\\/\\\/www.notibras.com\\\/site\\\/#\\\/schema\\\/person\\\/36ab0979449956132d3e5b517ea76ac8\",\"name\":\"Reda\u00e7\u00e3o\",\"image\":{\"@type\":\"ImageObject\",\"inLanguage\":\"pt-BR\",\"@id\":\"https:\\\/\\\/secure.gravatar.com\\\/avatar\\\/e0a867bdedb85fd243eadf09663511f96fc81e0720a4a42581f334ad4303aa6b?s=96&d=mm&r=g\",\"url\":\"https:\\\/\\\/secure.gravatar.com\\\/avatar\\\/e0a867bdedb85fd243eadf09663511f96fc81e0720a4a42581f334ad4303aa6b?s=96&d=mm&r=g\",\"contentUrl\":\"https:\\\/\\\/secure.gravatar.com\\\/avatar\\\/e0a867bdedb85fd243eadf09663511f96fc81e0720a4a42581f334ad4303aa6b?s=96&d=mm&r=g\",\"caption\":\"Reda\u00e7\u00e3o\"}}]}<\/script>\n<!-- \/ Yoast SEO plugin. -->","yoast_head_json":{"title":"Confira quatro dicas para n\u00e3o voltar para casa com carrapatos - Notibras","robots":{"index":"index","follow":"follow","max-snippet":"max-snippet:-1","max-image-preview":"max-image-preview:large","max-video-preview":"max-video-preview:-1"},"canonical":"https:\/\/www.notibras.com\/site\/confira-quatro-dicas-para-nao-voltar-para-casa-com-carrapatos\/","og_locale":"pt_BR","og_type":"article","og_title":"Confira quatro dicas para n\u00e3o voltar para casa com carrapatos - Notibras","og_description":"O per\u00edodo de estiagem chegou ao Distrito Federal (DF), e a baixa umidade aliada ao clima des\u00e9rtico (frio no in\u00edcio da manh\u00e3 e \u00e0 noite e calor durante o dia) cria condi\u00e7\u00f5es perfeitas para o ciclo reprodutivo dos carrapatos. Por isso, algumas recomenda\u00e7\u00f5es precisam ser levadas em considera\u00e7\u00e3o por quem quer evitar ser alvo do [&hellip;]","og_url":"https:\/\/www.notibras.com\/site\/confira-quatro-dicas-para-nao-voltar-para-casa-com-carrapatos\/","og_site_name":"Notibras","article_publisher":"https:\/\/www.facebook.com\/notibras\/","article_published_time":"2024-05-31T03:00:09+00:00","article_modified_time":"2024-05-31T12:40:54+00:00","og_image":[{"width":799,"height":533,"url":"https:\/\/www.notibras.com\/site\/wp-content\/uploads\/2024\/05\/Foto-Geovana-Albuquerque.jpg","type":"image\/jpeg"}],"author":"Reda\u00e7\u00e3o","twitter_card":"summary_large_image","twitter_creator":"@Notibras","twitter_site":"@Notibras","twitter_misc":{"Escrito por":"Reda\u00e7\u00e3o","Est. tempo de leitura":"3 minutos"},"schema":{"@context":"https:\/\/schema.org","@graph":[{"@type":"Article","@id":"https:\/\/www.notibras.com\/site\/confira-quatro-dicas-para-nao-voltar-para-casa-com-carrapatos\/#article","isPartOf":{"@id":"https:\/\/www.notibras.com\/site\/confira-quatro-dicas-para-nao-voltar-para-casa-com-carrapatos\/"},"author":{"name":"Reda\u00e7\u00e3o","@id":"https:\/\/www.notibras.com\/site\/#\/schema\/person\/36ab0979449956132d3e5b517ea76ac8"},"headline":"Confira quatro dicas para n\u00e3o voltar para casa com carrapatos","datePublished":"2024-05-31T03:00:09+00:00","dateModified":"2024-05-31T12:40:54+00:00","mainEntityOfPage":{"@id":"https:\/\/www.notibras.com\/site\/confira-quatro-dicas-para-nao-voltar-para-casa-com-carrapatos\/"},"wordCount":402,"publisher":{"@id":"https:\/\/www.notibras.com\/site\/#organization"},"image":{"@id":"https:\/\/www.notibras.com\/site\/confira-quatro-dicas-para-nao-voltar-para-casa-com-carrapatos\/#primaryimage"},"thumbnailUrl":"https:\/\/www.notibras.com\/site\/wp-content\/uploads\/2024\/05\/Foto-Geovana-Albuquerque.jpg","articleSection":["Quadradinho em Foco"],"inLanguage":"pt-BR"},{"@type":"WebPage","@id":"https:\/\/www.notibras.com\/site\/confira-quatro-dicas-para-nao-voltar-para-casa-com-carrapatos\/","url":"https:\/\/www.notibras.com\/site\/confira-quatro-dicas-para-nao-voltar-para-casa-com-carrapatos\/","name":"Confira quatro dicas para n\u00e3o voltar para casa com carrapatos - Notibras","isPartOf":{"@id":"https:\/\/www.notibras.com\/site\/#website"},"primaryImageOfPage":{"@id":"https:\/\/www.notibras.com\/site\/confira-quatro-dicas-para-nao-voltar-para-casa-com-carrapatos\/#primaryimage"},"image":{"@id":"https:\/\/www.notibras.com\/site\/confira-quatro-dicas-para-nao-voltar-para-casa-com-carrapatos\/#primaryimage"},"thumbnailUrl":"https:\/\/www.notibras.com\/site\/wp-content\/uploads\/2024\/05\/Foto-Geovana-Albuquerque.jpg","datePublished":"2024-05-31T03:00:09+00:00","dateModified":"2024-05-31T12:40:54+00:00","breadcrumb":{"@id":"https:\/\/www.notibras.com\/site\/confira-quatro-dicas-para-nao-voltar-para-casa-com-carrapatos\/#breadcrumb"},"inLanguage":"pt-BR","potentialAction":[{"@type":"ReadAction","target":["https:\/\/www.notibras.com\/site\/confira-quatro-dicas-para-nao-voltar-para-casa-com-carrapatos\/"]}]},{"@type":"ImageObject","inLanguage":"pt-BR","@id":"https:\/\/www.notibras.com\/site\/confira-quatro-dicas-para-nao-voltar-para-casa-com-carrapatos\/#primaryimage","url":"https:\/\/www.notibras.com\/site\/wp-content\/uploads\/2024\/05\/Foto-Geovana-Albuquerque.jpg","contentUrl":"https:\/\/www.notibras.com\/site\/wp-content\/uploads\/2024\/05\/Foto-Geovana-Albuquerque.jpg","width":799,"height":533},{"@type":"BreadcrumbList","@id":"https:\/\/www.notibras.com\/site\/confira-quatro-dicas-para-nao-voltar-para-casa-com-carrapatos\/#breadcrumb","itemListElement":[{"@type":"ListItem","position":1,"name":"In\u00edcio","item":"https:\/\/www.notibras.com\/site\/"},{"@type":"ListItem","position":2,"name":"Confira quatro dicas para n\u00e3o voltar para casa com carrapatos"}]},{"@type":"WebSite","@id":"https:\/\/www.notibras.com\/site\/#website","url":"https:\/\/www.notibras.com\/site\/","name":"Notibras","description":"Not\u00edcias de Bras\u00edlia, do Brasil e do Mundo","publisher":{"@id":"https:\/\/www.notibras.com\/site\/#organization"},"potentialAction":[{"@type":"SearchAction","target":{"@type":"EntryPoint","urlTemplate":"https:\/\/www.notibras.com\/site\/?s={search_term_string}"},"query-input":{"@type":"PropertyValueSpecification","valueRequired":true,"valueName":"search_term_string"}}],"inLanguage":"pt-BR"},{"@type":"Organization","@id":"https:\/\/www.notibras.com\/site\/#organization","name":"Grupo Notibras de Comunica\u00e7\u00e3o","url":"https:\/\/www.notibras.com\/site\/","logo":{"@type":"ImageObject","inLanguage":"pt-BR","@id":"https:\/\/www.notibras.com\/site\/#\/schema\/logo\/image\/","url":"https:\/\/www.notibras.com\/site\/wp-content\/uploads\/2023\/01\/notibras23.png","contentUrl":"https:\/\/www.notibras.com\/site\/wp-content\/uploads\/2023\/01\/notibras23.png","width":350,"height":87,"caption":"Grupo Notibras de Comunica\u00e7\u00e3o"},"image":{"@id":"https:\/\/www.notibras.com\/site\/#\/schema\/logo\/image\/"},"sameAs":["https:\/\/www.facebook.com\/notibras\/","https:\/\/x.com\/Notibras","https:\/\/www.instagram.com\/notibras\/"]},{"@type":"Person","@id":"https:\/\/www.notibras.com\/site\/#\/schema\/person\/36ab0979449956132d3e5b517ea76ac8","name":"Reda\u00e7\u00e3o","image":{"@type":"ImageObject","inLanguage":"pt-BR","@id":"https:\/\/secure.gravatar.com\/avatar\/e0a867bdedb85fd243eadf09663511f96fc81e0720a4a42581f334ad4303aa6b?s=96&d=mm&r=g","url":"https:\/\/secure.gravatar.com\/avatar\/e0a867bdedb85fd243eadf09663511f96fc81e0720a4a42581f334ad4303aa6b?s=96&d=mm&r=g","contentUrl":"https:\/\/secure.gravatar.com\/avatar\/e0a867bdedb85fd243eadf09663511f96fc81e0720a4a42581f334ad4303aa6b?s=96&d=mm&r=g","caption":"Reda\u00e7\u00e3o"}}]}},"amp_enabled":true,"_links":{"self":[{"href":"https:\/\/www.notibras.com\/site\/wp-json\/wp\/v2\/posts\/329942","targetHints":{"allow":["GET"]}}],"collection":[{"href":"https:\/\/www.notibras.com\/site\/wp-json\/wp\/v2\/posts"}],"about":[{"href":"https:\/\/www.notibras.com\/site\/wp-json\/wp\/v2\/types\/post"}],"author":[{"embeddable":true,"href":"https:\/\/www.notibras.com\/site\/wp-json\/wp\/v2\/users\/2"}],"replies":[{"embeddable":true,"href":"https:\/\/www.notibras.com\/site\/wp-json\/wp\/v2\/comments?post=329942"}],"version-history":[{"count":1,"href":"https:\/\/www.notibras.com\/site\/wp-json\/wp\/v2\/posts\/329942\/revisions"}],"predecessor-version":[{"id":329944,"href":"https:\/\/www.notibras.com\/site\/wp-json\/wp\/v2\/posts\/329942\/revisions\/329944"}],"wp:featuredmedia":[{"embeddable":true,"href":"https:\/\/www.notibras.com\/site\/wp-json\/wp\/v2\/media\/329943"}],"wp:attachment":[{"href":"https:\/\/www.notibras.com\/site\/wp-json\/wp\/v2\/media?parent=329942"}],"wp:term":[{"taxonomy":"category","embeddable":true,"href":"https:\/\/www.notibras.com\/site\/wp-json\/wp\/v2\/categories?post=329942"},{"taxonomy":"post_tag","embeddable":true,"href":"https:\/\/www.notibras.com\/site\/wp-json\/wp\/v2\/tags?post=329942"}],"curies":[{"name":"wp","href":"https:\/\/api.w.org\/{rel}","templated":true}]}}