{"id":330033,"date":"2024-06-02T08:59:46","date_gmt":"2024-06-02T11:59:46","guid":{"rendered":"https:\/\/www.notibras.com\/site\/?p=330033"},"modified":"2024-06-02T09:22:47","modified_gmt":"2024-06-02T12:22:47","slug":"desova-de-manequim-em-goias-cai-no-esquecimento","status":"publish","type":"post","link":"https:\/\/www.notibras.com\/site\/desova-de-manequim-em-goias-cai-no-esquecimento\/","title":{"rendered":"Desova de manequim em Goi\u00e1s cai no esquecimento"},"content":{"rendered":"<p>H\u00e1 causos t\u00e3o imposs\u00edveis de acontecer, que, no entanto, costumam acontecer a todo instante. Basta manter a mente conectada aos ouvidos e olhos para n\u00e3o se deixar enganar. Se bem que, como disse o poeta, nem tudo s\u00e3o flores. Pois l\u00e1 estava a equipe de policiais entediada com a demora da troca de plant\u00e3o, que s\u00f3 aconteceria dali a quase uma hora.<\/p>\n<p>Foi a\u00ed que a mente criativa do Marcos entrou em curto circuito e pensou em algo inacredit\u00e1vel. Ali\u00e1s, inacredit\u00e1vel, inimagin\u00e1vel e improv\u00e1vel. Ele andava de pendenga com o Aur\u00e9lio, que ainda n\u00e3o completara dois meses de pol\u00edcia. O novinho fazia parte do grupo que entraria.<\/p>\n<p>Marcos se lembrou de um manequim extremamente realista, fruto de apreens\u00e3o em uma opera\u00e7\u00e3o na resid\u00eancia de famoso traficante da regi\u00e3o, o Z\u00e9 Moela. Como a cela estava vazia, ele, com ajuda do Lauro e a coniv\u00eancia de todos da equipe, pegou o tal manequim no dep\u00f3sito e o levaram para a cela, onde o penduraram pelo pesco\u00e7o com uma corda improvisada com alguns trapos. Pronto! De t\u00e3o impactante ficou, que at\u00e9 para um bom observador era dif\u00edcil perceber que aquele enforcado se tratava, na verdade, de um boneco.<\/p>\n<p>C\u00ednico como ele pr\u00f3prio, Marcos convidou o comparsa para um cafezinho especialmente preparado pela Sissi na cozinha da delegacia. De t\u00e3o euf\u00f3ricos que estavam, os dois encheram as x\u00edcaras, mas o Marcos, com aquele sorriso sarc\u00e1stico nos l\u00e1bios, fez quest\u00e3o de beber caf\u00e9 sem a\u00e7\u00facar.<\/p>\n<p>\u2014 Sem a\u00e7\u00facar, Marcos?<\/p>\n<p>\u2014 Sissi, de doce j\u00e1 basta a vida!<\/p>\n<p>\u00c0s 7h55, o poderoso ronco da motocicleta anunciou a chegada do Aur\u00e9lio. Marcos, Lauro e o restante da equipe, incluindo o delegado \u00c1lvaro e o escriv\u00e3o Rubens, cumprimentaram o colega e j\u00e1 estavam indo embora, quando o Aur\u00e9lio perguntou se havia algum preso. Marcos, com a cara mais deslavada, respondeu que sim. Nisso, o Aur\u00e9lio foi verificar se estava tudo bem com o detento e quase caiu duro ao v\u00ea-lo pendurado pelo pesco\u00e7o. O agente saiu gritando.<\/p>\n<p>\u2014 Marcos, pera\u00ed! O preso se matou!<\/p>\n<p>\u2014 Isso n\u00e3o \u00e9 problema meu, Aur\u00e9lio. Se vira!<\/p>\n<p>\u2014 N\u00e3o, n\u00e3o, n\u00e3o!!!<\/p>\n<p>Marcos e sua equipe, a despeito dos protestos do Aur\u00e9lio, foram embora. Desesperado e temendo que algo acontecesse e ca\u00edsse sobre as suas costas, o policial come\u00e7ou a colocar a cachola para pensar em algo. Ele, ent\u00e3o, teve uma ideia. Iria desovar o cad\u00e1ver no mato para que algum bicho o comesse. Talvez alguma on\u00e7a andasse por ali.<\/p>\n<p>Antes que o resto da equipe chegasse, Aur\u00e9lio colocou aquele corpo dentro do cambur\u00e3o. N\u00e3o tardou, os colegas chegaram. Todos notaram algo estranho no colega e ficaram com a pulga atr\u00e1s da orelha. Aquela situa\u00e7\u00e3o era muito estranha. Tinha caro\u00e7o naquele angu!<\/p>\n<p>Aur\u00e9lio disse que precisaria sair para resolver alguma coisa. O policial pegou as chaves da viatura, enquanto os colegas o encaravam com olhos inquisidores. Suando em bicas, Aur\u00e9lio ligou o carro e saiu o mais r\u00e1pido poss\u00edvel da delegacia.<\/p>\n<p>Como a delegacia ficava a menos de 10 quil\u00f4metros da divisa com o vizinho Goi\u00e1s, Aur\u00e9lio rumou para l\u00e1. Ele estava certo que aquela era a melhor solu\u00e7\u00e3o. Assim que ultrapassou a divisa, o agente come\u00e7ou a procurar um local ermo, at\u00e9 que, j\u00e1 tendo avan\u00e7ado quase 30 quil\u00f4metros, percebeu um matagal t\u00e3o denso, que n\u00e3o teve d\u00favida. Seria ali mesmo que desovaria o cad\u00e1ver. E foi o que fez.<\/p>\n<p>Depois do trabalho feito, Aur\u00e9lio tomou a estrada de volta. Acendeu um cigarro e sorriu aquele sorriso nervoso de quem sabe que acabou de fazer algo errado. Seja como for, n\u00e3o seria ele o culpado. At\u00e9 que teve certo orgulho do feito, pois se lembrou que a volta \u00e0 academia teria lhe proporcionado um excelente preparo f\u00edsico. Pois \u00e9, carregou um homem daquele tamanho nos ombros e nem sentiu dificuldade.<\/p>\n<p>Assim que estacionou a viatura na delegacia, ningu\u00e9m pareceu not\u00e1-lo, pois o local estava apinhado de gente. Tratou logo de se sentar no seu lugar e atender o povo, que estava impaciente para registrar os mais variados tipos de boletins de ocorr\u00eancia. E foi o que fez durante mais 26 anos, at\u00e9 se aposentar.<\/p>\n<p>Aur\u00e9lio nunca contou para ningu\u00e9m o que havia feito. Estava certo de que havia cometido o crime perfeito. Quanto ao M\u00e1rcio e seus c\u00famplices, todos acabaram se esquecendo da brincadeira. Dessa forma, mesmo que a felicidade n\u00e3o seja eterna, at\u00e9 onde se tem not\u00edcias, o Z\u00e9 Moela jamais reclamou a devolu\u00e7\u00e3o do manequim.<\/p>\n<p><strong>*Eduardo Mart\u00ednez \u00e9 autor do livro \u201c57 Contos e Cr\u00f4nicas por um Autor muito Velho\u201d.<\/strong><\/p>\n<p>Compre aqui\u00a0<span class=\"x19la9d6 x1fc57z9 x6ikm8r x10wlt62 x19co3pv x1g5zs5t xfibh0p xiy17q3 x1xsqp64 x1lkfr7t xexx8yu x4uap5 x18d9i69 xkhd6sd\"><span class=\"xrtxmta x1bhl96m\"><img decoding=\"async\" class=\"emoji\" role=\"img\" draggable=\"false\" src=\"https:\/\/s.w.org\/images\/core\/emoji\/14.0.0\/svg\/1f447-1f3ff.svg\" alt=\"&#x1f447;&#x1f3ff;\" \/><\/span><\/span><span class=\"x19la9d6 x1fc57z9 x6ikm8r x10wlt62 x19co3pv x1g5zs5t xfibh0p xiy17q3 x1xsqp64 x1lkfr7t xexx8yu x4uap5 x18d9i69 xkhd6sd\"><span class=\"xrtxmta x1bhl96m\"><img decoding=\"async\" class=\"emoji\" role=\"img\" draggable=\"false\" src=\"https:\/\/s.w.org\/images\/core\/emoji\/14.0.0\/svg\/1f447-1f3ff.svg\" alt=\"&#x1f447;&#x1f3ff;\" \/><\/span><\/span><span class=\"x19la9d6 x1fc57z9 x6ikm8r x10wlt62 x19co3pv x1g5zs5t xfibh0p xiy17q3 x1xsqp64 x1lkfr7t xexx8yu x4uap5 x18d9i69 xkhd6sd\"><span class=\"xrtxmta x1bhl96m\"><img decoding=\"async\" class=\"emoji\" role=\"img\" draggable=\"false\" src=\"https:\/\/s.w.org\/images\/core\/emoji\/14.0.0\/svg\/1f447-1f3ff.svg\" alt=\"&#x1f447;&#x1f3ff;\" \/><\/span><\/span><\/p>\n<p><a href=\"http:\/\/www.joanineditora.com.br\/57-contos-e-cronicas-por-um-autor-muito-velho\">http:\/\/www.joanineditora.com.br\/57-contos-e-cronicas-por-um-autor-muito-velho<\/a><\/p>\n","protected":false},"excerpt":{"rendered":"<p>H\u00e1 causos t\u00e3o imposs\u00edveis de acontecer, que, no entanto, costumam acontecer a todo instante. Basta manter a mente conectada aos ouvidos e olhos para n\u00e3o se deixar enganar. Se bem que, como disse o poeta, nem tudo s\u00e3o flores. Pois l\u00e1 estava a equipe de policiais entediada com a demora da troca de plant\u00e3o, que [&hellip;]<\/p>\n","protected":false},"author":2,"featured_media":330034,"comment_status":"closed","ping_status":"closed","sticky":false,"template":"","format":"standard","meta":{"_acf_changed":false,"footnotes":""},"categories":[161],"tags":[],"class_list":["post-330033","post","type-post","status-publish","format-standard","has-post-thumbnail","hentry","category-quadradinho-em-foco"],"acf":[],"yoast_head":"<!-- This site is optimized with the Yoast SEO plugin v27.5 - https:\/\/yoast.com\/product\/yoast-seo-wordpress\/ -->\n<title>Desova de manequim em Goi\u00e1s cai no esquecimento - Notibras<\/title>\n<meta name=\"robots\" content=\"index, follow, max-snippet:-1, max-image-preview:large, max-video-preview:-1\" \/>\n<link rel=\"canonical\" href=\"https:\/\/www.notibras.com\/site\/desova-de-manequim-em-goias-cai-no-esquecimento\/\" \/>\n<meta property=\"og:locale\" content=\"pt_BR\" \/>\n<meta property=\"og:type\" content=\"article\" \/>\n<meta property=\"og:title\" content=\"Desova de manequim em Goi\u00e1s cai no esquecimento - Notibras\" \/>\n<meta property=\"og:description\" content=\"H\u00e1 causos t\u00e3o imposs\u00edveis de acontecer, que, no entanto, costumam acontecer a todo instante. Basta manter a mente conectada aos ouvidos e olhos para n\u00e3o se deixar enganar. Se bem que, como disse o poeta, nem tudo s\u00e3o flores. Pois l\u00e1 estava a equipe de policiais entediada com a demora da troca de plant\u00e3o, que [&hellip;]\" \/>\n<meta property=\"og:url\" content=\"https:\/\/www.notibras.com\/site\/desova-de-manequim-em-goias-cai-no-esquecimento\/\" \/>\n<meta property=\"og:site_name\" content=\"Notibras\" \/>\n<meta property=\"article:publisher\" content=\"https:\/\/www.facebook.com\/notibras\/\" \/>\n<meta property=\"article:published_time\" content=\"2024-06-02T11:59:46+00:00\" \/>\n<meta property=\"article:modified_time\" content=\"2024-06-02T12:22:47+00:00\" \/>\n<meta property=\"og:image\" content=\"https:\/\/www.notibras.com\/site\/wp-content\/uploads\/2024\/06\/3a6701dc-ee91-46df-9d65-a584b82fad01.jpeg\" \/>\n\t<meta property=\"og:image:width\" content=\"1080\" \/>\n\t<meta property=\"og:image:height\" content=\"1080\" \/>\n\t<meta property=\"og:image:type\" content=\"image\/jpeg\" \/>\n<meta name=\"author\" content=\"Reda\u00e7\u00e3o\" \/>\n<meta name=\"twitter:card\" content=\"summary_large_image\" \/>\n<meta name=\"twitter:creator\" content=\"@Notibras\" \/>\n<meta name=\"twitter:site\" content=\"@Notibras\" \/>\n<meta name=\"twitter:label1\" content=\"Escrito por\" \/>\n\t<meta name=\"twitter:data1\" content=\"Reda\u00e7\u00e3o\" \/>\n\t<meta name=\"twitter:label2\" content=\"Est. tempo de leitura\" \/>\n\t<meta name=\"twitter:data2\" content=\"5 minutos\" \/>\n<script type=\"application\/ld+json\" class=\"yoast-schema-graph\">{\"@context\":\"https:\\\/\\\/schema.org\",\"@graph\":[{\"@type\":\"Article\",\"@id\":\"https:\\\/\\\/www.notibras.com\\\/site\\\/desova-de-manequim-em-goias-cai-no-esquecimento\\\/#article\",\"isPartOf\":{\"@id\":\"https:\\\/\\\/www.notibras.com\\\/site\\\/desova-de-manequim-em-goias-cai-no-esquecimento\\\/\"},\"author\":{\"name\":\"Reda\u00e7\u00e3o\",\"@id\":\"https:\\\/\\\/www.notibras.com\\\/site\\\/#\\\/schema\\\/person\\\/36ab0979449956132d3e5b517ea76ac8\"},\"headline\":\"Desova de manequim em Goi\u00e1s cai no esquecimento\",\"datePublished\":\"2024-06-02T11:59:46+00:00\",\"dateModified\":\"2024-06-02T12:22:47+00:00\",\"mainEntityOfPage\":{\"@id\":\"https:\\\/\\\/www.notibras.com\\\/site\\\/desova-de-manequim-em-goias-cai-no-esquecimento\\\/\"},\"wordCount\":840,\"publisher\":{\"@id\":\"https:\\\/\\\/www.notibras.com\\\/site\\\/#organization\"},\"image\":{\"@id\":\"https:\\\/\\\/www.notibras.com\\\/site\\\/desova-de-manequim-em-goias-cai-no-esquecimento\\\/#primaryimage\"},\"thumbnailUrl\":\"https:\\\/\\\/www.notibras.com\\\/site\\\/wp-content\\\/uploads\\\/2024\\\/06\\\/3a6701dc-ee91-46df-9d65-a584b82fad01.jpeg\",\"articleSection\":[\"Quadradinho em Foco\"],\"inLanguage\":\"pt-BR\"},{\"@type\":\"WebPage\",\"@id\":\"https:\\\/\\\/www.notibras.com\\\/site\\\/desova-de-manequim-em-goias-cai-no-esquecimento\\\/\",\"url\":\"https:\\\/\\\/www.notibras.com\\\/site\\\/desova-de-manequim-em-goias-cai-no-esquecimento\\\/\",\"name\":\"Desova de manequim em Goi\u00e1s cai no esquecimento - Notibras\",\"isPartOf\":{\"@id\":\"https:\\\/\\\/www.notibras.com\\\/site\\\/#website\"},\"primaryImageOfPage\":{\"@id\":\"https:\\\/\\\/www.notibras.com\\\/site\\\/desova-de-manequim-em-goias-cai-no-esquecimento\\\/#primaryimage\"},\"image\":{\"@id\":\"https:\\\/\\\/www.notibras.com\\\/site\\\/desova-de-manequim-em-goias-cai-no-esquecimento\\\/#primaryimage\"},\"thumbnailUrl\":\"https:\\\/\\\/www.notibras.com\\\/site\\\/wp-content\\\/uploads\\\/2024\\\/06\\\/3a6701dc-ee91-46df-9d65-a584b82fad01.jpeg\",\"datePublished\":\"2024-06-02T11:59:46+00:00\",\"dateModified\":\"2024-06-02T12:22:47+00:00\",\"breadcrumb\":{\"@id\":\"https:\\\/\\\/www.notibras.com\\\/site\\\/desova-de-manequim-em-goias-cai-no-esquecimento\\\/#breadcrumb\"},\"inLanguage\":\"pt-BR\",\"potentialAction\":[{\"@type\":\"ReadAction\",\"target\":[\"https:\\\/\\\/www.notibras.com\\\/site\\\/desova-de-manequim-em-goias-cai-no-esquecimento\\\/\"]}]},{\"@type\":\"ImageObject\",\"inLanguage\":\"pt-BR\",\"@id\":\"https:\\\/\\\/www.notibras.com\\\/site\\\/desova-de-manequim-em-goias-cai-no-esquecimento\\\/#primaryimage\",\"url\":\"https:\\\/\\\/www.notibras.com\\\/site\\\/wp-content\\\/uploads\\\/2024\\\/06\\\/3a6701dc-ee91-46df-9d65-a584b82fad01.jpeg\",\"contentUrl\":\"https:\\\/\\\/www.notibras.com\\\/site\\\/wp-content\\\/uploads\\\/2024\\\/06\\\/3a6701dc-ee91-46df-9d65-a584b82fad01.jpeg\",\"width\":1080,\"height\":1080},{\"@type\":\"BreadcrumbList\",\"@id\":\"https:\\\/\\\/www.notibras.com\\\/site\\\/desova-de-manequim-em-goias-cai-no-esquecimento\\\/#breadcrumb\",\"itemListElement\":[{\"@type\":\"ListItem\",\"position\":1,\"name\":\"In\u00edcio\",\"item\":\"https:\\\/\\\/www.notibras.com\\\/site\\\/\"},{\"@type\":\"ListItem\",\"position\":2,\"name\":\"Desova de manequim em Goi\u00e1s cai no esquecimento\"}]},{\"@type\":\"WebSite\",\"@id\":\"https:\\\/\\\/www.notibras.com\\\/site\\\/#website\",\"url\":\"https:\\\/\\\/www.notibras.com\\\/site\\\/\",\"name\":\"Notibras\",\"description\":\"Not\u00edcias de Bras\u00edlia, do Brasil e do Mundo\",\"publisher\":{\"@id\":\"https:\\\/\\\/www.notibras.com\\\/site\\\/#organization\"},\"potentialAction\":[{\"@type\":\"SearchAction\",\"target\":{\"@type\":\"EntryPoint\",\"urlTemplate\":\"https:\\\/\\\/www.notibras.com\\\/site\\\/?s={search_term_string}\"},\"query-input\":{\"@type\":\"PropertyValueSpecification\",\"valueRequired\":true,\"valueName\":\"search_term_string\"}}],\"inLanguage\":\"pt-BR\"},{\"@type\":\"Organization\",\"@id\":\"https:\\\/\\\/www.notibras.com\\\/site\\\/#organization\",\"name\":\"Grupo Notibras de Comunica\u00e7\u00e3o\",\"url\":\"https:\\\/\\\/www.notibras.com\\\/site\\\/\",\"logo\":{\"@type\":\"ImageObject\",\"inLanguage\":\"pt-BR\",\"@id\":\"https:\\\/\\\/www.notibras.com\\\/site\\\/#\\\/schema\\\/logo\\\/image\\\/\",\"url\":\"https:\\\/\\\/www.notibras.com\\\/site\\\/wp-content\\\/uploads\\\/2023\\\/01\\\/notibras23.png\",\"contentUrl\":\"https:\\\/\\\/www.notibras.com\\\/site\\\/wp-content\\\/uploads\\\/2023\\\/01\\\/notibras23.png\",\"width\":350,\"height\":87,\"caption\":\"Grupo Notibras de Comunica\u00e7\u00e3o\"},\"image\":{\"@id\":\"https:\\\/\\\/www.notibras.com\\\/site\\\/#\\\/schema\\\/logo\\\/image\\\/\"},\"sameAs\":[\"https:\\\/\\\/www.facebook.com\\\/notibras\\\/\",\"https:\\\/\\\/x.com\\\/Notibras\",\"https:\\\/\\\/www.instagram.com\\\/notibras\\\/\"]},{\"@type\":\"Person\",\"@id\":\"https:\\\/\\\/www.notibras.com\\\/site\\\/#\\\/schema\\\/person\\\/36ab0979449956132d3e5b517ea76ac8\",\"name\":\"Reda\u00e7\u00e3o\",\"image\":{\"@type\":\"ImageObject\",\"inLanguage\":\"pt-BR\",\"@id\":\"https:\\\/\\\/secure.gravatar.com\\\/avatar\\\/e0a867bdedb85fd243eadf09663511f96fc81e0720a4a42581f334ad4303aa6b?s=96&d=mm&r=g\",\"url\":\"https:\\\/\\\/secure.gravatar.com\\\/avatar\\\/e0a867bdedb85fd243eadf09663511f96fc81e0720a4a42581f334ad4303aa6b?s=96&d=mm&r=g\",\"contentUrl\":\"https:\\\/\\\/secure.gravatar.com\\\/avatar\\\/e0a867bdedb85fd243eadf09663511f96fc81e0720a4a42581f334ad4303aa6b?s=96&d=mm&r=g\",\"caption\":\"Reda\u00e7\u00e3o\"}}]}<\/script>\n<!-- \/ Yoast SEO plugin. -->","yoast_head_json":{"title":"Desova de manequim em Goi\u00e1s cai no esquecimento - Notibras","robots":{"index":"index","follow":"follow","max-snippet":"max-snippet:-1","max-image-preview":"max-image-preview:large","max-video-preview":"max-video-preview:-1"},"canonical":"https:\/\/www.notibras.com\/site\/desova-de-manequim-em-goias-cai-no-esquecimento\/","og_locale":"pt_BR","og_type":"article","og_title":"Desova de manequim em Goi\u00e1s cai no esquecimento - Notibras","og_description":"H\u00e1 causos t\u00e3o imposs\u00edveis de acontecer, que, no entanto, costumam acontecer a todo instante. Basta manter a mente conectada aos ouvidos e olhos para n\u00e3o se deixar enganar. Se bem que, como disse o poeta, nem tudo s\u00e3o flores. Pois l\u00e1 estava a equipe de policiais entediada com a demora da troca de plant\u00e3o, que [&hellip;]","og_url":"https:\/\/www.notibras.com\/site\/desova-de-manequim-em-goias-cai-no-esquecimento\/","og_site_name":"Notibras","article_publisher":"https:\/\/www.facebook.com\/notibras\/","article_published_time":"2024-06-02T11:59:46+00:00","article_modified_time":"2024-06-02T12:22:47+00:00","og_image":[{"width":1080,"height":1080,"url":"https:\/\/www.notibras.com\/site\/wp-content\/uploads\/2024\/06\/3a6701dc-ee91-46df-9d65-a584b82fad01.jpeg","type":"image\/jpeg"}],"author":"Reda\u00e7\u00e3o","twitter_card":"summary_large_image","twitter_creator":"@Notibras","twitter_site":"@Notibras","twitter_misc":{"Escrito por":"Reda\u00e7\u00e3o","Est. tempo de leitura":"5 minutos"},"schema":{"@context":"https:\/\/schema.org","@graph":[{"@type":"Article","@id":"https:\/\/www.notibras.com\/site\/desova-de-manequim-em-goias-cai-no-esquecimento\/#article","isPartOf":{"@id":"https:\/\/www.notibras.com\/site\/desova-de-manequim-em-goias-cai-no-esquecimento\/"},"author":{"name":"Reda\u00e7\u00e3o","@id":"https:\/\/www.notibras.com\/site\/#\/schema\/person\/36ab0979449956132d3e5b517ea76ac8"},"headline":"Desova de manequim em Goi\u00e1s cai no esquecimento","datePublished":"2024-06-02T11:59:46+00:00","dateModified":"2024-06-02T12:22:47+00:00","mainEntityOfPage":{"@id":"https:\/\/www.notibras.com\/site\/desova-de-manequim-em-goias-cai-no-esquecimento\/"},"wordCount":840,"publisher":{"@id":"https:\/\/www.notibras.com\/site\/#organization"},"image":{"@id":"https:\/\/www.notibras.com\/site\/desova-de-manequim-em-goias-cai-no-esquecimento\/#primaryimage"},"thumbnailUrl":"https:\/\/www.notibras.com\/site\/wp-content\/uploads\/2024\/06\/3a6701dc-ee91-46df-9d65-a584b82fad01.jpeg","articleSection":["Quadradinho em Foco"],"inLanguage":"pt-BR"},{"@type":"WebPage","@id":"https:\/\/www.notibras.com\/site\/desova-de-manequim-em-goias-cai-no-esquecimento\/","url":"https:\/\/www.notibras.com\/site\/desova-de-manequim-em-goias-cai-no-esquecimento\/","name":"Desova de manequim em Goi\u00e1s cai no esquecimento - Notibras","isPartOf":{"@id":"https:\/\/www.notibras.com\/site\/#website"},"primaryImageOfPage":{"@id":"https:\/\/www.notibras.com\/site\/desova-de-manequim-em-goias-cai-no-esquecimento\/#primaryimage"},"image":{"@id":"https:\/\/www.notibras.com\/site\/desova-de-manequim-em-goias-cai-no-esquecimento\/#primaryimage"},"thumbnailUrl":"https:\/\/www.notibras.com\/site\/wp-content\/uploads\/2024\/06\/3a6701dc-ee91-46df-9d65-a584b82fad01.jpeg","datePublished":"2024-06-02T11:59:46+00:00","dateModified":"2024-06-02T12:22:47+00:00","breadcrumb":{"@id":"https:\/\/www.notibras.com\/site\/desova-de-manequim-em-goias-cai-no-esquecimento\/#breadcrumb"},"inLanguage":"pt-BR","potentialAction":[{"@type":"ReadAction","target":["https:\/\/www.notibras.com\/site\/desova-de-manequim-em-goias-cai-no-esquecimento\/"]}]},{"@type":"ImageObject","inLanguage":"pt-BR","@id":"https:\/\/www.notibras.com\/site\/desova-de-manequim-em-goias-cai-no-esquecimento\/#primaryimage","url":"https:\/\/www.notibras.com\/site\/wp-content\/uploads\/2024\/06\/3a6701dc-ee91-46df-9d65-a584b82fad01.jpeg","contentUrl":"https:\/\/www.notibras.com\/site\/wp-content\/uploads\/2024\/06\/3a6701dc-ee91-46df-9d65-a584b82fad01.jpeg","width":1080,"height":1080},{"@type":"BreadcrumbList","@id":"https:\/\/www.notibras.com\/site\/desova-de-manequim-em-goias-cai-no-esquecimento\/#breadcrumb","itemListElement":[{"@type":"ListItem","position":1,"name":"In\u00edcio","item":"https:\/\/www.notibras.com\/site\/"},{"@type":"ListItem","position":2,"name":"Desova de manequim em Goi\u00e1s cai no esquecimento"}]},{"@type":"WebSite","@id":"https:\/\/www.notibras.com\/site\/#website","url":"https:\/\/www.notibras.com\/site\/","name":"Notibras","description":"Not\u00edcias de Bras\u00edlia, do Brasil e do Mundo","publisher":{"@id":"https:\/\/www.notibras.com\/site\/#organization"},"potentialAction":[{"@type":"SearchAction","target":{"@type":"EntryPoint","urlTemplate":"https:\/\/www.notibras.com\/site\/?s={search_term_string}"},"query-input":{"@type":"PropertyValueSpecification","valueRequired":true,"valueName":"search_term_string"}}],"inLanguage":"pt-BR"},{"@type":"Organization","@id":"https:\/\/www.notibras.com\/site\/#organization","name":"Grupo Notibras de Comunica\u00e7\u00e3o","url":"https:\/\/www.notibras.com\/site\/","logo":{"@type":"ImageObject","inLanguage":"pt-BR","@id":"https:\/\/www.notibras.com\/site\/#\/schema\/logo\/image\/","url":"https:\/\/www.notibras.com\/site\/wp-content\/uploads\/2023\/01\/notibras23.png","contentUrl":"https:\/\/www.notibras.com\/site\/wp-content\/uploads\/2023\/01\/notibras23.png","width":350,"height":87,"caption":"Grupo Notibras de Comunica\u00e7\u00e3o"},"image":{"@id":"https:\/\/www.notibras.com\/site\/#\/schema\/logo\/image\/"},"sameAs":["https:\/\/www.facebook.com\/notibras\/","https:\/\/x.com\/Notibras","https:\/\/www.instagram.com\/notibras\/"]},{"@type":"Person","@id":"https:\/\/www.notibras.com\/site\/#\/schema\/person\/36ab0979449956132d3e5b517ea76ac8","name":"Reda\u00e7\u00e3o","image":{"@type":"ImageObject","inLanguage":"pt-BR","@id":"https:\/\/secure.gravatar.com\/avatar\/e0a867bdedb85fd243eadf09663511f96fc81e0720a4a42581f334ad4303aa6b?s=96&d=mm&r=g","url":"https:\/\/secure.gravatar.com\/avatar\/e0a867bdedb85fd243eadf09663511f96fc81e0720a4a42581f334ad4303aa6b?s=96&d=mm&r=g","contentUrl":"https:\/\/secure.gravatar.com\/avatar\/e0a867bdedb85fd243eadf09663511f96fc81e0720a4a42581f334ad4303aa6b?s=96&d=mm&r=g","caption":"Reda\u00e7\u00e3o"}}]}},"amp_enabled":true,"_links":{"self":[{"href":"https:\/\/www.notibras.com\/site\/wp-json\/wp\/v2\/posts\/330033","targetHints":{"allow":["GET"]}}],"collection":[{"href":"https:\/\/www.notibras.com\/site\/wp-json\/wp\/v2\/posts"}],"about":[{"href":"https:\/\/www.notibras.com\/site\/wp-json\/wp\/v2\/types\/post"}],"author":[{"embeddable":true,"href":"https:\/\/www.notibras.com\/site\/wp-json\/wp\/v2\/users\/2"}],"replies":[{"embeddable":true,"href":"https:\/\/www.notibras.com\/site\/wp-json\/wp\/v2\/comments?post=330033"}],"version-history":[{"count":2,"href":"https:\/\/www.notibras.com\/site\/wp-json\/wp\/v2\/posts\/330033\/revisions"}],"predecessor-version":[{"id":330036,"href":"https:\/\/www.notibras.com\/site\/wp-json\/wp\/v2\/posts\/330033\/revisions\/330036"}],"wp:featuredmedia":[{"embeddable":true,"href":"https:\/\/www.notibras.com\/site\/wp-json\/wp\/v2\/media\/330034"}],"wp:attachment":[{"href":"https:\/\/www.notibras.com\/site\/wp-json\/wp\/v2\/media?parent=330033"}],"wp:term":[{"taxonomy":"category","embeddable":true,"href":"https:\/\/www.notibras.com\/site\/wp-json\/wp\/v2\/categories?post=330033"},{"taxonomy":"post_tag","embeddable":true,"href":"https:\/\/www.notibras.com\/site\/wp-json\/wp\/v2\/tags?post=330033"}],"curies":[{"name":"wp","href":"https:\/\/api.w.org\/{rel}","templated":true}]}}