{"id":330040,"date":"2024-06-02T00:00:03","date_gmt":"2024-06-02T03:00:03","guid":{"rendered":"https:\/\/www.notibras.com\/site\/?p=330040"},"modified":"2024-06-02T10:25:34","modified_gmt":"2024-06-02T13:25:34","slug":"aguas-claras-aos-21-anos-recebe-letreiro-em-homenagem-a-cidade","status":"publish","type":"post","link":"https:\/\/www.notibras.com\/site\/aguas-claras-aos-21-anos-recebe-letreiro-em-homenagem-a-cidade\/","title":{"rendered":"\u00c1guas Claras, aos 21 anos, recebe letreiro em homenagem \u00e0 cidade"},"content":{"rendered":"<p>Como parte das comemora\u00e7\u00f5es dos seus 21 anos, \u00c1guas Claras recebeu o seu pr\u00f3prio letreiro como forma de homenagear a cidade. Posicionado no bal\u00e3o de entrada, muitos j\u00e1 foram at\u00e9 l\u00e1 para fazer fotos. O local e os dizeres foram escolhidos pela popula\u00e7\u00e3o em audi\u00eancia p\u00fablica realizada em novembro do ano passado.<\/p>\n<p>Morador da regi\u00e3o administrativa h\u00e1 15 anos, o servidor p\u00fablico Rivelino Mota, de 53 anos, aprova o letreiro. \u201cEssa placa reflete o amor e o carinho n\u00e3o apenas de quem vive em \u00c1guas Claras, mas de todos que se sentem acolhidos pela cidade. Al\u00e9m disso, acredito que essas placas acabaram se tornando uma tradi\u00e7\u00e3o em v\u00e1rios lugares\u201d, afirma.<\/p>\n<p>Apaixonado pelo local que escolheu para viver ele n\u00e3o poupa elogios. \u201cAqui \u00e9 uma cidade vertical, diferente de todas as outras do Distrito Federal, com muita vida, movimento e seguran\u00e7a.\u201d<\/p>\n<p>\u201cEssa placa reflete o amor e o carinho n\u00e3o apenas de quem vive em \u00c1guas Claras, mas de todos que se sentem acolhidos pela cidade\u201d, diz o servidor p\u00fablico Rivelino Mota<\/p>\n<p>O administrador regional de \u00c1guas Claras, Mario Furtado, lembra que a regi\u00e3o era umas das poucas que ainda n\u00e3o tinham um letreiro, que foi constru\u00eddo com apoio dos empreiteiros locais, que doaram concreto e estrutura de ferro.<\/p>\n<p>\u201c\u00c9 uma identidade da cidade e mostra o Estado ocupando e tomando conta da regi\u00e3o, com equipamentos p\u00fablicos que v\u00e3o da seguran\u00e7a \u00e0 constru\u00e7\u00e3o de escolas. \u00c9 mais um dos muitos ganhos para \u00c1guas Claras\u201d, afirma o administrador.<\/p>\n<p><strong>Equipamentos p\u00fablicos<\/strong><br \/>\nA cidade tamb\u00e9m ir\u00e1 contar com refor\u00e7o na educa\u00e7\u00e3o para a popula\u00e7\u00e3o. Est\u00e3o sendo projetados uma Escola Classe e um Centro Educacional (CED), situados, respectivamente, na Quadra 101 e na Quadra 102. Eles fazem parte do plano de expans\u00e3o educacional do governo Ibaneis Rocha. As pe\u00e7as t\u00e9cnicas para instru\u00e7\u00e3o do processo licitat\u00f3rio est\u00e3o sendo elaboradas, com a licita\u00e7\u00e3o prevista para ser lan\u00e7ada ainda este ano.<\/p>\n<p>A cidade tamb\u00e9m ser\u00e1 contemplada com a constru\u00e7\u00e3o de uma das sete unidades de pronto atendimento (UPAs). Na \u00faltima quarta-feira (29), o GDF publicou, na edi\u00e7\u00e3o extra do Di\u00e1rio Oficial do Distrito Federal (DODF), o aviso de divulga\u00e7\u00e3o do edital de chamamento p\u00fablico para a contrata\u00e7\u00e3o de empresas especializadas no ramo de engenharia para elaborar os projetos e executar as obras das UPAs. O edital deve ser divulgado pelo Instituto de Gest\u00e3o Estrat\u00e9gica de Sa\u00fade do Distrito Federal (IgesDF) em 7 de junho.<\/p>\n<p>Al\u00e9m de \u00c1guas Claras, ser\u00e3o constru\u00eddas UPAs em \u00c1gua Quente, Arapoanga, Estrutural, Guar\u00e1, Taguatinga e Sol Nascente. No total, ser\u00e1 investido um total de R$ 112 milh\u00f5es.<\/p>\n","protected":false},"excerpt":{"rendered":"<p>Como parte das comemora\u00e7\u00f5es dos seus 21 anos, \u00c1guas Claras recebeu o seu pr\u00f3prio letreiro como forma de homenagear a cidade. Posicionado no bal\u00e3o de entrada, muitos j\u00e1 foram at\u00e9 l\u00e1 para fazer fotos. O local e os dizeres foram escolhidos pela popula\u00e7\u00e3o em audi\u00eancia p\u00fablica realizada em novembro do ano passado. Morador da regi\u00e3o [&hellip;]<\/p>\n","protected":false},"author":2,"featured_media":330041,"comment_status":"closed","ping_status":"closed","sticky":false,"template":"","format":"standard","meta":{"_acf_changed":false,"footnotes":""},"categories":[161],"tags":[],"class_list":["post-330040","post","type-post","status-publish","format-standard","has-post-thumbnail","hentry","category-quadradinho-em-foco"],"acf":[],"yoast_head":"<!-- This site is optimized with the Yoast SEO plugin v27.5 - https:\/\/yoast.com\/product\/yoast-seo-wordpress\/ -->\n<title>\u00c1guas Claras, aos 21 anos, recebe letreiro em homenagem \u00e0 cidade - Notibras<\/title>\n<meta name=\"robots\" content=\"index, follow, max-snippet:-1, max-image-preview:large, max-video-preview:-1\" \/>\n<link rel=\"canonical\" href=\"https:\/\/www.notibras.com\/site\/aguas-claras-aos-21-anos-recebe-letreiro-em-homenagem-a-cidade\/\" \/>\n<meta property=\"og:locale\" content=\"pt_BR\" \/>\n<meta property=\"og:type\" content=\"article\" \/>\n<meta property=\"og:title\" content=\"\u00c1guas Claras, aos 21 anos, recebe letreiro em homenagem \u00e0 cidade - Notibras\" \/>\n<meta property=\"og:description\" content=\"Como parte das comemora\u00e7\u00f5es dos seus 21 anos, \u00c1guas Claras recebeu o seu pr\u00f3prio letreiro como forma de homenagear a cidade. Posicionado no bal\u00e3o de entrada, muitos j\u00e1 foram at\u00e9 l\u00e1 para fazer fotos. O local e os dizeres foram escolhidos pela popula\u00e7\u00e3o em audi\u00eancia p\u00fablica realizada em novembro do ano passado. Morador da regi\u00e3o [&hellip;]\" \/>\n<meta property=\"og:url\" content=\"https:\/\/www.notibras.com\/site\/aguas-claras-aos-21-anos-recebe-letreiro-em-homenagem-a-cidade\/\" \/>\n<meta property=\"og:site_name\" content=\"Notibras\" \/>\n<meta property=\"article:publisher\" content=\"https:\/\/www.facebook.com\/notibras\/\" \/>\n<meta property=\"article:published_time\" content=\"2024-06-02T03:00:03+00:00\" \/>\n<meta property=\"article:modified_time\" content=\"2024-06-02T13:25:34+00:00\" \/>\n<meta property=\"og:image\" content=\"https:\/\/www.notibras.com\/site\/wp-content\/uploads\/2024\/06\/53762986120_200fbafc27_c.jpg\" \/>\n\t<meta property=\"og:image:width\" content=\"799\" \/>\n\t<meta property=\"og:image:height\" content=\"533\" \/>\n\t<meta property=\"og:image:type\" content=\"image\/jpeg\" \/>\n<meta name=\"author\" content=\"Reda\u00e7\u00e3o\" \/>\n<meta name=\"twitter:card\" content=\"summary_large_image\" \/>\n<meta name=\"twitter:creator\" content=\"@Notibras\" \/>\n<meta name=\"twitter:site\" content=\"@Notibras\" \/>\n<meta name=\"twitter:label1\" content=\"Escrito por\" \/>\n\t<meta name=\"twitter:data1\" content=\"Reda\u00e7\u00e3o\" \/>\n\t<meta name=\"twitter:label2\" content=\"Est. tempo de leitura\" \/>\n\t<meta name=\"twitter:data2\" content=\"3 minutos\" \/>\n<script type=\"application\/ld+json\" class=\"yoast-schema-graph\">{\"@context\":\"https:\\\/\\\/schema.org\",\"@graph\":[{\"@type\":\"Article\",\"@id\":\"https:\\\/\\\/www.notibras.com\\\/site\\\/aguas-claras-aos-21-anos-recebe-letreiro-em-homenagem-a-cidade\\\/#article\",\"isPartOf\":{\"@id\":\"https:\\\/\\\/www.notibras.com\\\/site\\\/aguas-claras-aos-21-anos-recebe-letreiro-em-homenagem-a-cidade\\\/\"},\"author\":{\"name\":\"Reda\u00e7\u00e3o\",\"@id\":\"https:\\\/\\\/www.notibras.com\\\/site\\\/#\\\/schema\\\/person\\\/36ab0979449956132d3e5b517ea76ac8\"},\"headline\":\"\u00c1guas Claras, aos 21 anos, recebe letreiro em homenagem \u00e0 cidade\",\"datePublished\":\"2024-06-02T03:00:03+00:00\",\"dateModified\":\"2024-06-02T13:25:34+00:00\",\"mainEntityOfPage\":{\"@id\":\"https:\\\/\\\/www.notibras.com\\\/site\\\/aguas-claras-aos-21-anos-recebe-letreiro-em-homenagem-a-cidade\\\/\"},\"wordCount\":472,\"publisher\":{\"@id\":\"https:\\\/\\\/www.notibras.com\\\/site\\\/#organization\"},\"image\":{\"@id\":\"https:\\\/\\\/www.notibras.com\\\/site\\\/aguas-claras-aos-21-anos-recebe-letreiro-em-homenagem-a-cidade\\\/#primaryimage\"},\"thumbnailUrl\":\"https:\\\/\\\/www.notibras.com\\\/site\\\/wp-content\\\/uploads\\\/2024\\\/06\\\/53762986120_200fbafc27_c.jpg\",\"articleSection\":[\"Quadradinho em Foco\"],\"inLanguage\":\"pt-BR\"},{\"@type\":\"WebPage\",\"@id\":\"https:\\\/\\\/www.notibras.com\\\/site\\\/aguas-claras-aos-21-anos-recebe-letreiro-em-homenagem-a-cidade\\\/\",\"url\":\"https:\\\/\\\/www.notibras.com\\\/site\\\/aguas-claras-aos-21-anos-recebe-letreiro-em-homenagem-a-cidade\\\/\",\"name\":\"\u00c1guas Claras, aos 21 anos, recebe letreiro em homenagem \u00e0 cidade - Notibras\",\"isPartOf\":{\"@id\":\"https:\\\/\\\/www.notibras.com\\\/site\\\/#website\"},\"primaryImageOfPage\":{\"@id\":\"https:\\\/\\\/www.notibras.com\\\/site\\\/aguas-claras-aos-21-anos-recebe-letreiro-em-homenagem-a-cidade\\\/#primaryimage\"},\"image\":{\"@id\":\"https:\\\/\\\/www.notibras.com\\\/site\\\/aguas-claras-aos-21-anos-recebe-letreiro-em-homenagem-a-cidade\\\/#primaryimage\"},\"thumbnailUrl\":\"https:\\\/\\\/www.notibras.com\\\/site\\\/wp-content\\\/uploads\\\/2024\\\/06\\\/53762986120_200fbafc27_c.jpg\",\"datePublished\":\"2024-06-02T03:00:03+00:00\",\"dateModified\":\"2024-06-02T13:25:34+00:00\",\"breadcrumb\":{\"@id\":\"https:\\\/\\\/www.notibras.com\\\/site\\\/aguas-claras-aos-21-anos-recebe-letreiro-em-homenagem-a-cidade\\\/#breadcrumb\"},\"inLanguage\":\"pt-BR\",\"potentialAction\":[{\"@type\":\"ReadAction\",\"target\":[\"https:\\\/\\\/www.notibras.com\\\/site\\\/aguas-claras-aos-21-anos-recebe-letreiro-em-homenagem-a-cidade\\\/\"]}]},{\"@type\":\"ImageObject\",\"inLanguage\":\"pt-BR\",\"@id\":\"https:\\\/\\\/www.notibras.com\\\/site\\\/aguas-claras-aos-21-anos-recebe-letreiro-em-homenagem-a-cidade\\\/#primaryimage\",\"url\":\"https:\\\/\\\/www.notibras.com\\\/site\\\/wp-content\\\/uploads\\\/2024\\\/06\\\/53762986120_200fbafc27_c.jpg\",\"contentUrl\":\"https:\\\/\\\/www.notibras.com\\\/site\\\/wp-content\\\/uploads\\\/2024\\\/06\\\/53762986120_200fbafc27_c.jpg\",\"width\":799,\"height\":533},{\"@type\":\"BreadcrumbList\",\"@id\":\"https:\\\/\\\/www.notibras.com\\\/site\\\/aguas-claras-aos-21-anos-recebe-letreiro-em-homenagem-a-cidade\\\/#breadcrumb\",\"itemListElement\":[{\"@type\":\"ListItem\",\"position\":1,\"name\":\"In\u00edcio\",\"item\":\"https:\\\/\\\/www.notibras.com\\\/site\\\/\"},{\"@type\":\"ListItem\",\"position\":2,\"name\":\"\u00c1guas Claras, aos 21 anos, recebe letreiro em homenagem \u00e0 cidade\"}]},{\"@type\":\"WebSite\",\"@id\":\"https:\\\/\\\/www.notibras.com\\\/site\\\/#website\",\"url\":\"https:\\\/\\\/www.notibras.com\\\/site\\\/\",\"name\":\"Notibras\",\"description\":\"Not\u00edcias de Bras\u00edlia, do Brasil e do Mundo\",\"publisher\":{\"@id\":\"https:\\\/\\\/www.notibras.com\\\/site\\\/#organization\"},\"potentialAction\":[{\"@type\":\"SearchAction\",\"target\":{\"@type\":\"EntryPoint\",\"urlTemplate\":\"https:\\\/\\\/www.notibras.com\\\/site\\\/?s={search_term_string}\"},\"query-input\":{\"@type\":\"PropertyValueSpecification\",\"valueRequired\":true,\"valueName\":\"search_term_string\"}}],\"inLanguage\":\"pt-BR\"},{\"@type\":\"Organization\",\"@id\":\"https:\\\/\\\/www.notibras.com\\\/site\\\/#organization\",\"name\":\"Grupo Notibras de Comunica\u00e7\u00e3o\",\"url\":\"https:\\\/\\\/www.notibras.com\\\/site\\\/\",\"logo\":{\"@type\":\"ImageObject\",\"inLanguage\":\"pt-BR\",\"@id\":\"https:\\\/\\\/www.notibras.com\\\/site\\\/#\\\/schema\\\/logo\\\/image\\\/\",\"url\":\"https:\\\/\\\/www.notibras.com\\\/site\\\/wp-content\\\/uploads\\\/2023\\\/01\\\/notibras23.png\",\"contentUrl\":\"https:\\\/\\\/www.notibras.com\\\/site\\\/wp-content\\\/uploads\\\/2023\\\/01\\\/notibras23.png\",\"width\":350,\"height\":87,\"caption\":\"Grupo Notibras de Comunica\u00e7\u00e3o\"},\"image\":{\"@id\":\"https:\\\/\\\/www.notibras.com\\\/site\\\/#\\\/schema\\\/logo\\\/image\\\/\"},\"sameAs\":[\"https:\\\/\\\/www.facebook.com\\\/notibras\\\/\",\"https:\\\/\\\/x.com\\\/Notibras\",\"https:\\\/\\\/www.instagram.com\\\/notibras\\\/\"]},{\"@type\":\"Person\",\"@id\":\"https:\\\/\\\/www.notibras.com\\\/site\\\/#\\\/schema\\\/person\\\/36ab0979449956132d3e5b517ea76ac8\",\"name\":\"Reda\u00e7\u00e3o\",\"image\":{\"@type\":\"ImageObject\",\"inLanguage\":\"pt-BR\",\"@id\":\"https:\\\/\\\/secure.gravatar.com\\\/avatar\\\/e0a867bdedb85fd243eadf09663511f96fc81e0720a4a42581f334ad4303aa6b?s=96&d=mm&r=g\",\"url\":\"https:\\\/\\\/secure.gravatar.com\\\/avatar\\\/e0a867bdedb85fd243eadf09663511f96fc81e0720a4a42581f334ad4303aa6b?s=96&d=mm&r=g\",\"contentUrl\":\"https:\\\/\\\/secure.gravatar.com\\\/avatar\\\/e0a867bdedb85fd243eadf09663511f96fc81e0720a4a42581f334ad4303aa6b?s=96&d=mm&r=g\",\"caption\":\"Reda\u00e7\u00e3o\"}}]}<\/script>\n<!-- \/ Yoast SEO plugin. -->","yoast_head_json":{"title":"\u00c1guas Claras, aos 21 anos, recebe letreiro em homenagem \u00e0 cidade - Notibras","robots":{"index":"index","follow":"follow","max-snippet":"max-snippet:-1","max-image-preview":"max-image-preview:large","max-video-preview":"max-video-preview:-1"},"canonical":"https:\/\/www.notibras.com\/site\/aguas-claras-aos-21-anos-recebe-letreiro-em-homenagem-a-cidade\/","og_locale":"pt_BR","og_type":"article","og_title":"\u00c1guas Claras, aos 21 anos, recebe letreiro em homenagem \u00e0 cidade - Notibras","og_description":"Como parte das comemora\u00e7\u00f5es dos seus 21 anos, \u00c1guas Claras recebeu o seu pr\u00f3prio letreiro como forma de homenagear a cidade. Posicionado no bal\u00e3o de entrada, muitos j\u00e1 foram at\u00e9 l\u00e1 para fazer fotos. O local e os dizeres foram escolhidos pela popula\u00e7\u00e3o em audi\u00eancia p\u00fablica realizada em novembro do ano passado. Morador da regi\u00e3o [&hellip;]","og_url":"https:\/\/www.notibras.com\/site\/aguas-claras-aos-21-anos-recebe-letreiro-em-homenagem-a-cidade\/","og_site_name":"Notibras","article_publisher":"https:\/\/www.facebook.com\/notibras\/","article_published_time":"2024-06-02T03:00:03+00:00","article_modified_time":"2024-06-02T13:25:34+00:00","og_image":[{"width":799,"height":533,"url":"https:\/\/www.notibras.com\/site\/wp-content\/uploads\/2024\/06\/53762986120_200fbafc27_c.jpg","type":"image\/jpeg"}],"author":"Reda\u00e7\u00e3o","twitter_card":"summary_large_image","twitter_creator":"@Notibras","twitter_site":"@Notibras","twitter_misc":{"Escrito por":"Reda\u00e7\u00e3o","Est. tempo de leitura":"3 minutos"},"schema":{"@context":"https:\/\/schema.org","@graph":[{"@type":"Article","@id":"https:\/\/www.notibras.com\/site\/aguas-claras-aos-21-anos-recebe-letreiro-em-homenagem-a-cidade\/#article","isPartOf":{"@id":"https:\/\/www.notibras.com\/site\/aguas-claras-aos-21-anos-recebe-letreiro-em-homenagem-a-cidade\/"},"author":{"name":"Reda\u00e7\u00e3o","@id":"https:\/\/www.notibras.com\/site\/#\/schema\/person\/36ab0979449956132d3e5b517ea76ac8"},"headline":"\u00c1guas Claras, aos 21 anos, recebe letreiro em homenagem \u00e0 cidade","datePublished":"2024-06-02T03:00:03+00:00","dateModified":"2024-06-02T13:25:34+00:00","mainEntityOfPage":{"@id":"https:\/\/www.notibras.com\/site\/aguas-claras-aos-21-anos-recebe-letreiro-em-homenagem-a-cidade\/"},"wordCount":472,"publisher":{"@id":"https:\/\/www.notibras.com\/site\/#organization"},"image":{"@id":"https:\/\/www.notibras.com\/site\/aguas-claras-aos-21-anos-recebe-letreiro-em-homenagem-a-cidade\/#primaryimage"},"thumbnailUrl":"https:\/\/www.notibras.com\/site\/wp-content\/uploads\/2024\/06\/53762986120_200fbafc27_c.jpg","articleSection":["Quadradinho em Foco"],"inLanguage":"pt-BR"},{"@type":"WebPage","@id":"https:\/\/www.notibras.com\/site\/aguas-claras-aos-21-anos-recebe-letreiro-em-homenagem-a-cidade\/","url":"https:\/\/www.notibras.com\/site\/aguas-claras-aos-21-anos-recebe-letreiro-em-homenagem-a-cidade\/","name":"\u00c1guas Claras, aos 21 anos, recebe letreiro em homenagem \u00e0 cidade - Notibras","isPartOf":{"@id":"https:\/\/www.notibras.com\/site\/#website"},"primaryImageOfPage":{"@id":"https:\/\/www.notibras.com\/site\/aguas-claras-aos-21-anos-recebe-letreiro-em-homenagem-a-cidade\/#primaryimage"},"image":{"@id":"https:\/\/www.notibras.com\/site\/aguas-claras-aos-21-anos-recebe-letreiro-em-homenagem-a-cidade\/#primaryimage"},"thumbnailUrl":"https:\/\/www.notibras.com\/site\/wp-content\/uploads\/2024\/06\/53762986120_200fbafc27_c.jpg","datePublished":"2024-06-02T03:00:03+00:00","dateModified":"2024-06-02T13:25:34+00:00","breadcrumb":{"@id":"https:\/\/www.notibras.com\/site\/aguas-claras-aos-21-anos-recebe-letreiro-em-homenagem-a-cidade\/#breadcrumb"},"inLanguage":"pt-BR","potentialAction":[{"@type":"ReadAction","target":["https:\/\/www.notibras.com\/site\/aguas-claras-aos-21-anos-recebe-letreiro-em-homenagem-a-cidade\/"]}]},{"@type":"ImageObject","inLanguage":"pt-BR","@id":"https:\/\/www.notibras.com\/site\/aguas-claras-aos-21-anos-recebe-letreiro-em-homenagem-a-cidade\/#primaryimage","url":"https:\/\/www.notibras.com\/site\/wp-content\/uploads\/2024\/06\/53762986120_200fbafc27_c.jpg","contentUrl":"https:\/\/www.notibras.com\/site\/wp-content\/uploads\/2024\/06\/53762986120_200fbafc27_c.jpg","width":799,"height":533},{"@type":"BreadcrumbList","@id":"https:\/\/www.notibras.com\/site\/aguas-claras-aos-21-anos-recebe-letreiro-em-homenagem-a-cidade\/#breadcrumb","itemListElement":[{"@type":"ListItem","position":1,"name":"In\u00edcio","item":"https:\/\/www.notibras.com\/site\/"},{"@type":"ListItem","position":2,"name":"\u00c1guas Claras, aos 21 anos, recebe letreiro em homenagem \u00e0 cidade"}]},{"@type":"WebSite","@id":"https:\/\/www.notibras.com\/site\/#website","url":"https:\/\/www.notibras.com\/site\/","name":"Notibras","description":"Not\u00edcias de Bras\u00edlia, do Brasil e do Mundo","publisher":{"@id":"https:\/\/www.notibras.com\/site\/#organization"},"potentialAction":[{"@type":"SearchAction","target":{"@type":"EntryPoint","urlTemplate":"https:\/\/www.notibras.com\/site\/?s={search_term_string}"},"query-input":{"@type":"PropertyValueSpecification","valueRequired":true,"valueName":"search_term_string"}}],"inLanguage":"pt-BR"},{"@type":"Organization","@id":"https:\/\/www.notibras.com\/site\/#organization","name":"Grupo Notibras de Comunica\u00e7\u00e3o","url":"https:\/\/www.notibras.com\/site\/","logo":{"@type":"ImageObject","inLanguage":"pt-BR","@id":"https:\/\/www.notibras.com\/site\/#\/schema\/logo\/image\/","url":"https:\/\/www.notibras.com\/site\/wp-content\/uploads\/2023\/01\/notibras23.png","contentUrl":"https:\/\/www.notibras.com\/site\/wp-content\/uploads\/2023\/01\/notibras23.png","width":350,"height":87,"caption":"Grupo Notibras de Comunica\u00e7\u00e3o"},"image":{"@id":"https:\/\/www.notibras.com\/site\/#\/schema\/logo\/image\/"},"sameAs":["https:\/\/www.facebook.com\/notibras\/","https:\/\/x.com\/Notibras","https:\/\/www.instagram.com\/notibras\/"]},{"@type":"Person","@id":"https:\/\/www.notibras.com\/site\/#\/schema\/person\/36ab0979449956132d3e5b517ea76ac8","name":"Reda\u00e7\u00e3o","image":{"@type":"ImageObject","inLanguage":"pt-BR","@id":"https:\/\/secure.gravatar.com\/avatar\/e0a867bdedb85fd243eadf09663511f96fc81e0720a4a42581f334ad4303aa6b?s=96&d=mm&r=g","url":"https:\/\/secure.gravatar.com\/avatar\/e0a867bdedb85fd243eadf09663511f96fc81e0720a4a42581f334ad4303aa6b?s=96&d=mm&r=g","contentUrl":"https:\/\/secure.gravatar.com\/avatar\/e0a867bdedb85fd243eadf09663511f96fc81e0720a4a42581f334ad4303aa6b?s=96&d=mm&r=g","caption":"Reda\u00e7\u00e3o"}}]}},"amp_enabled":true,"_links":{"self":[{"href":"https:\/\/www.notibras.com\/site\/wp-json\/wp\/v2\/posts\/330040","targetHints":{"allow":["GET"]}}],"collection":[{"href":"https:\/\/www.notibras.com\/site\/wp-json\/wp\/v2\/posts"}],"about":[{"href":"https:\/\/www.notibras.com\/site\/wp-json\/wp\/v2\/types\/post"}],"author":[{"embeddable":true,"href":"https:\/\/www.notibras.com\/site\/wp-json\/wp\/v2\/users\/2"}],"replies":[{"embeddable":true,"href":"https:\/\/www.notibras.com\/site\/wp-json\/wp\/v2\/comments?post=330040"}],"version-history":[{"count":1,"href":"https:\/\/www.notibras.com\/site\/wp-json\/wp\/v2\/posts\/330040\/revisions"}],"predecessor-version":[{"id":330042,"href":"https:\/\/www.notibras.com\/site\/wp-json\/wp\/v2\/posts\/330040\/revisions\/330042"}],"wp:featuredmedia":[{"embeddable":true,"href":"https:\/\/www.notibras.com\/site\/wp-json\/wp\/v2\/media\/330041"}],"wp:attachment":[{"href":"https:\/\/www.notibras.com\/site\/wp-json\/wp\/v2\/media?parent=330040"}],"wp:term":[{"taxonomy":"category","embeddable":true,"href":"https:\/\/www.notibras.com\/site\/wp-json\/wp\/v2\/categories?post=330040"},{"taxonomy":"post_tag","embeddable":true,"href":"https:\/\/www.notibras.com\/site\/wp-json\/wp\/v2\/tags?post=330040"}],"curies":[{"name":"wp","href":"https:\/\/api.w.org\/{rel}","templated":true}]}}