{"id":330043,"date":"2024-06-02T00:00:11","date_gmt":"2024-06-02T03:00:11","guid":{"rendered":"https:\/\/www.notibras.com\/site\/?p=330043"},"modified":"2024-06-02T10:31:54","modified_gmt":"2024-06-02T13:31:54","slug":"pediatra-recomenda-cuidados-para-prevencao-de-sindromes-respiratorias","status":"publish","type":"post","link":"https:\/\/www.notibras.com\/site\/pediatra-recomenda-cuidados-para-prevencao-de-sindromes-respiratorias\/","title":{"rendered":"Pediatra recomenda cuidados para preven\u00e7\u00e3o de s\u00edndromes respirat\u00f3rias"},"content":{"rendered":"<p>Sazonais, as doen\u00e7as respirat\u00f3rias est\u00e3o em alta, e as crian\u00e7as s\u00e3o quem mais sofrem neste per\u00edodo do ano. A consequ\u00eancia disso \u00e9 a demanda expressiva de busca por atendimento m\u00e9dico nos prontos-socorros infantis. De janeiro a abril, o Hospital Regional de Santa Maria (HRSM) notificou 1.215 casos de s\u00edndromes respirat\u00f3rias, entre graves e leves. Os dados s\u00e3o do Sistema de Informa\u00e7\u00e3o de Vigil\u00e2ncia Epidemiol\u00f3gica da Gripe (Sivep Gripe) e do aplicativo e-Sus, compilados pela Vigil\u00e2ncia Epidemiol\u00f3gica do HRSM.<\/p>\n<p>Para evitar o cont\u00e1gio pelas s\u00edndromes respirat\u00f3rias, principalmente a bronquiolite viral aguda, o pediatra e infectologista Pedro Ribeiro Bianchini, do HRSM, lembra que as medidas de preven\u00e7\u00e3o s\u00e3o as mesmas que s\u00e3o recomendadas e j\u00e1 foram difundidas com a pandemia de covid-19: lavagem de m\u00e3os e uso do \u00e1lcool gel e de m\u00e1scaras no contato com os rec\u00e9m-nascidos e crian\u00e7as pequenas.<\/p>\n<p>Entre as notifica\u00e7\u00f5es das s\u00edndromes respirat\u00f3rias graves, foram registrados 42 casos em janeiro, 24 em fevereiro, 67 em mar\u00e7o e 158 em abril. Desse total, 274 crian\u00e7as tiveram casos graves, o que representa 97% dos casos notificados \u2013 51% do sexo masculino e 49%, do feminino. Das notifica\u00e7\u00f5es por regi\u00e3o, 55% s\u00e3o de moradores de Goi\u00e1s e 45%, do DF.<\/p>\n<p><strong>V\u00edrus<\/strong><br \/>\nA chefe do N\u00facleo da Vigil\u00e2ncia Epidemiol\u00f3gica do HRSM, Larysse Lima, explica que as s\u00edndromes respirat\u00f3rias agudas graves (SRAGs) podem ser causadas por v\u00e1rios micro-organismos, como bact\u00e9rias, v\u00edrus e fungos. \u201cEsses v\u00edrus podem ser influenza, sincicial, adenov\u00edrus e rinov\u00edrus\u201d, aponta. \u201cA consequ\u00eancia s\u00e3o infec\u00e7\u00f5es das vias a\u00e9reas, como as gripes e os resfriados, pneumonias e bronquiolites. E, desde 2020, com o in\u00edcio da pandemia de covid-19, existe a infec\u00e7\u00e3o respirat\u00f3ria causada pelo Sars-Cov-2\u201d.<\/p>\n<p>A classifica\u00e7\u00e3o final por agente etiol\u00f3gico ficou distribu\u00edda da seguinte forma: 3% SRAG influenza, 49% SRAG por outros v\u00edrus (influenza, rinov\u00edrus sincicial e adenov\u00edrus); 26% SRAG por covid e 22% por SRAG n\u00e3o especificada.<\/p>\n<p>De acordo com Pedro Ribeiro Bianchini, o aumento do n\u00famero de casos a partir de janeiro \u00e9 esperado devido \u00e0 circula\u00e7\u00e3o de v\u00edrus com novas muta\u00e7\u00f5es sofridas no hemisf\u00e9rio norte e que chegam ao hemisf\u00e9rio sul geralmente no final do ano, entre outubro e novembro.<\/p>\n<p>\u201cPor influ\u00eancia do per\u00edodo escolar, o pico acontece ap\u00f3s o in\u00edcio do per\u00edodo letivo, geralmente no meio de fevereiro ou in\u00edcio de mar\u00e7o, mas j\u00e1 temos v\u00edrus circulando desde outubro\/novembro e aumento de casos a partir de janeiro\u201d, detalha o m\u00e9dico.<\/p>\n<p><strong>Preven\u00e7\u00e3o<\/strong><br \/>\nBianchini destaca que, de forma geral, n\u00e3o \u00e9 recomendado aos rec\u00e9m-nascidos contato com outras pessoas por pelo menos at\u00e9 3 meses de idade, incluindo parentes e amigos. \u201cIsso tamb\u00e9m inclui frequentar ambientes fechados, como restaurantes, igrejas, shoppings etc., idealmente at\u00e9 os seis meses\u201d, recomenda o m\u00e9dico. \u201cAl\u00e9m disso, deve-se sempre verificar com quem for visitar a presen\u00e7a de algum sintoma que indique qualquer adoecimento agudo. Ou seja, evitar o contato do beb\u00ea com pessoas doentes.\u201d<\/p>\n<p>O profissional tamb\u00e9m aconselha consulta mensal com pediatra nos primeiros meses de vida \u2013 lembra que isso tamb\u00e9m \u00e9 fator que colabora com a sa\u00fade do rec\u00e9m-nascido, al\u00e9m da vacina\u00e7\u00e3o e do aleitamento materno. \u201cEsse aumento de casos, infelizmente, ocorre dentro do esperado, pois ainda n\u00e3o h\u00e1 a imunidade adquirida via vacina ou adoecimento pr\u00e9vio para parte da popula\u00e7\u00e3o pedi\u00e1trica\u201d, explica.<\/p>\n<p>O m\u00e9dico ainda cita a perspectiva de uma vacina contra o v\u00edrus sincicial respirat\u00f3rio (VSR) que est\u00e1 em estudos para imunizar gestantes e beb\u00eas. \u201cAp\u00f3s os estudos comprovarem a seguran\u00e7a e efic\u00e1cia nessa popula\u00e7\u00e3o, se adotada pelo SUS, a vacina contribuir\u00e1 significativamente para a redu\u00e7\u00e3o dos casos, pois o VSR \u00e9 o principal agente da bronquiolite nos menores de 1 ano de idade\u201d, avalia.<\/p>\n","protected":false},"excerpt":{"rendered":"<p>Sazonais, as doen\u00e7as respirat\u00f3rias est\u00e3o em alta, e as crian\u00e7as s\u00e3o quem mais sofrem neste per\u00edodo do ano. A consequ\u00eancia disso \u00e9 a demanda expressiva de busca por atendimento m\u00e9dico nos prontos-socorros infantis. De janeiro a abril, o Hospital Regional de Santa Maria (HRSM) notificou 1.215 casos de s\u00edndromes respirat\u00f3rias, entre graves e leves. Os [&hellip;]<\/p>\n","protected":false},"author":2,"featured_media":330044,"comment_status":"closed","ping_status":"closed","sticky":false,"template":"","format":"standard","meta":{"_acf_changed":false,"footnotes":""},"categories":[161],"tags":[],"class_list":["post-330043","post","type-post","status-publish","format-standard","has-post-thumbnail","hentry","category-quadradinho-em-foco"],"acf":[],"yoast_head":"<!-- This site is optimized with the Yoast SEO plugin v27.5 - https:\/\/yoast.com\/product\/yoast-seo-wordpress\/ -->\n<title>Pediatra recomenda cuidados para preven\u00e7\u00e3o de s\u00edndromes respirat\u00f3rias - Notibras<\/title>\n<meta name=\"robots\" content=\"index, follow, max-snippet:-1, max-image-preview:large, max-video-preview:-1\" \/>\n<link rel=\"canonical\" href=\"https:\/\/www.notibras.com\/site\/pediatra-recomenda-cuidados-para-prevencao-de-sindromes-respiratorias\/\" \/>\n<meta property=\"og:locale\" content=\"pt_BR\" \/>\n<meta property=\"og:type\" content=\"article\" \/>\n<meta property=\"og:title\" content=\"Pediatra recomenda cuidados para preven\u00e7\u00e3o de s\u00edndromes respirat\u00f3rias - Notibras\" \/>\n<meta property=\"og:description\" content=\"Sazonais, as doen\u00e7as respirat\u00f3rias est\u00e3o em alta, e as crian\u00e7as s\u00e3o quem mais sofrem neste per\u00edodo do ano. A consequ\u00eancia disso \u00e9 a demanda expressiva de busca por atendimento m\u00e9dico nos prontos-socorros infantis. De janeiro a abril, o Hospital Regional de Santa Maria (HRSM) notificou 1.215 casos de s\u00edndromes respirat\u00f3rias, entre graves e leves. Os [&hellip;]\" \/>\n<meta property=\"og:url\" content=\"https:\/\/www.notibras.com\/site\/pediatra-recomenda-cuidados-para-prevencao-de-sindromes-respiratorias\/\" \/>\n<meta property=\"og:site_name\" content=\"Notibras\" \/>\n<meta property=\"article:publisher\" content=\"https:\/\/www.facebook.com\/notibras\/\" \/>\n<meta property=\"article:published_time\" content=\"2024-06-02T03:00:11+00:00\" \/>\n<meta property=\"article:modified_time\" content=\"2024-06-02T13:31:54+00:00\" \/>\n<meta property=\"og:image\" content=\"https:\/\/www.notibras.com\/site\/wp-content\/uploads\/2024\/06\/29.5.-Materia-IgesDF3-1536x1024-1.jpeg\" \/>\n\t<meta property=\"og:image:width\" content=\"1536\" \/>\n\t<meta property=\"og:image:height\" content=\"1024\" \/>\n\t<meta property=\"og:image:type\" content=\"image\/jpeg\" \/>\n<meta name=\"author\" content=\"Reda\u00e7\u00e3o\" \/>\n<meta name=\"twitter:card\" content=\"summary_large_image\" \/>\n<meta name=\"twitter:creator\" content=\"@Notibras\" \/>\n<meta name=\"twitter:site\" content=\"@Notibras\" \/>\n<meta name=\"twitter:label1\" content=\"Escrito por\" \/>\n\t<meta name=\"twitter:data1\" content=\"Reda\u00e7\u00e3o\" \/>\n\t<meta name=\"twitter:label2\" content=\"Est. tempo de leitura\" \/>\n\t<meta name=\"twitter:data2\" content=\"4 minutos\" \/>\n<script type=\"application\/ld+json\" class=\"yoast-schema-graph\">{\"@context\":\"https:\\\/\\\/schema.org\",\"@graph\":[{\"@type\":\"Article\",\"@id\":\"https:\\\/\\\/www.notibras.com\\\/site\\\/pediatra-recomenda-cuidados-para-prevencao-de-sindromes-respiratorias\\\/#article\",\"isPartOf\":{\"@id\":\"https:\\\/\\\/www.notibras.com\\\/site\\\/pediatra-recomenda-cuidados-para-prevencao-de-sindromes-respiratorias\\\/\"},\"author\":{\"name\":\"Reda\u00e7\u00e3o\",\"@id\":\"https:\\\/\\\/www.notibras.com\\\/site\\\/#\\\/schema\\\/person\\\/36ab0979449956132d3e5b517ea76ac8\"},\"headline\":\"Pediatra recomenda cuidados para preven\u00e7\u00e3o de s\u00edndromes respirat\u00f3rias\",\"datePublished\":\"2024-06-02T03:00:11+00:00\",\"dateModified\":\"2024-06-02T13:31:54+00:00\",\"mainEntityOfPage\":{\"@id\":\"https:\\\/\\\/www.notibras.com\\\/site\\\/pediatra-recomenda-cuidados-para-prevencao-de-sindromes-respiratorias\\\/\"},\"wordCount\":682,\"publisher\":{\"@id\":\"https:\\\/\\\/www.notibras.com\\\/site\\\/#organization\"},\"image\":{\"@id\":\"https:\\\/\\\/www.notibras.com\\\/site\\\/pediatra-recomenda-cuidados-para-prevencao-de-sindromes-respiratorias\\\/#primaryimage\"},\"thumbnailUrl\":\"https:\\\/\\\/www.notibras.com\\\/site\\\/wp-content\\\/uploads\\\/2024\\\/06\\\/29.5.-Materia-IgesDF3-1536x1024-1.jpeg\",\"articleSection\":[\"Quadradinho em Foco\"],\"inLanguage\":\"pt-BR\"},{\"@type\":\"WebPage\",\"@id\":\"https:\\\/\\\/www.notibras.com\\\/site\\\/pediatra-recomenda-cuidados-para-prevencao-de-sindromes-respiratorias\\\/\",\"url\":\"https:\\\/\\\/www.notibras.com\\\/site\\\/pediatra-recomenda-cuidados-para-prevencao-de-sindromes-respiratorias\\\/\",\"name\":\"Pediatra recomenda cuidados para preven\u00e7\u00e3o de s\u00edndromes respirat\u00f3rias - Notibras\",\"isPartOf\":{\"@id\":\"https:\\\/\\\/www.notibras.com\\\/site\\\/#website\"},\"primaryImageOfPage\":{\"@id\":\"https:\\\/\\\/www.notibras.com\\\/site\\\/pediatra-recomenda-cuidados-para-prevencao-de-sindromes-respiratorias\\\/#primaryimage\"},\"image\":{\"@id\":\"https:\\\/\\\/www.notibras.com\\\/site\\\/pediatra-recomenda-cuidados-para-prevencao-de-sindromes-respiratorias\\\/#primaryimage\"},\"thumbnailUrl\":\"https:\\\/\\\/www.notibras.com\\\/site\\\/wp-content\\\/uploads\\\/2024\\\/06\\\/29.5.-Materia-IgesDF3-1536x1024-1.jpeg\",\"datePublished\":\"2024-06-02T03:00:11+00:00\",\"dateModified\":\"2024-06-02T13:31:54+00:00\",\"breadcrumb\":{\"@id\":\"https:\\\/\\\/www.notibras.com\\\/site\\\/pediatra-recomenda-cuidados-para-prevencao-de-sindromes-respiratorias\\\/#breadcrumb\"},\"inLanguage\":\"pt-BR\",\"potentialAction\":[{\"@type\":\"ReadAction\",\"target\":[\"https:\\\/\\\/www.notibras.com\\\/site\\\/pediatra-recomenda-cuidados-para-prevencao-de-sindromes-respiratorias\\\/\"]}]},{\"@type\":\"ImageObject\",\"inLanguage\":\"pt-BR\",\"@id\":\"https:\\\/\\\/www.notibras.com\\\/site\\\/pediatra-recomenda-cuidados-para-prevencao-de-sindromes-respiratorias\\\/#primaryimage\",\"url\":\"https:\\\/\\\/www.notibras.com\\\/site\\\/wp-content\\\/uploads\\\/2024\\\/06\\\/29.5.-Materia-IgesDF3-1536x1024-1.jpeg\",\"contentUrl\":\"https:\\\/\\\/www.notibras.com\\\/site\\\/wp-content\\\/uploads\\\/2024\\\/06\\\/29.5.-Materia-IgesDF3-1536x1024-1.jpeg\",\"width\":1536,\"height\":1024},{\"@type\":\"BreadcrumbList\",\"@id\":\"https:\\\/\\\/www.notibras.com\\\/site\\\/pediatra-recomenda-cuidados-para-prevencao-de-sindromes-respiratorias\\\/#breadcrumb\",\"itemListElement\":[{\"@type\":\"ListItem\",\"position\":1,\"name\":\"In\u00edcio\",\"item\":\"https:\\\/\\\/www.notibras.com\\\/site\\\/\"},{\"@type\":\"ListItem\",\"position\":2,\"name\":\"Pediatra recomenda cuidados para preven\u00e7\u00e3o de s\u00edndromes respirat\u00f3rias\"}]},{\"@type\":\"WebSite\",\"@id\":\"https:\\\/\\\/www.notibras.com\\\/site\\\/#website\",\"url\":\"https:\\\/\\\/www.notibras.com\\\/site\\\/\",\"name\":\"Notibras\",\"description\":\"Not\u00edcias de Bras\u00edlia, do Brasil e do Mundo\",\"publisher\":{\"@id\":\"https:\\\/\\\/www.notibras.com\\\/site\\\/#organization\"},\"potentialAction\":[{\"@type\":\"SearchAction\",\"target\":{\"@type\":\"EntryPoint\",\"urlTemplate\":\"https:\\\/\\\/www.notibras.com\\\/site\\\/?s={search_term_string}\"},\"query-input\":{\"@type\":\"PropertyValueSpecification\",\"valueRequired\":true,\"valueName\":\"search_term_string\"}}],\"inLanguage\":\"pt-BR\"},{\"@type\":\"Organization\",\"@id\":\"https:\\\/\\\/www.notibras.com\\\/site\\\/#organization\",\"name\":\"Grupo Notibras de Comunica\u00e7\u00e3o\",\"url\":\"https:\\\/\\\/www.notibras.com\\\/site\\\/\",\"logo\":{\"@type\":\"ImageObject\",\"inLanguage\":\"pt-BR\",\"@id\":\"https:\\\/\\\/www.notibras.com\\\/site\\\/#\\\/schema\\\/logo\\\/image\\\/\",\"url\":\"https:\\\/\\\/www.notibras.com\\\/site\\\/wp-content\\\/uploads\\\/2023\\\/01\\\/notibras23.png\",\"contentUrl\":\"https:\\\/\\\/www.notibras.com\\\/site\\\/wp-content\\\/uploads\\\/2023\\\/01\\\/notibras23.png\",\"width\":350,\"height\":87,\"caption\":\"Grupo Notibras de Comunica\u00e7\u00e3o\"},\"image\":{\"@id\":\"https:\\\/\\\/www.notibras.com\\\/site\\\/#\\\/schema\\\/logo\\\/image\\\/\"},\"sameAs\":[\"https:\\\/\\\/www.facebook.com\\\/notibras\\\/\",\"https:\\\/\\\/x.com\\\/Notibras\",\"https:\\\/\\\/www.instagram.com\\\/notibras\\\/\"]},{\"@type\":\"Person\",\"@id\":\"https:\\\/\\\/www.notibras.com\\\/site\\\/#\\\/schema\\\/person\\\/36ab0979449956132d3e5b517ea76ac8\",\"name\":\"Reda\u00e7\u00e3o\",\"image\":{\"@type\":\"ImageObject\",\"inLanguage\":\"pt-BR\",\"@id\":\"https:\\\/\\\/secure.gravatar.com\\\/avatar\\\/e0a867bdedb85fd243eadf09663511f96fc81e0720a4a42581f334ad4303aa6b?s=96&d=mm&r=g\",\"url\":\"https:\\\/\\\/secure.gravatar.com\\\/avatar\\\/e0a867bdedb85fd243eadf09663511f96fc81e0720a4a42581f334ad4303aa6b?s=96&d=mm&r=g\",\"contentUrl\":\"https:\\\/\\\/secure.gravatar.com\\\/avatar\\\/e0a867bdedb85fd243eadf09663511f96fc81e0720a4a42581f334ad4303aa6b?s=96&d=mm&r=g\",\"caption\":\"Reda\u00e7\u00e3o\"}}]}<\/script>\n<!-- \/ Yoast SEO plugin. -->","yoast_head_json":{"title":"Pediatra recomenda cuidados para preven\u00e7\u00e3o de s\u00edndromes respirat\u00f3rias - Notibras","robots":{"index":"index","follow":"follow","max-snippet":"max-snippet:-1","max-image-preview":"max-image-preview:large","max-video-preview":"max-video-preview:-1"},"canonical":"https:\/\/www.notibras.com\/site\/pediatra-recomenda-cuidados-para-prevencao-de-sindromes-respiratorias\/","og_locale":"pt_BR","og_type":"article","og_title":"Pediatra recomenda cuidados para preven\u00e7\u00e3o de s\u00edndromes respirat\u00f3rias - Notibras","og_description":"Sazonais, as doen\u00e7as respirat\u00f3rias est\u00e3o em alta, e as crian\u00e7as s\u00e3o quem mais sofrem neste per\u00edodo do ano. A consequ\u00eancia disso \u00e9 a demanda expressiva de busca por atendimento m\u00e9dico nos prontos-socorros infantis. De janeiro a abril, o Hospital Regional de Santa Maria (HRSM) notificou 1.215 casos de s\u00edndromes respirat\u00f3rias, entre graves e leves. Os [&hellip;]","og_url":"https:\/\/www.notibras.com\/site\/pediatra-recomenda-cuidados-para-prevencao-de-sindromes-respiratorias\/","og_site_name":"Notibras","article_publisher":"https:\/\/www.facebook.com\/notibras\/","article_published_time":"2024-06-02T03:00:11+00:00","article_modified_time":"2024-06-02T13:31:54+00:00","og_image":[{"width":1536,"height":1024,"url":"https:\/\/www.notibras.com\/site\/wp-content\/uploads\/2024\/06\/29.5.-Materia-IgesDF3-1536x1024-1.jpeg","type":"image\/jpeg"}],"author":"Reda\u00e7\u00e3o","twitter_card":"summary_large_image","twitter_creator":"@Notibras","twitter_site":"@Notibras","twitter_misc":{"Escrito por":"Reda\u00e7\u00e3o","Est. tempo de leitura":"4 minutos"},"schema":{"@context":"https:\/\/schema.org","@graph":[{"@type":"Article","@id":"https:\/\/www.notibras.com\/site\/pediatra-recomenda-cuidados-para-prevencao-de-sindromes-respiratorias\/#article","isPartOf":{"@id":"https:\/\/www.notibras.com\/site\/pediatra-recomenda-cuidados-para-prevencao-de-sindromes-respiratorias\/"},"author":{"name":"Reda\u00e7\u00e3o","@id":"https:\/\/www.notibras.com\/site\/#\/schema\/person\/36ab0979449956132d3e5b517ea76ac8"},"headline":"Pediatra recomenda cuidados para preven\u00e7\u00e3o de s\u00edndromes respirat\u00f3rias","datePublished":"2024-06-02T03:00:11+00:00","dateModified":"2024-06-02T13:31:54+00:00","mainEntityOfPage":{"@id":"https:\/\/www.notibras.com\/site\/pediatra-recomenda-cuidados-para-prevencao-de-sindromes-respiratorias\/"},"wordCount":682,"publisher":{"@id":"https:\/\/www.notibras.com\/site\/#organization"},"image":{"@id":"https:\/\/www.notibras.com\/site\/pediatra-recomenda-cuidados-para-prevencao-de-sindromes-respiratorias\/#primaryimage"},"thumbnailUrl":"https:\/\/www.notibras.com\/site\/wp-content\/uploads\/2024\/06\/29.5.-Materia-IgesDF3-1536x1024-1.jpeg","articleSection":["Quadradinho em Foco"],"inLanguage":"pt-BR"},{"@type":"WebPage","@id":"https:\/\/www.notibras.com\/site\/pediatra-recomenda-cuidados-para-prevencao-de-sindromes-respiratorias\/","url":"https:\/\/www.notibras.com\/site\/pediatra-recomenda-cuidados-para-prevencao-de-sindromes-respiratorias\/","name":"Pediatra recomenda cuidados para preven\u00e7\u00e3o de s\u00edndromes respirat\u00f3rias - Notibras","isPartOf":{"@id":"https:\/\/www.notibras.com\/site\/#website"},"primaryImageOfPage":{"@id":"https:\/\/www.notibras.com\/site\/pediatra-recomenda-cuidados-para-prevencao-de-sindromes-respiratorias\/#primaryimage"},"image":{"@id":"https:\/\/www.notibras.com\/site\/pediatra-recomenda-cuidados-para-prevencao-de-sindromes-respiratorias\/#primaryimage"},"thumbnailUrl":"https:\/\/www.notibras.com\/site\/wp-content\/uploads\/2024\/06\/29.5.-Materia-IgesDF3-1536x1024-1.jpeg","datePublished":"2024-06-02T03:00:11+00:00","dateModified":"2024-06-02T13:31:54+00:00","breadcrumb":{"@id":"https:\/\/www.notibras.com\/site\/pediatra-recomenda-cuidados-para-prevencao-de-sindromes-respiratorias\/#breadcrumb"},"inLanguage":"pt-BR","potentialAction":[{"@type":"ReadAction","target":["https:\/\/www.notibras.com\/site\/pediatra-recomenda-cuidados-para-prevencao-de-sindromes-respiratorias\/"]}]},{"@type":"ImageObject","inLanguage":"pt-BR","@id":"https:\/\/www.notibras.com\/site\/pediatra-recomenda-cuidados-para-prevencao-de-sindromes-respiratorias\/#primaryimage","url":"https:\/\/www.notibras.com\/site\/wp-content\/uploads\/2024\/06\/29.5.-Materia-IgesDF3-1536x1024-1.jpeg","contentUrl":"https:\/\/www.notibras.com\/site\/wp-content\/uploads\/2024\/06\/29.5.-Materia-IgesDF3-1536x1024-1.jpeg","width":1536,"height":1024},{"@type":"BreadcrumbList","@id":"https:\/\/www.notibras.com\/site\/pediatra-recomenda-cuidados-para-prevencao-de-sindromes-respiratorias\/#breadcrumb","itemListElement":[{"@type":"ListItem","position":1,"name":"In\u00edcio","item":"https:\/\/www.notibras.com\/site\/"},{"@type":"ListItem","position":2,"name":"Pediatra recomenda cuidados para preven\u00e7\u00e3o de s\u00edndromes respirat\u00f3rias"}]},{"@type":"WebSite","@id":"https:\/\/www.notibras.com\/site\/#website","url":"https:\/\/www.notibras.com\/site\/","name":"Notibras","description":"Not\u00edcias de Bras\u00edlia, do Brasil e do Mundo","publisher":{"@id":"https:\/\/www.notibras.com\/site\/#organization"},"potentialAction":[{"@type":"SearchAction","target":{"@type":"EntryPoint","urlTemplate":"https:\/\/www.notibras.com\/site\/?s={search_term_string}"},"query-input":{"@type":"PropertyValueSpecification","valueRequired":true,"valueName":"search_term_string"}}],"inLanguage":"pt-BR"},{"@type":"Organization","@id":"https:\/\/www.notibras.com\/site\/#organization","name":"Grupo Notibras de Comunica\u00e7\u00e3o","url":"https:\/\/www.notibras.com\/site\/","logo":{"@type":"ImageObject","inLanguage":"pt-BR","@id":"https:\/\/www.notibras.com\/site\/#\/schema\/logo\/image\/","url":"https:\/\/www.notibras.com\/site\/wp-content\/uploads\/2023\/01\/notibras23.png","contentUrl":"https:\/\/www.notibras.com\/site\/wp-content\/uploads\/2023\/01\/notibras23.png","width":350,"height":87,"caption":"Grupo Notibras de Comunica\u00e7\u00e3o"},"image":{"@id":"https:\/\/www.notibras.com\/site\/#\/schema\/logo\/image\/"},"sameAs":["https:\/\/www.facebook.com\/notibras\/","https:\/\/x.com\/Notibras","https:\/\/www.instagram.com\/notibras\/"]},{"@type":"Person","@id":"https:\/\/www.notibras.com\/site\/#\/schema\/person\/36ab0979449956132d3e5b517ea76ac8","name":"Reda\u00e7\u00e3o","image":{"@type":"ImageObject","inLanguage":"pt-BR","@id":"https:\/\/secure.gravatar.com\/avatar\/e0a867bdedb85fd243eadf09663511f96fc81e0720a4a42581f334ad4303aa6b?s=96&d=mm&r=g","url":"https:\/\/secure.gravatar.com\/avatar\/e0a867bdedb85fd243eadf09663511f96fc81e0720a4a42581f334ad4303aa6b?s=96&d=mm&r=g","contentUrl":"https:\/\/secure.gravatar.com\/avatar\/e0a867bdedb85fd243eadf09663511f96fc81e0720a4a42581f334ad4303aa6b?s=96&d=mm&r=g","caption":"Reda\u00e7\u00e3o"}}]}},"amp_enabled":true,"_links":{"self":[{"href":"https:\/\/www.notibras.com\/site\/wp-json\/wp\/v2\/posts\/330043","targetHints":{"allow":["GET"]}}],"collection":[{"href":"https:\/\/www.notibras.com\/site\/wp-json\/wp\/v2\/posts"}],"about":[{"href":"https:\/\/www.notibras.com\/site\/wp-json\/wp\/v2\/types\/post"}],"author":[{"embeddable":true,"href":"https:\/\/www.notibras.com\/site\/wp-json\/wp\/v2\/users\/2"}],"replies":[{"embeddable":true,"href":"https:\/\/www.notibras.com\/site\/wp-json\/wp\/v2\/comments?post=330043"}],"version-history":[{"count":1,"href":"https:\/\/www.notibras.com\/site\/wp-json\/wp\/v2\/posts\/330043\/revisions"}],"predecessor-version":[{"id":330045,"href":"https:\/\/www.notibras.com\/site\/wp-json\/wp\/v2\/posts\/330043\/revisions\/330045"}],"wp:featuredmedia":[{"embeddable":true,"href":"https:\/\/www.notibras.com\/site\/wp-json\/wp\/v2\/media\/330044"}],"wp:attachment":[{"href":"https:\/\/www.notibras.com\/site\/wp-json\/wp\/v2\/media?parent=330043"}],"wp:term":[{"taxonomy":"category","embeddable":true,"href":"https:\/\/www.notibras.com\/site\/wp-json\/wp\/v2\/categories?post=330043"},{"taxonomy":"post_tag","embeddable":true,"href":"https:\/\/www.notibras.com\/site\/wp-json\/wp\/v2\/tags?post=330043"}],"curies":[{"name":"wp","href":"https:\/\/api.w.org\/{rel}","templated":true}]}}