{"id":330049,"date":"2024-06-02T00:00:55","date_gmt":"2024-06-02T03:00:55","guid":{"rendered":"https:\/\/www.notibras.com\/site\/?p=330049"},"modified":"2024-06-02T11:01:54","modified_gmt":"2024-06-02T14:01:54","slug":"leite-humano-e-alimento-para-nutrir-e-proteger-recem-nascidos","status":"publish","type":"post","link":"https:\/\/www.notibras.com\/site\/leite-humano-e-alimento-para-nutrir-e-proteger-recem-nascidos\/","title":{"rendered":"Leite humano \u00e9 alimento para nutrir e proteger rec\u00e9m-nascidos"},"content":{"rendered":"<p>Geovanna Duarte acredita que nada \u00e9 por acaso. Nascida com 34 semanas de gesta\u00e7\u00e3o e apenas 1.245 gramas, ela recebeu leite humano \u2013 o alimento mais importante para as necessidades nutricionais e a prote\u00e7\u00e3o imunol\u00f3gica de rec\u00e9m-nascidos \u2013 distribu\u00eddo pelo Banco de Leite Humano (BLH) do Hospital Regional de Taguatinga (HRT). Hoje com 26 anos, enquanto faz resid\u00eancia em fonoaudiologia, Geovanna reconhece a import\u00e2ncia que o ato teve para a vida dela e retribui diretamente, com o trabalho na \u00e1rea de motricidade orofacial para o aleitamento de beb\u00eas que t\u00eam dificuldades de suc\u00e7\u00e3o e degluti\u00e7\u00e3o.<\/p>\n<p>Em evento promovido pelo BLH do Hospital Regional de Planaltina (HRP) na sexta-feira (24), na tenda do Centro de Refer\u00eancia em Pr\u00e1ticas Integrativas em Sa\u00fade (Cerpis), Geovanna agradeceu \u00e0s m\u00e3es doadoras da unidade pelo gesto de amor. \u201c\u00c0s vezes, voc\u00eas n\u00e3o t\u00eam no\u00e7\u00e3o da import\u00e2ncia que tem o leite que doam, mas sou a prova viva disso. Cada gotinha que recebi foi fundamental para que eu crescesse de forma saud\u00e1vel\u201d, declarou \u00e0s mais de 60 doadoras que contribuem para a manuten\u00e7\u00e3o do estoque da unidade em 2024.<\/p>\n<p>Vida em cada gotaNo dia 19 de maio \u00e9 celebrado o Dia Mundial da Doa\u00e7\u00e3o de Leite Humano. A data \u00e9 marcada por a\u00e7\u00f5es que buscam sensibilizar a sociedade para a promo\u00e7\u00e3o e a prote\u00e7\u00e3o do aleitamento materno e da doa\u00e7\u00e3o de leite humano. O encontro entre m\u00e3es doadoras, familiares de beb\u00eas receptores e profissionais da rede de BLH do DF, al\u00e9m de apresentar instru\u00e7\u00f5es pr\u00e1ticas a gestantes e doadoras, enfatizou a relev\u00e2ncia de cada um dos atores desta importante rede de generosidade e vida.<\/p>\n<p>Enquanto amamentava o primeiro filho, Isaac Fernandes, hoje com 7 anos, Laizza Trindade doava o excesso de leite produzido com a alegria e a convic\u00e7\u00e3o de quem imaginava o valor do gesto para a sa\u00fade de outras crian\u00e7as. No entanto, apenas quando viu o segundo filho, Miguel Fernandes, ser amamentado por seringa com 4 mililitros de leite humano a cada tr\u00eas horas, foi capaz de compreender o verdadeiro significado de cada gota oferecida ao rec\u00e9m-nascido.<\/p>\n<p>O beb\u00ea ficou internado por 18 dias na UTI neonatal ap\u00f3s ser reanimado ao nascer prematuramente devido a um quadro de pr\u00e9-ecl\u00e2mpsia \u2013 relacionado ao aumento da press\u00e3o arterial da gestante.<\/p>\n<p>Hoje, tr\u00eas meses ap\u00f3s dar \u00e0 luz o ca\u00e7ula, a moradora de Planaltina empenha-se em seguir doando ao menos um litro de leite quinzenalmente \u00e0 equipe do Corpo de Bombeiros Militar do DF (CBMDF) que realiza a coleta na pr\u00f3pria casa dela. \u201cA gente tira t\u00e3o pouquinho e acha que n\u00e3o vai ter nenhuma serventia\u2026 Mas serve, sim! Com aquele \u00fanico vidro que eu doo, agora sei que consigo alimentar dezenas de beb\u00eas\u201d, enfatiza com orgulho.<\/p>\n<p><strong>Rede de BLH<\/strong><br \/>\nO Banco de Leite do HRP tem 62 doadoras ativas. De janeiro a mar\u00e7o de 2024, foram coletados 164 litros de leite humano. Durante esse per\u00edodo, quase 300 beb\u00eas foram beneficiados com o alimento coletado, processado e distribu\u00eddo pela unidade, que tamb\u00e9m presta aux\u00edlio \u00e0s m\u00e3es que t\u00eam d\u00favidas ou dificuldades para amamentar.<\/p>\n<p>O DF conta atualmente com 14 bancos de leite. Todas as unidades t\u00eam equipes multiprofissionais e servidores capacitados na \u00e1rea de aleitamento materno. Para doar, o cadastro pode ser feito por meio do telefone 160 (op\u00e7\u00e3o 4) ou no site Amamenta Bras\u00edlia.<\/p>\n<p>Al\u00e9m do envio de todas as orienta\u00e7\u00f5es, uma equipe do Corpo de Bombeiros vai \u00e0 resid\u00eancia da doadora deixar o kit e, posteriormente, buscar os vidros cheios, sem a necessidade de deslocamento aos postos de coleta.<\/p>\n<p>Os bancos de leite de Bras\u00edlia s\u00e3o classificados como refer\u00eancia nacional pelo Minist\u00e9rio da Sa\u00fade, al\u00e9m de possuir padr\u00e3o ouro pelo Programa Internacional Ibero-Americano de Bancos de Leite Humano.<\/p>\n","protected":false},"excerpt":{"rendered":"<p>Geovanna Duarte acredita que nada \u00e9 por acaso. Nascida com 34 semanas de gesta\u00e7\u00e3o e apenas 1.245 gramas, ela recebeu leite humano \u2013 o alimento mais importante para as necessidades nutricionais e a prote\u00e7\u00e3o imunol\u00f3gica de rec\u00e9m-nascidos \u2013 distribu\u00eddo pelo Banco de Leite Humano (BLH) do Hospital Regional de Taguatinga (HRT). Hoje com 26 anos, [&hellip;]<\/p>\n","protected":false},"author":2,"featured_media":330050,"comment_status":"closed","ping_status":"closed","sticky":false,"template":"","format":"standard","meta":{"_acf_changed":false,"footnotes":""},"categories":[161],"tags":[],"class_list":["post-330049","post","type-post","status-publish","format-standard","has-post-thumbnail","hentry","category-quadradinho-em-foco"],"acf":[],"yoast_head":"<!-- This site is optimized with the Yoast SEO plugin v27.5 - https:\/\/yoast.com\/product\/yoast-seo-wordpress\/ -->\n<title>Leite humano \u00e9 alimento para nutrir e proteger rec\u00e9m-nascidos - Notibras<\/title>\n<meta name=\"robots\" content=\"index, follow, max-snippet:-1, max-image-preview:large, max-video-preview:-1\" \/>\n<link rel=\"canonical\" href=\"https:\/\/www.notibras.com\/site\/leite-humano-e-alimento-para-nutrir-e-proteger-recem-nascidos\/\" \/>\n<meta property=\"og:locale\" content=\"pt_BR\" \/>\n<meta property=\"og:type\" content=\"article\" \/>\n<meta property=\"og:title\" content=\"Leite humano \u00e9 alimento para nutrir e proteger rec\u00e9m-nascidos - Notibras\" \/>\n<meta property=\"og:description\" content=\"Geovanna Duarte acredita que nada \u00e9 por acaso. Nascida com 34 semanas de gesta\u00e7\u00e3o e apenas 1.245 gramas, ela recebeu leite humano \u2013 o alimento mais importante para as necessidades nutricionais e a prote\u00e7\u00e3o imunol\u00f3gica de rec\u00e9m-nascidos \u2013 distribu\u00eddo pelo Banco de Leite Humano (BLH) do Hospital Regional de Taguatinga (HRT). Hoje com 26 anos, [&hellip;]\" \/>\n<meta property=\"og:url\" content=\"https:\/\/www.notibras.com\/site\/leite-humano-e-alimento-para-nutrir-e-proteger-recem-nascidos\/\" \/>\n<meta property=\"og:site_name\" content=\"Notibras\" \/>\n<meta property=\"article:publisher\" content=\"https:\/\/www.facebook.com\/notibras\/\" \/>\n<meta property=\"article:published_time\" content=\"2024-06-02T03:00:55+00:00\" \/>\n<meta property=\"article:modified_time\" content=\"2024-06-02T14:01:54+00:00\" \/>\n<meta property=\"og:image\" content=\"https:\/\/www.notibras.com\/site\/wp-content\/uploads\/2024\/06\/Foto_Sandro-Araujo_Agencia-Saude-DF-3-1-1536x1024-1.jpg\" \/>\n\t<meta property=\"og:image:width\" content=\"1536\" \/>\n\t<meta property=\"og:image:height\" content=\"1024\" \/>\n\t<meta property=\"og:image:type\" content=\"image\/jpeg\" \/>\n<meta name=\"author\" content=\"Reda\u00e7\u00e3o\" \/>\n<meta name=\"twitter:card\" content=\"summary_large_image\" \/>\n<meta name=\"twitter:creator\" content=\"@Notibras\" \/>\n<meta name=\"twitter:site\" content=\"@Notibras\" \/>\n<meta name=\"twitter:label1\" content=\"Escrito por\" \/>\n\t<meta name=\"twitter:data1\" content=\"Reda\u00e7\u00e3o\" \/>\n\t<meta name=\"twitter:label2\" content=\"Est. tempo de leitura\" \/>\n\t<meta name=\"twitter:data2\" content=\"4 minutos\" \/>\n<script type=\"application\/ld+json\" class=\"yoast-schema-graph\">{\"@context\":\"https:\\\/\\\/schema.org\",\"@graph\":[{\"@type\":\"Article\",\"@id\":\"https:\\\/\\\/www.notibras.com\\\/site\\\/leite-humano-e-alimento-para-nutrir-e-proteger-recem-nascidos\\\/#article\",\"isPartOf\":{\"@id\":\"https:\\\/\\\/www.notibras.com\\\/site\\\/leite-humano-e-alimento-para-nutrir-e-proteger-recem-nascidos\\\/\"},\"author\":{\"name\":\"Reda\u00e7\u00e3o\",\"@id\":\"https:\\\/\\\/www.notibras.com\\\/site\\\/#\\\/schema\\\/person\\\/36ab0979449956132d3e5b517ea76ac8\"},\"headline\":\"Leite humano \u00e9 alimento para nutrir e proteger rec\u00e9m-nascidos\",\"datePublished\":\"2024-06-02T03:00:55+00:00\",\"dateModified\":\"2024-06-02T14:01:54+00:00\",\"mainEntityOfPage\":{\"@id\":\"https:\\\/\\\/www.notibras.com\\\/site\\\/leite-humano-e-alimento-para-nutrir-e-proteger-recem-nascidos\\\/\"},\"wordCount\":666,\"publisher\":{\"@id\":\"https:\\\/\\\/www.notibras.com\\\/site\\\/#organization\"},\"image\":{\"@id\":\"https:\\\/\\\/www.notibras.com\\\/site\\\/leite-humano-e-alimento-para-nutrir-e-proteger-recem-nascidos\\\/#primaryimage\"},\"thumbnailUrl\":\"https:\\\/\\\/www.notibras.com\\\/site\\\/wp-content\\\/uploads\\\/2024\\\/06\\\/Foto_Sandro-Araujo_Agencia-Saude-DF-3-1-1536x1024-1.jpg\",\"articleSection\":[\"Quadradinho em Foco\"],\"inLanguage\":\"pt-BR\"},{\"@type\":\"WebPage\",\"@id\":\"https:\\\/\\\/www.notibras.com\\\/site\\\/leite-humano-e-alimento-para-nutrir-e-proteger-recem-nascidos\\\/\",\"url\":\"https:\\\/\\\/www.notibras.com\\\/site\\\/leite-humano-e-alimento-para-nutrir-e-proteger-recem-nascidos\\\/\",\"name\":\"Leite humano \u00e9 alimento para nutrir e proteger rec\u00e9m-nascidos - Notibras\",\"isPartOf\":{\"@id\":\"https:\\\/\\\/www.notibras.com\\\/site\\\/#website\"},\"primaryImageOfPage\":{\"@id\":\"https:\\\/\\\/www.notibras.com\\\/site\\\/leite-humano-e-alimento-para-nutrir-e-proteger-recem-nascidos\\\/#primaryimage\"},\"image\":{\"@id\":\"https:\\\/\\\/www.notibras.com\\\/site\\\/leite-humano-e-alimento-para-nutrir-e-proteger-recem-nascidos\\\/#primaryimage\"},\"thumbnailUrl\":\"https:\\\/\\\/www.notibras.com\\\/site\\\/wp-content\\\/uploads\\\/2024\\\/06\\\/Foto_Sandro-Araujo_Agencia-Saude-DF-3-1-1536x1024-1.jpg\",\"datePublished\":\"2024-06-02T03:00:55+00:00\",\"dateModified\":\"2024-06-02T14:01:54+00:00\",\"breadcrumb\":{\"@id\":\"https:\\\/\\\/www.notibras.com\\\/site\\\/leite-humano-e-alimento-para-nutrir-e-proteger-recem-nascidos\\\/#breadcrumb\"},\"inLanguage\":\"pt-BR\",\"potentialAction\":[{\"@type\":\"ReadAction\",\"target\":[\"https:\\\/\\\/www.notibras.com\\\/site\\\/leite-humano-e-alimento-para-nutrir-e-proteger-recem-nascidos\\\/\"]}]},{\"@type\":\"ImageObject\",\"inLanguage\":\"pt-BR\",\"@id\":\"https:\\\/\\\/www.notibras.com\\\/site\\\/leite-humano-e-alimento-para-nutrir-e-proteger-recem-nascidos\\\/#primaryimage\",\"url\":\"https:\\\/\\\/www.notibras.com\\\/site\\\/wp-content\\\/uploads\\\/2024\\\/06\\\/Foto_Sandro-Araujo_Agencia-Saude-DF-3-1-1536x1024-1.jpg\",\"contentUrl\":\"https:\\\/\\\/www.notibras.com\\\/site\\\/wp-content\\\/uploads\\\/2024\\\/06\\\/Foto_Sandro-Araujo_Agencia-Saude-DF-3-1-1536x1024-1.jpg\",\"width\":1536,\"height\":1024},{\"@type\":\"BreadcrumbList\",\"@id\":\"https:\\\/\\\/www.notibras.com\\\/site\\\/leite-humano-e-alimento-para-nutrir-e-proteger-recem-nascidos\\\/#breadcrumb\",\"itemListElement\":[{\"@type\":\"ListItem\",\"position\":1,\"name\":\"In\u00edcio\",\"item\":\"https:\\\/\\\/www.notibras.com\\\/site\\\/\"},{\"@type\":\"ListItem\",\"position\":2,\"name\":\"Leite humano \u00e9 alimento para nutrir e proteger rec\u00e9m-nascidos\"}]},{\"@type\":\"WebSite\",\"@id\":\"https:\\\/\\\/www.notibras.com\\\/site\\\/#website\",\"url\":\"https:\\\/\\\/www.notibras.com\\\/site\\\/\",\"name\":\"Notibras\",\"description\":\"Not\u00edcias de Bras\u00edlia, do Brasil e do Mundo\",\"publisher\":{\"@id\":\"https:\\\/\\\/www.notibras.com\\\/site\\\/#organization\"},\"potentialAction\":[{\"@type\":\"SearchAction\",\"target\":{\"@type\":\"EntryPoint\",\"urlTemplate\":\"https:\\\/\\\/www.notibras.com\\\/site\\\/?s={search_term_string}\"},\"query-input\":{\"@type\":\"PropertyValueSpecification\",\"valueRequired\":true,\"valueName\":\"search_term_string\"}}],\"inLanguage\":\"pt-BR\"},{\"@type\":\"Organization\",\"@id\":\"https:\\\/\\\/www.notibras.com\\\/site\\\/#organization\",\"name\":\"Grupo Notibras de Comunica\u00e7\u00e3o\",\"url\":\"https:\\\/\\\/www.notibras.com\\\/site\\\/\",\"logo\":{\"@type\":\"ImageObject\",\"inLanguage\":\"pt-BR\",\"@id\":\"https:\\\/\\\/www.notibras.com\\\/site\\\/#\\\/schema\\\/logo\\\/image\\\/\",\"url\":\"https:\\\/\\\/www.notibras.com\\\/site\\\/wp-content\\\/uploads\\\/2023\\\/01\\\/notibras23.png\",\"contentUrl\":\"https:\\\/\\\/www.notibras.com\\\/site\\\/wp-content\\\/uploads\\\/2023\\\/01\\\/notibras23.png\",\"width\":350,\"height\":87,\"caption\":\"Grupo Notibras de Comunica\u00e7\u00e3o\"},\"image\":{\"@id\":\"https:\\\/\\\/www.notibras.com\\\/site\\\/#\\\/schema\\\/logo\\\/image\\\/\"},\"sameAs\":[\"https:\\\/\\\/www.facebook.com\\\/notibras\\\/\",\"https:\\\/\\\/x.com\\\/Notibras\",\"https:\\\/\\\/www.instagram.com\\\/notibras\\\/\"]},{\"@type\":\"Person\",\"@id\":\"https:\\\/\\\/www.notibras.com\\\/site\\\/#\\\/schema\\\/person\\\/36ab0979449956132d3e5b517ea76ac8\",\"name\":\"Reda\u00e7\u00e3o\",\"image\":{\"@type\":\"ImageObject\",\"inLanguage\":\"pt-BR\",\"@id\":\"https:\\\/\\\/secure.gravatar.com\\\/avatar\\\/e0a867bdedb85fd243eadf09663511f96fc81e0720a4a42581f334ad4303aa6b?s=96&d=mm&r=g\",\"url\":\"https:\\\/\\\/secure.gravatar.com\\\/avatar\\\/e0a867bdedb85fd243eadf09663511f96fc81e0720a4a42581f334ad4303aa6b?s=96&d=mm&r=g\",\"contentUrl\":\"https:\\\/\\\/secure.gravatar.com\\\/avatar\\\/e0a867bdedb85fd243eadf09663511f96fc81e0720a4a42581f334ad4303aa6b?s=96&d=mm&r=g\",\"caption\":\"Reda\u00e7\u00e3o\"}}]}<\/script>\n<!-- \/ Yoast SEO plugin. -->","yoast_head_json":{"title":"Leite humano \u00e9 alimento para nutrir e proteger rec\u00e9m-nascidos - Notibras","robots":{"index":"index","follow":"follow","max-snippet":"max-snippet:-1","max-image-preview":"max-image-preview:large","max-video-preview":"max-video-preview:-1"},"canonical":"https:\/\/www.notibras.com\/site\/leite-humano-e-alimento-para-nutrir-e-proteger-recem-nascidos\/","og_locale":"pt_BR","og_type":"article","og_title":"Leite humano \u00e9 alimento para nutrir e proteger rec\u00e9m-nascidos - Notibras","og_description":"Geovanna Duarte acredita que nada \u00e9 por acaso. Nascida com 34 semanas de gesta\u00e7\u00e3o e apenas 1.245 gramas, ela recebeu leite humano \u2013 o alimento mais importante para as necessidades nutricionais e a prote\u00e7\u00e3o imunol\u00f3gica de rec\u00e9m-nascidos \u2013 distribu\u00eddo pelo Banco de Leite Humano (BLH) do Hospital Regional de Taguatinga (HRT). Hoje com 26 anos, [&hellip;]","og_url":"https:\/\/www.notibras.com\/site\/leite-humano-e-alimento-para-nutrir-e-proteger-recem-nascidos\/","og_site_name":"Notibras","article_publisher":"https:\/\/www.facebook.com\/notibras\/","article_published_time":"2024-06-02T03:00:55+00:00","article_modified_time":"2024-06-02T14:01:54+00:00","og_image":[{"width":1536,"height":1024,"url":"https:\/\/www.notibras.com\/site\/wp-content\/uploads\/2024\/06\/Foto_Sandro-Araujo_Agencia-Saude-DF-3-1-1536x1024-1.jpg","type":"image\/jpeg"}],"author":"Reda\u00e7\u00e3o","twitter_card":"summary_large_image","twitter_creator":"@Notibras","twitter_site":"@Notibras","twitter_misc":{"Escrito por":"Reda\u00e7\u00e3o","Est. tempo de leitura":"4 minutos"},"schema":{"@context":"https:\/\/schema.org","@graph":[{"@type":"Article","@id":"https:\/\/www.notibras.com\/site\/leite-humano-e-alimento-para-nutrir-e-proteger-recem-nascidos\/#article","isPartOf":{"@id":"https:\/\/www.notibras.com\/site\/leite-humano-e-alimento-para-nutrir-e-proteger-recem-nascidos\/"},"author":{"name":"Reda\u00e7\u00e3o","@id":"https:\/\/www.notibras.com\/site\/#\/schema\/person\/36ab0979449956132d3e5b517ea76ac8"},"headline":"Leite humano \u00e9 alimento para nutrir e proteger rec\u00e9m-nascidos","datePublished":"2024-06-02T03:00:55+00:00","dateModified":"2024-06-02T14:01:54+00:00","mainEntityOfPage":{"@id":"https:\/\/www.notibras.com\/site\/leite-humano-e-alimento-para-nutrir-e-proteger-recem-nascidos\/"},"wordCount":666,"publisher":{"@id":"https:\/\/www.notibras.com\/site\/#organization"},"image":{"@id":"https:\/\/www.notibras.com\/site\/leite-humano-e-alimento-para-nutrir-e-proteger-recem-nascidos\/#primaryimage"},"thumbnailUrl":"https:\/\/www.notibras.com\/site\/wp-content\/uploads\/2024\/06\/Foto_Sandro-Araujo_Agencia-Saude-DF-3-1-1536x1024-1.jpg","articleSection":["Quadradinho em Foco"],"inLanguage":"pt-BR"},{"@type":"WebPage","@id":"https:\/\/www.notibras.com\/site\/leite-humano-e-alimento-para-nutrir-e-proteger-recem-nascidos\/","url":"https:\/\/www.notibras.com\/site\/leite-humano-e-alimento-para-nutrir-e-proteger-recem-nascidos\/","name":"Leite humano \u00e9 alimento para nutrir e proteger rec\u00e9m-nascidos - Notibras","isPartOf":{"@id":"https:\/\/www.notibras.com\/site\/#website"},"primaryImageOfPage":{"@id":"https:\/\/www.notibras.com\/site\/leite-humano-e-alimento-para-nutrir-e-proteger-recem-nascidos\/#primaryimage"},"image":{"@id":"https:\/\/www.notibras.com\/site\/leite-humano-e-alimento-para-nutrir-e-proteger-recem-nascidos\/#primaryimage"},"thumbnailUrl":"https:\/\/www.notibras.com\/site\/wp-content\/uploads\/2024\/06\/Foto_Sandro-Araujo_Agencia-Saude-DF-3-1-1536x1024-1.jpg","datePublished":"2024-06-02T03:00:55+00:00","dateModified":"2024-06-02T14:01:54+00:00","breadcrumb":{"@id":"https:\/\/www.notibras.com\/site\/leite-humano-e-alimento-para-nutrir-e-proteger-recem-nascidos\/#breadcrumb"},"inLanguage":"pt-BR","potentialAction":[{"@type":"ReadAction","target":["https:\/\/www.notibras.com\/site\/leite-humano-e-alimento-para-nutrir-e-proteger-recem-nascidos\/"]}]},{"@type":"ImageObject","inLanguage":"pt-BR","@id":"https:\/\/www.notibras.com\/site\/leite-humano-e-alimento-para-nutrir-e-proteger-recem-nascidos\/#primaryimage","url":"https:\/\/www.notibras.com\/site\/wp-content\/uploads\/2024\/06\/Foto_Sandro-Araujo_Agencia-Saude-DF-3-1-1536x1024-1.jpg","contentUrl":"https:\/\/www.notibras.com\/site\/wp-content\/uploads\/2024\/06\/Foto_Sandro-Araujo_Agencia-Saude-DF-3-1-1536x1024-1.jpg","width":1536,"height":1024},{"@type":"BreadcrumbList","@id":"https:\/\/www.notibras.com\/site\/leite-humano-e-alimento-para-nutrir-e-proteger-recem-nascidos\/#breadcrumb","itemListElement":[{"@type":"ListItem","position":1,"name":"In\u00edcio","item":"https:\/\/www.notibras.com\/site\/"},{"@type":"ListItem","position":2,"name":"Leite humano \u00e9 alimento para nutrir e proteger rec\u00e9m-nascidos"}]},{"@type":"WebSite","@id":"https:\/\/www.notibras.com\/site\/#website","url":"https:\/\/www.notibras.com\/site\/","name":"Notibras","description":"Not\u00edcias de Bras\u00edlia, do Brasil e do Mundo","publisher":{"@id":"https:\/\/www.notibras.com\/site\/#organization"},"potentialAction":[{"@type":"SearchAction","target":{"@type":"EntryPoint","urlTemplate":"https:\/\/www.notibras.com\/site\/?s={search_term_string}"},"query-input":{"@type":"PropertyValueSpecification","valueRequired":true,"valueName":"search_term_string"}}],"inLanguage":"pt-BR"},{"@type":"Organization","@id":"https:\/\/www.notibras.com\/site\/#organization","name":"Grupo Notibras de Comunica\u00e7\u00e3o","url":"https:\/\/www.notibras.com\/site\/","logo":{"@type":"ImageObject","inLanguage":"pt-BR","@id":"https:\/\/www.notibras.com\/site\/#\/schema\/logo\/image\/","url":"https:\/\/www.notibras.com\/site\/wp-content\/uploads\/2023\/01\/notibras23.png","contentUrl":"https:\/\/www.notibras.com\/site\/wp-content\/uploads\/2023\/01\/notibras23.png","width":350,"height":87,"caption":"Grupo Notibras de Comunica\u00e7\u00e3o"},"image":{"@id":"https:\/\/www.notibras.com\/site\/#\/schema\/logo\/image\/"},"sameAs":["https:\/\/www.facebook.com\/notibras\/","https:\/\/x.com\/Notibras","https:\/\/www.instagram.com\/notibras\/"]},{"@type":"Person","@id":"https:\/\/www.notibras.com\/site\/#\/schema\/person\/36ab0979449956132d3e5b517ea76ac8","name":"Reda\u00e7\u00e3o","image":{"@type":"ImageObject","inLanguage":"pt-BR","@id":"https:\/\/secure.gravatar.com\/avatar\/e0a867bdedb85fd243eadf09663511f96fc81e0720a4a42581f334ad4303aa6b?s=96&d=mm&r=g","url":"https:\/\/secure.gravatar.com\/avatar\/e0a867bdedb85fd243eadf09663511f96fc81e0720a4a42581f334ad4303aa6b?s=96&d=mm&r=g","contentUrl":"https:\/\/secure.gravatar.com\/avatar\/e0a867bdedb85fd243eadf09663511f96fc81e0720a4a42581f334ad4303aa6b?s=96&d=mm&r=g","caption":"Reda\u00e7\u00e3o"}}]}},"amp_enabled":true,"_links":{"self":[{"href":"https:\/\/www.notibras.com\/site\/wp-json\/wp\/v2\/posts\/330049","targetHints":{"allow":["GET"]}}],"collection":[{"href":"https:\/\/www.notibras.com\/site\/wp-json\/wp\/v2\/posts"}],"about":[{"href":"https:\/\/www.notibras.com\/site\/wp-json\/wp\/v2\/types\/post"}],"author":[{"embeddable":true,"href":"https:\/\/www.notibras.com\/site\/wp-json\/wp\/v2\/users\/2"}],"replies":[{"embeddable":true,"href":"https:\/\/www.notibras.com\/site\/wp-json\/wp\/v2\/comments?post=330049"}],"version-history":[{"count":1,"href":"https:\/\/www.notibras.com\/site\/wp-json\/wp\/v2\/posts\/330049\/revisions"}],"predecessor-version":[{"id":330051,"href":"https:\/\/www.notibras.com\/site\/wp-json\/wp\/v2\/posts\/330049\/revisions\/330051"}],"wp:featuredmedia":[{"embeddable":true,"href":"https:\/\/www.notibras.com\/site\/wp-json\/wp\/v2\/media\/330050"}],"wp:attachment":[{"href":"https:\/\/www.notibras.com\/site\/wp-json\/wp\/v2\/media?parent=330049"}],"wp:term":[{"taxonomy":"category","embeddable":true,"href":"https:\/\/www.notibras.com\/site\/wp-json\/wp\/v2\/categories?post=330049"},{"taxonomy":"post_tag","embeddable":true,"href":"https:\/\/www.notibras.com\/site\/wp-json\/wp\/v2\/tags?post=330049"}],"curies":[{"name":"wp","href":"https:\/\/api.w.org\/{rel}","templated":true}]}}