{"id":330052,"date":"2024-06-02T00:05:07","date_gmt":"2024-06-02T03:05:07","guid":{"rendered":"https:\/\/www.notibras.com\/site\/?p=330052"},"modified":"2024-06-02T11:06:44","modified_gmt":"2024-06-02T14:06:44","slug":"atividades-vao-marcar-mais-uma-semana-do-meio-ambiente","status":"publish","type":"post","link":"https:\/\/www.notibras.com\/site\/atividades-vao-marcar-mais-uma-semana-do-meio-ambiente\/","title":{"rendered":"Atividades v\u00e3o marcar mais uma Semana do Meio Ambiente"},"content":{"rendered":"<p>Em comemora\u00e7\u00e3o ao Dia Mundial do Meio Ambiente, celebrado em 5 de junho, a Secretaria do Meio Ambiente e Prote\u00e7\u00e3o Animal do Distrito Federal (Sema), juntamente com \u00f3rg\u00e3os que comp\u00f5em o sistema do meio ambiente, preparou um m\u00eas repleto de atividades para engajar a comunidade e promover pr\u00e1ticas sustent\u00e1veis. Dentre as a\u00e7\u00f5es, destaca-se a Semana do Meio Ambiente, intitulada Conex\u00e3o Ambiental, que ser\u00e1 realizada a partir desta segunda-feira (3). A programa\u00e7\u00e3o diversificada inclui palestras, workshops, exposi\u00e7\u00f5es e atividades pr\u00e1ticas \u2013 a maioria das iniciativas ocorrer\u00e1 no Estacionamento 12 do Parque da Cidade e no Parque Ecol\u00f3gico de \u00c1guas Claras, com acesso gratuito ao p\u00fablico.<\/p>\n<p>O evento tem como objetivo sensibilizar e educar a popula\u00e7\u00e3o sobre a import\u00e2ncia da conserva\u00e7\u00e3o ambiental e da ado\u00e7\u00e3o de pr\u00e1ticas sustent\u00e1veis. Entre os destaques da programa\u00e7\u00e3o, est\u00e3o a Unidade M\u00f3vel de Atendimento \u00e0 Mulher, a\u00e7\u00f5es do programa Reciclotech, que fomenta o descarte correto de eletroeletr\u00f4nicos, e a inaugura\u00e7\u00e3o da Usina P\u00fablica de Energia Solar Fotovoltaica no Parque Ecol\u00f3gico de \u00c1guas Claras. Al\u00e9m disso, ser\u00e3o realizados encontros com ciclistas e caminhantes, exposi\u00e7\u00f5es de produtos e servi\u00e7os tur\u00edsticos e atividades com a participa\u00e7\u00e3o do Batalh\u00e3o de Pol\u00edcia Ambiental.<\/p>\n<p>O secret\u00e1rio do Meio Ambiente e Prote\u00e7\u00e3o Animal do DF, Gutemberg Gomes, destaca a import\u00e2ncia do evento para a promo\u00e7\u00e3o da sustentabilidade e a preserva\u00e7\u00e3o do cerrado. \u201cA Conex\u00e3o Ambiental marca a uni\u00e3o de esfor\u00e7os entre \u00f3rg\u00e3os do GDF, institui\u00e7\u00f5es e a sociedade civil. A colabora\u00e7\u00e3o de todos tem sido fundamental para alcan\u00e7armos nossos objetivos. De forma transversal, estamos fortalecendo pol\u00edticas p\u00fablicas e projetos que visam a conserva\u00e7\u00e3o dos recursos naturais, a recupera\u00e7\u00e3o de ecossistemas degradados e a prote\u00e7\u00e3o da fauna e flora do Distrito Federal\u201d, comenta Gutemberg.<\/p>\n<p>A programa\u00e7\u00e3o ter\u00e1, ainda, uma s\u00e9rie de eventos voltados para a educa\u00e7\u00e3o ambiental e a conscientiza\u00e7\u00e3o da popula\u00e7\u00e3o. Haver\u00e1 palestras sobre mudan\u00e7as clim\u00e1ticas, oficinas sobre t\u00e9cnicas de plantio e vacina\u00e7\u00e3o antirr\u00e1bica para animais dom\u00e9sticos. Al\u00e9m disso, ser\u00e3o realizadas feiras de ado\u00e7\u00e3o respons\u00e1vel e demonstra\u00e7\u00f5es de adestramento de c\u00e3es e gatos.<\/p>\n<p>No s\u00e1bado (8), o bloco Bloco Eduardo e M\u00f4nica ir\u00e1 se apresentar. J\u00e1 o encerramento da Semana do Meio Ambiente, no domingo (9), ser\u00e1 marcado por um grande evento com a apresenta\u00e7\u00e3o do relat\u00f3rio de mudas nativas do cerrado plantadas em 2023\/2024 e a realiza\u00e7\u00e3o do Circuito Mountain Bike X Conex\u00e3o Ambiental. As atividades incluem tamb\u00e9m palestras com a Novacap sobre a poda correta de \u00e1rvores e apresenta\u00e7\u00e3o da Orquestra Sinf\u00f4nica de Bras\u00edlia.<\/p>\n","protected":false},"excerpt":{"rendered":"<p>Em comemora\u00e7\u00e3o ao Dia Mundial do Meio Ambiente, celebrado em 5 de junho, a Secretaria do Meio Ambiente e Prote\u00e7\u00e3o Animal do Distrito Federal (Sema), juntamente com \u00f3rg\u00e3os que comp\u00f5em o sistema do meio ambiente, preparou um m\u00eas repleto de atividades para engajar a comunidade e promover pr\u00e1ticas sustent\u00e1veis. Dentre as a\u00e7\u00f5es, destaca-se a Semana [&hellip;]<\/p>\n","protected":false},"author":2,"featured_media":330053,"comment_status":"closed","ping_status":"closed","sticky":false,"template":"","format":"standard","meta":{"_acf_changed":false,"footnotes":""},"categories":[161],"tags":[],"class_list":["post-330052","post","type-post","status-publish","format-standard","has-post-thumbnail","hentry","category-quadradinho-em-foco"],"acf":[],"yoast_head":"<!-- This site is optimized with the Yoast SEO plugin v27.5 - https:\/\/yoast.com\/product\/yoast-seo-wordpress\/ -->\n<title>Atividades v\u00e3o marcar mais uma Semana do Meio Ambiente - Notibras<\/title>\n<meta name=\"robots\" content=\"index, follow, max-snippet:-1, max-image-preview:large, max-video-preview:-1\" \/>\n<link rel=\"canonical\" href=\"https:\/\/www.notibras.com\/site\/atividades-vao-marcar-mais-uma-semana-do-meio-ambiente\/\" \/>\n<meta property=\"og:locale\" content=\"pt_BR\" \/>\n<meta property=\"og:type\" content=\"article\" \/>\n<meta property=\"og:title\" content=\"Atividades v\u00e3o marcar mais uma Semana do Meio Ambiente - Notibras\" \/>\n<meta property=\"og:description\" content=\"Em comemora\u00e7\u00e3o ao Dia Mundial do Meio Ambiente, celebrado em 5 de junho, a Secretaria do Meio Ambiente e Prote\u00e7\u00e3o Animal do Distrito Federal (Sema), juntamente com \u00f3rg\u00e3os que comp\u00f5em o sistema do meio ambiente, preparou um m\u00eas repleto de atividades para engajar a comunidade e promover pr\u00e1ticas sustent\u00e1veis. Dentre as a\u00e7\u00f5es, destaca-se a Semana [&hellip;]\" \/>\n<meta property=\"og:url\" content=\"https:\/\/www.notibras.com\/site\/atividades-vao-marcar-mais-uma-semana-do-meio-ambiente\/\" \/>\n<meta property=\"og:site_name\" content=\"Notibras\" \/>\n<meta property=\"article:publisher\" content=\"https:\/\/www.facebook.com\/notibras\/\" \/>\n<meta property=\"article:published_time\" content=\"2024-06-02T03:05:07+00:00\" \/>\n<meta property=\"article:modified_time\" content=\"2024-06-02T14:06:44+00:00\" \/>\n<meta property=\"og:image\" content=\"https:\/\/www.notibras.com\/site\/wp-content\/uploads\/2024\/06\/WhatsApp-Image-2024-05-29-at-20.23.44.jpeg\" \/>\n\t<meta property=\"og:image:width\" content=\"799\" \/>\n\t<meta property=\"og:image:height\" content=\"533\" \/>\n\t<meta property=\"og:image:type\" content=\"image\/jpeg\" \/>\n<meta name=\"author\" content=\"Reda\u00e7\u00e3o\" \/>\n<meta name=\"twitter:card\" content=\"summary_large_image\" \/>\n<meta name=\"twitter:creator\" content=\"@Notibras\" \/>\n<meta name=\"twitter:site\" content=\"@Notibras\" \/>\n<meta name=\"twitter:label1\" content=\"Escrito por\" \/>\n\t<meta name=\"twitter:data1\" content=\"Reda\u00e7\u00e3o\" \/>\n\t<meta name=\"twitter:label2\" content=\"Est. tempo de leitura\" \/>\n\t<meta name=\"twitter:data2\" content=\"3 minutos\" \/>\n<script type=\"application\/ld+json\" class=\"yoast-schema-graph\">{\"@context\":\"https:\\\/\\\/schema.org\",\"@graph\":[{\"@type\":\"Article\",\"@id\":\"https:\\\/\\\/www.notibras.com\\\/site\\\/atividades-vao-marcar-mais-uma-semana-do-meio-ambiente\\\/#article\",\"isPartOf\":{\"@id\":\"https:\\\/\\\/www.notibras.com\\\/site\\\/atividades-vao-marcar-mais-uma-semana-do-meio-ambiente\\\/\"},\"author\":{\"name\":\"Reda\u00e7\u00e3o\",\"@id\":\"https:\\\/\\\/www.notibras.com\\\/site\\\/#\\\/schema\\\/person\\\/36ab0979449956132d3e5b517ea76ac8\"},\"headline\":\"Atividades v\u00e3o marcar mais uma Semana do Meio Ambiente\",\"datePublished\":\"2024-06-02T03:05:07+00:00\",\"dateModified\":\"2024-06-02T14:06:44+00:00\",\"mainEntityOfPage\":{\"@id\":\"https:\\\/\\\/www.notibras.com\\\/site\\\/atividades-vao-marcar-mais-uma-semana-do-meio-ambiente\\\/\"},\"wordCount\":484,\"publisher\":{\"@id\":\"https:\\\/\\\/www.notibras.com\\\/site\\\/#organization\"},\"image\":{\"@id\":\"https:\\\/\\\/www.notibras.com\\\/site\\\/atividades-vao-marcar-mais-uma-semana-do-meio-ambiente\\\/#primaryimage\"},\"thumbnailUrl\":\"https:\\\/\\\/www.notibras.com\\\/site\\\/wp-content\\\/uploads\\\/2024\\\/06\\\/WhatsApp-Image-2024-05-29-at-20.23.44.jpeg\",\"articleSection\":[\"Quadradinho em Foco\"],\"inLanguage\":\"pt-BR\"},{\"@type\":\"WebPage\",\"@id\":\"https:\\\/\\\/www.notibras.com\\\/site\\\/atividades-vao-marcar-mais-uma-semana-do-meio-ambiente\\\/\",\"url\":\"https:\\\/\\\/www.notibras.com\\\/site\\\/atividades-vao-marcar-mais-uma-semana-do-meio-ambiente\\\/\",\"name\":\"Atividades v\u00e3o marcar mais uma Semana do Meio Ambiente - Notibras\",\"isPartOf\":{\"@id\":\"https:\\\/\\\/www.notibras.com\\\/site\\\/#website\"},\"primaryImageOfPage\":{\"@id\":\"https:\\\/\\\/www.notibras.com\\\/site\\\/atividades-vao-marcar-mais-uma-semana-do-meio-ambiente\\\/#primaryimage\"},\"image\":{\"@id\":\"https:\\\/\\\/www.notibras.com\\\/site\\\/atividades-vao-marcar-mais-uma-semana-do-meio-ambiente\\\/#primaryimage\"},\"thumbnailUrl\":\"https:\\\/\\\/www.notibras.com\\\/site\\\/wp-content\\\/uploads\\\/2024\\\/06\\\/WhatsApp-Image-2024-05-29-at-20.23.44.jpeg\",\"datePublished\":\"2024-06-02T03:05:07+00:00\",\"dateModified\":\"2024-06-02T14:06:44+00:00\",\"breadcrumb\":{\"@id\":\"https:\\\/\\\/www.notibras.com\\\/site\\\/atividades-vao-marcar-mais-uma-semana-do-meio-ambiente\\\/#breadcrumb\"},\"inLanguage\":\"pt-BR\",\"potentialAction\":[{\"@type\":\"ReadAction\",\"target\":[\"https:\\\/\\\/www.notibras.com\\\/site\\\/atividades-vao-marcar-mais-uma-semana-do-meio-ambiente\\\/\"]}]},{\"@type\":\"ImageObject\",\"inLanguage\":\"pt-BR\",\"@id\":\"https:\\\/\\\/www.notibras.com\\\/site\\\/atividades-vao-marcar-mais-uma-semana-do-meio-ambiente\\\/#primaryimage\",\"url\":\"https:\\\/\\\/www.notibras.com\\\/site\\\/wp-content\\\/uploads\\\/2024\\\/06\\\/WhatsApp-Image-2024-05-29-at-20.23.44.jpeg\",\"contentUrl\":\"https:\\\/\\\/www.notibras.com\\\/site\\\/wp-content\\\/uploads\\\/2024\\\/06\\\/WhatsApp-Image-2024-05-29-at-20.23.44.jpeg\",\"width\":799,\"height\":533},{\"@type\":\"BreadcrumbList\",\"@id\":\"https:\\\/\\\/www.notibras.com\\\/site\\\/atividades-vao-marcar-mais-uma-semana-do-meio-ambiente\\\/#breadcrumb\",\"itemListElement\":[{\"@type\":\"ListItem\",\"position\":1,\"name\":\"In\u00edcio\",\"item\":\"https:\\\/\\\/www.notibras.com\\\/site\\\/\"},{\"@type\":\"ListItem\",\"position\":2,\"name\":\"Atividades v\u00e3o marcar mais uma Semana do Meio Ambiente\"}]},{\"@type\":\"WebSite\",\"@id\":\"https:\\\/\\\/www.notibras.com\\\/site\\\/#website\",\"url\":\"https:\\\/\\\/www.notibras.com\\\/site\\\/\",\"name\":\"Notibras\",\"description\":\"Not\u00edcias de Bras\u00edlia, do Brasil e do Mundo\",\"publisher\":{\"@id\":\"https:\\\/\\\/www.notibras.com\\\/site\\\/#organization\"},\"potentialAction\":[{\"@type\":\"SearchAction\",\"target\":{\"@type\":\"EntryPoint\",\"urlTemplate\":\"https:\\\/\\\/www.notibras.com\\\/site\\\/?s={search_term_string}\"},\"query-input\":{\"@type\":\"PropertyValueSpecification\",\"valueRequired\":true,\"valueName\":\"search_term_string\"}}],\"inLanguage\":\"pt-BR\"},{\"@type\":\"Organization\",\"@id\":\"https:\\\/\\\/www.notibras.com\\\/site\\\/#organization\",\"name\":\"Grupo Notibras de Comunica\u00e7\u00e3o\",\"url\":\"https:\\\/\\\/www.notibras.com\\\/site\\\/\",\"logo\":{\"@type\":\"ImageObject\",\"inLanguage\":\"pt-BR\",\"@id\":\"https:\\\/\\\/www.notibras.com\\\/site\\\/#\\\/schema\\\/logo\\\/image\\\/\",\"url\":\"https:\\\/\\\/www.notibras.com\\\/site\\\/wp-content\\\/uploads\\\/2023\\\/01\\\/notibras23.png\",\"contentUrl\":\"https:\\\/\\\/www.notibras.com\\\/site\\\/wp-content\\\/uploads\\\/2023\\\/01\\\/notibras23.png\",\"width\":350,\"height\":87,\"caption\":\"Grupo Notibras de Comunica\u00e7\u00e3o\"},\"image\":{\"@id\":\"https:\\\/\\\/www.notibras.com\\\/site\\\/#\\\/schema\\\/logo\\\/image\\\/\"},\"sameAs\":[\"https:\\\/\\\/www.facebook.com\\\/notibras\\\/\",\"https:\\\/\\\/x.com\\\/Notibras\",\"https:\\\/\\\/www.instagram.com\\\/notibras\\\/\"]},{\"@type\":\"Person\",\"@id\":\"https:\\\/\\\/www.notibras.com\\\/site\\\/#\\\/schema\\\/person\\\/36ab0979449956132d3e5b517ea76ac8\",\"name\":\"Reda\u00e7\u00e3o\",\"image\":{\"@type\":\"ImageObject\",\"inLanguage\":\"pt-BR\",\"@id\":\"https:\\\/\\\/secure.gravatar.com\\\/avatar\\\/e0a867bdedb85fd243eadf09663511f96fc81e0720a4a42581f334ad4303aa6b?s=96&d=mm&r=g\",\"url\":\"https:\\\/\\\/secure.gravatar.com\\\/avatar\\\/e0a867bdedb85fd243eadf09663511f96fc81e0720a4a42581f334ad4303aa6b?s=96&d=mm&r=g\",\"contentUrl\":\"https:\\\/\\\/secure.gravatar.com\\\/avatar\\\/e0a867bdedb85fd243eadf09663511f96fc81e0720a4a42581f334ad4303aa6b?s=96&d=mm&r=g\",\"caption\":\"Reda\u00e7\u00e3o\"}}]}<\/script>\n<!-- \/ Yoast SEO plugin. -->","yoast_head_json":{"title":"Atividades v\u00e3o marcar mais uma Semana do Meio Ambiente - Notibras","robots":{"index":"index","follow":"follow","max-snippet":"max-snippet:-1","max-image-preview":"max-image-preview:large","max-video-preview":"max-video-preview:-1"},"canonical":"https:\/\/www.notibras.com\/site\/atividades-vao-marcar-mais-uma-semana-do-meio-ambiente\/","og_locale":"pt_BR","og_type":"article","og_title":"Atividades v\u00e3o marcar mais uma Semana do Meio Ambiente - Notibras","og_description":"Em comemora\u00e7\u00e3o ao Dia Mundial do Meio Ambiente, celebrado em 5 de junho, a Secretaria do Meio Ambiente e Prote\u00e7\u00e3o Animal do Distrito Federal (Sema), juntamente com \u00f3rg\u00e3os que comp\u00f5em o sistema do meio ambiente, preparou um m\u00eas repleto de atividades para engajar a comunidade e promover pr\u00e1ticas sustent\u00e1veis. Dentre as a\u00e7\u00f5es, destaca-se a Semana [&hellip;]","og_url":"https:\/\/www.notibras.com\/site\/atividades-vao-marcar-mais-uma-semana-do-meio-ambiente\/","og_site_name":"Notibras","article_publisher":"https:\/\/www.facebook.com\/notibras\/","article_published_time":"2024-06-02T03:05:07+00:00","article_modified_time":"2024-06-02T14:06:44+00:00","og_image":[{"width":799,"height":533,"url":"https:\/\/www.notibras.com\/site\/wp-content\/uploads\/2024\/06\/WhatsApp-Image-2024-05-29-at-20.23.44.jpeg","type":"image\/jpeg"}],"author":"Reda\u00e7\u00e3o","twitter_card":"summary_large_image","twitter_creator":"@Notibras","twitter_site":"@Notibras","twitter_misc":{"Escrito por":"Reda\u00e7\u00e3o","Est. tempo de leitura":"3 minutos"},"schema":{"@context":"https:\/\/schema.org","@graph":[{"@type":"Article","@id":"https:\/\/www.notibras.com\/site\/atividades-vao-marcar-mais-uma-semana-do-meio-ambiente\/#article","isPartOf":{"@id":"https:\/\/www.notibras.com\/site\/atividades-vao-marcar-mais-uma-semana-do-meio-ambiente\/"},"author":{"name":"Reda\u00e7\u00e3o","@id":"https:\/\/www.notibras.com\/site\/#\/schema\/person\/36ab0979449956132d3e5b517ea76ac8"},"headline":"Atividades v\u00e3o marcar mais uma Semana do Meio Ambiente","datePublished":"2024-06-02T03:05:07+00:00","dateModified":"2024-06-02T14:06:44+00:00","mainEntityOfPage":{"@id":"https:\/\/www.notibras.com\/site\/atividades-vao-marcar-mais-uma-semana-do-meio-ambiente\/"},"wordCount":484,"publisher":{"@id":"https:\/\/www.notibras.com\/site\/#organization"},"image":{"@id":"https:\/\/www.notibras.com\/site\/atividades-vao-marcar-mais-uma-semana-do-meio-ambiente\/#primaryimage"},"thumbnailUrl":"https:\/\/www.notibras.com\/site\/wp-content\/uploads\/2024\/06\/WhatsApp-Image-2024-05-29-at-20.23.44.jpeg","articleSection":["Quadradinho em Foco"],"inLanguage":"pt-BR"},{"@type":"WebPage","@id":"https:\/\/www.notibras.com\/site\/atividades-vao-marcar-mais-uma-semana-do-meio-ambiente\/","url":"https:\/\/www.notibras.com\/site\/atividades-vao-marcar-mais-uma-semana-do-meio-ambiente\/","name":"Atividades v\u00e3o marcar mais uma Semana do Meio Ambiente - Notibras","isPartOf":{"@id":"https:\/\/www.notibras.com\/site\/#website"},"primaryImageOfPage":{"@id":"https:\/\/www.notibras.com\/site\/atividades-vao-marcar-mais-uma-semana-do-meio-ambiente\/#primaryimage"},"image":{"@id":"https:\/\/www.notibras.com\/site\/atividades-vao-marcar-mais-uma-semana-do-meio-ambiente\/#primaryimage"},"thumbnailUrl":"https:\/\/www.notibras.com\/site\/wp-content\/uploads\/2024\/06\/WhatsApp-Image-2024-05-29-at-20.23.44.jpeg","datePublished":"2024-06-02T03:05:07+00:00","dateModified":"2024-06-02T14:06:44+00:00","breadcrumb":{"@id":"https:\/\/www.notibras.com\/site\/atividades-vao-marcar-mais-uma-semana-do-meio-ambiente\/#breadcrumb"},"inLanguage":"pt-BR","potentialAction":[{"@type":"ReadAction","target":["https:\/\/www.notibras.com\/site\/atividades-vao-marcar-mais-uma-semana-do-meio-ambiente\/"]}]},{"@type":"ImageObject","inLanguage":"pt-BR","@id":"https:\/\/www.notibras.com\/site\/atividades-vao-marcar-mais-uma-semana-do-meio-ambiente\/#primaryimage","url":"https:\/\/www.notibras.com\/site\/wp-content\/uploads\/2024\/06\/WhatsApp-Image-2024-05-29-at-20.23.44.jpeg","contentUrl":"https:\/\/www.notibras.com\/site\/wp-content\/uploads\/2024\/06\/WhatsApp-Image-2024-05-29-at-20.23.44.jpeg","width":799,"height":533},{"@type":"BreadcrumbList","@id":"https:\/\/www.notibras.com\/site\/atividades-vao-marcar-mais-uma-semana-do-meio-ambiente\/#breadcrumb","itemListElement":[{"@type":"ListItem","position":1,"name":"In\u00edcio","item":"https:\/\/www.notibras.com\/site\/"},{"@type":"ListItem","position":2,"name":"Atividades v\u00e3o marcar mais uma Semana do Meio Ambiente"}]},{"@type":"WebSite","@id":"https:\/\/www.notibras.com\/site\/#website","url":"https:\/\/www.notibras.com\/site\/","name":"Notibras","description":"Not\u00edcias de Bras\u00edlia, do Brasil e do Mundo","publisher":{"@id":"https:\/\/www.notibras.com\/site\/#organization"},"potentialAction":[{"@type":"SearchAction","target":{"@type":"EntryPoint","urlTemplate":"https:\/\/www.notibras.com\/site\/?s={search_term_string}"},"query-input":{"@type":"PropertyValueSpecification","valueRequired":true,"valueName":"search_term_string"}}],"inLanguage":"pt-BR"},{"@type":"Organization","@id":"https:\/\/www.notibras.com\/site\/#organization","name":"Grupo Notibras de Comunica\u00e7\u00e3o","url":"https:\/\/www.notibras.com\/site\/","logo":{"@type":"ImageObject","inLanguage":"pt-BR","@id":"https:\/\/www.notibras.com\/site\/#\/schema\/logo\/image\/","url":"https:\/\/www.notibras.com\/site\/wp-content\/uploads\/2023\/01\/notibras23.png","contentUrl":"https:\/\/www.notibras.com\/site\/wp-content\/uploads\/2023\/01\/notibras23.png","width":350,"height":87,"caption":"Grupo Notibras de Comunica\u00e7\u00e3o"},"image":{"@id":"https:\/\/www.notibras.com\/site\/#\/schema\/logo\/image\/"},"sameAs":["https:\/\/www.facebook.com\/notibras\/","https:\/\/x.com\/Notibras","https:\/\/www.instagram.com\/notibras\/"]},{"@type":"Person","@id":"https:\/\/www.notibras.com\/site\/#\/schema\/person\/36ab0979449956132d3e5b517ea76ac8","name":"Reda\u00e7\u00e3o","image":{"@type":"ImageObject","inLanguage":"pt-BR","@id":"https:\/\/secure.gravatar.com\/avatar\/e0a867bdedb85fd243eadf09663511f96fc81e0720a4a42581f334ad4303aa6b?s=96&d=mm&r=g","url":"https:\/\/secure.gravatar.com\/avatar\/e0a867bdedb85fd243eadf09663511f96fc81e0720a4a42581f334ad4303aa6b?s=96&d=mm&r=g","contentUrl":"https:\/\/secure.gravatar.com\/avatar\/e0a867bdedb85fd243eadf09663511f96fc81e0720a4a42581f334ad4303aa6b?s=96&d=mm&r=g","caption":"Reda\u00e7\u00e3o"}}]}},"amp_enabled":true,"_links":{"self":[{"href":"https:\/\/www.notibras.com\/site\/wp-json\/wp\/v2\/posts\/330052","targetHints":{"allow":["GET"]}}],"collection":[{"href":"https:\/\/www.notibras.com\/site\/wp-json\/wp\/v2\/posts"}],"about":[{"href":"https:\/\/www.notibras.com\/site\/wp-json\/wp\/v2\/types\/post"}],"author":[{"embeddable":true,"href":"https:\/\/www.notibras.com\/site\/wp-json\/wp\/v2\/users\/2"}],"replies":[{"embeddable":true,"href":"https:\/\/www.notibras.com\/site\/wp-json\/wp\/v2\/comments?post=330052"}],"version-history":[{"count":1,"href":"https:\/\/www.notibras.com\/site\/wp-json\/wp\/v2\/posts\/330052\/revisions"}],"predecessor-version":[{"id":330054,"href":"https:\/\/www.notibras.com\/site\/wp-json\/wp\/v2\/posts\/330052\/revisions\/330054"}],"wp:featuredmedia":[{"embeddable":true,"href":"https:\/\/www.notibras.com\/site\/wp-json\/wp\/v2\/media\/330053"}],"wp:attachment":[{"href":"https:\/\/www.notibras.com\/site\/wp-json\/wp\/v2\/media?parent=330052"}],"wp:term":[{"taxonomy":"category","embeddable":true,"href":"https:\/\/www.notibras.com\/site\/wp-json\/wp\/v2\/categories?post=330052"},{"taxonomy":"post_tag","embeddable":true,"href":"https:\/\/www.notibras.com\/site\/wp-json\/wp\/v2\/tags?post=330052"}],"curies":[{"name":"wp","href":"https:\/\/api.w.org\/{rel}","templated":true}]}}