{"id":330076,"date":"2024-06-03T04:00:04","date_gmt":"2024-06-03T07:00:04","guid":{"rendered":"https:\/\/www.notibras.com\/site\/?p=330076"},"modified":"2024-06-03T04:07:26","modified_gmt":"2024-06-03T07:07:26","slug":"cafe-e-biscoitos-lembram-que-vida-e-rapida-como-um-suspiro","status":"publish","type":"post","link":"https:\/\/www.notibras.com\/site\/cafe-e-biscoitos-lembram-que-vida-e-rapida-como-um-suspiro\/","title":{"rendered":"Caf\u00e9 e biscoitos lembram que vida \u00e9 r\u00e1pida como um suspiro"},"content":{"rendered":"<p>Engra\u00e7ado como a simples vis\u00e3o de algo \u00e9 capaz de fazer com que lembran\u00e7as adormecidas, praticamente defuntas, despertem de repente. No caso em quest\u00e3o, n\u00e3o foi exatamente algo que vi, mas o inconfund\u00edvel aroma que veio do apartamento ao lado, cuja brisa, talvez em raro momento de gentileza, me fez chegar \u00e0s narinas bem aqui na poltrona da sala. Nem sei se sorri, mas gosto de pensar que sim, pois senti aquele cheiro de caf\u00e9 fresquinho, suplicando para ser degustado a goles suaves em quintal repleto de flores e passarinhos.<\/p>\n<p>\u00c9 verdade que moro em apartamento. Quinto andar, para ser mais exato. E o m\u00e1ximo de natureza que disponho \u00e9 uma orqu\u00eddea de pl\u00e1stico na varanda. Foi presente de uma tia querida, que me visita com certa regularidade. Por conta dessas vindas da minha parenta, nem me atrevo a jogar aquele trambolho fora. Que fique l\u00e1 enganando qualquer beija-flor desatento.<\/p>\n<p>O caf\u00e9! Ah, o caf\u00e9! Quantas recorda\u00e7\u00f5es me traz esse cheiro inconfund\u00edvel. Minha av\u00f3 era especialista no preparo, sabia que a \u00e1gua n\u00e3o se ferve, o ponto \u00e9 at\u00e9 surgirem aquelas pequenas bolhas no fundo da chaleira.<\/p>\n<p>Nessa \u00e9poca de menino, vov\u00f4, que era advogado, atendia no escrit\u00f3rio em sua casa. Invariavelmente, vov\u00f3 preparava aquele cafezinho e levava em uma bandeja de prata para os clientes. E, quando eu estava por l\u00e1, ela me chamava para carregar uma cestinha com alguns biscoitos finos.<\/p>\n<p>Assim que deix\u00e1vamos o caf\u00e9 e os biscoitos, sa\u00edamos para n\u00e3o atrapalhar o trabalho do vov\u00f4. Por isso, quase nunca ouv\u00edamos algo. Mas eis que, certa vez, um homem, que n\u00e3o deveria ter chegado aos 30 anos, perguntou para meu av\u00f4 quem eu era.<\/p>\n<p>\u2014 \u00c9 o Marquinho, meu neto.<\/p>\n<p>\u2014 Que saudade dos meus tempos de crian\u00e7a, doutor Olavo.<\/p>\n<p>\u2014 O tempo, meu amigo, \u00e9 um suspiro.<\/p>\n<p>\u2014 Doce?<\/p>\n<p>\u2014 N\u00e3o. Ligeiro.<\/p>\n<p><strong>*Eduardo Mart\u00ednez \u00e9 autor do livro \u201c57 Contos e Cr\u00f4nicas por um Autor muito Velho\u201d.<\/strong><\/p>\n<p>Compre aqui\u00a0<span class=\"x19la9d6 x1fc57z9 x6ikm8r x10wlt62 x19co3pv x1g5zs5t xfibh0p xiy17q3 x1xsqp64 x1lkfr7t xexx8yu x4uap5 x18d9i69 xkhd6sd\"><span class=\"xrtxmta x1bhl96m\"><img decoding=\"async\" class=\"emoji\" role=\"img\" draggable=\"false\" src=\"https:\/\/s.w.org\/images\/core\/emoji\/14.0.0\/svg\/1f447-1f3ff.svg\" alt=\"&#x1f447;&#x1f3ff;\" \/><\/span><\/span><span class=\"x19la9d6 x1fc57z9 x6ikm8r x10wlt62 x19co3pv x1g5zs5t xfibh0p xiy17q3 x1xsqp64 x1lkfr7t xexx8yu x4uap5 x18d9i69 xkhd6sd\"><span class=\"xrtxmta x1bhl96m\"><img decoding=\"async\" class=\"emoji\" role=\"img\" draggable=\"false\" src=\"https:\/\/s.w.org\/images\/core\/emoji\/14.0.0\/svg\/1f447-1f3ff.svg\" alt=\"&#x1f447;&#x1f3ff;\" \/><\/span><\/span><span class=\"x19la9d6 x1fc57z9 x6ikm8r x10wlt62 x19co3pv x1g5zs5t xfibh0p xiy17q3 x1xsqp64 x1lkfr7t xexx8yu x4uap5 x18d9i69 xkhd6sd\"><span class=\"xrtxmta x1bhl96m\"><img decoding=\"async\" class=\"emoji\" role=\"img\" draggable=\"false\" src=\"https:\/\/s.w.org\/images\/core\/emoji\/14.0.0\/svg\/1f447-1f3ff.svg\" alt=\"&#x1f447;&#x1f3ff;\" \/><\/span><\/span><\/p>\n<p><a href=\"http:\/\/www.joanineditora.com.br\/57-contos-e-cronicas-por-um-autor-muito-velho\">http:\/\/www.joanineditora.com.br\/57-contos-e-cronicas-por-um-autor-muito-velho<\/a><\/p>\n<div id=\"wpdevar_comment_4\"><\/div>\n","protected":false},"excerpt":{"rendered":"<p>Engra\u00e7ado como a simples vis\u00e3o de algo \u00e9 capaz de fazer com que lembran\u00e7as adormecidas, praticamente defuntas, despertem de repente. No caso em quest\u00e3o, n\u00e3o foi exatamente algo que vi, mas o inconfund\u00edvel aroma que veio do apartamento ao lado, cuja brisa, talvez em raro momento de gentileza, me fez chegar \u00e0s narinas bem aqui [&hellip;]<\/p>\n","protected":false},"author":2,"featured_media":330077,"comment_status":"closed","ping_status":"closed","sticky":false,"template":"","format":"standard","meta":{"_acf_changed":false,"footnotes":""},"categories":[161],"tags":[],"class_list":["post-330076","post","type-post","status-publish","format-standard","has-post-thumbnail","hentry","category-quadradinho-em-foco"],"acf":[],"yoast_head":"<!-- This site is optimized with the Yoast SEO plugin v27.5 - https:\/\/yoast.com\/product\/yoast-seo-wordpress\/ -->\n<title>Caf\u00e9 e biscoitos lembram que vida \u00e9 r\u00e1pida como um suspiro - Notibras<\/title>\n<meta name=\"robots\" content=\"index, follow, max-snippet:-1, max-image-preview:large, max-video-preview:-1\" \/>\n<link rel=\"canonical\" href=\"https:\/\/www.notibras.com\/site\/cafe-e-biscoitos-lembram-que-vida-e-rapida-como-um-suspiro\/\" \/>\n<meta property=\"og:locale\" content=\"pt_BR\" \/>\n<meta property=\"og:type\" content=\"article\" \/>\n<meta property=\"og:title\" content=\"Caf\u00e9 e biscoitos lembram que vida \u00e9 r\u00e1pida como um suspiro - Notibras\" \/>\n<meta property=\"og:description\" content=\"Engra\u00e7ado como a simples vis\u00e3o de algo \u00e9 capaz de fazer com que lembran\u00e7as adormecidas, praticamente defuntas, despertem de repente. No caso em quest\u00e3o, n\u00e3o foi exatamente algo que vi, mas o inconfund\u00edvel aroma que veio do apartamento ao lado, cuja brisa, talvez em raro momento de gentileza, me fez chegar \u00e0s narinas bem aqui [&hellip;]\" \/>\n<meta property=\"og:url\" content=\"https:\/\/www.notibras.com\/site\/cafe-e-biscoitos-lembram-que-vida-e-rapida-como-um-suspiro\/\" \/>\n<meta property=\"og:site_name\" content=\"Notibras\" \/>\n<meta property=\"article:publisher\" content=\"https:\/\/www.facebook.com\/notibras\/\" \/>\n<meta property=\"article:published_time\" content=\"2024-06-03T07:00:04+00:00\" \/>\n<meta property=\"article:modified_time\" content=\"2024-06-03T07:07:26+00:00\" \/>\n<meta property=\"og:image\" content=\"https:\/\/www.notibras.com\/site\/wp-content\/uploads\/2024\/06\/7517291d-2cac-477b-b4aa-739116495a21.jpeg\" \/>\n\t<meta property=\"og:image:width\" content=\"507\" \/>\n\t<meta property=\"og:image:height\" content=\"468\" \/>\n\t<meta property=\"og:image:type\" content=\"image\/jpeg\" \/>\n<meta name=\"author\" content=\"Reda\u00e7\u00e3o\" \/>\n<meta name=\"twitter:card\" content=\"summary_large_image\" \/>\n<meta name=\"twitter:creator\" content=\"@Notibras\" \/>\n<meta name=\"twitter:site\" content=\"@Notibras\" \/>\n<meta name=\"twitter:label1\" content=\"Escrito por\" \/>\n\t<meta name=\"twitter:data1\" content=\"Reda\u00e7\u00e3o\" \/>\n\t<meta name=\"twitter:label2\" content=\"Est. tempo de leitura\" \/>\n\t<meta name=\"twitter:data2\" content=\"3 minutos\" \/>\n<script type=\"application\/ld+json\" class=\"yoast-schema-graph\">{\"@context\":\"https:\\\/\\\/schema.org\",\"@graph\":[{\"@type\":\"Article\",\"@id\":\"https:\\\/\\\/www.notibras.com\\\/site\\\/cafe-e-biscoitos-lembram-que-vida-e-rapida-como-um-suspiro\\\/#article\",\"isPartOf\":{\"@id\":\"https:\\\/\\\/www.notibras.com\\\/site\\\/cafe-e-biscoitos-lembram-que-vida-e-rapida-como-um-suspiro\\\/\"},\"author\":{\"name\":\"Reda\u00e7\u00e3o\",\"@id\":\"https:\\\/\\\/www.notibras.com\\\/site\\\/#\\\/schema\\\/person\\\/36ab0979449956132d3e5b517ea76ac8\"},\"headline\":\"Caf\u00e9 e biscoitos lembram que vida \u00e9 r\u00e1pida como um suspiro\",\"datePublished\":\"2024-06-03T07:00:04+00:00\",\"dateModified\":\"2024-06-03T07:07:26+00:00\",\"mainEntityOfPage\":{\"@id\":\"https:\\\/\\\/www.notibras.com\\\/site\\\/cafe-e-biscoitos-lembram-que-vida-e-rapida-como-um-suspiro\\\/\"},\"wordCount\":348,\"publisher\":{\"@id\":\"https:\\\/\\\/www.notibras.com\\\/site\\\/#organization\"},\"image\":{\"@id\":\"https:\\\/\\\/www.notibras.com\\\/site\\\/cafe-e-biscoitos-lembram-que-vida-e-rapida-como-um-suspiro\\\/#primaryimage\"},\"thumbnailUrl\":\"https:\\\/\\\/www.notibras.com\\\/site\\\/wp-content\\\/uploads\\\/2024\\\/06\\\/7517291d-2cac-477b-b4aa-739116495a21.jpeg\",\"articleSection\":[\"Quadradinho em Foco\"],\"inLanguage\":\"pt-BR\"},{\"@type\":\"WebPage\",\"@id\":\"https:\\\/\\\/www.notibras.com\\\/site\\\/cafe-e-biscoitos-lembram-que-vida-e-rapida-como-um-suspiro\\\/\",\"url\":\"https:\\\/\\\/www.notibras.com\\\/site\\\/cafe-e-biscoitos-lembram-que-vida-e-rapida-como-um-suspiro\\\/\",\"name\":\"Caf\u00e9 e biscoitos lembram que vida \u00e9 r\u00e1pida como um suspiro - Notibras\",\"isPartOf\":{\"@id\":\"https:\\\/\\\/www.notibras.com\\\/site\\\/#website\"},\"primaryImageOfPage\":{\"@id\":\"https:\\\/\\\/www.notibras.com\\\/site\\\/cafe-e-biscoitos-lembram-que-vida-e-rapida-como-um-suspiro\\\/#primaryimage\"},\"image\":{\"@id\":\"https:\\\/\\\/www.notibras.com\\\/site\\\/cafe-e-biscoitos-lembram-que-vida-e-rapida-como-um-suspiro\\\/#primaryimage\"},\"thumbnailUrl\":\"https:\\\/\\\/www.notibras.com\\\/site\\\/wp-content\\\/uploads\\\/2024\\\/06\\\/7517291d-2cac-477b-b4aa-739116495a21.jpeg\",\"datePublished\":\"2024-06-03T07:00:04+00:00\",\"dateModified\":\"2024-06-03T07:07:26+00:00\",\"breadcrumb\":{\"@id\":\"https:\\\/\\\/www.notibras.com\\\/site\\\/cafe-e-biscoitos-lembram-que-vida-e-rapida-como-um-suspiro\\\/#breadcrumb\"},\"inLanguage\":\"pt-BR\",\"potentialAction\":[{\"@type\":\"ReadAction\",\"target\":[\"https:\\\/\\\/www.notibras.com\\\/site\\\/cafe-e-biscoitos-lembram-que-vida-e-rapida-como-um-suspiro\\\/\"]}]},{\"@type\":\"ImageObject\",\"inLanguage\":\"pt-BR\",\"@id\":\"https:\\\/\\\/www.notibras.com\\\/site\\\/cafe-e-biscoitos-lembram-que-vida-e-rapida-como-um-suspiro\\\/#primaryimage\",\"url\":\"https:\\\/\\\/www.notibras.com\\\/site\\\/wp-content\\\/uploads\\\/2024\\\/06\\\/7517291d-2cac-477b-b4aa-739116495a21.jpeg\",\"contentUrl\":\"https:\\\/\\\/www.notibras.com\\\/site\\\/wp-content\\\/uploads\\\/2024\\\/06\\\/7517291d-2cac-477b-b4aa-739116495a21.jpeg\",\"width\":507,\"height\":468},{\"@type\":\"BreadcrumbList\",\"@id\":\"https:\\\/\\\/www.notibras.com\\\/site\\\/cafe-e-biscoitos-lembram-que-vida-e-rapida-como-um-suspiro\\\/#breadcrumb\",\"itemListElement\":[{\"@type\":\"ListItem\",\"position\":1,\"name\":\"In\u00edcio\",\"item\":\"https:\\\/\\\/www.notibras.com\\\/site\\\/\"},{\"@type\":\"ListItem\",\"position\":2,\"name\":\"Caf\u00e9 e biscoitos lembram que vida \u00e9 r\u00e1pida como um suspiro\"}]},{\"@type\":\"WebSite\",\"@id\":\"https:\\\/\\\/www.notibras.com\\\/site\\\/#website\",\"url\":\"https:\\\/\\\/www.notibras.com\\\/site\\\/\",\"name\":\"Notibras\",\"description\":\"Not\u00edcias de Bras\u00edlia, do Brasil e do Mundo\",\"publisher\":{\"@id\":\"https:\\\/\\\/www.notibras.com\\\/site\\\/#organization\"},\"potentialAction\":[{\"@type\":\"SearchAction\",\"target\":{\"@type\":\"EntryPoint\",\"urlTemplate\":\"https:\\\/\\\/www.notibras.com\\\/site\\\/?s={search_term_string}\"},\"query-input\":{\"@type\":\"PropertyValueSpecification\",\"valueRequired\":true,\"valueName\":\"search_term_string\"}}],\"inLanguage\":\"pt-BR\"},{\"@type\":\"Organization\",\"@id\":\"https:\\\/\\\/www.notibras.com\\\/site\\\/#organization\",\"name\":\"Grupo Notibras de Comunica\u00e7\u00e3o\",\"url\":\"https:\\\/\\\/www.notibras.com\\\/site\\\/\",\"logo\":{\"@type\":\"ImageObject\",\"inLanguage\":\"pt-BR\",\"@id\":\"https:\\\/\\\/www.notibras.com\\\/site\\\/#\\\/schema\\\/logo\\\/image\\\/\",\"url\":\"https:\\\/\\\/www.notibras.com\\\/site\\\/wp-content\\\/uploads\\\/2023\\\/01\\\/notibras23.png\",\"contentUrl\":\"https:\\\/\\\/www.notibras.com\\\/site\\\/wp-content\\\/uploads\\\/2023\\\/01\\\/notibras23.png\",\"width\":350,\"height\":87,\"caption\":\"Grupo Notibras de Comunica\u00e7\u00e3o\"},\"image\":{\"@id\":\"https:\\\/\\\/www.notibras.com\\\/site\\\/#\\\/schema\\\/logo\\\/image\\\/\"},\"sameAs\":[\"https:\\\/\\\/www.facebook.com\\\/notibras\\\/\",\"https:\\\/\\\/x.com\\\/Notibras\",\"https:\\\/\\\/www.instagram.com\\\/notibras\\\/\"]},{\"@type\":\"Person\",\"@id\":\"https:\\\/\\\/www.notibras.com\\\/site\\\/#\\\/schema\\\/person\\\/36ab0979449956132d3e5b517ea76ac8\",\"name\":\"Reda\u00e7\u00e3o\",\"image\":{\"@type\":\"ImageObject\",\"inLanguage\":\"pt-BR\",\"@id\":\"https:\\\/\\\/secure.gravatar.com\\\/avatar\\\/e0a867bdedb85fd243eadf09663511f96fc81e0720a4a42581f334ad4303aa6b?s=96&d=mm&r=g\",\"url\":\"https:\\\/\\\/secure.gravatar.com\\\/avatar\\\/e0a867bdedb85fd243eadf09663511f96fc81e0720a4a42581f334ad4303aa6b?s=96&d=mm&r=g\",\"contentUrl\":\"https:\\\/\\\/secure.gravatar.com\\\/avatar\\\/e0a867bdedb85fd243eadf09663511f96fc81e0720a4a42581f334ad4303aa6b?s=96&d=mm&r=g\",\"caption\":\"Reda\u00e7\u00e3o\"}}]}<\/script>\n<!-- \/ Yoast SEO plugin. -->","yoast_head_json":{"title":"Caf\u00e9 e biscoitos lembram que vida \u00e9 r\u00e1pida como um suspiro - Notibras","robots":{"index":"index","follow":"follow","max-snippet":"max-snippet:-1","max-image-preview":"max-image-preview:large","max-video-preview":"max-video-preview:-1"},"canonical":"https:\/\/www.notibras.com\/site\/cafe-e-biscoitos-lembram-que-vida-e-rapida-como-um-suspiro\/","og_locale":"pt_BR","og_type":"article","og_title":"Caf\u00e9 e biscoitos lembram que vida \u00e9 r\u00e1pida como um suspiro - Notibras","og_description":"Engra\u00e7ado como a simples vis\u00e3o de algo \u00e9 capaz de fazer com que lembran\u00e7as adormecidas, praticamente defuntas, despertem de repente. No caso em quest\u00e3o, n\u00e3o foi exatamente algo que vi, mas o inconfund\u00edvel aroma que veio do apartamento ao lado, cuja brisa, talvez em raro momento de gentileza, me fez chegar \u00e0s narinas bem aqui [&hellip;]","og_url":"https:\/\/www.notibras.com\/site\/cafe-e-biscoitos-lembram-que-vida-e-rapida-como-um-suspiro\/","og_site_name":"Notibras","article_publisher":"https:\/\/www.facebook.com\/notibras\/","article_published_time":"2024-06-03T07:00:04+00:00","article_modified_time":"2024-06-03T07:07:26+00:00","og_image":[{"width":507,"height":468,"url":"https:\/\/www.notibras.com\/site\/wp-content\/uploads\/2024\/06\/7517291d-2cac-477b-b4aa-739116495a21.jpeg","type":"image\/jpeg"}],"author":"Reda\u00e7\u00e3o","twitter_card":"summary_large_image","twitter_creator":"@Notibras","twitter_site":"@Notibras","twitter_misc":{"Escrito por":"Reda\u00e7\u00e3o","Est. tempo de leitura":"3 minutos"},"schema":{"@context":"https:\/\/schema.org","@graph":[{"@type":"Article","@id":"https:\/\/www.notibras.com\/site\/cafe-e-biscoitos-lembram-que-vida-e-rapida-como-um-suspiro\/#article","isPartOf":{"@id":"https:\/\/www.notibras.com\/site\/cafe-e-biscoitos-lembram-que-vida-e-rapida-como-um-suspiro\/"},"author":{"name":"Reda\u00e7\u00e3o","@id":"https:\/\/www.notibras.com\/site\/#\/schema\/person\/36ab0979449956132d3e5b517ea76ac8"},"headline":"Caf\u00e9 e biscoitos lembram que vida \u00e9 r\u00e1pida como um suspiro","datePublished":"2024-06-03T07:00:04+00:00","dateModified":"2024-06-03T07:07:26+00:00","mainEntityOfPage":{"@id":"https:\/\/www.notibras.com\/site\/cafe-e-biscoitos-lembram-que-vida-e-rapida-como-um-suspiro\/"},"wordCount":348,"publisher":{"@id":"https:\/\/www.notibras.com\/site\/#organization"},"image":{"@id":"https:\/\/www.notibras.com\/site\/cafe-e-biscoitos-lembram-que-vida-e-rapida-como-um-suspiro\/#primaryimage"},"thumbnailUrl":"https:\/\/www.notibras.com\/site\/wp-content\/uploads\/2024\/06\/7517291d-2cac-477b-b4aa-739116495a21.jpeg","articleSection":["Quadradinho em Foco"],"inLanguage":"pt-BR"},{"@type":"WebPage","@id":"https:\/\/www.notibras.com\/site\/cafe-e-biscoitos-lembram-que-vida-e-rapida-como-um-suspiro\/","url":"https:\/\/www.notibras.com\/site\/cafe-e-biscoitos-lembram-que-vida-e-rapida-como-um-suspiro\/","name":"Caf\u00e9 e biscoitos lembram que vida \u00e9 r\u00e1pida como um suspiro - Notibras","isPartOf":{"@id":"https:\/\/www.notibras.com\/site\/#website"},"primaryImageOfPage":{"@id":"https:\/\/www.notibras.com\/site\/cafe-e-biscoitos-lembram-que-vida-e-rapida-como-um-suspiro\/#primaryimage"},"image":{"@id":"https:\/\/www.notibras.com\/site\/cafe-e-biscoitos-lembram-que-vida-e-rapida-como-um-suspiro\/#primaryimage"},"thumbnailUrl":"https:\/\/www.notibras.com\/site\/wp-content\/uploads\/2024\/06\/7517291d-2cac-477b-b4aa-739116495a21.jpeg","datePublished":"2024-06-03T07:00:04+00:00","dateModified":"2024-06-03T07:07:26+00:00","breadcrumb":{"@id":"https:\/\/www.notibras.com\/site\/cafe-e-biscoitos-lembram-que-vida-e-rapida-como-um-suspiro\/#breadcrumb"},"inLanguage":"pt-BR","potentialAction":[{"@type":"ReadAction","target":["https:\/\/www.notibras.com\/site\/cafe-e-biscoitos-lembram-que-vida-e-rapida-como-um-suspiro\/"]}]},{"@type":"ImageObject","inLanguage":"pt-BR","@id":"https:\/\/www.notibras.com\/site\/cafe-e-biscoitos-lembram-que-vida-e-rapida-como-um-suspiro\/#primaryimage","url":"https:\/\/www.notibras.com\/site\/wp-content\/uploads\/2024\/06\/7517291d-2cac-477b-b4aa-739116495a21.jpeg","contentUrl":"https:\/\/www.notibras.com\/site\/wp-content\/uploads\/2024\/06\/7517291d-2cac-477b-b4aa-739116495a21.jpeg","width":507,"height":468},{"@type":"BreadcrumbList","@id":"https:\/\/www.notibras.com\/site\/cafe-e-biscoitos-lembram-que-vida-e-rapida-como-um-suspiro\/#breadcrumb","itemListElement":[{"@type":"ListItem","position":1,"name":"In\u00edcio","item":"https:\/\/www.notibras.com\/site\/"},{"@type":"ListItem","position":2,"name":"Caf\u00e9 e biscoitos lembram que vida \u00e9 r\u00e1pida como um suspiro"}]},{"@type":"WebSite","@id":"https:\/\/www.notibras.com\/site\/#website","url":"https:\/\/www.notibras.com\/site\/","name":"Notibras","description":"Not\u00edcias de Bras\u00edlia, do Brasil e do Mundo","publisher":{"@id":"https:\/\/www.notibras.com\/site\/#organization"},"potentialAction":[{"@type":"SearchAction","target":{"@type":"EntryPoint","urlTemplate":"https:\/\/www.notibras.com\/site\/?s={search_term_string}"},"query-input":{"@type":"PropertyValueSpecification","valueRequired":true,"valueName":"search_term_string"}}],"inLanguage":"pt-BR"},{"@type":"Organization","@id":"https:\/\/www.notibras.com\/site\/#organization","name":"Grupo Notibras de Comunica\u00e7\u00e3o","url":"https:\/\/www.notibras.com\/site\/","logo":{"@type":"ImageObject","inLanguage":"pt-BR","@id":"https:\/\/www.notibras.com\/site\/#\/schema\/logo\/image\/","url":"https:\/\/www.notibras.com\/site\/wp-content\/uploads\/2023\/01\/notibras23.png","contentUrl":"https:\/\/www.notibras.com\/site\/wp-content\/uploads\/2023\/01\/notibras23.png","width":350,"height":87,"caption":"Grupo Notibras de Comunica\u00e7\u00e3o"},"image":{"@id":"https:\/\/www.notibras.com\/site\/#\/schema\/logo\/image\/"},"sameAs":["https:\/\/www.facebook.com\/notibras\/","https:\/\/x.com\/Notibras","https:\/\/www.instagram.com\/notibras\/"]},{"@type":"Person","@id":"https:\/\/www.notibras.com\/site\/#\/schema\/person\/36ab0979449956132d3e5b517ea76ac8","name":"Reda\u00e7\u00e3o","image":{"@type":"ImageObject","inLanguage":"pt-BR","@id":"https:\/\/secure.gravatar.com\/avatar\/e0a867bdedb85fd243eadf09663511f96fc81e0720a4a42581f334ad4303aa6b?s=96&d=mm&r=g","url":"https:\/\/secure.gravatar.com\/avatar\/e0a867bdedb85fd243eadf09663511f96fc81e0720a4a42581f334ad4303aa6b?s=96&d=mm&r=g","contentUrl":"https:\/\/secure.gravatar.com\/avatar\/e0a867bdedb85fd243eadf09663511f96fc81e0720a4a42581f334ad4303aa6b?s=96&d=mm&r=g","caption":"Reda\u00e7\u00e3o"}}]}},"amp_enabled":true,"_links":{"self":[{"href":"https:\/\/www.notibras.com\/site\/wp-json\/wp\/v2\/posts\/330076","targetHints":{"allow":["GET"]}}],"collection":[{"href":"https:\/\/www.notibras.com\/site\/wp-json\/wp\/v2\/posts"}],"about":[{"href":"https:\/\/www.notibras.com\/site\/wp-json\/wp\/v2\/types\/post"}],"author":[{"embeddable":true,"href":"https:\/\/www.notibras.com\/site\/wp-json\/wp\/v2\/users\/2"}],"replies":[{"embeddable":true,"href":"https:\/\/www.notibras.com\/site\/wp-json\/wp\/v2\/comments?post=330076"}],"version-history":[{"count":2,"href":"https:\/\/www.notibras.com\/site\/wp-json\/wp\/v2\/posts\/330076\/revisions"}],"predecessor-version":[{"id":330079,"href":"https:\/\/www.notibras.com\/site\/wp-json\/wp\/v2\/posts\/330076\/revisions\/330079"}],"wp:featuredmedia":[{"embeddable":true,"href":"https:\/\/www.notibras.com\/site\/wp-json\/wp\/v2\/media\/330077"}],"wp:attachment":[{"href":"https:\/\/www.notibras.com\/site\/wp-json\/wp\/v2\/media?parent=330076"}],"wp:term":[{"taxonomy":"category","embeddable":true,"href":"https:\/\/www.notibras.com\/site\/wp-json\/wp\/v2\/categories?post=330076"},{"taxonomy":"post_tag","embeddable":true,"href":"https:\/\/www.notibras.com\/site\/wp-json\/wp\/v2\/tags?post=330076"}],"curies":[{"name":"wp","href":"https:\/\/api.w.org\/{rel}","templated":true}]}}