{"id":330114,"date":"2024-06-03T00:50:04","date_gmt":"2024-06-03T03:50:04","guid":{"rendered":"https:\/\/www.notibras.com\/site\/?p=330114"},"modified":"2024-06-03T07:05:20","modified_gmt":"2024-06-03T10:05:20","slug":"inss-paga-2a-parcela-do-13o-a-quem-recebe-acima-do-minimo","status":"publish","type":"post","link":"https:\/\/www.notibras.com\/site\/inss-paga-2a-parcela-do-13o-a-quem-recebe-acima-do-minimo\/","title":{"rendered":"INSS paga 2\u00aa parcela do 13\u00ba a quem recebe acima do m\u00ednimo"},"content":{"rendered":"<p>Os aposentados e pensionistas do Instituto Nacional do Seguro Social (INSS) que ganham mais que um sal\u00e1rio m\u00ednimo come\u00e7am a receber nesta segunda-feira (3) a segunda parcela do d\u00e9cimo terceiro. O pagamento vai at\u00e9 o pr\u00f3ximo dia 7, com as datas definidas conforme o d\u00edgito final do N\u00famero de Inscri\u00e7\u00e3o Social (NIS).<\/p>\n<p>O pagamento do d\u00e9cimo terceiro a quem ganha um sal\u00e1rio m\u00ednimo come\u00e7ou no \u00faltimo dia 24 e tamb\u00e9m vai at\u00e9 o dia 8. At\u00e9 o fim desta semana, mais de 33,6 milh\u00f5es de segurados receber\u00e3o a primeira parcela, ao somar os que ganham o benef\u00edcio m\u00ednimo e os que recebem acima dele.<\/p>\n<p>O extrato com os valores e as datas de pagamento do d\u00e9cimo terceiro est\u00e1 dispon\u00edvel desde no aplicativo Meu INSS, dispon\u00edvel para celulares e tablets. A consulta tamb\u00e9m pode ser feita pelo site gov.br\/meuinss.<\/p>\n<p>Quem n\u00e3o tiver acesso \u00e0 internet pode consultar a libera\u00e7\u00e3o do d\u00e9cimo terceiro pelo telefone 135. Nesse caso, \u00e9 necess\u00e1rio informar o n\u00famero do Cadastro de Pessoas F\u00edsicas (CPF) e confirmar alguns dados ao atendente antes de fazer a consulta. O atendimento telef\u00f4nico est\u00e1 dispon\u00edvel de segunda a s\u00e1bado, das 7h \u00e0s 22h.<\/p>\n<p>O decreto com a antecipa\u00e7\u00e3o do d\u00e9cimo terceiro foi assinado em mar\u00e7o. Este ser\u00e1 o quinto ano seguido em que os segurados do INSS receber\u00e3o as parcelas do d\u00e9cimo terceiro antes das datas tradicionais, em agosto e em dezembro. Em 2020 e 2021, o pagamento ocorreu mais cedo por causa da pandemia de covid-19. Em 2022 e 2023, as parcelas foram pagas em maio e junho.<\/p>\n<p>Segundo o Minist\u00e9rio da Previd\u00eancia, o pagamento do d\u00e9cimo terceiro antecipar\u00e1 a inje\u00e7\u00e3o de R$ 67,6 bilh\u00f5es na economia. Desse total, R$ 33,92 bilh\u00f5es correspondem \u00e0 segunda parcela, referente \u00e0 compet\u00eancia de maio e que est\u00e1 sendo paga entre o fim de meio e o in\u00edcio de junho. O restante correspondeu \u00e0 primeira parcela, da compet\u00eancia de abril, paga no fim de abril e in\u00edcio de maio.<\/p>\n<p>A maioria dos aposentados e pensionistas receber\u00e1 50% do d\u00e9cimo terceiro na segunda parcela. A exce\u00e7\u00e3o \u00e9 para quem passou a receber o benef\u00edcio depois de janeiro e ter\u00e1 o valor calculado proporcionalmente.<\/p>\n<p>O Minist\u00e9rio da Previd\u00eancia esclarece que os segurados que recebem benef\u00edcio por incapacidade tempor\u00e1ria (antigo aux\u00edlio-doen\u00e7a) tamb\u00e9m t\u00eam direito a uma parcela menor do d\u00e9cimo terceiro, calculada de acordo com a dura\u00e7\u00e3o do benef\u00edcio. Por lei, os segurados que recebem benef\u00edcios assistenciais, como o Bolsa Fam\u00edlia, n\u00e3o t\u00eam direito a d\u00e9cimo terceiro sal\u00e1rio.<\/p>\n","protected":false},"excerpt":{"rendered":"<p>Os aposentados e pensionistas do Instituto Nacional do Seguro Social (INSS) que ganham mais que um sal\u00e1rio m\u00ednimo come\u00e7am a receber nesta segunda-feira (3) a segunda parcela do d\u00e9cimo terceiro. O pagamento vai at\u00e9 o pr\u00f3ximo dia 7, com as datas definidas conforme o d\u00edgito final do N\u00famero de Inscri\u00e7\u00e3o Social (NIS). O pagamento do [&hellip;]<\/p>\n","protected":false},"author":2,"featured_media":133936,"comment_status":"closed","ping_status":"closed","sticky":false,"template":"","format":"standard","meta":{"_acf_changed":false,"footnotes":""},"categories":[161],"tags":[],"class_list":["post-330114","post","type-post","status-publish","format-standard","has-post-thumbnail","hentry","category-quadradinho-em-foco"],"acf":[],"yoast_head":"<!-- This site is optimized with the Yoast SEO plugin v27.5 - https:\/\/yoast.com\/product\/yoast-seo-wordpress\/ -->\n<title>INSS paga 2\u00aa parcela do 13\u00ba a quem recebe acima do m\u00ednimo - Notibras<\/title>\n<meta name=\"robots\" content=\"index, follow, max-snippet:-1, max-image-preview:large, max-video-preview:-1\" \/>\n<link rel=\"canonical\" href=\"https:\/\/www.notibras.com\/site\/inss-paga-2a-parcela-do-13o-a-quem-recebe-acima-do-minimo\/\" \/>\n<meta property=\"og:locale\" content=\"pt_BR\" \/>\n<meta property=\"og:type\" content=\"article\" \/>\n<meta property=\"og:title\" content=\"INSS paga 2\u00aa parcela do 13\u00ba a quem recebe acima do m\u00ednimo - Notibras\" \/>\n<meta property=\"og:description\" content=\"Os aposentados e pensionistas do Instituto Nacional do Seguro Social (INSS) que ganham mais que um sal\u00e1rio m\u00ednimo come\u00e7am a receber nesta segunda-feira (3) a segunda parcela do d\u00e9cimo terceiro. O pagamento vai at\u00e9 o pr\u00f3ximo dia 7, com as datas definidas conforme o d\u00edgito final do N\u00famero de Inscri\u00e7\u00e3o Social (NIS). O pagamento do [&hellip;]\" \/>\n<meta property=\"og:url\" content=\"https:\/\/www.notibras.com\/site\/inss-paga-2a-parcela-do-13o-a-quem-recebe-acima-do-minimo\/\" \/>\n<meta property=\"og:site_name\" content=\"Notibras\" \/>\n<meta property=\"article:publisher\" content=\"https:\/\/www.facebook.com\/notibras\/\" \/>\n<meta property=\"article:published_time\" content=\"2024-06-03T03:50:04+00:00\" \/>\n<meta property=\"article:modified_time\" content=\"2024-06-03T10:05:20+00:00\" \/>\n<meta property=\"og:image\" content=\"https:\/\/www.notibras.com\/site\/wp-content\/uploads\/2017\/04\/Quem-tem-direito-a-aposentadoria-especial-1.jpg\" \/>\n\t<meta property=\"og:image:width\" content=\"2500\" \/>\n\t<meta property=\"og:image:height\" content=\"1670\" \/>\n\t<meta property=\"og:image:type\" content=\"image\/jpeg\" \/>\n<meta name=\"author\" content=\"Reda\u00e7\u00e3o\" \/>\n<meta name=\"twitter:card\" content=\"summary_large_image\" \/>\n<meta name=\"twitter:creator\" content=\"@Notibras\" \/>\n<meta name=\"twitter:site\" content=\"@Notibras\" \/>\n<meta name=\"twitter:label1\" content=\"Escrito por\" \/>\n\t<meta name=\"twitter:data1\" content=\"Reda\u00e7\u00e3o\" \/>\n\t<meta name=\"twitter:label2\" content=\"Est. tempo de leitura\" \/>\n\t<meta name=\"twitter:data2\" content=\"3 minutos\" \/>\n<script type=\"application\/ld+json\" class=\"yoast-schema-graph\">{\"@context\":\"https:\\\/\\\/schema.org\",\"@graph\":[{\"@type\":\"Article\",\"@id\":\"https:\\\/\\\/www.notibras.com\\\/site\\\/inss-paga-2a-parcela-do-13o-a-quem-recebe-acima-do-minimo\\\/#article\",\"isPartOf\":{\"@id\":\"https:\\\/\\\/www.notibras.com\\\/site\\\/inss-paga-2a-parcela-do-13o-a-quem-recebe-acima-do-minimo\\\/\"},\"author\":{\"name\":\"Reda\u00e7\u00e3o\",\"@id\":\"https:\\\/\\\/www.notibras.com\\\/site\\\/#\\\/schema\\\/person\\\/36ab0979449956132d3e5b517ea76ac8\"},\"headline\":\"INSS paga 2\u00aa parcela do 13\u00ba a quem recebe acima do m\u00ednimo\",\"datePublished\":\"2024-06-03T03:50:04+00:00\",\"dateModified\":\"2024-06-03T10:05:20+00:00\",\"mainEntityOfPage\":{\"@id\":\"https:\\\/\\\/www.notibras.com\\\/site\\\/inss-paga-2a-parcela-do-13o-a-quem-recebe-acima-do-minimo\\\/\"},\"wordCount\":469,\"publisher\":{\"@id\":\"https:\\\/\\\/www.notibras.com\\\/site\\\/#organization\"},\"image\":{\"@id\":\"https:\\\/\\\/www.notibras.com\\\/site\\\/inss-paga-2a-parcela-do-13o-a-quem-recebe-acima-do-minimo\\\/#primaryimage\"},\"thumbnailUrl\":\"https:\\\/\\\/www.notibras.com\\\/site\\\/wp-content\\\/uploads\\\/2017\\\/04\\\/Quem-tem-direito-a-aposentadoria-especial-1.jpg\",\"articleSection\":[\"Quadradinho em Foco\"],\"inLanguage\":\"pt-BR\"},{\"@type\":\"WebPage\",\"@id\":\"https:\\\/\\\/www.notibras.com\\\/site\\\/inss-paga-2a-parcela-do-13o-a-quem-recebe-acima-do-minimo\\\/\",\"url\":\"https:\\\/\\\/www.notibras.com\\\/site\\\/inss-paga-2a-parcela-do-13o-a-quem-recebe-acima-do-minimo\\\/\",\"name\":\"INSS paga 2\u00aa parcela do 13\u00ba a quem recebe acima do m\u00ednimo - Notibras\",\"isPartOf\":{\"@id\":\"https:\\\/\\\/www.notibras.com\\\/site\\\/#website\"},\"primaryImageOfPage\":{\"@id\":\"https:\\\/\\\/www.notibras.com\\\/site\\\/inss-paga-2a-parcela-do-13o-a-quem-recebe-acima-do-minimo\\\/#primaryimage\"},\"image\":{\"@id\":\"https:\\\/\\\/www.notibras.com\\\/site\\\/inss-paga-2a-parcela-do-13o-a-quem-recebe-acima-do-minimo\\\/#primaryimage\"},\"thumbnailUrl\":\"https:\\\/\\\/www.notibras.com\\\/site\\\/wp-content\\\/uploads\\\/2017\\\/04\\\/Quem-tem-direito-a-aposentadoria-especial-1.jpg\",\"datePublished\":\"2024-06-03T03:50:04+00:00\",\"dateModified\":\"2024-06-03T10:05:20+00:00\",\"breadcrumb\":{\"@id\":\"https:\\\/\\\/www.notibras.com\\\/site\\\/inss-paga-2a-parcela-do-13o-a-quem-recebe-acima-do-minimo\\\/#breadcrumb\"},\"inLanguage\":\"pt-BR\",\"potentialAction\":[{\"@type\":\"ReadAction\",\"target\":[\"https:\\\/\\\/www.notibras.com\\\/site\\\/inss-paga-2a-parcela-do-13o-a-quem-recebe-acima-do-minimo\\\/\"]}]},{\"@type\":\"ImageObject\",\"inLanguage\":\"pt-BR\",\"@id\":\"https:\\\/\\\/www.notibras.com\\\/site\\\/inss-paga-2a-parcela-do-13o-a-quem-recebe-acima-do-minimo\\\/#primaryimage\",\"url\":\"https:\\\/\\\/www.notibras.com\\\/site\\\/wp-content\\\/uploads\\\/2017\\\/04\\\/Quem-tem-direito-a-aposentadoria-especial-1.jpg\",\"contentUrl\":\"https:\\\/\\\/www.notibras.com\\\/site\\\/wp-content\\\/uploads\\\/2017\\\/04\\\/Quem-tem-direito-a-aposentadoria-especial-1.jpg\",\"width\":2500,\"height\":1670},{\"@type\":\"BreadcrumbList\",\"@id\":\"https:\\\/\\\/www.notibras.com\\\/site\\\/inss-paga-2a-parcela-do-13o-a-quem-recebe-acima-do-minimo\\\/#breadcrumb\",\"itemListElement\":[{\"@type\":\"ListItem\",\"position\":1,\"name\":\"In\u00edcio\",\"item\":\"https:\\\/\\\/www.notibras.com\\\/site\\\/\"},{\"@type\":\"ListItem\",\"position\":2,\"name\":\"INSS paga 2\u00aa parcela do 13\u00ba a quem recebe acima do m\u00ednimo\"}]},{\"@type\":\"WebSite\",\"@id\":\"https:\\\/\\\/www.notibras.com\\\/site\\\/#website\",\"url\":\"https:\\\/\\\/www.notibras.com\\\/site\\\/\",\"name\":\"Notibras\",\"description\":\"Not\u00edcias de Bras\u00edlia, do Brasil e do Mundo\",\"publisher\":{\"@id\":\"https:\\\/\\\/www.notibras.com\\\/site\\\/#organization\"},\"potentialAction\":[{\"@type\":\"SearchAction\",\"target\":{\"@type\":\"EntryPoint\",\"urlTemplate\":\"https:\\\/\\\/www.notibras.com\\\/site\\\/?s={search_term_string}\"},\"query-input\":{\"@type\":\"PropertyValueSpecification\",\"valueRequired\":true,\"valueName\":\"search_term_string\"}}],\"inLanguage\":\"pt-BR\"},{\"@type\":\"Organization\",\"@id\":\"https:\\\/\\\/www.notibras.com\\\/site\\\/#organization\",\"name\":\"Grupo Notibras de Comunica\u00e7\u00e3o\",\"url\":\"https:\\\/\\\/www.notibras.com\\\/site\\\/\",\"logo\":{\"@type\":\"ImageObject\",\"inLanguage\":\"pt-BR\",\"@id\":\"https:\\\/\\\/www.notibras.com\\\/site\\\/#\\\/schema\\\/logo\\\/image\\\/\",\"url\":\"https:\\\/\\\/www.notibras.com\\\/site\\\/wp-content\\\/uploads\\\/2023\\\/01\\\/notibras23.png\",\"contentUrl\":\"https:\\\/\\\/www.notibras.com\\\/site\\\/wp-content\\\/uploads\\\/2023\\\/01\\\/notibras23.png\",\"width\":350,\"height\":87,\"caption\":\"Grupo Notibras de Comunica\u00e7\u00e3o\"},\"image\":{\"@id\":\"https:\\\/\\\/www.notibras.com\\\/site\\\/#\\\/schema\\\/logo\\\/image\\\/\"},\"sameAs\":[\"https:\\\/\\\/www.facebook.com\\\/notibras\\\/\",\"https:\\\/\\\/x.com\\\/Notibras\",\"https:\\\/\\\/www.instagram.com\\\/notibras\\\/\"]},{\"@type\":\"Person\",\"@id\":\"https:\\\/\\\/www.notibras.com\\\/site\\\/#\\\/schema\\\/person\\\/36ab0979449956132d3e5b517ea76ac8\",\"name\":\"Reda\u00e7\u00e3o\",\"image\":{\"@type\":\"ImageObject\",\"inLanguage\":\"pt-BR\",\"@id\":\"https:\\\/\\\/secure.gravatar.com\\\/avatar\\\/e0a867bdedb85fd243eadf09663511f96fc81e0720a4a42581f334ad4303aa6b?s=96&d=mm&r=g\",\"url\":\"https:\\\/\\\/secure.gravatar.com\\\/avatar\\\/e0a867bdedb85fd243eadf09663511f96fc81e0720a4a42581f334ad4303aa6b?s=96&d=mm&r=g\",\"contentUrl\":\"https:\\\/\\\/secure.gravatar.com\\\/avatar\\\/e0a867bdedb85fd243eadf09663511f96fc81e0720a4a42581f334ad4303aa6b?s=96&d=mm&r=g\",\"caption\":\"Reda\u00e7\u00e3o\"}}]}<\/script>\n<!-- \/ Yoast SEO plugin. -->","yoast_head_json":{"title":"INSS paga 2\u00aa parcela do 13\u00ba a quem recebe acima do m\u00ednimo - Notibras","robots":{"index":"index","follow":"follow","max-snippet":"max-snippet:-1","max-image-preview":"max-image-preview:large","max-video-preview":"max-video-preview:-1"},"canonical":"https:\/\/www.notibras.com\/site\/inss-paga-2a-parcela-do-13o-a-quem-recebe-acima-do-minimo\/","og_locale":"pt_BR","og_type":"article","og_title":"INSS paga 2\u00aa parcela do 13\u00ba a quem recebe acima do m\u00ednimo - Notibras","og_description":"Os aposentados e pensionistas do Instituto Nacional do Seguro Social (INSS) que ganham mais que um sal\u00e1rio m\u00ednimo come\u00e7am a receber nesta segunda-feira (3) a segunda parcela do d\u00e9cimo terceiro. O pagamento vai at\u00e9 o pr\u00f3ximo dia 7, com as datas definidas conforme o d\u00edgito final do N\u00famero de Inscri\u00e7\u00e3o Social (NIS). O pagamento do [&hellip;]","og_url":"https:\/\/www.notibras.com\/site\/inss-paga-2a-parcela-do-13o-a-quem-recebe-acima-do-minimo\/","og_site_name":"Notibras","article_publisher":"https:\/\/www.facebook.com\/notibras\/","article_published_time":"2024-06-03T03:50:04+00:00","article_modified_time":"2024-06-03T10:05:20+00:00","og_image":[{"width":2500,"height":1670,"url":"https:\/\/www.notibras.com\/site\/wp-content\/uploads\/2017\/04\/Quem-tem-direito-a-aposentadoria-especial-1.jpg","type":"image\/jpeg"}],"author":"Reda\u00e7\u00e3o","twitter_card":"summary_large_image","twitter_creator":"@Notibras","twitter_site":"@Notibras","twitter_misc":{"Escrito por":"Reda\u00e7\u00e3o","Est. tempo de leitura":"3 minutos"},"schema":{"@context":"https:\/\/schema.org","@graph":[{"@type":"Article","@id":"https:\/\/www.notibras.com\/site\/inss-paga-2a-parcela-do-13o-a-quem-recebe-acima-do-minimo\/#article","isPartOf":{"@id":"https:\/\/www.notibras.com\/site\/inss-paga-2a-parcela-do-13o-a-quem-recebe-acima-do-minimo\/"},"author":{"name":"Reda\u00e7\u00e3o","@id":"https:\/\/www.notibras.com\/site\/#\/schema\/person\/36ab0979449956132d3e5b517ea76ac8"},"headline":"INSS paga 2\u00aa parcela do 13\u00ba a quem recebe acima do m\u00ednimo","datePublished":"2024-06-03T03:50:04+00:00","dateModified":"2024-06-03T10:05:20+00:00","mainEntityOfPage":{"@id":"https:\/\/www.notibras.com\/site\/inss-paga-2a-parcela-do-13o-a-quem-recebe-acima-do-minimo\/"},"wordCount":469,"publisher":{"@id":"https:\/\/www.notibras.com\/site\/#organization"},"image":{"@id":"https:\/\/www.notibras.com\/site\/inss-paga-2a-parcela-do-13o-a-quem-recebe-acima-do-minimo\/#primaryimage"},"thumbnailUrl":"https:\/\/www.notibras.com\/site\/wp-content\/uploads\/2017\/04\/Quem-tem-direito-a-aposentadoria-especial-1.jpg","articleSection":["Quadradinho em Foco"],"inLanguage":"pt-BR"},{"@type":"WebPage","@id":"https:\/\/www.notibras.com\/site\/inss-paga-2a-parcela-do-13o-a-quem-recebe-acima-do-minimo\/","url":"https:\/\/www.notibras.com\/site\/inss-paga-2a-parcela-do-13o-a-quem-recebe-acima-do-minimo\/","name":"INSS paga 2\u00aa parcela do 13\u00ba a quem recebe acima do m\u00ednimo - Notibras","isPartOf":{"@id":"https:\/\/www.notibras.com\/site\/#website"},"primaryImageOfPage":{"@id":"https:\/\/www.notibras.com\/site\/inss-paga-2a-parcela-do-13o-a-quem-recebe-acima-do-minimo\/#primaryimage"},"image":{"@id":"https:\/\/www.notibras.com\/site\/inss-paga-2a-parcela-do-13o-a-quem-recebe-acima-do-minimo\/#primaryimage"},"thumbnailUrl":"https:\/\/www.notibras.com\/site\/wp-content\/uploads\/2017\/04\/Quem-tem-direito-a-aposentadoria-especial-1.jpg","datePublished":"2024-06-03T03:50:04+00:00","dateModified":"2024-06-03T10:05:20+00:00","breadcrumb":{"@id":"https:\/\/www.notibras.com\/site\/inss-paga-2a-parcela-do-13o-a-quem-recebe-acima-do-minimo\/#breadcrumb"},"inLanguage":"pt-BR","potentialAction":[{"@type":"ReadAction","target":["https:\/\/www.notibras.com\/site\/inss-paga-2a-parcela-do-13o-a-quem-recebe-acima-do-minimo\/"]}]},{"@type":"ImageObject","inLanguage":"pt-BR","@id":"https:\/\/www.notibras.com\/site\/inss-paga-2a-parcela-do-13o-a-quem-recebe-acima-do-minimo\/#primaryimage","url":"https:\/\/www.notibras.com\/site\/wp-content\/uploads\/2017\/04\/Quem-tem-direito-a-aposentadoria-especial-1.jpg","contentUrl":"https:\/\/www.notibras.com\/site\/wp-content\/uploads\/2017\/04\/Quem-tem-direito-a-aposentadoria-especial-1.jpg","width":2500,"height":1670},{"@type":"BreadcrumbList","@id":"https:\/\/www.notibras.com\/site\/inss-paga-2a-parcela-do-13o-a-quem-recebe-acima-do-minimo\/#breadcrumb","itemListElement":[{"@type":"ListItem","position":1,"name":"In\u00edcio","item":"https:\/\/www.notibras.com\/site\/"},{"@type":"ListItem","position":2,"name":"INSS paga 2\u00aa parcela do 13\u00ba a quem recebe acima do m\u00ednimo"}]},{"@type":"WebSite","@id":"https:\/\/www.notibras.com\/site\/#website","url":"https:\/\/www.notibras.com\/site\/","name":"Notibras","description":"Not\u00edcias de Bras\u00edlia, do Brasil e do Mundo","publisher":{"@id":"https:\/\/www.notibras.com\/site\/#organization"},"potentialAction":[{"@type":"SearchAction","target":{"@type":"EntryPoint","urlTemplate":"https:\/\/www.notibras.com\/site\/?s={search_term_string}"},"query-input":{"@type":"PropertyValueSpecification","valueRequired":true,"valueName":"search_term_string"}}],"inLanguage":"pt-BR"},{"@type":"Organization","@id":"https:\/\/www.notibras.com\/site\/#organization","name":"Grupo Notibras de Comunica\u00e7\u00e3o","url":"https:\/\/www.notibras.com\/site\/","logo":{"@type":"ImageObject","inLanguage":"pt-BR","@id":"https:\/\/www.notibras.com\/site\/#\/schema\/logo\/image\/","url":"https:\/\/www.notibras.com\/site\/wp-content\/uploads\/2023\/01\/notibras23.png","contentUrl":"https:\/\/www.notibras.com\/site\/wp-content\/uploads\/2023\/01\/notibras23.png","width":350,"height":87,"caption":"Grupo Notibras de Comunica\u00e7\u00e3o"},"image":{"@id":"https:\/\/www.notibras.com\/site\/#\/schema\/logo\/image\/"},"sameAs":["https:\/\/www.facebook.com\/notibras\/","https:\/\/x.com\/Notibras","https:\/\/www.instagram.com\/notibras\/"]},{"@type":"Person","@id":"https:\/\/www.notibras.com\/site\/#\/schema\/person\/36ab0979449956132d3e5b517ea76ac8","name":"Reda\u00e7\u00e3o","image":{"@type":"ImageObject","inLanguage":"pt-BR","@id":"https:\/\/secure.gravatar.com\/avatar\/e0a867bdedb85fd243eadf09663511f96fc81e0720a4a42581f334ad4303aa6b?s=96&d=mm&r=g","url":"https:\/\/secure.gravatar.com\/avatar\/e0a867bdedb85fd243eadf09663511f96fc81e0720a4a42581f334ad4303aa6b?s=96&d=mm&r=g","contentUrl":"https:\/\/secure.gravatar.com\/avatar\/e0a867bdedb85fd243eadf09663511f96fc81e0720a4a42581f334ad4303aa6b?s=96&d=mm&r=g","caption":"Reda\u00e7\u00e3o"}}]}},"amp_enabled":true,"_links":{"self":[{"href":"https:\/\/www.notibras.com\/site\/wp-json\/wp\/v2\/posts\/330114","targetHints":{"allow":["GET"]}}],"collection":[{"href":"https:\/\/www.notibras.com\/site\/wp-json\/wp\/v2\/posts"}],"about":[{"href":"https:\/\/www.notibras.com\/site\/wp-json\/wp\/v2\/types\/post"}],"author":[{"embeddable":true,"href":"https:\/\/www.notibras.com\/site\/wp-json\/wp\/v2\/users\/2"}],"replies":[{"embeddable":true,"href":"https:\/\/www.notibras.com\/site\/wp-json\/wp\/v2\/comments?post=330114"}],"version-history":[{"count":1,"href":"https:\/\/www.notibras.com\/site\/wp-json\/wp\/v2\/posts\/330114\/revisions"}],"predecessor-version":[{"id":330115,"href":"https:\/\/www.notibras.com\/site\/wp-json\/wp\/v2\/posts\/330114\/revisions\/330115"}],"wp:featuredmedia":[{"embeddable":true,"href":"https:\/\/www.notibras.com\/site\/wp-json\/wp\/v2\/media\/133936"}],"wp:attachment":[{"href":"https:\/\/www.notibras.com\/site\/wp-json\/wp\/v2\/media?parent=330114"}],"wp:term":[{"taxonomy":"category","embeddable":true,"href":"https:\/\/www.notibras.com\/site\/wp-json\/wp\/v2\/categories?post=330114"},{"taxonomy":"post_tag","embeddable":true,"href":"https:\/\/www.notibras.com\/site\/wp-json\/wp\/v2\/tags?post=330114"}],"curies":[{"name":"wp","href":"https:\/\/api.w.org\/{rel}","templated":true}]}}