{"id":330116,"date":"2024-06-03T00:00:47","date_gmt":"2024-06-03T03:00:47","guid":{"rendered":"https:\/\/www.notibras.com\/site\/?p=330116"},"modified":"2024-06-03T07:36:22","modified_gmt":"2024-06-03T10:36:22","slug":"tecnica-inovadora-amplia-capacidade-de-producao-do-campo","status":"publish","type":"post","link":"https:\/\/www.notibras.com\/site\/tecnica-inovadora-amplia-capacidade-de-producao-do-campo\/","title":{"rendered":"T\u00e9cnica inovadora amplia capacidade de produ\u00e7\u00e3o do campo"},"content":{"rendered":"<p>A Empresa de Assist\u00eancia T\u00e9cnica e Extens\u00e3o Rural (Emater) orienta produtores locais sobre uma t\u00e9cnica inovadora de plantio direto em produ\u00e7\u00f5es de hortali\u00e7as do Distrito Federal. A pr\u00e1tica, que j\u00e1 tem mostrado resultados promissores em outros estados, est\u00e1 sendo implementada pela primeira vez na capital federal.<\/p>\n<p>Mais sustent\u00e1vel e integrado com o meio ambiente, o plantio direto \u00e9 uma t\u00e9cnica agr\u00edcola que minimiza o revolvimento do solo, mantendo a cobertura vegetal na superf\u00edcie. Essa abordagem j\u00e1 \u00e9 amplamente utilizada em culturas como soja e milho, mas a aplica\u00e7\u00e3o em hortali\u00e7as \u00e9 uma novidade no DF.<\/p>\n<p>A Emater acredita que a pr\u00e1tica pode trazer benef\u00edcios para a sustentabilidade e produtividade de pequenas propriedades rurais. Segundo os t\u00e9cnicos agr\u00edcolas, os agricultores adeptos da pr\u00e1tica costumam ter melhores resultados na conserva\u00e7\u00e3o do solo, que ret\u00e9m mais umidade, fica mais f\u00e9rtil e apresenta melhor conforto t\u00e9rmico.<\/p>\n<p>\u201c\u00c9 um sistema inovador para o DF, mas n\u00e3o \u00e9 novo e j\u00e1 ocorre em lavouras de gr\u00e3os. Ainda est\u00e1 incipiente entre os produtores de hortali\u00e7as locais, mas j\u00e1 estamos introduzindo a t\u00e9cnica e, em algumas propriedades, o sistema j\u00e1 foi utilizado, com bons resultados\u201d, explica o t\u00e9cnico M\u00e1rcio Meirelles.<\/p>\n<p>Segundo Meirelles, outro benef\u00edcio direto da ado\u00e7\u00e3o do plantio direto \u00e9 a economia. \u201cPode aumentar a produtividade, mas, com certeza, o primeiro impacto \u00e9 a redu\u00e7\u00e3o de custos e de m\u00e3o de obra. A economia \u00e9 absurda com essa tecnologia\u201d, ressalta.<\/p>\n<p>Uma das propriedades escolhidas como piloto para a ado\u00e7\u00e3o do sistema no DF fica no N\u00facleo Rural Taquara, em Planaltina, e pertence ao agricultor familiar Wildes Max de Oliveira, de 25 anos. Apesar do pouco tempo no ramo, o produtor j\u00e1 colhe resultados expressivos. \u201cNossa produ\u00e7\u00e3o aumentou bastante. Com um custo m\u00e9dio de R$ 700, est\u00e1 sendo poss\u00edvel retirar quase R$ 7 mil em hortali\u00e7as\u201d, conta.<\/p>\n<p>Esse salto nas vendas de Max, como \u00e9 conhecido, viabilizou investimentos na expans\u00e3o da propriedade e, consequentemente, na produ\u00e7\u00e3o de hortali\u00e7as. \u201cEsse recurso obtido com as vendas e com a economia que tive com esse sistema me permitiu comprar maquin\u00e1rio, ampliar o reservat\u00f3rio de \u00e1gua, investir na planta\u00e7\u00e3o e abrir mais espa\u00e7os para cultivo\u201d, detalha.<\/p>\n<p><strong>Produ\u00e7\u00e3o de destaque<\/strong><br \/>\nAo longo de 2023, o DF produziu 260,9 mil toneladas de hortali\u00e7as \u2013 \u00edndice 10% maior do que no ano anterior. A atividade tem atra\u00eddo cada vez mais investidores, principalmente agricultores familiares, donos de pequenas propriedades no DF e Entorno, que contam com apoio do Governo do Distrito Federal (GDF) para fortalecer o segmento e diversificar a produ\u00e7\u00e3o. O valor da produ\u00e7\u00e3o bruta de hortali\u00e7as em 2023 foi de R$ 1.766.380.707,64.<\/p>\n<p>A maior parte dos insumos desse cultivo permanece na capital federal. Enquanto outras culturas s\u00e3o mais voltadas para produtos de exporta\u00e7\u00e3o, 70% das hortali\u00e7as que s\u00e3o colhidas aqui v\u00e3o para a mesa dos brasilienses e para a merenda escolar servida nas escolas da rede p\u00fablica.<\/p>\n<p>O campe\u00e3o da produ\u00e7\u00e3o \u00e9 o tamb\u00e9m queridinho nos card\u00e1pios: o tomate. Al\u00e9m de um componente importante de saladas, o fruto vai bem tanto como ingrediente para molhos quanto em pratos mais elaborados, e teve a maior safra em 2023 no DF: 41,6 mil toneladas. Quase 700 produtores investem no alimento, que representa 15,95% da produ\u00e7\u00e3o oler\u00edcola na regi\u00e3o.<\/p>\n","protected":false},"excerpt":{"rendered":"<p>A Empresa de Assist\u00eancia T\u00e9cnica e Extens\u00e3o Rural (Emater) orienta produtores locais sobre uma t\u00e9cnica inovadora de plantio direto em produ\u00e7\u00f5es de hortali\u00e7as do Distrito Federal. A pr\u00e1tica, que j\u00e1 tem mostrado resultados promissores em outros estados, est\u00e1 sendo implementada pela primeira vez na capital federal. Mais sustent\u00e1vel e integrado com o meio ambiente, o [&hellip;]<\/p>\n","protected":false},"author":2,"featured_media":330117,"comment_status":"closed","ping_status":"closed","sticky":false,"template":"","format":"standard","meta":{"_acf_changed":false,"footnotes":""},"categories":[161],"tags":[],"class_list":["post-330116","post","type-post","status-publish","format-standard","has-post-thumbnail","hentry","category-quadradinho-em-foco"],"acf":[],"yoast_head":"<!-- This site is optimized with the Yoast SEO plugin v27.5 - https:\/\/yoast.com\/product\/yoast-seo-wordpress\/ -->\n<title>T\u00e9cnica inovadora amplia capacidade de produ\u00e7\u00e3o do campo - Notibras<\/title>\n<meta name=\"robots\" content=\"index, follow, max-snippet:-1, max-image-preview:large, max-video-preview:-1\" \/>\n<link rel=\"canonical\" href=\"https:\/\/www.notibras.com\/site\/tecnica-inovadora-amplia-capacidade-de-producao-do-campo\/\" \/>\n<meta property=\"og:locale\" content=\"pt_BR\" \/>\n<meta property=\"og:type\" content=\"article\" \/>\n<meta property=\"og:title\" content=\"T\u00e9cnica inovadora amplia capacidade de produ\u00e7\u00e3o do campo - Notibras\" \/>\n<meta property=\"og:description\" content=\"A Empresa de Assist\u00eancia T\u00e9cnica e Extens\u00e3o Rural (Emater) orienta produtores locais sobre uma t\u00e9cnica inovadora de plantio direto em produ\u00e7\u00f5es de hortali\u00e7as do Distrito Federal. A pr\u00e1tica, que j\u00e1 tem mostrado resultados promissores em outros estados, est\u00e1 sendo implementada pela primeira vez na capital federal. Mais sustent\u00e1vel e integrado com o meio ambiente, o [&hellip;]\" \/>\n<meta property=\"og:url\" content=\"https:\/\/www.notibras.com\/site\/tecnica-inovadora-amplia-capacidade-de-producao-do-campo\/\" \/>\n<meta property=\"og:site_name\" content=\"Notibras\" \/>\n<meta property=\"article:publisher\" content=\"https:\/\/www.facebook.com\/notibras\/\" \/>\n<meta property=\"article:published_time\" content=\"2024-06-03T03:00:47+00:00\" \/>\n<meta property=\"article:modified_time\" content=\"2024-06-03T10:36:22+00:00\" \/>\n<meta property=\"og:image\" content=\"https:\/\/www.notibras.com\/site\/wp-content\/uploads\/2024\/06\/Dentro-1-22.jpg\" \/>\n\t<meta property=\"og:image:width\" content=\"1181\" \/>\n\t<meta property=\"og:image:height\" content=\"787\" \/>\n\t<meta property=\"og:image:type\" content=\"image\/jpeg\" \/>\n<meta name=\"author\" content=\"Reda\u00e7\u00e3o\" \/>\n<meta name=\"twitter:card\" content=\"summary_large_image\" \/>\n<meta name=\"twitter:creator\" content=\"@Notibras\" \/>\n<meta name=\"twitter:site\" content=\"@Notibras\" \/>\n<meta name=\"twitter:label1\" content=\"Escrito por\" \/>\n\t<meta name=\"twitter:data1\" content=\"Reda\u00e7\u00e3o\" \/>\n\t<meta name=\"twitter:label2\" content=\"Est. tempo de leitura\" \/>\n\t<meta name=\"twitter:data2\" content=\"4 minutos\" \/>\n<script type=\"application\/ld+json\" class=\"yoast-schema-graph\">{\"@context\":\"https:\\\/\\\/schema.org\",\"@graph\":[{\"@type\":\"Article\",\"@id\":\"https:\\\/\\\/www.notibras.com\\\/site\\\/tecnica-inovadora-amplia-capacidade-de-producao-do-campo\\\/#article\",\"isPartOf\":{\"@id\":\"https:\\\/\\\/www.notibras.com\\\/site\\\/tecnica-inovadora-amplia-capacidade-de-producao-do-campo\\\/\"},\"author\":{\"name\":\"Reda\u00e7\u00e3o\",\"@id\":\"https:\\\/\\\/www.notibras.com\\\/site\\\/#\\\/schema\\\/person\\\/36ab0979449956132d3e5b517ea76ac8\"},\"headline\":\"T\u00e9cnica inovadora amplia capacidade de produ\u00e7\u00e3o do campo\",\"datePublished\":\"2024-06-03T03:00:47+00:00\",\"dateModified\":\"2024-06-03T10:36:22+00:00\",\"mainEntityOfPage\":{\"@id\":\"https:\\\/\\\/www.notibras.com\\\/site\\\/tecnica-inovadora-amplia-capacidade-de-producao-do-campo\\\/\"},\"wordCount\":583,\"publisher\":{\"@id\":\"https:\\\/\\\/www.notibras.com\\\/site\\\/#organization\"},\"image\":{\"@id\":\"https:\\\/\\\/www.notibras.com\\\/site\\\/tecnica-inovadora-amplia-capacidade-de-producao-do-campo\\\/#primaryimage\"},\"thumbnailUrl\":\"https:\\\/\\\/www.notibras.com\\\/site\\\/wp-content\\\/uploads\\\/2024\\\/06\\\/Dentro-1-22.jpg\",\"articleSection\":[\"Quadradinho em Foco\"],\"inLanguage\":\"pt-BR\"},{\"@type\":\"WebPage\",\"@id\":\"https:\\\/\\\/www.notibras.com\\\/site\\\/tecnica-inovadora-amplia-capacidade-de-producao-do-campo\\\/\",\"url\":\"https:\\\/\\\/www.notibras.com\\\/site\\\/tecnica-inovadora-amplia-capacidade-de-producao-do-campo\\\/\",\"name\":\"T\u00e9cnica inovadora amplia capacidade de produ\u00e7\u00e3o do campo - Notibras\",\"isPartOf\":{\"@id\":\"https:\\\/\\\/www.notibras.com\\\/site\\\/#website\"},\"primaryImageOfPage\":{\"@id\":\"https:\\\/\\\/www.notibras.com\\\/site\\\/tecnica-inovadora-amplia-capacidade-de-producao-do-campo\\\/#primaryimage\"},\"image\":{\"@id\":\"https:\\\/\\\/www.notibras.com\\\/site\\\/tecnica-inovadora-amplia-capacidade-de-producao-do-campo\\\/#primaryimage\"},\"thumbnailUrl\":\"https:\\\/\\\/www.notibras.com\\\/site\\\/wp-content\\\/uploads\\\/2024\\\/06\\\/Dentro-1-22.jpg\",\"datePublished\":\"2024-06-03T03:00:47+00:00\",\"dateModified\":\"2024-06-03T10:36:22+00:00\",\"breadcrumb\":{\"@id\":\"https:\\\/\\\/www.notibras.com\\\/site\\\/tecnica-inovadora-amplia-capacidade-de-producao-do-campo\\\/#breadcrumb\"},\"inLanguage\":\"pt-BR\",\"potentialAction\":[{\"@type\":\"ReadAction\",\"target\":[\"https:\\\/\\\/www.notibras.com\\\/site\\\/tecnica-inovadora-amplia-capacidade-de-producao-do-campo\\\/\"]}]},{\"@type\":\"ImageObject\",\"inLanguage\":\"pt-BR\",\"@id\":\"https:\\\/\\\/www.notibras.com\\\/site\\\/tecnica-inovadora-amplia-capacidade-de-producao-do-campo\\\/#primaryimage\",\"url\":\"https:\\\/\\\/www.notibras.com\\\/site\\\/wp-content\\\/uploads\\\/2024\\\/06\\\/Dentro-1-22.jpg\",\"contentUrl\":\"https:\\\/\\\/www.notibras.com\\\/site\\\/wp-content\\\/uploads\\\/2024\\\/06\\\/Dentro-1-22.jpg\",\"width\":1181,\"height\":787},{\"@type\":\"BreadcrumbList\",\"@id\":\"https:\\\/\\\/www.notibras.com\\\/site\\\/tecnica-inovadora-amplia-capacidade-de-producao-do-campo\\\/#breadcrumb\",\"itemListElement\":[{\"@type\":\"ListItem\",\"position\":1,\"name\":\"In\u00edcio\",\"item\":\"https:\\\/\\\/www.notibras.com\\\/site\\\/\"},{\"@type\":\"ListItem\",\"position\":2,\"name\":\"T\u00e9cnica inovadora amplia capacidade de produ\u00e7\u00e3o do campo\"}]},{\"@type\":\"WebSite\",\"@id\":\"https:\\\/\\\/www.notibras.com\\\/site\\\/#website\",\"url\":\"https:\\\/\\\/www.notibras.com\\\/site\\\/\",\"name\":\"Notibras\",\"description\":\"Not\u00edcias de Bras\u00edlia, do Brasil e do Mundo\",\"publisher\":{\"@id\":\"https:\\\/\\\/www.notibras.com\\\/site\\\/#organization\"},\"potentialAction\":[{\"@type\":\"SearchAction\",\"target\":{\"@type\":\"EntryPoint\",\"urlTemplate\":\"https:\\\/\\\/www.notibras.com\\\/site\\\/?s={search_term_string}\"},\"query-input\":{\"@type\":\"PropertyValueSpecification\",\"valueRequired\":true,\"valueName\":\"search_term_string\"}}],\"inLanguage\":\"pt-BR\"},{\"@type\":\"Organization\",\"@id\":\"https:\\\/\\\/www.notibras.com\\\/site\\\/#organization\",\"name\":\"Grupo Notibras de Comunica\u00e7\u00e3o\",\"url\":\"https:\\\/\\\/www.notibras.com\\\/site\\\/\",\"logo\":{\"@type\":\"ImageObject\",\"inLanguage\":\"pt-BR\",\"@id\":\"https:\\\/\\\/www.notibras.com\\\/site\\\/#\\\/schema\\\/logo\\\/image\\\/\",\"url\":\"https:\\\/\\\/www.notibras.com\\\/site\\\/wp-content\\\/uploads\\\/2023\\\/01\\\/notibras23.png\",\"contentUrl\":\"https:\\\/\\\/www.notibras.com\\\/site\\\/wp-content\\\/uploads\\\/2023\\\/01\\\/notibras23.png\",\"width\":350,\"height\":87,\"caption\":\"Grupo Notibras de Comunica\u00e7\u00e3o\"},\"image\":{\"@id\":\"https:\\\/\\\/www.notibras.com\\\/site\\\/#\\\/schema\\\/logo\\\/image\\\/\"},\"sameAs\":[\"https:\\\/\\\/www.facebook.com\\\/notibras\\\/\",\"https:\\\/\\\/x.com\\\/Notibras\",\"https:\\\/\\\/www.instagram.com\\\/notibras\\\/\"]},{\"@type\":\"Person\",\"@id\":\"https:\\\/\\\/www.notibras.com\\\/site\\\/#\\\/schema\\\/person\\\/36ab0979449956132d3e5b517ea76ac8\",\"name\":\"Reda\u00e7\u00e3o\",\"image\":{\"@type\":\"ImageObject\",\"inLanguage\":\"pt-BR\",\"@id\":\"https:\\\/\\\/secure.gravatar.com\\\/avatar\\\/e0a867bdedb85fd243eadf09663511f96fc81e0720a4a42581f334ad4303aa6b?s=96&d=mm&r=g\",\"url\":\"https:\\\/\\\/secure.gravatar.com\\\/avatar\\\/e0a867bdedb85fd243eadf09663511f96fc81e0720a4a42581f334ad4303aa6b?s=96&d=mm&r=g\",\"contentUrl\":\"https:\\\/\\\/secure.gravatar.com\\\/avatar\\\/e0a867bdedb85fd243eadf09663511f96fc81e0720a4a42581f334ad4303aa6b?s=96&d=mm&r=g\",\"caption\":\"Reda\u00e7\u00e3o\"}}]}<\/script>\n<!-- \/ Yoast SEO plugin. -->","yoast_head_json":{"title":"T\u00e9cnica inovadora amplia capacidade de produ\u00e7\u00e3o do campo - Notibras","robots":{"index":"index","follow":"follow","max-snippet":"max-snippet:-1","max-image-preview":"max-image-preview:large","max-video-preview":"max-video-preview:-1"},"canonical":"https:\/\/www.notibras.com\/site\/tecnica-inovadora-amplia-capacidade-de-producao-do-campo\/","og_locale":"pt_BR","og_type":"article","og_title":"T\u00e9cnica inovadora amplia capacidade de produ\u00e7\u00e3o do campo - Notibras","og_description":"A Empresa de Assist\u00eancia T\u00e9cnica e Extens\u00e3o Rural (Emater) orienta produtores locais sobre uma t\u00e9cnica inovadora de plantio direto em produ\u00e7\u00f5es de hortali\u00e7as do Distrito Federal. A pr\u00e1tica, que j\u00e1 tem mostrado resultados promissores em outros estados, est\u00e1 sendo implementada pela primeira vez na capital federal. Mais sustent\u00e1vel e integrado com o meio ambiente, o [&hellip;]","og_url":"https:\/\/www.notibras.com\/site\/tecnica-inovadora-amplia-capacidade-de-producao-do-campo\/","og_site_name":"Notibras","article_publisher":"https:\/\/www.facebook.com\/notibras\/","article_published_time":"2024-06-03T03:00:47+00:00","article_modified_time":"2024-06-03T10:36:22+00:00","og_image":[{"width":1181,"height":787,"url":"https:\/\/www.notibras.com\/site\/wp-content\/uploads\/2024\/06\/Dentro-1-22.jpg","type":"image\/jpeg"}],"author":"Reda\u00e7\u00e3o","twitter_card":"summary_large_image","twitter_creator":"@Notibras","twitter_site":"@Notibras","twitter_misc":{"Escrito por":"Reda\u00e7\u00e3o","Est. tempo de leitura":"4 minutos"},"schema":{"@context":"https:\/\/schema.org","@graph":[{"@type":"Article","@id":"https:\/\/www.notibras.com\/site\/tecnica-inovadora-amplia-capacidade-de-producao-do-campo\/#article","isPartOf":{"@id":"https:\/\/www.notibras.com\/site\/tecnica-inovadora-amplia-capacidade-de-producao-do-campo\/"},"author":{"name":"Reda\u00e7\u00e3o","@id":"https:\/\/www.notibras.com\/site\/#\/schema\/person\/36ab0979449956132d3e5b517ea76ac8"},"headline":"T\u00e9cnica inovadora amplia capacidade de produ\u00e7\u00e3o do campo","datePublished":"2024-06-03T03:00:47+00:00","dateModified":"2024-06-03T10:36:22+00:00","mainEntityOfPage":{"@id":"https:\/\/www.notibras.com\/site\/tecnica-inovadora-amplia-capacidade-de-producao-do-campo\/"},"wordCount":583,"publisher":{"@id":"https:\/\/www.notibras.com\/site\/#organization"},"image":{"@id":"https:\/\/www.notibras.com\/site\/tecnica-inovadora-amplia-capacidade-de-producao-do-campo\/#primaryimage"},"thumbnailUrl":"https:\/\/www.notibras.com\/site\/wp-content\/uploads\/2024\/06\/Dentro-1-22.jpg","articleSection":["Quadradinho em Foco"],"inLanguage":"pt-BR"},{"@type":"WebPage","@id":"https:\/\/www.notibras.com\/site\/tecnica-inovadora-amplia-capacidade-de-producao-do-campo\/","url":"https:\/\/www.notibras.com\/site\/tecnica-inovadora-amplia-capacidade-de-producao-do-campo\/","name":"T\u00e9cnica inovadora amplia capacidade de produ\u00e7\u00e3o do campo - Notibras","isPartOf":{"@id":"https:\/\/www.notibras.com\/site\/#website"},"primaryImageOfPage":{"@id":"https:\/\/www.notibras.com\/site\/tecnica-inovadora-amplia-capacidade-de-producao-do-campo\/#primaryimage"},"image":{"@id":"https:\/\/www.notibras.com\/site\/tecnica-inovadora-amplia-capacidade-de-producao-do-campo\/#primaryimage"},"thumbnailUrl":"https:\/\/www.notibras.com\/site\/wp-content\/uploads\/2024\/06\/Dentro-1-22.jpg","datePublished":"2024-06-03T03:00:47+00:00","dateModified":"2024-06-03T10:36:22+00:00","breadcrumb":{"@id":"https:\/\/www.notibras.com\/site\/tecnica-inovadora-amplia-capacidade-de-producao-do-campo\/#breadcrumb"},"inLanguage":"pt-BR","potentialAction":[{"@type":"ReadAction","target":["https:\/\/www.notibras.com\/site\/tecnica-inovadora-amplia-capacidade-de-producao-do-campo\/"]}]},{"@type":"ImageObject","inLanguage":"pt-BR","@id":"https:\/\/www.notibras.com\/site\/tecnica-inovadora-amplia-capacidade-de-producao-do-campo\/#primaryimage","url":"https:\/\/www.notibras.com\/site\/wp-content\/uploads\/2024\/06\/Dentro-1-22.jpg","contentUrl":"https:\/\/www.notibras.com\/site\/wp-content\/uploads\/2024\/06\/Dentro-1-22.jpg","width":1181,"height":787},{"@type":"BreadcrumbList","@id":"https:\/\/www.notibras.com\/site\/tecnica-inovadora-amplia-capacidade-de-producao-do-campo\/#breadcrumb","itemListElement":[{"@type":"ListItem","position":1,"name":"In\u00edcio","item":"https:\/\/www.notibras.com\/site\/"},{"@type":"ListItem","position":2,"name":"T\u00e9cnica inovadora amplia capacidade de produ\u00e7\u00e3o do campo"}]},{"@type":"WebSite","@id":"https:\/\/www.notibras.com\/site\/#website","url":"https:\/\/www.notibras.com\/site\/","name":"Notibras","description":"Not\u00edcias de Bras\u00edlia, do Brasil e do Mundo","publisher":{"@id":"https:\/\/www.notibras.com\/site\/#organization"},"potentialAction":[{"@type":"SearchAction","target":{"@type":"EntryPoint","urlTemplate":"https:\/\/www.notibras.com\/site\/?s={search_term_string}"},"query-input":{"@type":"PropertyValueSpecification","valueRequired":true,"valueName":"search_term_string"}}],"inLanguage":"pt-BR"},{"@type":"Organization","@id":"https:\/\/www.notibras.com\/site\/#organization","name":"Grupo Notibras de Comunica\u00e7\u00e3o","url":"https:\/\/www.notibras.com\/site\/","logo":{"@type":"ImageObject","inLanguage":"pt-BR","@id":"https:\/\/www.notibras.com\/site\/#\/schema\/logo\/image\/","url":"https:\/\/www.notibras.com\/site\/wp-content\/uploads\/2023\/01\/notibras23.png","contentUrl":"https:\/\/www.notibras.com\/site\/wp-content\/uploads\/2023\/01\/notibras23.png","width":350,"height":87,"caption":"Grupo Notibras de Comunica\u00e7\u00e3o"},"image":{"@id":"https:\/\/www.notibras.com\/site\/#\/schema\/logo\/image\/"},"sameAs":["https:\/\/www.facebook.com\/notibras\/","https:\/\/x.com\/Notibras","https:\/\/www.instagram.com\/notibras\/"]},{"@type":"Person","@id":"https:\/\/www.notibras.com\/site\/#\/schema\/person\/36ab0979449956132d3e5b517ea76ac8","name":"Reda\u00e7\u00e3o","image":{"@type":"ImageObject","inLanguage":"pt-BR","@id":"https:\/\/secure.gravatar.com\/avatar\/e0a867bdedb85fd243eadf09663511f96fc81e0720a4a42581f334ad4303aa6b?s=96&d=mm&r=g","url":"https:\/\/secure.gravatar.com\/avatar\/e0a867bdedb85fd243eadf09663511f96fc81e0720a4a42581f334ad4303aa6b?s=96&d=mm&r=g","contentUrl":"https:\/\/secure.gravatar.com\/avatar\/e0a867bdedb85fd243eadf09663511f96fc81e0720a4a42581f334ad4303aa6b?s=96&d=mm&r=g","caption":"Reda\u00e7\u00e3o"}}]}},"amp_enabled":true,"_links":{"self":[{"href":"https:\/\/www.notibras.com\/site\/wp-json\/wp\/v2\/posts\/330116","targetHints":{"allow":["GET"]}}],"collection":[{"href":"https:\/\/www.notibras.com\/site\/wp-json\/wp\/v2\/posts"}],"about":[{"href":"https:\/\/www.notibras.com\/site\/wp-json\/wp\/v2\/types\/post"}],"author":[{"embeddable":true,"href":"https:\/\/www.notibras.com\/site\/wp-json\/wp\/v2\/users\/2"}],"replies":[{"embeddable":true,"href":"https:\/\/www.notibras.com\/site\/wp-json\/wp\/v2\/comments?post=330116"}],"version-history":[{"count":1,"href":"https:\/\/www.notibras.com\/site\/wp-json\/wp\/v2\/posts\/330116\/revisions"}],"predecessor-version":[{"id":330118,"href":"https:\/\/www.notibras.com\/site\/wp-json\/wp\/v2\/posts\/330116\/revisions\/330118"}],"wp:featuredmedia":[{"embeddable":true,"href":"https:\/\/www.notibras.com\/site\/wp-json\/wp\/v2\/media\/330117"}],"wp:attachment":[{"href":"https:\/\/www.notibras.com\/site\/wp-json\/wp\/v2\/media?parent=330116"}],"wp:term":[{"taxonomy":"category","embeddable":true,"href":"https:\/\/www.notibras.com\/site\/wp-json\/wp\/v2\/categories?post=330116"},{"taxonomy":"post_tag","embeddable":true,"href":"https:\/\/www.notibras.com\/site\/wp-json\/wp\/v2\/tags?post=330116"}],"curies":[{"name":"wp","href":"https:\/\/api.w.org\/{rel}","templated":true}]}}