{"id":330119,"date":"2024-06-03T00:00:39","date_gmt":"2024-06-03T03:00:39","guid":{"rendered":"https:\/\/www.notibras.com\/site\/?p=330119"},"modified":"2024-06-03T07:42:22","modified_gmt":"2024-06-03T10:42:22","slug":"forum-integrado-promove-conscientizacao-sobre-o-cerrado","status":"publish","type":"post","link":"https:\/\/www.notibras.com\/site\/forum-integrado-promove-conscientizacao-sobre-o-cerrado\/","title":{"rendered":"F\u00f3rum Integrado promove conscientiza\u00e7\u00e3o sobre o Cerrado"},"content":{"rendered":"<p>Secretaria do Meio Ambiente e Prote\u00e7\u00e3o Animal (Sema-DF) vai realizar, na pr\u00f3xima ter\u00e7a-feira (4\/6), por meio da Subsecretaria de Gest\u00e3o das \u00c1guas e Res\u00edduos S\u00f3lidos (Sugars), o I F\u00f3rum Integrado sobre Meio Ambiente, com a tem\u00e1tica Protegendo o Cerrado. O evento ocorrer\u00e1 das 8h30 \u00e0s 12h30, no Audit\u00f3rio do UniCeub, na Asa Norte, e vai discutir e promover a prote\u00e7\u00e3o do Cerrado, um dos biomas mais importantes e amea\u00e7ados do Brasil.<\/p>\n<p>O f\u00f3rum ser\u00e1 uma oportunidade para mostrar o trabalho desenvolvido pelo Governo do Distrito Federal (GDF), por meio das a\u00e7\u00f5es da Sema-DF e de suas vinculadas, para a garantia da qualidade de vida e sobreviv\u00eancia das futuras gera\u00e7\u00f5es no Distrito Federal. O evento busca ainda envolver a comunidade, aumentar a conscientiza\u00e7\u00e3o e incentivar mudan\u00e7as de comportamento em rela\u00e7\u00e3o \u00e0 preserva\u00e7\u00e3o do meio ambiente.<\/p>\n<p>Para o secret\u00e1rio do Meio Ambiente e Prote\u00e7\u00e3o Animal, Gutemberg Gomes, o evento refor\u00e7a o compromisso do GDF com a preserva\u00e7\u00e3o do Cerrado e a sustentabilidade no Distrito Federal. \u201cQueremos mostrar \u00e0 popula\u00e7\u00e3o as a\u00e7\u00f5es concretas que estamos realizando e a import\u00e2ncia de cada um nesse processo. Sempre digo que n\u00f3s trabalhamos com a transversalidade, unindo esfor\u00e7os para preservar o nosso meio ambiente\u201d, comentou.<\/p>\n<p>O subsecret\u00e1rio de Gest\u00e3o das \u00c1guas e Res\u00edduos S\u00f3lidos, Anchieta Coimbra, destacou a import\u00e2ncia do f\u00f3rum como importante plataforma para discuss\u00e3o sobre as melhores pr\u00e1ticas e estrat\u00e9gias para a gest\u00e3o sustent\u00e1vel dos recursos naturais. \u201cEste f\u00f3rum \u00e9 uma oportunidade \u00fanica para unir esfor\u00e7os e compartilhar conhecimento. Estamos empenhados em garantir que nossas a\u00e7\u00f5es sejam eficazes e alcancem resultados duradouros para a preserva\u00e7\u00e3o do meio ambiente\u201d, disse.<\/p>\n<p>O debate sobre crescimento e desenvolvimento sustent\u00e1vel tem ganhado for\u00e7a em todo o mundo, destacando a necessidade de preservar o meio ambiente para garantir a qualidade de vida das futuras gera\u00e7\u00f5es. Eventos como a COP 28, realizada em Dubai, enfatizam a import\u00e2ncia de acordos internacionais para a redu\u00e7\u00e3o da emiss\u00e3o de combust\u00edveis f\u00f3sseis e o aumento da capacidade de energia renov\u00e1vel. No Brasil, a preserva\u00e7\u00e3o ambiental tem sido uma preocupa\u00e7\u00e3o desde a d\u00e9cada de 1960, com marcos importantes como a cria\u00e7\u00e3o da Pol\u00edtica Nacional do Meio Ambiente em 1981 e a Rio-92.<\/p>\n<p>O evento \u00e9 direcionado a estudantes, professores, pesquisadores, ambientalistas, gestores p\u00fablicos, empres\u00e1rios, ONGs e toda a comunidade interessada em contribuir para a prote\u00e7\u00e3o do meio ambiente e a promo\u00e7\u00e3o da sustentabilidade no Distrito Federal.<\/p>\n<p>No Distrito Federal, a ocupa\u00e7\u00e3o irregular de \u00e1reas p\u00fablicas e a especula\u00e7\u00e3o imobili\u00e1ria t\u00eam amea\u00e7ado a preserva\u00e7\u00e3o dos mananciais e \u00e1reas verdes. O f\u00f3rum visa conscientizar a popula\u00e7\u00e3o sobre a import\u00e2ncia de proteger o Cerrado e promover pr\u00e1ticas sustent\u00e1veis para mitigar os impactos ambientais.<\/p>\n","protected":false},"excerpt":{"rendered":"<p>Secretaria do Meio Ambiente e Prote\u00e7\u00e3o Animal (Sema-DF) vai realizar, na pr\u00f3xima ter\u00e7a-feira (4\/6), por meio da Subsecretaria de Gest\u00e3o das \u00c1guas e Res\u00edduos S\u00f3lidos (Sugars), o I F\u00f3rum Integrado sobre Meio Ambiente, com a tem\u00e1tica Protegendo o Cerrado. O evento ocorrer\u00e1 das 8h30 \u00e0s 12h30, no Audit\u00f3rio do UniCeub, na Asa Norte, e vai [&hellip;]<\/p>\n","protected":false},"author":2,"featured_media":330120,"comment_status":"closed","ping_status":"closed","sticky":false,"template":"","format":"standard","meta":{"_acf_changed":false,"footnotes":""},"categories":[161],"tags":[],"class_list":["post-330119","post","type-post","status-publish","format-standard","has-post-thumbnail","hentry","category-quadradinho-em-foco"],"acf":[],"yoast_head":"<!-- This site is optimized with the Yoast SEO plugin v27.5 - https:\/\/yoast.com\/product\/yoast-seo-wordpress\/ -->\n<title>F\u00f3rum Integrado promove conscientiza\u00e7\u00e3o sobre o Cerrado - Notibras<\/title>\n<meta name=\"robots\" content=\"index, follow, max-snippet:-1, max-image-preview:large, max-video-preview:-1\" \/>\n<link rel=\"canonical\" href=\"https:\/\/www.notibras.com\/site\/forum-integrado-promove-conscientizacao-sobre-o-cerrado\/\" \/>\n<meta property=\"og:locale\" content=\"pt_BR\" \/>\n<meta property=\"og:type\" content=\"article\" \/>\n<meta property=\"og:title\" content=\"F\u00f3rum Integrado promove conscientiza\u00e7\u00e3o sobre o Cerrado - Notibras\" \/>\n<meta property=\"og:description\" content=\"Secretaria do Meio Ambiente e Prote\u00e7\u00e3o Animal (Sema-DF) vai realizar, na pr\u00f3xima ter\u00e7a-feira (4\/6), por meio da Subsecretaria de Gest\u00e3o das \u00c1guas e Res\u00edduos S\u00f3lidos (Sugars), o I F\u00f3rum Integrado sobre Meio Ambiente, com a tem\u00e1tica Protegendo o Cerrado. O evento ocorrer\u00e1 das 8h30 \u00e0s 12h30, no Audit\u00f3rio do UniCeub, na Asa Norte, e vai [&hellip;]\" \/>\n<meta property=\"og:url\" content=\"https:\/\/www.notibras.com\/site\/forum-integrado-promove-conscientizacao-sobre-o-cerrado\/\" \/>\n<meta property=\"og:site_name\" content=\"Notibras\" \/>\n<meta property=\"article:publisher\" content=\"https:\/\/www.facebook.com\/notibras\/\" \/>\n<meta property=\"article:published_time\" content=\"2024-06-03T03:00:39+00:00\" \/>\n<meta property=\"article:modified_time\" content=\"2024-06-03T10:42:22+00:00\" \/>\n<meta property=\"og:image\" content=\"https:\/\/www.notibras.com\/site\/wp-content\/uploads\/2024\/06\/WhatsApp-Image-2024-05-28-at-17.22.55-768x512-1.jpeg\" \/>\n\t<meta property=\"og:image:width\" content=\"768\" \/>\n\t<meta property=\"og:image:height\" content=\"512\" \/>\n\t<meta property=\"og:image:type\" content=\"image\/jpeg\" \/>\n<meta name=\"author\" content=\"Reda\u00e7\u00e3o\" \/>\n<meta name=\"twitter:card\" content=\"summary_large_image\" \/>\n<meta name=\"twitter:creator\" content=\"@Notibras\" \/>\n<meta name=\"twitter:site\" content=\"@Notibras\" \/>\n<meta name=\"twitter:label1\" content=\"Escrito por\" \/>\n\t<meta name=\"twitter:data1\" content=\"Reda\u00e7\u00e3o\" \/>\n\t<meta name=\"twitter:label2\" content=\"Est. tempo de leitura\" \/>\n\t<meta name=\"twitter:data2\" content=\"3 minutos\" \/>\n<script type=\"application\/ld+json\" class=\"yoast-schema-graph\">{\"@context\":\"https:\\\/\\\/schema.org\",\"@graph\":[{\"@type\":\"Article\",\"@id\":\"https:\\\/\\\/www.notibras.com\\\/site\\\/forum-integrado-promove-conscientizacao-sobre-o-cerrado\\\/#article\",\"isPartOf\":{\"@id\":\"https:\\\/\\\/www.notibras.com\\\/site\\\/forum-integrado-promove-conscientizacao-sobre-o-cerrado\\\/\"},\"author\":{\"name\":\"Reda\u00e7\u00e3o\",\"@id\":\"https:\\\/\\\/www.notibras.com\\\/site\\\/#\\\/schema\\\/person\\\/36ab0979449956132d3e5b517ea76ac8\"},\"headline\":\"F\u00f3rum Integrado promove conscientiza\u00e7\u00e3o sobre o Cerrado\",\"datePublished\":\"2024-06-03T03:00:39+00:00\",\"dateModified\":\"2024-06-03T10:42:22+00:00\",\"mainEntityOfPage\":{\"@id\":\"https:\\\/\\\/www.notibras.com\\\/site\\\/forum-integrado-promove-conscientizacao-sobre-o-cerrado\\\/\"},\"wordCount\":508,\"publisher\":{\"@id\":\"https:\\\/\\\/www.notibras.com\\\/site\\\/#organization\"},\"image\":{\"@id\":\"https:\\\/\\\/www.notibras.com\\\/site\\\/forum-integrado-promove-conscientizacao-sobre-o-cerrado\\\/#primaryimage\"},\"thumbnailUrl\":\"https:\\\/\\\/www.notibras.com\\\/site\\\/wp-content\\\/uploads\\\/2024\\\/06\\\/WhatsApp-Image-2024-05-28-at-17.22.55-768x512-1.jpeg\",\"articleSection\":[\"Quadradinho em Foco\"],\"inLanguage\":\"pt-BR\"},{\"@type\":\"WebPage\",\"@id\":\"https:\\\/\\\/www.notibras.com\\\/site\\\/forum-integrado-promove-conscientizacao-sobre-o-cerrado\\\/\",\"url\":\"https:\\\/\\\/www.notibras.com\\\/site\\\/forum-integrado-promove-conscientizacao-sobre-o-cerrado\\\/\",\"name\":\"F\u00f3rum Integrado promove conscientiza\u00e7\u00e3o sobre o Cerrado - Notibras\",\"isPartOf\":{\"@id\":\"https:\\\/\\\/www.notibras.com\\\/site\\\/#website\"},\"primaryImageOfPage\":{\"@id\":\"https:\\\/\\\/www.notibras.com\\\/site\\\/forum-integrado-promove-conscientizacao-sobre-o-cerrado\\\/#primaryimage\"},\"image\":{\"@id\":\"https:\\\/\\\/www.notibras.com\\\/site\\\/forum-integrado-promove-conscientizacao-sobre-o-cerrado\\\/#primaryimage\"},\"thumbnailUrl\":\"https:\\\/\\\/www.notibras.com\\\/site\\\/wp-content\\\/uploads\\\/2024\\\/06\\\/WhatsApp-Image-2024-05-28-at-17.22.55-768x512-1.jpeg\",\"datePublished\":\"2024-06-03T03:00:39+00:00\",\"dateModified\":\"2024-06-03T10:42:22+00:00\",\"breadcrumb\":{\"@id\":\"https:\\\/\\\/www.notibras.com\\\/site\\\/forum-integrado-promove-conscientizacao-sobre-o-cerrado\\\/#breadcrumb\"},\"inLanguage\":\"pt-BR\",\"potentialAction\":[{\"@type\":\"ReadAction\",\"target\":[\"https:\\\/\\\/www.notibras.com\\\/site\\\/forum-integrado-promove-conscientizacao-sobre-o-cerrado\\\/\"]}]},{\"@type\":\"ImageObject\",\"inLanguage\":\"pt-BR\",\"@id\":\"https:\\\/\\\/www.notibras.com\\\/site\\\/forum-integrado-promove-conscientizacao-sobre-o-cerrado\\\/#primaryimage\",\"url\":\"https:\\\/\\\/www.notibras.com\\\/site\\\/wp-content\\\/uploads\\\/2024\\\/06\\\/WhatsApp-Image-2024-05-28-at-17.22.55-768x512-1.jpeg\",\"contentUrl\":\"https:\\\/\\\/www.notibras.com\\\/site\\\/wp-content\\\/uploads\\\/2024\\\/06\\\/WhatsApp-Image-2024-05-28-at-17.22.55-768x512-1.jpeg\",\"width\":768,\"height\":512},{\"@type\":\"BreadcrumbList\",\"@id\":\"https:\\\/\\\/www.notibras.com\\\/site\\\/forum-integrado-promove-conscientizacao-sobre-o-cerrado\\\/#breadcrumb\",\"itemListElement\":[{\"@type\":\"ListItem\",\"position\":1,\"name\":\"In\u00edcio\",\"item\":\"https:\\\/\\\/www.notibras.com\\\/site\\\/\"},{\"@type\":\"ListItem\",\"position\":2,\"name\":\"F\u00f3rum Integrado promove conscientiza\u00e7\u00e3o sobre o Cerrado\"}]},{\"@type\":\"WebSite\",\"@id\":\"https:\\\/\\\/www.notibras.com\\\/site\\\/#website\",\"url\":\"https:\\\/\\\/www.notibras.com\\\/site\\\/\",\"name\":\"Notibras\",\"description\":\"Not\u00edcias de Bras\u00edlia, do Brasil e do Mundo\",\"publisher\":{\"@id\":\"https:\\\/\\\/www.notibras.com\\\/site\\\/#organization\"},\"potentialAction\":[{\"@type\":\"SearchAction\",\"target\":{\"@type\":\"EntryPoint\",\"urlTemplate\":\"https:\\\/\\\/www.notibras.com\\\/site\\\/?s={search_term_string}\"},\"query-input\":{\"@type\":\"PropertyValueSpecification\",\"valueRequired\":true,\"valueName\":\"search_term_string\"}}],\"inLanguage\":\"pt-BR\"},{\"@type\":\"Organization\",\"@id\":\"https:\\\/\\\/www.notibras.com\\\/site\\\/#organization\",\"name\":\"Grupo Notibras de Comunica\u00e7\u00e3o\",\"url\":\"https:\\\/\\\/www.notibras.com\\\/site\\\/\",\"logo\":{\"@type\":\"ImageObject\",\"inLanguage\":\"pt-BR\",\"@id\":\"https:\\\/\\\/www.notibras.com\\\/site\\\/#\\\/schema\\\/logo\\\/image\\\/\",\"url\":\"https:\\\/\\\/www.notibras.com\\\/site\\\/wp-content\\\/uploads\\\/2023\\\/01\\\/notibras23.png\",\"contentUrl\":\"https:\\\/\\\/www.notibras.com\\\/site\\\/wp-content\\\/uploads\\\/2023\\\/01\\\/notibras23.png\",\"width\":350,\"height\":87,\"caption\":\"Grupo Notibras de Comunica\u00e7\u00e3o\"},\"image\":{\"@id\":\"https:\\\/\\\/www.notibras.com\\\/site\\\/#\\\/schema\\\/logo\\\/image\\\/\"},\"sameAs\":[\"https:\\\/\\\/www.facebook.com\\\/notibras\\\/\",\"https:\\\/\\\/x.com\\\/Notibras\",\"https:\\\/\\\/www.instagram.com\\\/notibras\\\/\"]},{\"@type\":\"Person\",\"@id\":\"https:\\\/\\\/www.notibras.com\\\/site\\\/#\\\/schema\\\/person\\\/36ab0979449956132d3e5b517ea76ac8\",\"name\":\"Reda\u00e7\u00e3o\",\"image\":{\"@type\":\"ImageObject\",\"inLanguage\":\"pt-BR\",\"@id\":\"https:\\\/\\\/secure.gravatar.com\\\/avatar\\\/e0a867bdedb85fd243eadf09663511f96fc81e0720a4a42581f334ad4303aa6b?s=96&d=mm&r=g\",\"url\":\"https:\\\/\\\/secure.gravatar.com\\\/avatar\\\/e0a867bdedb85fd243eadf09663511f96fc81e0720a4a42581f334ad4303aa6b?s=96&d=mm&r=g\",\"contentUrl\":\"https:\\\/\\\/secure.gravatar.com\\\/avatar\\\/e0a867bdedb85fd243eadf09663511f96fc81e0720a4a42581f334ad4303aa6b?s=96&d=mm&r=g\",\"caption\":\"Reda\u00e7\u00e3o\"}}]}<\/script>\n<!-- \/ Yoast SEO plugin. -->","yoast_head_json":{"title":"F\u00f3rum Integrado promove conscientiza\u00e7\u00e3o sobre o Cerrado - Notibras","robots":{"index":"index","follow":"follow","max-snippet":"max-snippet:-1","max-image-preview":"max-image-preview:large","max-video-preview":"max-video-preview:-1"},"canonical":"https:\/\/www.notibras.com\/site\/forum-integrado-promove-conscientizacao-sobre-o-cerrado\/","og_locale":"pt_BR","og_type":"article","og_title":"F\u00f3rum Integrado promove conscientiza\u00e7\u00e3o sobre o Cerrado - Notibras","og_description":"Secretaria do Meio Ambiente e Prote\u00e7\u00e3o Animal (Sema-DF) vai realizar, na pr\u00f3xima ter\u00e7a-feira (4\/6), por meio da Subsecretaria de Gest\u00e3o das \u00c1guas e Res\u00edduos S\u00f3lidos (Sugars), o I F\u00f3rum Integrado sobre Meio Ambiente, com a tem\u00e1tica Protegendo o Cerrado. O evento ocorrer\u00e1 das 8h30 \u00e0s 12h30, no Audit\u00f3rio do UniCeub, na Asa Norte, e vai [&hellip;]","og_url":"https:\/\/www.notibras.com\/site\/forum-integrado-promove-conscientizacao-sobre-o-cerrado\/","og_site_name":"Notibras","article_publisher":"https:\/\/www.facebook.com\/notibras\/","article_published_time":"2024-06-03T03:00:39+00:00","article_modified_time":"2024-06-03T10:42:22+00:00","og_image":[{"width":768,"height":512,"url":"https:\/\/www.notibras.com\/site\/wp-content\/uploads\/2024\/06\/WhatsApp-Image-2024-05-28-at-17.22.55-768x512-1.jpeg","type":"image\/jpeg"}],"author":"Reda\u00e7\u00e3o","twitter_card":"summary_large_image","twitter_creator":"@Notibras","twitter_site":"@Notibras","twitter_misc":{"Escrito por":"Reda\u00e7\u00e3o","Est. tempo de leitura":"3 minutos"},"schema":{"@context":"https:\/\/schema.org","@graph":[{"@type":"Article","@id":"https:\/\/www.notibras.com\/site\/forum-integrado-promove-conscientizacao-sobre-o-cerrado\/#article","isPartOf":{"@id":"https:\/\/www.notibras.com\/site\/forum-integrado-promove-conscientizacao-sobre-o-cerrado\/"},"author":{"name":"Reda\u00e7\u00e3o","@id":"https:\/\/www.notibras.com\/site\/#\/schema\/person\/36ab0979449956132d3e5b517ea76ac8"},"headline":"F\u00f3rum Integrado promove conscientiza\u00e7\u00e3o sobre o Cerrado","datePublished":"2024-06-03T03:00:39+00:00","dateModified":"2024-06-03T10:42:22+00:00","mainEntityOfPage":{"@id":"https:\/\/www.notibras.com\/site\/forum-integrado-promove-conscientizacao-sobre-o-cerrado\/"},"wordCount":508,"publisher":{"@id":"https:\/\/www.notibras.com\/site\/#organization"},"image":{"@id":"https:\/\/www.notibras.com\/site\/forum-integrado-promove-conscientizacao-sobre-o-cerrado\/#primaryimage"},"thumbnailUrl":"https:\/\/www.notibras.com\/site\/wp-content\/uploads\/2024\/06\/WhatsApp-Image-2024-05-28-at-17.22.55-768x512-1.jpeg","articleSection":["Quadradinho em Foco"],"inLanguage":"pt-BR"},{"@type":"WebPage","@id":"https:\/\/www.notibras.com\/site\/forum-integrado-promove-conscientizacao-sobre-o-cerrado\/","url":"https:\/\/www.notibras.com\/site\/forum-integrado-promove-conscientizacao-sobre-o-cerrado\/","name":"F\u00f3rum Integrado promove conscientiza\u00e7\u00e3o sobre o Cerrado - Notibras","isPartOf":{"@id":"https:\/\/www.notibras.com\/site\/#website"},"primaryImageOfPage":{"@id":"https:\/\/www.notibras.com\/site\/forum-integrado-promove-conscientizacao-sobre-o-cerrado\/#primaryimage"},"image":{"@id":"https:\/\/www.notibras.com\/site\/forum-integrado-promove-conscientizacao-sobre-o-cerrado\/#primaryimage"},"thumbnailUrl":"https:\/\/www.notibras.com\/site\/wp-content\/uploads\/2024\/06\/WhatsApp-Image-2024-05-28-at-17.22.55-768x512-1.jpeg","datePublished":"2024-06-03T03:00:39+00:00","dateModified":"2024-06-03T10:42:22+00:00","breadcrumb":{"@id":"https:\/\/www.notibras.com\/site\/forum-integrado-promove-conscientizacao-sobre-o-cerrado\/#breadcrumb"},"inLanguage":"pt-BR","potentialAction":[{"@type":"ReadAction","target":["https:\/\/www.notibras.com\/site\/forum-integrado-promove-conscientizacao-sobre-o-cerrado\/"]}]},{"@type":"ImageObject","inLanguage":"pt-BR","@id":"https:\/\/www.notibras.com\/site\/forum-integrado-promove-conscientizacao-sobre-o-cerrado\/#primaryimage","url":"https:\/\/www.notibras.com\/site\/wp-content\/uploads\/2024\/06\/WhatsApp-Image-2024-05-28-at-17.22.55-768x512-1.jpeg","contentUrl":"https:\/\/www.notibras.com\/site\/wp-content\/uploads\/2024\/06\/WhatsApp-Image-2024-05-28-at-17.22.55-768x512-1.jpeg","width":768,"height":512},{"@type":"BreadcrumbList","@id":"https:\/\/www.notibras.com\/site\/forum-integrado-promove-conscientizacao-sobre-o-cerrado\/#breadcrumb","itemListElement":[{"@type":"ListItem","position":1,"name":"In\u00edcio","item":"https:\/\/www.notibras.com\/site\/"},{"@type":"ListItem","position":2,"name":"F\u00f3rum Integrado promove conscientiza\u00e7\u00e3o sobre o Cerrado"}]},{"@type":"WebSite","@id":"https:\/\/www.notibras.com\/site\/#website","url":"https:\/\/www.notibras.com\/site\/","name":"Notibras","description":"Not\u00edcias de Bras\u00edlia, do Brasil e do Mundo","publisher":{"@id":"https:\/\/www.notibras.com\/site\/#organization"},"potentialAction":[{"@type":"SearchAction","target":{"@type":"EntryPoint","urlTemplate":"https:\/\/www.notibras.com\/site\/?s={search_term_string}"},"query-input":{"@type":"PropertyValueSpecification","valueRequired":true,"valueName":"search_term_string"}}],"inLanguage":"pt-BR"},{"@type":"Organization","@id":"https:\/\/www.notibras.com\/site\/#organization","name":"Grupo Notibras de Comunica\u00e7\u00e3o","url":"https:\/\/www.notibras.com\/site\/","logo":{"@type":"ImageObject","inLanguage":"pt-BR","@id":"https:\/\/www.notibras.com\/site\/#\/schema\/logo\/image\/","url":"https:\/\/www.notibras.com\/site\/wp-content\/uploads\/2023\/01\/notibras23.png","contentUrl":"https:\/\/www.notibras.com\/site\/wp-content\/uploads\/2023\/01\/notibras23.png","width":350,"height":87,"caption":"Grupo Notibras de Comunica\u00e7\u00e3o"},"image":{"@id":"https:\/\/www.notibras.com\/site\/#\/schema\/logo\/image\/"},"sameAs":["https:\/\/www.facebook.com\/notibras\/","https:\/\/x.com\/Notibras","https:\/\/www.instagram.com\/notibras\/"]},{"@type":"Person","@id":"https:\/\/www.notibras.com\/site\/#\/schema\/person\/36ab0979449956132d3e5b517ea76ac8","name":"Reda\u00e7\u00e3o","image":{"@type":"ImageObject","inLanguage":"pt-BR","@id":"https:\/\/secure.gravatar.com\/avatar\/e0a867bdedb85fd243eadf09663511f96fc81e0720a4a42581f334ad4303aa6b?s=96&d=mm&r=g","url":"https:\/\/secure.gravatar.com\/avatar\/e0a867bdedb85fd243eadf09663511f96fc81e0720a4a42581f334ad4303aa6b?s=96&d=mm&r=g","contentUrl":"https:\/\/secure.gravatar.com\/avatar\/e0a867bdedb85fd243eadf09663511f96fc81e0720a4a42581f334ad4303aa6b?s=96&d=mm&r=g","caption":"Reda\u00e7\u00e3o"}}]}},"amp_enabled":true,"_links":{"self":[{"href":"https:\/\/www.notibras.com\/site\/wp-json\/wp\/v2\/posts\/330119","targetHints":{"allow":["GET"]}}],"collection":[{"href":"https:\/\/www.notibras.com\/site\/wp-json\/wp\/v2\/posts"}],"about":[{"href":"https:\/\/www.notibras.com\/site\/wp-json\/wp\/v2\/types\/post"}],"author":[{"embeddable":true,"href":"https:\/\/www.notibras.com\/site\/wp-json\/wp\/v2\/users\/2"}],"replies":[{"embeddable":true,"href":"https:\/\/www.notibras.com\/site\/wp-json\/wp\/v2\/comments?post=330119"}],"version-history":[{"count":1,"href":"https:\/\/www.notibras.com\/site\/wp-json\/wp\/v2\/posts\/330119\/revisions"}],"predecessor-version":[{"id":330121,"href":"https:\/\/www.notibras.com\/site\/wp-json\/wp\/v2\/posts\/330119\/revisions\/330121"}],"wp:featuredmedia":[{"embeddable":true,"href":"https:\/\/www.notibras.com\/site\/wp-json\/wp\/v2\/media\/330120"}],"wp:attachment":[{"href":"https:\/\/www.notibras.com\/site\/wp-json\/wp\/v2\/media?parent=330119"}],"wp:term":[{"taxonomy":"category","embeddable":true,"href":"https:\/\/www.notibras.com\/site\/wp-json\/wp\/v2\/categories?post=330119"},{"taxonomy":"post_tag","embeddable":true,"href":"https:\/\/www.notibras.com\/site\/wp-json\/wp\/v2\/tags?post=330119"}],"curies":[{"name":"wp","href":"https:\/\/api.w.org\/{rel}","templated":true}]}}