{"id":330172,"date":"2024-06-04T14:44:57","date_gmt":"2024-06-04T17:44:57","guid":{"rendered":"https:\/\/www.notibras.com\/site\/?p=330172"},"modified":"2024-06-04T14:46:31","modified_gmt":"2024-06-04T17:46:31","slug":"delio-jr-tenta-silenciar-imprensa-como-se-fosse-um-semideus-do-olimpo","status":"publish","type":"post","link":"https:\/\/www.notibras.com\/site\/delio-jr-tenta-silenciar-imprensa-como-se-fosse-um-semideus-do-olimpo\/","title":{"rendered":"D\u00e9lio Jr tenta silenciar imprensa como se fosse um semideus do Olimpo"},"content":{"rendered":"<p>Ao longo da minha profiss\u00e3o, tive a oportunidade de conversar presencialmente com duas expressivas figuras do campo jur\u00eddico: T\u00e9cio Lins e Silva e D\u00e9lio Lins e Silva. Com o segundo, tive uma aproxima\u00e7\u00e3o maior. Foi quando o assessorei no governo de Itamar Franco, quando D\u00e9lio, interventor federal, recebeu a incumb\u00eancia de enterrar o Minist\u00e9rio da Integra\u00e7\u00e3o Regional. Anos depois, em respeito ao D\u00e9lio pai, fui convidado por um grupo de apoiadores de Delinho, para juntar-me \u00e0 campanha de recondu\u00e7\u00e3o do atual presidente da OAB na capital da Rep\u00fablica.<\/p>\n<p>Elei\u00e7\u00e3o ganha, como projetamos, nunca conversei com Jr. Tivesse tido essa oportunidade, iria \u00e0 procura dele, hoje, para repudiar, olho no olho, suas p\u00e9ssimas transgress\u00f5es do C\u00f3digo de \u00c9tica da advocacia, que defende a liberdade de imprensa e de express\u00e3o.<\/p>\n<p>Causa-me surpresa, rep\u00fadio, repulsa, indigna\u00e7\u00e3o, saber que Jr est\u00e1 processando o premiado jornalista Mino Pedrosa simplesmente por ter dito o que todo rep\u00f3rter de respeito deve fazer: apurar den\u00fancias e, se comprovadas, expor as verdades. Mino fez seu papel, Jr n\u00e3o gostou. Seu sangue, originalmente de nordestino, transportou-se, como num passe de m\u00e1gica de mago de cartola furada, para o Olimpo.<\/p>\n<p>O problema, por\u00e9m, \u00e9 que de deus mitol\u00f3gico, Jr nada tem. O mais que ele se aproxima (e muito) \u00e9 da sua intransigente defesa do seu \u00eddolo de barro que foi defenestrado do Pal\u00e1cio do Planalto em 2022, a ponto de sair pelas portas do fundo para n\u00e3o entregar a faixa presidencial a seu sucessor.<\/p>\n<p>Na a\u00e7\u00e3o que move contra Mino Pedrosa, Jr age com hipocrisia. H\u00e1 bem pouco tempo (minhas mem\u00f3rias est\u00e3o frescas) ele usava de porta-vozes para chegar a <strong>Notibras<\/strong> informa\u00e7\u00f5es supostamente deturpadas contra seus advers\u00e1rios que o ajudassem na confirmada reelei\u00e7\u00e3o. Hoje Jr n\u00e3o tem um norte. Tem um Polly, cuja candidatura abra\u00e7ou como se dono fosse da OAB.<\/p>\n<p>Se ningu\u00e9m o disse, eu escrevo: advogado n\u00e3o combina com curral eleitoral. N\u00e3o \u00e9 fazendo o papel de um Sans\u00e3o com cabelos cortados, que ele eleger\u00e1 seu sucessor. H\u00e1 muitas Dalilas, e mesmo verdadeiras Th\u00eamis, em condi\u00e7\u00f5es de atrapalhar os planos malignos do filho e sobrinho dos verdadeiros Lins e Silva.<\/p>\n<p>O que Jr vem tentando emplacar, contra todos os princ\u00edpios do Direito, \u00e9 uma controversa condena\u00e7\u00e3o de Mino Pedrosa. O curr\u00edculo desse rep\u00f3rter fala por si. O presidente em fim de mandato da seccional da Ordem (hoje desordenada) na capital da Rep\u00fablica parece pretender algo esp\u00fario. Vem a ser uma a\u00e7\u00e3o judicial de censura, como quem deseja acabar com a liberdade de imprensa e a liberdade de express\u00e3o. Um ass\u00e9dio moral repulsivo, condenado h\u00e1 pouco mais de uma semana pelo Supremo Tribunal Federal, Corte que conta com 11 magistrados a quem Jr sequer teria condi\u00e7\u00f5es de escovar os sapatos.<\/p>\n<p>A a\u00e7\u00e3o foi motivada por uma mat\u00e9ria em que Mino acusa Jr de tratar de maneira desigual advogados em situa\u00e7\u00f5es equivalentes. De perfil investigativo, no topo de poucos inigual\u00e1veis, Mino tem uma trajet\u00f3ria reconhecida por sua contribui\u00e7\u00e3o ao jornalismo \u00e9tico, isento, sem m\u00e1culas. \u00c9 dos poucos profissionais que tem na parede mais de um Pr\u00eamio Esso de Jornalismo, fruto da sua coragem em escrever e do compromisso com a verdade. Desmascarado, Jr est\u00e1 preocupado com um perfil, pelo sobrenome, at\u00e9 ent\u00e3o respeitado.<\/p>\n<p>A mat\u00e9ria de Mino trouxe \u00e0 tona alega\u00e7\u00f5es preocupantes sobre a conduta de Jr. O rep\u00f3rter diz que o ainda presidente da OAB brasiliense isentou de culpa um colega condenado em primeira inst\u00e2ncia, mantendo sua carteirinha intacta. Em contraste, lembra o premiado rep\u00f3rter, outro advogado foi sumariamente suspenso ap\u00f3s uma confus\u00e3o envolvendo o cachorro de uma coleguinha em uma \u00e1rea nobre de Bras\u00edlia.<\/p>\n<p>A a\u00e7\u00e3o judicial movida por Jr \u00e9 vista por muitos como uma tentativa de silenciar Mino Pedrosa, impedindo o livre exerc\u00edcio do jornalismo e coibindo a liberdade de express\u00e3o. Para cr\u00edticos &#8211; manifesta\u00e7\u00e3o que <strong>Notibras<\/strong> abra\u00e7a &#8211; esse ato representa uma grave amea\u00e7a \u00e0 democracia e ao direito de a popula\u00e7\u00e3o ser informada sobre quest\u00f5es de interesse p\u00fablico.<\/p>\n<p>Entidades defensoras da liberdade de imprensa se manifestam em apoio a Mino Pedrosa, ressaltando a import\u00e2ncia de preservar o direito de informar e de ser informado sem medo de repres\u00e1lias. A situa\u00e7\u00e3o segue em desenvolvimento, com grande aten\u00e7\u00e3o da m\u00eddia e da sociedade civil.<\/p>\n<p>Jr precisa refletir por seus atos. Tentar calar a imprensa n\u00e3o leva a nada. Dif\u00edcil \u00e9 polir com \u00f3leo de peroba algu\u00e9m escolhido a dedo para sentar em sua cadeira. As Dalilas est\u00e3o de olho. E muitos Sans\u00f5es de cabelos rentes n\u00e3o gostariam de ver a OAB transformada num ambiente daquele em que proliferam vozes do tipo &#8216;Sabe com quem est\u00e1 falando?&#8217;. O fim da piada, de mal gosto, todo mundo conhece.<\/p>\n","protected":false},"excerpt":{"rendered":"<p>Ao longo da minha profiss\u00e3o, tive a oportunidade de conversar presencialmente com duas expressivas figuras do campo jur\u00eddico: T\u00e9cio Lins e Silva e D\u00e9lio Lins e Silva. Com o segundo, tive uma aproxima\u00e7\u00e3o maior. Foi quando o assessorei no governo de Itamar Franco, quando D\u00e9lio, interventor federal, recebeu a incumb\u00eancia de enterrar o Minist\u00e9rio da [&hellip;]<\/p>\n","protected":false},"author":2,"featured_media":262515,"comment_status":"closed","ping_status":"closed","sticky":false,"template":"","format":"standard","meta":{"_acf_changed":false,"footnotes":""},"categories":[161],"tags":[95],"class_list":["post-330172","post","type-post","status-publish","format-standard","has-post-thumbnail","hentry","category-quadradinho-em-foco","tag-capa"],"acf":[],"yoast_head":"<!-- This site is optimized with the Yoast SEO plugin v27.5 - https:\/\/yoast.com\/product\/yoast-seo-wordpress\/ -->\n<title>D\u00e9lio Jr tenta silenciar imprensa como se fosse um semideus do Olimpo - Notibras<\/title>\n<meta name=\"robots\" content=\"index, follow, max-snippet:-1, max-image-preview:large, max-video-preview:-1\" \/>\n<link rel=\"canonical\" href=\"https:\/\/www.notibras.com\/site\/delio-jr-tenta-silenciar-imprensa-como-se-fosse-um-semideus-do-olimpo\/\" \/>\n<meta property=\"og:locale\" content=\"pt_BR\" \/>\n<meta property=\"og:type\" content=\"article\" \/>\n<meta property=\"og:title\" content=\"D\u00e9lio Jr tenta silenciar imprensa como se fosse um semideus do Olimpo - Notibras\" \/>\n<meta property=\"og:description\" content=\"Ao longo da minha profiss\u00e3o, tive a oportunidade de conversar presencialmente com duas expressivas figuras do campo jur\u00eddico: T\u00e9cio Lins e Silva e D\u00e9lio Lins e Silva. Com o segundo, tive uma aproxima\u00e7\u00e3o maior. Foi quando o assessorei no governo de Itamar Franco, quando D\u00e9lio, interventor federal, recebeu a incumb\u00eancia de enterrar o Minist\u00e9rio da [&hellip;]\" \/>\n<meta property=\"og:url\" content=\"https:\/\/www.notibras.com\/site\/delio-jr-tenta-silenciar-imprensa-como-se-fosse-um-semideus-do-olimpo\/\" \/>\n<meta property=\"og:site_name\" content=\"Notibras\" \/>\n<meta property=\"article:publisher\" content=\"https:\/\/www.facebook.com\/notibras\/\" \/>\n<meta property=\"article:published_time\" content=\"2024-06-04T17:44:57+00:00\" \/>\n<meta property=\"article:modified_time\" content=\"2024-06-04T17:46:31+00:00\" \/>\n<meta property=\"og:image\" content=\"https:\/\/www.notibras.com\/site\/wp-content\/uploads\/2021\/07\/delio-oab.jpg\" \/>\n\t<meta property=\"og:image:width\" content=\"1280\" \/>\n\t<meta property=\"og:image:height\" content=\"720\" \/>\n\t<meta property=\"og:image:type\" content=\"image\/jpeg\" \/>\n<meta name=\"author\" content=\"Reda\u00e7\u00e3o\" \/>\n<meta name=\"twitter:card\" content=\"summary_large_image\" \/>\n<meta name=\"twitter:creator\" content=\"@Notibras\" \/>\n<meta name=\"twitter:site\" content=\"@Notibras\" \/>\n<meta name=\"twitter:label1\" content=\"Escrito por\" \/>\n\t<meta name=\"twitter:data1\" content=\"Reda\u00e7\u00e3o\" \/>\n\t<meta name=\"twitter:label2\" content=\"Est. tempo de leitura\" \/>\n\t<meta name=\"twitter:data2\" content=\"5 minutos\" \/>\n<script type=\"application\/ld+json\" class=\"yoast-schema-graph\">{\"@context\":\"https:\\\/\\\/schema.org\",\"@graph\":[{\"@type\":\"Article\",\"@id\":\"https:\\\/\\\/www.notibras.com\\\/site\\\/delio-jr-tenta-silenciar-imprensa-como-se-fosse-um-semideus-do-olimpo\\\/#article\",\"isPartOf\":{\"@id\":\"https:\\\/\\\/www.notibras.com\\\/site\\\/delio-jr-tenta-silenciar-imprensa-como-se-fosse-um-semideus-do-olimpo\\\/\"},\"author\":{\"name\":\"Reda\u00e7\u00e3o\",\"@id\":\"https:\\\/\\\/www.notibras.com\\\/site\\\/#\\\/schema\\\/person\\\/36ab0979449956132d3e5b517ea76ac8\"},\"headline\":\"D\u00e9lio Jr tenta silenciar imprensa como se fosse um semideus do Olimpo\",\"datePublished\":\"2024-06-04T17:44:57+00:00\",\"dateModified\":\"2024-06-04T17:46:31+00:00\",\"mainEntityOfPage\":{\"@id\":\"https:\\\/\\\/www.notibras.com\\\/site\\\/delio-jr-tenta-silenciar-imprensa-como-se-fosse-um-semideus-do-olimpo\\\/\"},\"wordCount\":860,\"publisher\":{\"@id\":\"https:\\\/\\\/www.notibras.com\\\/site\\\/#organization\"},\"image\":{\"@id\":\"https:\\\/\\\/www.notibras.com\\\/site\\\/delio-jr-tenta-silenciar-imprensa-como-se-fosse-um-semideus-do-olimpo\\\/#primaryimage\"},\"thumbnailUrl\":\"https:\\\/\\\/www.notibras.com\\\/site\\\/wp-content\\\/uploads\\\/2021\\\/07\\\/delio-oab.jpg\",\"keywords\":[\"capa\"],\"articleSection\":[\"Quadradinho em Foco\"],\"inLanguage\":\"pt-BR\"},{\"@type\":\"WebPage\",\"@id\":\"https:\\\/\\\/www.notibras.com\\\/site\\\/delio-jr-tenta-silenciar-imprensa-como-se-fosse-um-semideus-do-olimpo\\\/\",\"url\":\"https:\\\/\\\/www.notibras.com\\\/site\\\/delio-jr-tenta-silenciar-imprensa-como-se-fosse-um-semideus-do-olimpo\\\/\",\"name\":\"D\u00e9lio Jr tenta silenciar imprensa como se fosse um semideus do Olimpo - Notibras\",\"isPartOf\":{\"@id\":\"https:\\\/\\\/www.notibras.com\\\/site\\\/#website\"},\"primaryImageOfPage\":{\"@id\":\"https:\\\/\\\/www.notibras.com\\\/site\\\/delio-jr-tenta-silenciar-imprensa-como-se-fosse-um-semideus-do-olimpo\\\/#primaryimage\"},\"image\":{\"@id\":\"https:\\\/\\\/www.notibras.com\\\/site\\\/delio-jr-tenta-silenciar-imprensa-como-se-fosse-um-semideus-do-olimpo\\\/#primaryimage\"},\"thumbnailUrl\":\"https:\\\/\\\/www.notibras.com\\\/site\\\/wp-content\\\/uploads\\\/2021\\\/07\\\/delio-oab.jpg\",\"datePublished\":\"2024-06-04T17:44:57+00:00\",\"dateModified\":\"2024-06-04T17:46:31+00:00\",\"breadcrumb\":{\"@id\":\"https:\\\/\\\/www.notibras.com\\\/site\\\/delio-jr-tenta-silenciar-imprensa-como-se-fosse-um-semideus-do-olimpo\\\/#breadcrumb\"},\"inLanguage\":\"pt-BR\",\"potentialAction\":[{\"@type\":\"ReadAction\",\"target\":[\"https:\\\/\\\/www.notibras.com\\\/site\\\/delio-jr-tenta-silenciar-imprensa-como-se-fosse-um-semideus-do-olimpo\\\/\"]}]},{\"@type\":\"ImageObject\",\"inLanguage\":\"pt-BR\",\"@id\":\"https:\\\/\\\/www.notibras.com\\\/site\\\/delio-jr-tenta-silenciar-imprensa-como-se-fosse-um-semideus-do-olimpo\\\/#primaryimage\",\"url\":\"https:\\\/\\\/www.notibras.com\\\/site\\\/wp-content\\\/uploads\\\/2021\\\/07\\\/delio-oab.jpg\",\"contentUrl\":\"https:\\\/\\\/www.notibras.com\\\/site\\\/wp-content\\\/uploads\\\/2021\\\/07\\\/delio-oab.jpg\",\"width\":1280,\"height\":720},{\"@type\":\"BreadcrumbList\",\"@id\":\"https:\\\/\\\/www.notibras.com\\\/site\\\/delio-jr-tenta-silenciar-imprensa-como-se-fosse-um-semideus-do-olimpo\\\/#breadcrumb\",\"itemListElement\":[{\"@type\":\"ListItem\",\"position\":1,\"name\":\"In\u00edcio\",\"item\":\"https:\\\/\\\/www.notibras.com\\\/site\\\/\"},{\"@type\":\"ListItem\",\"position\":2,\"name\":\"D\u00e9lio Jr tenta silenciar imprensa como se fosse um semideus do Olimpo\"}]},{\"@type\":\"WebSite\",\"@id\":\"https:\\\/\\\/www.notibras.com\\\/site\\\/#website\",\"url\":\"https:\\\/\\\/www.notibras.com\\\/site\\\/\",\"name\":\"Notibras\",\"description\":\"Not\u00edcias de Bras\u00edlia, do Brasil e do Mundo\",\"publisher\":{\"@id\":\"https:\\\/\\\/www.notibras.com\\\/site\\\/#organization\"},\"potentialAction\":[{\"@type\":\"SearchAction\",\"target\":{\"@type\":\"EntryPoint\",\"urlTemplate\":\"https:\\\/\\\/www.notibras.com\\\/site\\\/?s={search_term_string}\"},\"query-input\":{\"@type\":\"PropertyValueSpecification\",\"valueRequired\":true,\"valueName\":\"search_term_string\"}}],\"inLanguage\":\"pt-BR\"},{\"@type\":\"Organization\",\"@id\":\"https:\\\/\\\/www.notibras.com\\\/site\\\/#organization\",\"name\":\"Grupo Notibras de Comunica\u00e7\u00e3o\",\"url\":\"https:\\\/\\\/www.notibras.com\\\/site\\\/\",\"logo\":{\"@type\":\"ImageObject\",\"inLanguage\":\"pt-BR\",\"@id\":\"https:\\\/\\\/www.notibras.com\\\/site\\\/#\\\/schema\\\/logo\\\/image\\\/\",\"url\":\"https:\\\/\\\/www.notibras.com\\\/site\\\/wp-content\\\/uploads\\\/2023\\\/01\\\/notibras23.png\",\"contentUrl\":\"https:\\\/\\\/www.notibras.com\\\/site\\\/wp-content\\\/uploads\\\/2023\\\/01\\\/notibras23.png\",\"width\":350,\"height\":87,\"caption\":\"Grupo Notibras de Comunica\u00e7\u00e3o\"},\"image\":{\"@id\":\"https:\\\/\\\/www.notibras.com\\\/site\\\/#\\\/schema\\\/logo\\\/image\\\/\"},\"sameAs\":[\"https:\\\/\\\/www.facebook.com\\\/notibras\\\/\",\"https:\\\/\\\/x.com\\\/Notibras\",\"https:\\\/\\\/www.instagram.com\\\/notibras\\\/\"]},{\"@type\":\"Person\",\"@id\":\"https:\\\/\\\/www.notibras.com\\\/site\\\/#\\\/schema\\\/person\\\/36ab0979449956132d3e5b517ea76ac8\",\"name\":\"Reda\u00e7\u00e3o\",\"image\":{\"@type\":\"ImageObject\",\"inLanguage\":\"pt-BR\",\"@id\":\"https:\\\/\\\/secure.gravatar.com\\\/avatar\\\/e0a867bdedb85fd243eadf09663511f96fc81e0720a4a42581f334ad4303aa6b?s=96&d=mm&r=g\",\"url\":\"https:\\\/\\\/secure.gravatar.com\\\/avatar\\\/e0a867bdedb85fd243eadf09663511f96fc81e0720a4a42581f334ad4303aa6b?s=96&d=mm&r=g\",\"contentUrl\":\"https:\\\/\\\/secure.gravatar.com\\\/avatar\\\/e0a867bdedb85fd243eadf09663511f96fc81e0720a4a42581f334ad4303aa6b?s=96&d=mm&r=g\",\"caption\":\"Reda\u00e7\u00e3o\"}}]}<\/script>\n<!-- \/ Yoast SEO plugin. -->","yoast_head_json":{"title":"D\u00e9lio Jr tenta silenciar imprensa como se fosse um semideus do Olimpo - Notibras","robots":{"index":"index","follow":"follow","max-snippet":"max-snippet:-1","max-image-preview":"max-image-preview:large","max-video-preview":"max-video-preview:-1"},"canonical":"https:\/\/www.notibras.com\/site\/delio-jr-tenta-silenciar-imprensa-como-se-fosse-um-semideus-do-olimpo\/","og_locale":"pt_BR","og_type":"article","og_title":"D\u00e9lio Jr tenta silenciar imprensa como se fosse um semideus do Olimpo - Notibras","og_description":"Ao longo da minha profiss\u00e3o, tive a oportunidade de conversar presencialmente com duas expressivas figuras do campo jur\u00eddico: T\u00e9cio Lins e Silva e D\u00e9lio Lins e Silva. Com o segundo, tive uma aproxima\u00e7\u00e3o maior. Foi quando o assessorei no governo de Itamar Franco, quando D\u00e9lio, interventor federal, recebeu a incumb\u00eancia de enterrar o Minist\u00e9rio da [&hellip;]","og_url":"https:\/\/www.notibras.com\/site\/delio-jr-tenta-silenciar-imprensa-como-se-fosse-um-semideus-do-olimpo\/","og_site_name":"Notibras","article_publisher":"https:\/\/www.facebook.com\/notibras\/","article_published_time":"2024-06-04T17:44:57+00:00","article_modified_time":"2024-06-04T17:46:31+00:00","og_image":[{"width":1280,"height":720,"url":"https:\/\/www.notibras.com\/site\/wp-content\/uploads\/2021\/07\/delio-oab.jpg","type":"image\/jpeg"}],"author":"Reda\u00e7\u00e3o","twitter_card":"summary_large_image","twitter_creator":"@Notibras","twitter_site":"@Notibras","twitter_misc":{"Escrito por":"Reda\u00e7\u00e3o","Est. tempo de leitura":"5 minutos"},"schema":{"@context":"https:\/\/schema.org","@graph":[{"@type":"Article","@id":"https:\/\/www.notibras.com\/site\/delio-jr-tenta-silenciar-imprensa-como-se-fosse-um-semideus-do-olimpo\/#article","isPartOf":{"@id":"https:\/\/www.notibras.com\/site\/delio-jr-tenta-silenciar-imprensa-como-se-fosse-um-semideus-do-olimpo\/"},"author":{"name":"Reda\u00e7\u00e3o","@id":"https:\/\/www.notibras.com\/site\/#\/schema\/person\/36ab0979449956132d3e5b517ea76ac8"},"headline":"D\u00e9lio Jr tenta silenciar imprensa como se fosse um semideus do Olimpo","datePublished":"2024-06-04T17:44:57+00:00","dateModified":"2024-06-04T17:46:31+00:00","mainEntityOfPage":{"@id":"https:\/\/www.notibras.com\/site\/delio-jr-tenta-silenciar-imprensa-como-se-fosse-um-semideus-do-olimpo\/"},"wordCount":860,"publisher":{"@id":"https:\/\/www.notibras.com\/site\/#organization"},"image":{"@id":"https:\/\/www.notibras.com\/site\/delio-jr-tenta-silenciar-imprensa-como-se-fosse-um-semideus-do-olimpo\/#primaryimage"},"thumbnailUrl":"https:\/\/www.notibras.com\/site\/wp-content\/uploads\/2021\/07\/delio-oab.jpg","keywords":["capa"],"articleSection":["Quadradinho em Foco"],"inLanguage":"pt-BR"},{"@type":"WebPage","@id":"https:\/\/www.notibras.com\/site\/delio-jr-tenta-silenciar-imprensa-como-se-fosse-um-semideus-do-olimpo\/","url":"https:\/\/www.notibras.com\/site\/delio-jr-tenta-silenciar-imprensa-como-se-fosse-um-semideus-do-olimpo\/","name":"D\u00e9lio Jr tenta silenciar imprensa como se fosse um semideus do Olimpo - Notibras","isPartOf":{"@id":"https:\/\/www.notibras.com\/site\/#website"},"primaryImageOfPage":{"@id":"https:\/\/www.notibras.com\/site\/delio-jr-tenta-silenciar-imprensa-como-se-fosse-um-semideus-do-olimpo\/#primaryimage"},"image":{"@id":"https:\/\/www.notibras.com\/site\/delio-jr-tenta-silenciar-imprensa-como-se-fosse-um-semideus-do-olimpo\/#primaryimage"},"thumbnailUrl":"https:\/\/www.notibras.com\/site\/wp-content\/uploads\/2021\/07\/delio-oab.jpg","datePublished":"2024-06-04T17:44:57+00:00","dateModified":"2024-06-04T17:46:31+00:00","breadcrumb":{"@id":"https:\/\/www.notibras.com\/site\/delio-jr-tenta-silenciar-imprensa-como-se-fosse-um-semideus-do-olimpo\/#breadcrumb"},"inLanguage":"pt-BR","potentialAction":[{"@type":"ReadAction","target":["https:\/\/www.notibras.com\/site\/delio-jr-tenta-silenciar-imprensa-como-se-fosse-um-semideus-do-olimpo\/"]}]},{"@type":"ImageObject","inLanguage":"pt-BR","@id":"https:\/\/www.notibras.com\/site\/delio-jr-tenta-silenciar-imprensa-como-se-fosse-um-semideus-do-olimpo\/#primaryimage","url":"https:\/\/www.notibras.com\/site\/wp-content\/uploads\/2021\/07\/delio-oab.jpg","contentUrl":"https:\/\/www.notibras.com\/site\/wp-content\/uploads\/2021\/07\/delio-oab.jpg","width":1280,"height":720},{"@type":"BreadcrumbList","@id":"https:\/\/www.notibras.com\/site\/delio-jr-tenta-silenciar-imprensa-como-se-fosse-um-semideus-do-olimpo\/#breadcrumb","itemListElement":[{"@type":"ListItem","position":1,"name":"In\u00edcio","item":"https:\/\/www.notibras.com\/site\/"},{"@type":"ListItem","position":2,"name":"D\u00e9lio Jr tenta silenciar imprensa como se fosse um semideus do Olimpo"}]},{"@type":"WebSite","@id":"https:\/\/www.notibras.com\/site\/#website","url":"https:\/\/www.notibras.com\/site\/","name":"Notibras","description":"Not\u00edcias de Bras\u00edlia, do Brasil e do Mundo","publisher":{"@id":"https:\/\/www.notibras.com\/site\/#organization"},"potentialAction":[{"@type":"SearchAction","target":{"@type":"EntryPoint","urlTemplate":"https:\/\/www.notibras.com\/site\/?s={search_term_string}"},"query-input":{"@type":"PropertyValueSpecification","valueRequired":true,"valueName":"search_term_string"}}],"inLanguage":"pt-BR"},{"@type":"Organization","@id":"https:\/\/www.notibras.com\/site\/#organization","name":"Grupo Notibras de Comunica\u00e7\u00e3o","url":"https:\/\/www.notibras.com\/site\/","logo":{"@type":"ImageObject","inLanguage":"pt-BR","@id":"https:\/\/www.notibras.com\/site\/#\/schema\/logo\/image\/","url":"https:\/\/www.notibras.com\/site\/wp-content\/uploads\/2023\/01\/notibras23.png","contentUrl":"https:\/\/www.notibras.com\/site\/wp-content\/uploads\/2023\/01\/notibras23.png","width":350,"height":87,"caption":"Grupo Notibras de Comunica\u00e7\u00e3o"},"image":{"@id":"https:\/\/www.notibras.com\/site\/#\/schema\/logo\/image\/"},"sameAs":["https:\/\/www.facebook.com\/notibras\/","https:\/\/x.com\/Notibras","https:\/\/www.instagram.com\/notibras\/"]},{"@type":"Person","@id":"https:\/\/www.notibras.com\/site\/#\/schema\/person\/36ab0979449956132d3e5b517ea76ac8","name":"Reda\u00e7\u00e3o","image":{"@type":"ImageObject","inLanguage":"pt-BR","@id":"https:\/\/secure.gravatar.com\/avatar\/e0a867bdedb85fd243eadf09663511f96fc81e0720a4a42581f334ad4303aa6b?s=96&d=mm&r=g","url":"https:\/\/secure.gravatar.com\/avatar\/e0a867bdedb85fd243eadf09663511f96fc81e0720a4a42581f334ad4303aa6b?s=96&d=mm&r=g","contentUrl":"https:\/\/secure.gravatar.com\/avatar\/e0a867bdedb85fd243eadf09663511f96fc81e0720a4a42581f334ad4303aa6b?s=96&d=mm&r=g","caption":"Reda\u00e7\u00e3o"}}]}},"amp_enabled":true,"_links":{"self":[{"href":"https:\/\/www.notibras.com\/site\/wp-json\/wp\/v2\/posts\/330172","targetHints":{"allow":["GET"]}}],"collection":[{"href":"https:\/\/www.notibras.com\/site\/wp-json\/wp\/v2\/posts"}],"about":[{"href":"https:\/\/www.notibras.com\/site\/wp-json\/wp\/v2\/types\/post"}],"author":[{"embeddable":true,"href":"https:\/\/www.notibras.com\/site\/wp-json\/wp\/v2\/users\/2"}],"replies":[{"embeddable":true,"href":"https:\/\/www.notibras.com\/site\/wp-json\/wp\/v2\/comments?post=330172"}],"version-history":[{"count":2,"href":"https:\/\/www.notibras.com\/site\/wp-json\/wp\/v2\/posts\/330172\/revisions"}],"predecessor-version":[{"id":330174,"href":"https:\/\/www.notibras.com\/site\/wp-json\/wp\/v2\/posts\/330172\/revisions\/330174"}],"wp:featuredmedia":[{"embeddable":true,"href":"https:\/\/www.notibras.com\/site\/wp-json\/wp\/v2\/media\/262515"}],"wp:attachment":[{"href":"https:\/\/www.notibras.com\/site\/wp-json\/wp\/v2\/media?parent=330172"}],"wp:term":[{"taxonomy":"category","embeddable":true,"href":"https:\/\/www.notibras.com\/site\/wp-json\/wp\/v2\/categories?post=330172"},{"taxonomy":"post_tag","embeddable":true,"href":"https:\/\/www.notibras.com\/site\/wp-json\/wp\/v2\/tags?post=330172"}],"curies":[{"name":"wp","href":"https:\/\/api.w.org\/{rel}","templated":true}]}}