{"id":330191,"date":"2024-06-05T08:58:43","date_gmt":"2024-06-05T11:58:43","guid":{"rendered":"https:\/\/www.notibras.com\/site\/?p=330191"},"modified":"2024-06-05T09:00:21","modified_gmt":"2024-06-05T12:00:21","slug":"entregue-a-vida-mendigo-recebe-afagos-de-cao","status":"publish","type":"post","link":"https:\/\/www.notibras.com\/site\/entregue-a-vida-mendigo-recebe-afagos-de-cao\/","title":{"rendered":"Entregue \u00e0 vida, mendigo recebe afagos de c\u00e3o"},"content":{"rendered":"<p>N\u00e3o se sabe exatamente como Teodoro virou mendigo, mas virou, como qualquer um que passa pelas primeiras quadras da Asa Norte. pode facilmente constatar. Vestes que parecem trapos, cabelos desgrenhados, qualquer moita ou muro serve de banheiro, a cacha\u00e7a para esquecer as amarguras di\u00e1rias, entranhadas que nem am\u00e1lgama naquele ser, que h\u00e1 tempos deixou de ser humano.<\/p>\n<p>Quem passa, torce a cara. Cada dia pior! Esses vagabundos s\u00e3o maiores mazelas que os ratos. Cad\u00ea a pol\u00edcia que n\u00e3o prende esses bandidos? Ao menos umas boas coronhadas para ver se aprendem. Aprendem nada! Por que n\u00e3o voltam para suas casas? Que casa? Ah, conta outra, pois todo mundo tem casa. Tem? S\u00f3 me falta aparecer por aqui um padre que nem aquele de S\u00e3o Paulo. Nunca vi gostar tanto de gente miser\u00e1vel. Gente? Vermes, isso, sim!<\/p>\n<p>De resto a resto, Teodoro sobrevivia. Comida azeda ou estragada, tanto faz, o preju\u00edzo j\u00e1 estava garantido mesmo antes do amanhecer do dia, que chegava castigando as vistas cansadas de ver tanta desgra\u00e7a. Mais um gole para descansar debaixo de uma \u00e1rvore. Nada de marquise, pois aqueles seres, que s\u00e3o humanos, n\u00e3o gostam.<\/p>\n<p>Pois foi num final de tarde, quando o indigente repousava sob a prote\u00e7\u00e3o da copa de uma mangueira, que um casal, n\u00e3o mais de 40 anos, passou. O homem, talvez com o cora\u00e7\u00e3o mais duro, cutucou a mulher e apontou para um vira-lata que se aproximou do moribundo. Focinho colado ao rosto do mendigo, lambeu-o sem qualquer cerim\u00f4nia.<\/p>\n<p>\u2014 Olha l\u00e1, amor, aquele cachorro lambendo a cara do maltrapilho.<\/p>\n<p>\u2014 Que nojo!<\/p>\n<p>Ao sentir aquela l\u00edngua na face, Teodoro sorriu e confidenciou para o amigo de \u00faltima hora: &#8220;Obrigado, estava precisando disso!&#8221;<\/p>\n<p><strong>*Eduardo Mart\u00ednez \u00e9 autor do livro \u201c57 Contos e Cr\u00f4nicas por um Autor muito Velho\u201d.<\/strong><\/p>\n<p>Compre aqui\u00a0<span class=\"x19la9d6 x1fc57z9 x6ikm8r x10wlt62 x19co3pv x1g5zs5t xfibh0p xiy17q3 x1xsqp64 x1lkfr7t xexx8yu x4uap5 x18d9i69 xkhd6sd\"><span class=\"xrtxmta x1bhl96m\"><img decoding=\"async\" class=\"emoji\" role=\"img\" draggable=\"false\" src=\"https:\/\/s.w.org\/images\/core\/emoji\/14.0.0\/svg\/1f447-1f3ff.svg\" alt=\"&#x1f447;&#x1f3ff;\" \/><\/span><\/span><span class=\"x19la9d6 x1fc57z9 x6ikm8r x10wlt62 x19co3pv x1g5zs5t xfibh0p xiy17q3 x1xsqp64 x1lkfr7t xexx8yu x4uap5 x18d9i69 xkhd6sd\"><span class=\"xrtxmta x1bhl96m\"><img decoding=\"async\" class=\"emoji\" role=\"img\" draggable=\"false\" src=\"https:\/\/s.w.org\/images\/core\/emoji\/14.0.0\/svg\/1f447-1f3ff.svg\" alt=\"&#x1f447;&#x1f3ff;\" \/><\/span><\/span><span class=\"x19la9d6 x1fc57z9 x6ikm8r x10wlt62 x19co3pv x1g5zs5t xfibh0p xiy17q3 x1xsqp64 x1lkfr7t xexx8yu x4uap5 x18d9i69 xkhd6sd\"><span class=\"xrtxmta x1bhl96m\"><img decoding=\"async\" class=\"emoji\" role=\"img\" draggable=\"false\" src=\"https:\/\/s.w.org\/images\/core\/emoji\/14.0.0\/svg\/1f447-1f3ff.svg\" alt=\"&#x1f447;&#x1f3ff;\" \/><\/span><\/span><\/p>\n<p><a href=\"http:\/\/www.joanineditora.com.br\/57-contos-e-cronicas-por-um-autor-muito-velho\">http:\/\/www.joanineditora.com.br\/57-contos-e-cronicas-por-um-autor-muito-velho<\/a><\/p>\n","protected":false},"excerpt":{"rendered":"<p>N\u00e3o se sabe exatamente como Teodoro virou mendigo, mas virou, como qualquer um que passa pelas primeiras quadras da Asa Norte. pode facilmente constatar. Vestes que parecem trapos, cabelos desgrenhados, qualquer moita ou muro serve de banheiro, a cacha\u00e7a para esquecer as amarguras di\u00e1rias, entranhadas que nem am\u00e1lgama naquele ser, que h\u00e1 tempos deixou de [&hellip;]<\/p>\n","protected":false},"author":2,"featured_media":330192,"comment_status":"closed","ping_status":"closed","sticky":false,"template":"","format":"standard","meta":{"_acf_changed":false,"footnotes":""},"categories":[161],"tags":[],"class_list":["post-330191","post","type-post","status-publish","format-standard","has-post-thumbnail","hentry","category-quadradinho-em-foco"],"acf":[],"yoast_head":"<!-- This site is optimized with the Yoast SEO plugin v27.5 - https:\/\/yoast.com\/product\/yoast-seo-wordpress\/ -->\n<title>Entregue \u00e0 vida, mendigo recebe afagos de c\u00e3o - Notibras<\/title>\n<meta name=\"robots\" content=\"index, follow, max-snippet:-1, max-image-preview:large, max-video-preview:-1\" \/>\n<link rel=\"canonical\" href=\"https:\/\/www.notibras.com\/site\/entregue-a-vida-mendigo-recebe-afagos-de-cao\/\" \/>\n<meta property=\"og:locale\" content=\"pt_BR\" \/>\n<meta property=\"og:type\" content=\"article\" \/>\n<meta property=\"og:title\" content=\"Entregue \u00e0 vida, mendigo recebe afagos de c\u00e3o - Notibras\" \/>\n<meta property=\"og:description\" content=\"N\u00e3o se sabe exatamente como Teodoro virou mendigo, mas virou, como qualquer um que passa pelas primeiras quadras da Asa Norte. pode facilmente constatar. Vestes que parecem trapos, cabelos desgrenhados, qualquer moita ou muro serve de banheiro, a cacha\u00e7a para esquecer as amarguras di\u00e1rias, entranhadas que nem am\u00e1lgama naquele ser, que h\u00e1 tempos deixou de [&hellip;]\" \/>\n<meta property=\"og:url\" content=\"https:\/\/www.notibras.com\/site\/entregue-a-vida-mendigo-recebe-afagos-de-cao\/\" \/>\n<meta property=\"og:site_name\" content=\"Notibras\" \/>\n<meta property=\"article:publisher\" content=\"https:\/\/www.facebook.com\/notibras\/\" \/>\n<meta property=\"article:published_time\" content=\"2024-06-05T11:58:43+00:00\" \/>\n<meta property=\"article:modified_time\" content=\"2024-06-05T12:00:21+00:00\" \/>\n<meta property=\"og:image\" content=\"https:\/\/www.notibras.com\/site\/wp-content\/uploads\/2024\/06\/9c014f90-b50d-4151-b970-dbc4ca8f23d3.jpeg\" \/>\n\t<meta property=\"og:image:width\" content=\"1024\" \/>\n\t<meta property=\"og:image:height\" content=\"1024\" \/>\n\t<meta property=\"og:image:type\" content=\"image\/jpeg\" \/>\n<meta name=\"author\" content=\"Reda\u00e7\u00e3o\" \/>\n<meta name=\"twitter:card\" content=\"summary_large_image\" \/>\n<meta name=\"twitter:creator\" content=\"@Notibras\" \/>\n<meta name=\"twitter:site\" content=\"@Notibras\" \/>\n<meta name=\"twitter:label1\" content=\"Escrito por\" \/>\n\t<meta name=\"twitter:data1\" content=\"Reda\u00e7\u00e3o\" \/>\n\t<meta name=\"twitter:label2\" content=\"Est. tempo de leitura\" \/>\n\t<meta name=\"twitter:data2\" content=\"3 minutos\" \/>\n<script type=\"application\/ld+json\" class=\"yoast-schema-graph\">{\"@context\":\"https:\\\/\\\/schema.org\",\"@graph\":[{\"@type\":\"Article\",\"@id\":\"https:\\\/\\\/www.notibras.com\\\/site\\\/entregue-a-vida-mendigo-recebe-afagos-de-cao\\\/#article\",\"isPartOf\":{\"@id\":\"https:\\\/\\\/www.notibras.com\\\/site\\\/entregue-a-vida-mendigo-recebe-afagos-de-cao\\\/\"},\"author\":{\"name\":\"Reda\u00e7\u00e3o\",\"@id\":\"https:\\\/\\\/www.notibras.com\\\/site\\\/#\\\/schema\\\/person\\\/36ab0979449956132d3e5b517ea76ac8\"},\"headline\":\"Entregue \u00e0 vida, mendigo recebe afagos de c\u00e3o\",\"datePublished\":\"2024-06-05T11:58:43+00:00\",\"dateModified\":\"2024-06-05T12:00:21+00:00\",\"mainEntityOfPage\":{\"@id\":\"https:\\\/\\\/www.notibras.com\\\/site\\\/entregue-a-vida-mendigo-recebe-afagos-de-cao\\\/\"},\"wordCount\":327,\"publisher\":{\"@id\":\"https:\\\/\\\/www.notibras.com\\\/site\\\/#organization\"},\"image\":{\"@id\":\"https:\\\/\\\/www.notibras.com\\\/site\\\/entregue-a-vida-mendigo-recebe-afagos-de-cao\\\/#primaryimage\"},\"thumbnailUrl\":\"https:\\\/\\\/www.notibras.com\\\/site\\\/wp-content\\\/uploads\\\/2024\\\/06\\\/9c014f90-b50d-4151-b970-dbc4ca8f23d3.jpeg\",\"articleSection\":[\"Quadradinho em Foco\"],\"inLanguage\":\"pt-BR\"},{\"@type\":\"WebPage\",\"@id\":\"https:\\\/\\\/www.notibras.com\\\/site\\\/entregue-a-vida-mendigo-recebe-afagos-de-cao\\\/\",\"url\":\"https:\\\/\\\/www.notibras.com\\\/site\\\/entregue-a-vida-mendigo-recebe-afagos-de-cao\\\/\",\"name\":\"Entregue \u00e0 vida, mendigo recebe afagos de c\u00e3o - Notibras\",\"isPartOf\":{\"@id\":\"https:\\\/\\\/www.notibras.com\\\/site\\\/#website\"},\"primaryImageOfPage\":{\"@id\":\"https:\\\/\\\/www.notibras.com\\\/site\\\/entregue-a-vida-mendigo-recebe-afagos-de-cao\\\/#primaryimage\"},\"image\":{\"@id\":\"https:\\\/\\\/www.notibras.com\\\/site\\\/entregue-a-vida-mendigo-recebe-afagos-de-cao\\\/#primaryimage\"},\"thumbnailUrl\":\"https:\\\/\\\/www.notibras.com\\\/site\\\/wp-content\\\/uploads\\\/2024\\\/06\\\/9c014f90-b50d-4151-b970-dbc4ca8f23d3.jpeg\",\"datePublished\":\"2024-06-05T11:58:43+00:00\",\"dateModified\":\"2024-06-05T12:00:21+00:00\",\"breadcrumb\":{\"@id\":\"https:\\\/\\\/www.notibras.com\\\/site\\\/entregue-a-vida-mendigo-recebe-afagos-de-cao\\\/#breadcrumb\"},\"inLanguage\":\"pt-BR\",\"potentialAction\":[{\"@type\":\"ReadAction\",\"target\":[\"https:\\\/\\\/www.notibras.com\\\/site\\\/entregue-a-vida-mendigo-recebe-afagos-de-cao\\\/\"]}]},{\"@type\":\"ImageObject\",\"inLanguage\":\"pt-BR\",\"@id\":\"https:\\\/\\\/www.notibras.com\\\/site\\\/entregue-a-vida-mendigo-recebe-afagos-de-cao\\\/#primaryimage\",\"url\":\"https:\\\/\\\/www.notibras.com\\\/site\\\/wp-content\\\/uploads\\\/2024\\\/06\\\/9c014f90-b50d-4151-b970-dbc4ca8f23d3.jpeg\",\"contentUrl\":\"https:\\\/\\\/www.notibras.com\\\/site\\\/wp-content\\\/uploads\\\/2024\\\/06\\\/9c014f90-b50d-4151-b970-dbc4ca8f23d3.jpeg\",\"width\":1024,\"height\":1024},{\"@type\":\"BreadcrumbList\",\"@id\":\"https:\\\/\\\/www.notibras.com\\\/site\\\/entregue-a-vida-mendigo-recebe-afagos-de-cao\\\/#breadcrumb\",\"itemListElement\":[{\"@type\":\"ListItem\",\"position\":1,\"name\":\"In\u00edcio\",\"item\":\"https:\\\/\\\/www.notibras.com\\\/site\\\/\"},{\"@type\":\"ListItem\",\"position\":2,\"name\":\"Entregue \u00e0 vida, mendigo recebe afagos de c\u00e3o\"}]},{\"@type\":\"WebSite\",\"@id\":\"https:\\\/\\\/www.notibras.com\\\/site\\\/#website\",\"url\":\"https:\\\/\\\/www.notibras.com\\\/site\\\/\",\"name\":\"Notibras\",\"description\":\"Not\u00edcias de Bras\u00edlia, do Brasil e do Mundo\",\"publisher\":{\"@id\":\"https:\\\/\\\/www.notibras.com\\\/site\\\/#organization\"},\"potentialAction\":[{\"@type\":\"SearchAction\",\"target\":{\"@type\":\"EntryPoint\",\"urlTemplate\":\"https:\\\/\\\/www.notibras.com\\\/site\\\/?s={search_term_string}\"},\"query-input\":{\"@type\":\"PropertyValueSpecification\",\"valueRequired\":true,\"valueName\":\"search_term_string\"}}],\"inLanguage\":\"pt-BR\"},{\"@type\":\"Organization\",\"@id\":\"https:\\\/\\\/www.notibras.com\\\/site\\\/#organization\",\"name\":\"Grupo Notibras de Comunica\u00e7\u00e3o\",\"url\":\"https:\\\/\\\/www.notibras.com\\\/site\\\/\",\"logo\":{\"@type\":\"ImageObject\",\"inLanguage\":\"pt-BR\",\"@id\":\"https:\\\/\\\/www.notibras.com\\\/site\\\/#\\\/schema\\\/logo\\\/image\\\/\",\"url\":\"https:\\\/\\\/www.notibras.com\\\/site\\\/wp-content\\\/uploads\\\/2023\\\/01\\\/notibras23.png\",\"contentUrl\":\"https:\\\/\\\/www.notibras.com\\\/site\\\/wp-content\\\/uploads\\\/2023\\\/01\\\/notibras23.png\",\"width\":350,\"height\":87,\"caption\":\"Grupo Notibras de Comunica\u00e7\u00e3o\"},\"image\":{\"@id\":\"https:\\\/\\\/www.notibras.com\\\/site\\\/#\\\/schema\\\/logo\\\/image\\\/\"},\"sameAs\":[\"https:\\\/\\\/www.facebook.com\\\/notibras\\\/\",\"https:\\\/\\\/x.com\\\/Notibras\",\"https:\\\/\\\/www.instagram.com\\\/notibras\\\/\"]},{\"@type\":\"Person\",\"@id\":\"https:\\\/\\\/www.notibras.com\\\/site\\\/#\\\/schema\\\/person\\\/36ab0979449956132d3e5b517ea76ac8\",\"name\":\"Reda\u00e7\u00e3o\",\"image\":{\"@type\":\"ImageObject\",\"inLanguage\":\"pt-BR\",\"@id\":\"https:\\\/\\\/secure.gravatar.com\\\/avatar\\\/e0a867bdedb85fd243eadf09663511f96fc81e0720a4a42581f334ad4303aa6b?s=96&d=mm&r=g\",\"url\":\"https:\\\/\\\/secure.gravatar.com\\\/avatar\\\/e0a867bdedb85fd243eadf09663511f96fc81e0720a4a42581f334ad4303aa6b?s=96&d=mm&r=g\",\"contentUrl\":\"https:\\\/\\\/secure.gravatar.com\\\/avatar\\\/e0a867bdedb85fd243eadf09663511f96fc81e0720a4a42581f334ad4303aa6b?s=96&d=mm&r=g\",\"caption\":\"Reda\u00e7\u00e3o\"}}]}<\/script>\n<!-- \/ Yoast SEO plugin. -->","yoast_head_json":{"title":"Entregue \u00e0 vida, mendigo recebe afagos de c\u00e3o - Notibras","robots":{"index":"index","follow":"follow","max-snippet":"max-snippet:-1","max-image-preview":"max-image-preview:large","max-video-preview":"max-video-preview:-1"},"canonical":"https:\/\/www.notibras.com\/site\/entregue-a-vida-mendigo-recebe-afagos-de-cao\/","og_locale":"pt_BR","og_type":"article","og_title":"Entregue \u00e0 vida, mendigo recebe afagos de c\u00e3o - Notibras","og_description":"N\u00e3o se sabe exatamente como Teodoro virou mendigo, mas virou, como qualquer um que passa pelas primeiras quadras da Asa Norte. pode facilmente constatar. Vestes que parecem trapos, cabelos desgrenhados, qualquer moita ou muro serve de banheiro, a cacha\u00e7a para esquecer as amarguras di\u00e1rias, entranhadas que nem am\u00e1lgama naquele ser, que h\u00e1 tempos deixou de [&hellip;]","og_url":"https:\/\/www.notibras.com\/site\/entregue-a-vida-mendigo-recebe-afagos-de-cao\/","og_site_name":"Notibras","article_publisher":"https:\/\/www.facebook.com\/notibras\/","article_published_time":"2024-06-05T11:58:43+00:00","article_modified_time":"2024-06-05T12:00:21+00:00","og_image":[{"width":1024,"height":1024,"url":"https:\/\/www.notibras.com\/site\/wp-content\/uploads\/2024\/06\/9c014f90-b50d-4151-b970-dbc4ca8f23d3.jpeg","type":"image\/jpeg"}],"author":"Reda\u00e7\u00e3o","twitter_card":"summary_large_image","twitter_creator":"@Notibras","twitter_site":"@Notibras","twitter_misc":{"Escrito por":"Reda\u00e7\u00e3o","Est. tempo de leitura":"3 minutos"},"schema":{"@context":"https:\/\/schema.org","@graph":[{"@type":"Article","@id":"https:\/\/www.notibras.com\/site\/entregue-a-vida-mendigo-recebe-afagos-de-cao\/#article","isPartOf":{"@id":"https:\/\/www.notibras.com\/site\/entregue-a-vida-mendigo-recebe-afagos-de-cao\/"},"author":{"name":"Reda\u00e7\u00e3o","@id":"https:\/\/www.notibras.com\/site\/#\/schema\/person\/36ab0979449956132d3e5b517ea76ac8"},"headline":"Entregue \u00e0 vida, mendigo recebe afagos de c\u00e3o","datePublished":"2024-06-05T11:58:43+00:00","dateModified":"2024-06-05T12:00:21+00:00","mainEntityOfPage":{"@id":"https:\/\/www.notibras.com\/site\/entregue-a-vida-mendigo-recebe-afagos-de-cao\/"},"wordCount":327,"publisher":{"@id":"https:\/\/www.notibras.com\/site\/#organization"},"image":{"@id":"https:\/\/www.notibras.com\/site\/entregue-a-vida-mendigo-recebe-afagos-de-cao\/#primaryimage"},"thumbnailUrl":"https:\/\/www.notibras.com\/site\/wp-content\/uploads\/2024\/06\/9c014f90-b50d-4151-b970-dbc4ca8f23d3.jpeg","articleSection":["Quadradinho em Foco"],"inLanguage":"pt-BR"},{"@type":"WebPage","@id":"https:\/\/www.notibras.com\/site\/entregue-a-vida-mendigo-recebe-afagos-de-cao\/","url":"https:\/\/www.notibras.com\/site\/entregue-a-vida-mendigo-recebe-afagos-de-cao\/","name":"Entregue \u00e0 vida, mendigo recebe afagos de c\u00e3o - Notibras","isPartOf":{"@id":"https:\/\/www.notibras.com\/site\/#website"},"primaryImageOfPage":{"@id":"https:\/\/www.notibras.com\/site\/entregue-a-vida-mendigo-recebe-afagos-de-cao\/#primaryimage"},"image":{"@id":"https:\/\/www.notibras.com\/site\/entregue-a-vida-mendigo-recebe-afagos-de-cao\/#primaryimage"},"thumbnailUrl":"https:\/\/www.notibras.com\/site\/wp-content\/uploads\/2024\/06\/9c014f90-b50d-4151-b970-dbc4ca8f23d3.jpeg","datePublished":"2024-06-05T11:58:43+00:00","dateModified":"2024-06-05T12:00:21+00:00","breadcrumb":{"@id":"https:\/\/www.notibras.com\/site\/entregue-a-vida-mendigo-recebe-afagos-de-cao\/#breadcrumb"},"inLanguage":"pt-BR","potentialAction":[{"@type":"ReadAction","target":["https:\/\/www.notibras.com\/site\/entregue-a-vida-mendigo-recebe-afagos-de-cao\/"]}]},{"@type":"ImageObject","inLanguage":"pt-BR","@id":"https:\/\/www.notibras.com\/site\/entregue-a-vida-mendigo-recebe-afagos-de-cao\/#primaryimage","url":"https:\/\/www.notibras.com\/site\/wp-content\/uploads\/2024\/06\/9c014f90-b50d-4151-b970-dbc4ca8f23d3.jpeg","contentUrl":"https:\/\/www.notibras.com\/site\/wp-content\/uploads\/2024\/06\/9c014f90-b50d-4151-b970-dbc4ca8f23d3.jpeg","width":1024,"height":1024},{"@type":"BreadcrumbList","@id":"https:\/\/www.notibras.com\/site\/entregue-a-vida-mendigo-recebe-afagos-de-cao\/#breadcrumb","itemListElement":[{"@type":"ListItem","position":1,"name":"In\u00edcio","item":"https:\/\/www.notibras.com\/site\/"},{"@type":"ListItem","position":2,"name":"Entregue \u00e0 vida, mendigo recebe afagos de c\u00e3o"}]},{"@type":"WebSite","@id":"https:\/\/www.notibras.com\/site\/#website","url":"https:\/\/www.notibras.com\/site\/","name":"Notibras","description":"Not\u00edcias de Bras\u00edlia, do Brasil e do Mundo","publisher":{"@id":"https:\/\/www.notibras.com\/site\/#organization"},"potentialAction":[{"@type":"SearchAction","target":{"@type":"EntryPoint","urlTemplate":"https:\/\/www.notibras.com\/site\/?s={search_term_string}"},"query-input":{"@type":"PropertyValueSpecification","valueRequired":true,"valueName":"search_term_string"}}],"inLanguage":"pt-BR"},{"@type":"Organization","@id":"https:\/\/www.notibras.com\/site\/#organization","name":"Grupo Notibras de Comunica\u00e7\u00e3o","url":"https:\/\/www.notibras.com\/site\/","logo":{"@type":"ImageObject","inLanguage":"pt-BR","@id":"https:\/\/www.notibras.com\/site\/#\/schema\/logo\/image\/","url":"https:\/\/www.notibras.com\/site\/wp-content\/uploads\/2023\/01\/notibras23.png","contentUrl":"https:\/\/www.notibras.com\/site\/wp-content\/uploads\/2023\/01\/notibras23.png","width":350,"height":87,"caption":"Grupo Notibras de Comunica\u00e7\u00e3o"},"image":{"@id":"https:\/\/www.notibras.com\/site\/#\/schema\/logo\/image\/"},"sameAs":["https:\/\/www.facebook.com\/notibras\/","https:\/\/x.com\/Notibras","https:\/\/www.instagram.com\/notibras\/"]},{"@type":"Person","@id":"https:\/\/www.notibras.com\/site\/#\/schema\/person\/36ab0979449956132d3e5b517ea76ac8","name":"Reda\u00e7\u00e3o","image":{"@type":"ImageObject","inLanguage":"pt-BR","@id":"https:\/\/secure.gravatar.com\/avatar\/e0a867bdedb85fd243eadf09663511f96fc81e0720a4a42581f334ad4303aa6b?s=96&d=mm&r=g","url":"https:\/\/secure.gravatar.com\/avatar\/e0a867bdedb85fd243eadf09663511f96fc81e0720a4a42581f334ad4303aa6b?s=96&d=mm&r=g","contentUrl":"https:\/\/secure.gravatar.com\/avatar\/e0a867bdedb85fd243eadf09663511f96fc81e0720a4a42581f334ad4303aa6b?s=96&d=mm&r=g","caption":"Reda\u00e7\u00e3o"}}]}},"amp_enabled":true,"_links":{"self":[{"href":"https:\/\/www.notibras.com\/site\/wp-json\/wp\/v2\/posts\/330191","targetHints":{"allow":["GET"]}}],"collection":[{"href":"https:\/\/www.notibras.com\/site\/wp-json\/wp\/v2\/posts"}],"about":[{"href":"https:\/\/www.notibras.com\/site\/wp-json\/wp\/v2\/types\/post"}],"author":[{"embeddable":true,"href":"https:\/\/www.notibras.com\/site\/wp-json\/wp\/v2\/users\/2"}],"replies":[{"embeddable":true,"href":"https:\/\/www.notibras.com\/site\/wp-json\/wp\/v2\/comments?post=330191"}],"version-history":[{"count":3,"href":"https:\/\/www.notibras.com\/site\/wp-json\/wp\/v2\/posts\/330191\/revisions"}],"predecessor-version":[{"id":330195,"href":"https:\/\/www.notibras.com\/site\/wp-json\/wp\/v2\/posts\/330191\/revisions\/330195"}],"wp:featuredmedia":[{"embeddable":true,"href":"https:\/\/www.notibras.com\/site\/wp-json\/wp\/v2\/media\/330192"}],"wp:attachment":[{"href":"https:\/\/www.notibras.com\/site\/wp-json\/wp\/v2\/media?parent=330191"}],"wp:term":[{"taxonomy":"category","embeddable":true,"href":"https:\/\/www.notibras.com\/site\/wp-json\/wp\/v2\/categories?post=330191"},{"taxonomy":"post_tag","embeddable":true,"href":"https:\/\/www.notibras.com\/site\/wp-json\/wp\/v2\/tags?post=330191"}],"curies":[{"name":"wp","href":"https:\/\/api.w.org\/{rel}","templated":true}]}}