{"id":330196,"date":"2024-06-05T00:07:20","date_gmt":"2024-06-05T03:07:20","guid":{"rendered":"https:\/\/www.notibras.com\/site\/?p=330196"},"modified":"2024-06-05T09:09:01","modified_gmt":"2024-06-05T12:09:01","slug":"lei-de-erika-cria-programa-de-educacao-inclusiva","status":"publish","type":"post","link":"https:\/\/www.notibras.com\/site\/lei-de-erika-cria-programa-de-educacao-inclusiva\/","title":{"rendered":"Lei de \u00c9rika cria programa de educa\u00e7\u00e3o inclusiva"},"content":{"rendered":"<p>O presidente Luiz In\u00e1cio Lula da Silva sancionou o projeto de lei que institui a pol\u00edtica nacional de atendimento educacional especializado a crian\u00e7as de at\u00e9 3 anos de idade, a ser aplicada em todo o pa\u00eds. De acordo com a nova legisla\u00e7\u00e3o, aprovada pelo Congresso Nacional no m\u00eas passado, as a\u00e7\u00f5es do programa, cuja responsabilidade ser\u00e1 dos munic\u00edpios, devem priorizar beb\u00eas e crian\u00e7as com defici\u00eancia, que necessitam de atendimento especializado ou que tenham nascido em condi\u00e7\u00e3o de risco, como prematuros e diagnosticados com transtornos neurol\u00f3gicos.<\/p>\n<p>Ao assinar a san\u00e7\u00e3o, que faz a lei entrar em vigor, Lula cobrou capacita\u00e7\u00e3o de profissionais para que o programa possa ser executado na ponta. \u201c\u00c9 importante que a gente pense na forma\u00e7\u00e3o de gente especializada para cuidar do que n\u00f3s estamos fazendo. Porque, sen\u00e3o, a gente aprova uma lei que tem risco de n\u00e3o funcionar, porque n\u00e3o tem gente preparada para fazer esse atendimento. Isso pressup\u00f5e investir na educa\u00e7\u00e3o profissional, na sa\u00fade e educa\u00e7\u00e3o, para uma tarefa extraordin\u00e1ria como essa, que \u00e9 cuidar das pessoas que mais necessitam\u201d, declarou durante cerim\u00f4nia, no Pal\u00e1cio do Planalto.<\/p>\n<p>De acordo com o ministro da Educa\u00e7\u00e3o, Camilo Santana, o papel da pasta ser\u00e1 o de apoiar as redes educacionais na orienta\u00e7\u00e3o e no suporte para o cumprimento da lei. Ele enfatizou a import\u00e2ncia de uma pol\u00edtica dessa natureza na forma\u00e7\u00e3o educacional. &#8220;[Essa lei] trata da fase mais importante da vida do ser humano, que s\u00e3o os primeiros anos de vida, in\u00edcio da forma\u00e7\u00e3o do c\u00e9rebro, que a crian\u00e7a precisa ser estimulada, precisa se alimentar bem, precisa ser cuidada&#8221;, disse.<\/p>\n<p>&#8220;O Congresso Nacional alterou os valores de percentual da Uni\u00e3o ao Fundo de Manuten\u00e7\u00e3o e Desenvolvimento da Educa\u00e7\u00e3o B\u00e1sica e de Valoriza\u00e7\u00e3o dos Profissionais da Educa\u00e7\u00e3o [Fundeb] at\u00e9 2026. Os munic\u00edpios e estados est\u00e3o recebendo mais recursos do Fundeb. As redes precisam ter suas equipes multiprofissionais, com psic\u00f3logo, assistente social, e fazer um trabalho integrado, inclusive com o Programa Sa\u00fade nas Escolas, dos minist\u00e9rios da Educa\u00e7\u00e3o e Sa\u00fade, que apoia as redes\u201d, acrescentou o ministro.<\/p>\n<p>Autora do projeto, a deputada federal \u00c9rika Kokay (PT-DF) disse que a medida cria uma educa\u00e7\u00e3o inclusiva, com envolvimento das fam\u00edlias, a partir de abordagens l\u00fadicas e cognitivas. &#8220;Educa\u00e7\u00e3o \u00e9 uma pol\u00edtica p\u00fablica que dialoga com todas as pol\u00edticas p\u00fablicas&#8221;, observou. &#8220;S\u00e3o as potencialidades de cada pessoa que t\u00eam que dar a \u00faltima palavra&#8221;, prosseguiu, destacando ainda que o projeto de lei atende a anseios dos movimentos e organiza\u00e7\u00f5es em defesa das pessoas com defici\u00eancia.<\/p>\n<p>Para executar as a\u00e7\u00f5es educacionais previstas, segundo o governo federal, a lei prev\u00ea a necessidade de espa\u00e7os adequados \u00e0s necessidades dos beb\u00eas e crian\u00e7as. Na implementa\u00e7\u00e3o do programa, haver\u00e1 coopera\u00e7\u00e3o entre diferentes \u00e1reas da educa\u00e7\u00e3o e, preferencialmente, o aux\u00edlio dos servi\u00e7os de sa\u00fade e assist\u00eancia social, incluindo atendimento domiciliar.<\/p>\n","protected":false},"excerpt":{"rendered":"<p>O presidente Luiz In\u00e1cio Lula da Silva sancionou o projeto de lei que institui a pol\u00edtica nacional de atendimento educacional especializado a crian\u00e7as de at\u00e9 3 anos de idade, a ser aplicada em todo o pa\u00eds. De acordo com a nova legisla\u00e7\u00e3o, aprovada pelo Congresso Nacional no m\u00eas passado, as a\u00e7\u00f5es do programa, cuja responsabilidade [&hellip;]<\/p>\n","protected":false},"author":2,"featured_media":330197,"comment_status":"closed","ping_status":"closed","sticky":false,"template":"","format":"standard","meta":{"_acf_changed":false,"footnotes":""},"categories":[161],"tags":[],"class_list":["post-330196","post","type-post","status-publish","format-standard","has-post-thumbnail","hentry","category-quadradinho-em-foco"],"acf":[],"yoast_head":"<!-- This site is optimized with the Yoast SEO plugin v27.5 - https:\/\/yoast.com\/product\/yoast-seo-wordpress\/ -->\n<title>Lei de \u00c9rika cria programa de educa\u00e7\u00e3o inclusiva - Notibras<\/title>\n<meta name=\"robots\" content=\"index, follow, max-snippet:-1, max-image-preview:large, max-video-preview:-1\" \/>\n<link rel=\"canonical\" href=\"https:\/\/www.notibras.com\/site\/lei-de-erika-cria-programa-de-educacao-inclusiva\/\" \/>\n<meta property=\"og:locale\" content=\"pt_BR\" \/>\n<meta property=\"og:type\" content=\"article\" \/>\n<meta property=\"og:title\" content=\"Lei de \u00c9rika cria programa de educa\u00e7\u00e3o inclusiva - Notibras\" \/>\n<meta property=\"og:description\" content=\"O presidente Luiz In\u00e1cio Lula da Silva sancionou o projeto de lei que institui a pol\u00edtica nacional de atendimento educacional especializado a crian\u00e7as de at\u00e9 3 anos de idade, a ser aplicada em todo o pa\u00eds. De acordo com a nova legisla\u00e7\u00e3o, aprovada pelo Congresso Nacional no m\u00eas passado, as a\u00e7\u00f5es do programa, cuja responsabilidade [&hellip;]\" \/>\n<meta property=\"og:url\" content=\"https:\/\/www.notibras.com\/site\/lei-de-erika-cria-programa-de-educacao-inclusiva\/\" \/>\n<meta property=\"og:site_name\" content=\"Notibras\" \/>\n<meta property=\"article:publisher\" content=\"https:\/\/www.facebook.com\/notibras\/\" \/>\n<meta property=\"article:published_time\" content=\"2024-06-05T03:07:20+00:00\" \/>\n<meta property=\"article:modified_time\" content=\"2024-06-05T12:09:01+00:00\" \/>\n<meta property=\"og:image\" content=\"https:\/\/www.notibras.com\/site\/wp-content\/uploads\/2024\/06\/erikalei.webp\" \/>\n\t<meta property=\"og:image:width\" content=\"1170\" \/>\n\t<meta property=\"og:image:height\" content=\"700\" \/>\n\t<meta property=\"og:image:type\" content=\"image\/webp\" \/>\n<meta name=\"author\" content=\"Reda\u00e7\u00e3o\" \/>\n<meta name=\"twitter:card\" content=\"summary_large_image\" \/>\n<meta name=\"twitter:creator\" content=\"@Notibras\" \/>\n<meta name=\"twitter:site\" content=\"@Notibras\" \/>\n<meta name=\"twitter:label1\" content=\"Escrito por\" \/>\n\t<meta name=\"twitter:data1\" content=\"Reda\u00e7\u00e3o\" \/>\n\t<meta name=\"twitter:label2\" content=\"Est. tempo de leitura\" \/>\n\t<meta name=\"twitter:data2\" content=\"3 minutos\" \/>\n<script type=\"application\/ld+json\" class=\"yoast-schema-graph\">{\"@context\":\"https:\\\/\\\/schema.org\",\"@graph\":[{\"@type\":\"Article\",\"@id\":\"https:\\\/\\\/www.notibras.com\\\/site\\\/lei-de-erika-cria-programa-de-educacao-inclusiva\\\/#article\",\"isPartOf\":{\"@id\":\"https:\\\/\\\/www.notibras.com\\\/site\\\/lei-de-erika-cria-programa-de-educacao-inclusiva\\\/\"},\"author\":{\"name\":\"Reda\u00e7\u00e3o\",\"@id\":\"https:\\\/\\\/www.notibras.com\\\/site\\\/#\\\/schema\\\/person\\\/36ab0979449956132d3e5b517ea76ac8\"},\"headline\":\"Lei de \u00c9rika cria programa de educa\u00e7\u00e3o inclusiva\",\"datePublished\":\"2024-06-05T03:07:20+00:00\",\"dateModified\":\"2024-06-05T12:09:01+00:00\",\"mainEntityOfPage\":{\"@id\":\"https:\\\/\\\/www.notibras.com\\\/site\\\/lei-de-erika-cria-programa-de-educacao-inclusiva\\\/\"},\"wordCount\":537,\"publisher\":{\"@id\":\"https:\\\/\\\/www.notibras.com\\\/site\\\/#organization\"},\"image\":{\"@id\":\"https:\\\/\\\/www.notibras.com\\\/site\\\/lei-de-erika-cria-programa-de-educacao-inclusiva\\\/#primaryimage\"},\"thumbnailUrl\":\"https:\\\/\\\/www.notibras.com\\\/site\\\/wp-content\\\/uploads\\\/2024\\\/06\\\/erikalei.webp\",\"articleSection\":[\"Quadradinho em Foco\"],\"inLanguage\":\"pt-BR\"},{\"@type\":\"WebPage\",\"@id\":\"https:\\\/\\\/www.notibras.com\\\/site\\\/lei-de-erika-cria-programa-de-educacao-inclusiva\\\/\",\"url\":\"https:\\\/\\\/www.notibras.com\\\/site\\\/lei-de-erika-cria-programa-de-educacao-inclusiva\\\/\",\"name\":\"Lei de \u00c9rika cria programa de educa\u00e7\u00e3o inclusiva - Notibras\",\"isPartOf\":{\"@id\":\"https:\\\/\\\/www.notibras.com\\\/site\\\/#website\"},\"primaryImageOfPage\":{\"@id\":\"https:\\\/\\\/www.notibras.com\\\/site\\\/lei-de-erika-cria-programa-de-educacao-inclusiva\\\/#primaryimage\"},\"image\":{\"@id\":\"https:\\\/\\\/www.notibras.com\\\/site\\\/lei-de-erika-cria-programa-de-educacao-inclusiva\\\/#primaryimage\"},\"thumbnailUrl\":\"https:\\\/\\\/www.notibras.com\\\/site\\\/wp-content\\\/uploads\\\/2024\\\/06\\\/erikalei.webp\",\"datePublished\":\"2024-06-05T03:07:20+00:00\",\"dateModified\":\"2024-06-05T12:09:01+00:00\",\"breadcrumb\":{\"@id\":\"https:\\\/\\\/www.notibras.com\\\/site\\\/lei-de-erika-cria-programa-de-educacao-inclusiva\\\/#breadcrumb\"},\"inLanguage\":\"pt-BR\",\"potentialAction\":[{\"@type\":\"ReadAction\",\"target\":[\"https:\\\/\\\/www.notibras.com\\\/site\\\/lei-de-erika-cria-programa-de-educacao-inclusiva\\\/\"]}]},{\"@type\":\"ImageObject\",\"inLanguage\":\"pt-BR\",\"@id\":\"https:\\\/\\\/www.notibras.com\\\/site\\\/lei-de-erika-cria-programa-de-educacao-inclusiva\\\/#primaryimage\",\"url\":\"https:\\\/\\\/www.notibras.com\\\/site\\\/wp-content\\\/uploads\\\/2024\\\/06\\\/erikalei.webp\",\"contentUrl\":\"https:\\\/\\\/www.notibras.com\\\/site\\\/wp-content\\\/uploads\\\/2024\\\/06\\\/erikalei.webp\",\"width\":1170,\"height\":700},{\"@type\":\"BreadcrumbList\",\"@id\":\"https:\\\/\\\/www.notibras.com\\\/site\\\/lei-de-erika-cria-programa-de-educacao-inclusiva\\\/#breadcrumb\",\"itemListElement\":[{\"@type\":\"ListItem\",\"position\":1,\"name\":\"In\u00edcio\",\"item\":\"https:\\\/\\\/www.notibras.com\\\/site\\\/\"},{\"@type\":\"ListItem\",\"position\":2,\"name\":\"Lei de \u00c9rika cria programa de educa\u00e7\u00e3o inclusiva\"}]},{\"@type\":\"WebSite\",\"@id\":\"https:\\\/\\\/www.notibras.com\\\/site\\\/#website\",\"url\":\"https:\\\/\\\/www.notibras.com\\\/site\\\/\",\"name\":\"Notibras\",\"description\":\"Not\u00edcias de Bras\u00edlia, do Brasil e do Mundo\",\"publisher\":{\"@id\":\"https:\\\/\\\/www.notibras.com\\\/site\\\/#organization\"},\"potentialAction\":[{\"@type\":\"SearchAction\",\"target\":{\"@type\":\"EntryPoint\",\"urlTemplate\":\"https:\\\/\\\/www.notibras.com\\\/site\\\/?s={search_term_string}\"},\"query-input\":{\"@type\":\"PropertyValueSpecification\",\"valueRequired\":true,\"valueName\":\"search_term_string\"}}],\"inLanguage\":\"pt-BR\"},{\"@type\":\"Organization\",\"@id\":\"https:\\\/\\\/www.notibras.com\\\/site\\\/#organization\",\"name\":\"Grupo Notibras de Comunica\u00e7\u00e3o\",\"url\":\"https:\\\/\\\/www.notibras.com\\\/site\\\/\",\"logo\":{\"@type\":\"ImageObject\",\"inLanguage\":\"pt-BR\",\"@id\":\"https:\\\/\\\/www.notibras.com\\\/site\\\/#\\\/schema\\\/logo\\\/image\\\/\",\"url\":\"https:\\\/\\\/www.notibras.com\\\/site\\\/wp-content\\\/uploads\\\/2023\\\/01\\\/notibras23.png\",\"contentUrl\":\"https:\\\/\\\/www.notibras.com\\\/site\\\/wp-content\\\/uploads\\\/2023\\\/01\\\/notibras23.png\",\"width\":350,\"height\":87,\"caption\":\"Grupo Notibras de Comunica\u00e7\u00e3o\"},\"image\":{\"@id\":\"https:\\\/\\\/www.notibras.com\\\/site\\\/#\\\/schema\\\/logo\\\/image\\\/\"},\"sameAs\":[\"https:\\\/\\\/www.facebook.com\\\/notibras\\\/\",\"https:\\\/\\\/x.com\\\/Notibras\",\"https:\\\/\\\/www.instagram.com\\\/notibras\\\/\"]},{\"@type\":\"Person\",\"@id\":\"https:\\\/\\\/www.notibras.com\\\/site\\\/#\\\/schema\\\/person\\\/36ab0979449956132d3e5b517ea76ac8\",\"name\":\"Reda\u00e7\u00e3o\",\"image\":{\"@type\":\"ImageObject\",\"inLanguage\":\"pt-BR\",\"@id\":\"https:\\\/\\\/secure.gravatar.com\\\/avatar\\\/e0a867bdedb85fd243eadf09663511f96fc81e0720a4a42581f334ad4303aa6b?s=96&d=mm&r=g\",\"url\":\"https:\\\/\\\/secure.gravatar.com\\\/avatar\\\/e0a867bdedb85fd243eadf09663511f96fc81e0720a4a42581f334ad4303aa6b?s=96&d=mm&r=g\",\"contentUrl\":\"https:\\\/\\\/secure.gravatar.com\\\/avatar\\\/e0a867bdedb85fd243eadf09663511f96fc81e0720a4a42581f334ad4303aa6b?s=96&d=mm&r=g\",\"caption\":\"Reda\u00e7\u00e3o\"}}]}<\/script>\n<!-- \/ Yoast SEO plugin. -->","yoast_head_json":{"title":"Lei de \u00c9rika cria programa de educa\u00e7\u00e3o inclusiva - Notibras","robots":{"index":"index","follow":"follow","max-snippet":"max-snippet:-1","max-image-preview":"max-image-preview:large","max-video-preview":"max-video-preview:-1"},"canonical":"https:\/\/www.notibras.com\/site\/lei-de-erika-cria-programa-de-educacao-inclusiva\/","og_locale":"pt_BR","og_type":"article","og_title":"Lei de \u00c9rika cria programa de educa\u00e7\u00e3o inclusiva - Notibras","og_description":"O presidente Luiz In\u00e1cio Lula da Silva sancionou o projeto de lei que institui a pol\u00edtica nacional de atendimento educacional especializado a crian\u00e7as de at\u00e9 3 anos de idade, a ser aplicada em todo o pa\u00eds. De acordo com a nova legisla\u00e7\u00e3o, aprovada pelo Congresso Nacional no m\u00eas passado, as a\u00e7\u00f5es do programa, cuja responsabilidade [&hellip;]","og_url":"https:\/\/www.notibras.com\/site\/lei-de-erika-cria-programa-de-educacao-inclusiva\/","og_site_name":"Notibras","article_publisher":"https:\/\/www.facebook.com\/notibras\/","article_published_time":"2024-06-05T03:07:20+00:00","article_modified_time":"2024-06-05T12:09:01+00:00","og_image":[{"width":1170,"height":700,"url":"https:\/\/www.notibras.com\/site\/wp-content\/uploads\/2024\/06\/erikalei.webp","type":"image\/webp"}],"author":"Reda\u00e7\u00e3o","twitter_card":"summary_large_image","twitter_creator":"@Notibras","twitter_site":"@Notibras","twitter_misc":{"Escrito por":"Reda\u00e7\u00e3o","Est. tempo de leitura":"3 minutos"},"schema":{"@context":"https:\/\/schema.org","@graph":[{"@type":"Article","@id":"https:\/\/www.notibras.com\/site\/lei-de-erika-cria-programa-de-educacao-inclusiva\/#article","isPartOf":{"@id":"https:\/\/www.notibras.com\/site\/lei-de-erika-cria-programa-de-educacao-inclusiva\/"},"author":{"name":"Reda\u00e7\u00e3o","@id":"https:\/\/www.notibras.com\/site\/#\/schema\/person\/36ab0979449956132d3e5b517ea76ac8"},"headline":"Lei de \u00c9rika cria programa de educa\u00e7\u00e3o inclusiva","datePublished":"2024-06-05T03:07:20+00:00","dateModified":"2024-06-05T12:09:01+00:00","mainEntityOfPage":{"@id":"https:\/\/www.notibras.com\/site\/lei-de-erika-cria-programa-de-educacao-inclusiva\/"},"wordCount":537,"publisher":{"@id":"https:\/\/www.notibras.com\/site\/#organization"},"image":{"@id":"https:\/\/www.notibras.com\/site\/lei-de-erika-cria-programa-de-educacao-inclusiva\/#primaryimage"},"thumbnailUrl":"https:\/\/www.notibras.com\/site\/wp-content\/uploads\/2024\/06\/erikalei.webp","articleSection":["Quadradinho em Foco"],"inLanguage":"pt-BR"},{"@type":"WebPage","@id":"https:\/\/www.notibras.com\/site\/lei-de-erika-cria-programa-de-educacao-inclusiva\/","url":"https:\/\/www.notibras.com\/site\/lei-de-erika-cria-programa-de-educacao-inclusiva\/","name":"Lei de \u00c9rika cria programa de educa\u00e7\u00e3o inclusiva - Notibras","isPartOf":{"@id":"https:\/\/www.notibras.com\/site\/#website"},"primaryImageOfPage":{"@id":"https:\/\/www.notibras.com\/site\/lei-de-erika-cria-programa-de-educacao-inclusiva\/#primaryimage"},"image":{"@id":"https:\/\/www.notibras.com\/site\/lei-de-erika-cria-programa-de-educacao-inclusiva\/#primaryimage"},"thumbnailUrl":"https:\/\/www.notibras.com\/site\/wp-content\/uploads\/2024\/06\/erikalei.webp","datePublished":"2024-06-05T03:07:20+00:00","dateModified":"2024-06-05T12:09:01+00:00","breadcrumb":{"@id":"https:\/\/www.notibras.com\/site\/lei-de-erika-cria-programa-de-educacao-inclusiva\/#breadcrumb"},"inLanguage":"pt-BR","potentialAction":[{"@type":"ReadAction","target":["https:\/\/www.notibras.com\/site\/lei-de-erika-cria-programa-de-educacao-inclusiva\/"]}]},{"@type":"ImageObject","inLanguage":"pt-BR","@id":"https:\/\/www.notibras.com\/site\/lei-de-erika-cria-programa-de-educacao-inclusiva\/#primaryimage","url":"https:\/\/www.notibras.com\/site\/wp-content\/uploads\/2024\/06\/erikalei.webp","contentUrl":"https:\/\/www.notibras.com\/site\/wp-content\/uploads\/2024\/06\/erikalei.webp","width":1170,"height":700},{"@type":"BreadcrumbList","@id":"https:\/\/www.notibras.com\/site\/lei-de-erika-cria-programa-de-educacao-inclusiva\/#breadcrumb","itemListElement":[{"@type":"ListItem","position":1,"name":"In\u00edcio","item":"https:\/\/www.notibras.com\/site\/"},{"@type":"ListItem","position":2,"name":"Lei de \u00c9rika cria programa de educa\u00e7\u00e3o inclusiva"}]},{"@type":"WebSite","@id":"https:\/\/www.notibras.com\/site\/#website","url":"https:\/\/www.notibras.com\/site\/","name":"Notibras","description":"Not\u00edcias de Bras\u00edlia, do Brasil e do Mundo","publisher":{"@id":"https:\/\/www.notibras.com\/site\/#organization"},"potentialAction":[{"@type":"SearchAction","target":{"@type":"EntryPoint","urlTemplate":"https:\/\/www.notibras.com\/site\/?s={search_term_string}"},"query-input":{"@type":"PropertyValueSpecification","valueRequired":true,"valueName":"search_term_string"}}],"inLanguage":"pt-BR"},{"@type":"Organization","@id":"https:\/\/www.notibras.com\/site\/#organization","name":"Grupo Notibras de Comunica\u00e7\u00e3o","url":"https:\/\/www.notibras.com\/site\/","logo":{"@type":"ImageObject","inLanguage":"pt-BR","@id":"https:\/\/www.notibras.com\/site\/#\/schema\/logo\/image\/","url":"https:\/\/www.notibras.com\/site\/wp-content\/uploads\/2023\/01\/notibras23.png","contentUrl":"https:\/\/www.notibras.com\/site\/wp-content\/uploads\/2023\/01\/notibras23.png","width":350,"height":87,"caption":"Grupo Notibras de Comunica\u00e7\u00e3o"},"image":{"@id":"https:\/\/www.notibras.com\/site\/#\/schema\/logo\/image\/"},"sameAs":["https:\/\/www.facebook.com\/notibras\/","https:\/\/x.com\/Notibras","https:\/\/www.instagram.com\/notibras\/"]},{"@type":"Person","@id":"https:\/\/www.notibras.com\/site\/#\/schema\/person\/36ab0979449956132d3e5b517ea76ac8","name":"Reda\u00e7\u00e3o","image":{"@type":"ImageObject","inLanguage":"pt-BR","@id":"https:\/\/secure.gravatar.com\/avatar\/e0a867bdedb85fd243eadf09663511f96fc81e0720a4a42581f334ad4303aa6b?s=96&d=mm&r=g","url":"https:\/\/secure.gravatar.com\/avatar\/e0a867bdedb85fd243eadf09663511f96fc81e0720a4a42581f334ad4303aa6b?s=96&d=mm&r=g","contentUrl":"https:\/\/secure.gravatar.com\/avatar\/e0a867bdedb85fd243eadf09663511f96fc81e0720a4a42581f334ad4303aa6b?s=96&d=mm&r=g","caption":"Reda\u00e7\u00e3o"}}]}},"amp_enabled":true,"_links":{"self":[{"href":"https:\/\/www.notibras.com\/site\/wp-json\/wp\/v2\/posts\/330196","targetHints":{"allow":["GET"]}}],"collection":[{"href":"https:\/\/www.notibras.com\/site\/wp-json\/wp\/v2\/posts"}],"about":[{"href":"https:\/\/www.notibras.com\/site\/wp-json\/wp\/v2\/types\/post"}],"author":[{"embeddable":true,"href":"https:\/\/www.notibras.com\/site\/wp-json\/wp\/v2\/users\/2"}],"replies":[{"embeddable":true,"href":"https:\/\/www.notibras.com\/site\/wp-json\/wp\/v2\/comments?post=330196"}],"version-history":[{"count":1,"href":"https:\/\/www.notibras.com\/site\/wp-json\/wp\/v2\/posts\/330196\/revisions"}],"predecessor-version":[{"id":330198,"href":"https:\/\/www.notibras.com\/site\/wp-json\/wp\/v2\/posts\/330196\/revisions\/330198"}],"wp:featuredmedia":[{"embeddable":true,"href":"https:\/\/www.notibras.com\/site\/wp-json\/wp\/v2\/media\/330197"}],"wp:attachment":[{"href":"https:\/\/www.notibras.com\/site\/wp-json\/wp\/v2\/media?parent=330196"}],"wp:term":[{"taxonomy":"category","embeddable":true,"href":"https:\/\/www.notibras.com\/site\/wp-json\/wp\/v2\/categories?post=330196"},{"taxonomy":"post_tag","embeddable":true,"href":"https:\/\/www.notibras.com\/site\/wp-json\/wp\/v2\/tags?post=330196"}],"curies":[{"name":"wp","href":"https:\/\/api.w.org\/{rel}","templated":true}]}}