{"id":330255,"date":"2024-06-06T08:27:05","date_gmt":"2024-06-06T11:27:05","guid":{"rendered":"https:\/\/www.notibras.com\/site\/?p=330255"},"modified":"2024-06-06T08:28:14","modified_gmt":"2024-06-06T11:28:14","slug":"boris-vai-ao-passado-chora-e-faz-psicologo-chorar","status":"publish","type":"post","link":"https:\/\/www.notibras.com\/site\/boris-vai-ao-passado-chora-e-faz-psicologo-chorar\/","title":{"rendered":"Boris vai ao passado, chora e faz psic\u00f3logo chorar"},"content":{"rendered":"<p>Boris Scherer, 56 anos, alto, loiro, olhos azuis, pele t\u00e3o branca, que lhe dava aquele aspecto de boneco de cera, parou diante da porta. A placa indicava que estava no local certo: Dr. Jos\u00e9 Oliveira Silva, psic\u00f3logo. N\u00e3o foi preciso se anunciar, haja vista um homem quase t\u00e3o alto, pele escura, olhos profundos e sorriso largo o recebeu, ao mesmo tempo em que o cumprimentou. Era o dono n\u00e3o s\u00f3 da placa, mas daquela sala inteira, que se abriu de maneira acolhedora para o paciente. Primeira consulta.<\/p>\n<p>\u2014 Fale sobre voc\u00ea.<\/p>\n<p>\u2014 O que voc\u00ea quer saber?<\/p>\n<p>\u2014 Tudo o que voc\u00ea quiser falar.<\/p>\n<p>Boris, com os olhos voltados para o tapete com formas geom\u00e9tricas, tentou buscar seu passado mais long\u00ednquo, onde se encontrava com seus l\u00e1 quatro, cinco anos. Estava brincando no canto do escrit\u00f3rio do pai, Klauss Scherer.<\/p>\n<p>O agora paciente herdou a apar\u00eancia do pai, que, \u00e0quela \u00e9poca, era mais jovem que ele \u00e9 hoje. N\u00e3o mais de 40 anos, talvez 36. Detalhes sem a menor import\u00e2ncia. Quanto ao temperamento, por mais que Klauss tivesse tentado incutir seu modo de ser no filho, o fruto n\u00e3o poderia ter ca\u00eddo mais longe do p\u00e9.<\/p>\n<p>\u2014 Meu pai era controlador. Era um bom homem, mas gostava de manter as r\u00e9deas firmes. Bruto, mas creio que todos os homens eram assim naquela \u00e9poca. Minha m\u00e3e sempre me falava para respeitar meu pai, pois era ele que mantinha a fam\u00edlia unida. Ele era o homem da casa, o sustento de todos n\u00f3s.<\/p>\n<p>Pelas pr\u00f3ximas quase duas horas, o psic\u00f3logo escutou atentamente o paciente e, ao final, os dois se despediram com um forte aperto de m\u00e3os. Boris, apesar de contido nas emo\u00e7\u00f5es, n\u00e3o conseguiu esconder a fragilidade no olhar ao remexer o passado. Mas parece ter sa\u00eddo aliviado e, caminhando pelo amplo corredor, chegou ao elevador, que o levou at\u00e9 a garagem do edif\u00edcio. Ligou o autom\u00f3vel e voltou para casa, onde encontrou a esposa e os dois filhos adolescentes.<\/p>\n<p>\u2014 Como foi a consulta, meu amor?<\/p>\n<p>\u2014 Boa.<\/p>\n<p>\u2014 Gostou do psic\u00f3logo?<\/p>\n<p>\u2014 Sim. Agendei nova sess\u00e3o para semana que vem.<\/p>\n<p>A semana caminhou a passos lentos. Boris queria porque queria contar tantas outras coisas para o psic\u00f3logo. \u00c9 verdade que pensou em desmarcar a consulta, pois n\u00e3o queria relembrar tempos t\u00e3o dif\u00edceis. Todavia, ao recordar da sensa\u00e7\u00e3o de leveza que o acompanhou no caminho de volta para casa, desejou reencontrar novamente o profissional.<\/p>\n<p>Pouco antes do hor\u00e1rio, Boris estava diante da porta do consult\u00f3rio. Jos\u00e9 o recebeu de bra\u00e7os abertos, o que fez o paciente se sentir acolhido de maneira incomum para o mundo que lhe fora apresentado desde a mais tenra idade.<\/p>\n<p>\u2014 Meu pai, sempre autorit\u00e1rio, n\u00e3o aceitava que eu chorasse. Sempre dizia que homem n\u00e3o chora. Minha m\u00e3e, talvez receosa da rea\u00e7\u00e3o do marido, nada dizia. E, quando est\u00e1vamos sozinhos, ela enxugava minhas l\u00e1grimas em sua saia e me mandava lavar o rosto antes que meu pai retornasse. Aquilo sempre me pareceu algo normal, que certamente acontecia em todas as fam\u00edlias. Levei anos para perceber que, apesar de acontecer com bastante frequ\u00eancia, aquilo n\u00e3o era normal.<\/p>\n<p>Boris, ap\u00f3s quase seis meses de consultas, conseguiu se livrar de v\u00e1rios traumas de inf\u00e2ncia. No entanto, um ainda estava instalado bem l\u00e1 no fundo do seu subconsciente. Mas, naquela sess\u00e3o de agosto, tudo veio \u00e0 tona.<\/p>\n<p>\u2014 Sei que estava prestes a completar dez anos, pois acompanhei meus pais at\u00e9 o supermercado para comprar refrigerante. Estava euf\u00f3rico, mas contido para n\u00e3o tomar bronca do papai. Ele segurava firme o meu pulso, como um carcereiro conduzindo o preso. Percebi um menino, praticamente da minha idade, empurrando um carrinho de compras pelos corredores. Ele me pareceu bem feliz e, obviamente sem querer, esbarrou o carrinho na minha perna. O garoto se voltou para mim e tentou se desculpar, mas meu pai, r\u00edspido, o segurou pelo bra\u00e7o. Comecei a chorar, n\u00e3o sei se pela dor ou se por presenciar aquela viol\u00eancia. Meu pai, ainda segurando firme o bra\u00e7o do menino, me mandou chutar a sua perna. Eu n\u00e3o queria agredi-lo, mas meu pai me ordenou. Chutei a perna do menino uma, duas, tr\u00eas, dez vezes. N\u00e3o me lembro de quantas, at\u00e9 a minha perna ficar doendo demais para prosseguir. O menino, im\u00f3vel, aguentou sem derramar l\u00e1grimas. Meu pai o soltou, e o menino foi embora. Desde ent\u00e3o, isso me consome de tal modo, que at\u00e9 hoje procuro por aquele menino para lhe pedir desculpas.<\/p>\n<p>O psic\u00f3logo abra\u00e7ou o paciente, que chorou copiosamente por minutos. Solu\u00e7os, pedidos de desculpas para aquele menino do supermercado. Ap\u00f3s quase meia hora, Boris se despediu de Jos\u00e9. A pr\u00f3xima sess\u00e3o seria na semana seguinte.<\/p>\n<p>Naquele dia, Jos\u00e9 entrou em seu apartamento. N\u00e3o sentiu vontade de acender a luz. A escurid\u00e3o era necess\u00e1ria para acalm\u00e1-lo ap\u00f3s mais um dia de trabalho. Que turbilh\u00e3o de emo\u00e7\u00f5es! Pensou em se servir uma dose de u\u00edsque, mas preferiu manter a mente limpa.<\/p>\n<p>O psic\u00f3logo se dirigiu ao banheiro, onde ligou o chuveiro, enquanto retirava a roupa e a jogava no cesto ao lado. Sentiu a temperatura da \u00e1gua, entrou debaixo da ducha. A \u00e1gua morna caiu sobre sua cabe\u00e7a, seus ombros largos, como se tirassem toneladas de ang\u00fastias guardadas h\u00e1 tempos. Com o rosto virado para o chuveiro, as l\u00e1grimas foram levadas pela \u00e1gua. Passou a m\u00e3o pela perna esquerda. Ele n\u00e3o era o \u00fanico que carregava o trauma daquele dia.<\/p>\n<p><strong>*Eduardo Mart\u00ednez \u00e9 autor do livro \u201c57 Contos e Cr\u00f4nicas por um Autor muito Velho\u201d.<\/strong><\/p>\n<p>Compre aqui\u00a0<span class=\"x19la9d6 x1fc57z9 x6ikm8r x10wlt62 x19co3pv x1g5zs5t xfibh0p xiy17q3 x1xsqp64 x1lkfr7t xexx8yu x4uap5 x18d9i69 xkhd6sd\"><span class=\"xrtxmta x1bhl96m\"><img decoding=\"async\" class=\"emoji\" role=\"img\" draggable=\"false\" src=\"https:\/\/s.w.org\/images\/core\/emoji\/14.0.0\/svg\/1f447-1f3ff.svg\" alt=\"&#x1f447;&#x1f3ff;\" \/><\/span><\/span><span class=\"x19la9d6 x1fc57z9 x6ikm8r x10wlt62 x19co3pv x1g5zs5t xfibh0p xiy17q3 x1xsqp64 x1lkfr7t xexx8yu x4uap5 x18d9i69 xkhd6sd\"><span class=\"xrtxmta x1bhl96m\"><img decoding=\"async\" class=\"emoji\" role=\"img\" draggable=\"false\" src=\"https:\/\/s.w.org\/images\/core\/emoji\/14.0.0\/svg\/1f447-1f3ff.svg\" alt=\"&#x1f447;&#x1f3ff;\" \/><\/span><\/span><span class=\"x19la9d6 x1fc57z9 x6ikm8r x10wlt62 x19co3pv x1g5zs5t xfibh0p xiy17q3 x1xsqp64 x1lkfr7t xexx8yu x4uap5 x18d9i69 xkhd6sd\"><span class=\"xrtxmta x1bhl96m\"><img decoding=\"async\" class=\"emoji\" role=\"img\" draggable=\"false\" src=\"https:\/\/s.w.org\/images\/core\/emoji\/14.0.0\/svg\/1f447-1f3ff.svg\" alt=\"&#x1f447;&#x1f3ff;\" \/><\/span><\/span><\/p>\n<p><a href=\"http:\/\/www.joanineditora.com.br\/57-contos-e-cronicas-por-um-autor-muito-velho\">http:\/\/www.joanineditora.com.br\/57-contos-e-cronicas-por-um-autor-muito-velho<\/a><\/p>\n","protected":false},"excerpt":{"rendered":"<p>Boris Scherer, 56 anos, alto, loiro, olhos azuis, pele t\u00e3o branca, que lhe dava aquele aspecto de boneco de cera, parou diante da porta. A placa indicava que estava no local certo: Dr. Jos\u00e9 Oliveira Silva, psic\u00f3logo. N\u00e3o foi preciso se anunciar, haja vista um homem quase t\u00e3o alto, pele escura, olhos profundos e sorriso [&hellip;]<\/p>\n","protected":false},"author":2,"featured_media":330256,"comment_status":"closed","ping_status":"closed","sticky":false,"template":"","format":"standard","meta":{"_acf_changed":false,"footnotes":""},"categories":[161],"tags":[],"class_list":["post-330255","post","type-post","status-publish","format-standard","has-post-thumbnail","hentry","category-quadradinho-em-foco"],"acf":[],"yoast_head":"<!-- This site is optimized with the Yoast SEO plugin v27.5 - https:\/\/yoast.com\/product\/yoast-seo-wordpress\/ -->\n<title>Boris vai ao passado, chora e faz psic\u00f3logo chorar - Notibras<\/title>\n<meta name=\"robots\" content=\"index, follow, max-snippet:-1, max-image-preview:large, max-video-preview:-1\" \/>\n<link rel=\"canonical\" href=\"https:\/\/www.notibras.com\/site\/boris-vai-ao-passado-chora-e-faz-psicologo-chorar\/\" \/>\n<meta property=\"og:locale\" content=\"pt_BR\" \/>\n<meta property=\"og:type\" content=\"article\" \/>\n<meta property=\"og:title\" content=\"Boris vai ao passado, chora e faz psic\u00f3logo chorar - Notibras\" \/>\n<meta property=\"og:description\" content=\"Boris Scherer, 56 anos, alto, loiro, olhos azuis, pele t\u00e3o branca, que lhe dava aquele aspecto de boneco de cera, parou diante da porta. A placa indicava que estava no local certo: Dr. Jos\u00e9 Oliveira Silva, psic\u00f3logo. N\u00e3o foi preciso se anunciar, haja vista um homem quase t\u00e3o alto, pele escura, olhos profundos e sorriso [&hellip;]\" \/>\n<meta property=\"og:url\" content=\"https:\/\/www.notibras.com\/site\/boris-vai-ao-passado-chora-e-faz-psicologo-chorar\/\" \/>\n<meta property=\"og:site_name\" content=\"Notibras\" \/>\n<meta property=\"article:publisher\" content=\"https:\/\/www.facebook.com\/notibras\/\" \/>\n<meta property=\"article:published_time\" content=\"2024-06-06T11:27:05+00:00\" \/>\n<meta property=\"article:modified_time\" content=\"2024-06-06T11:28:14+00:00\" \/>\n<meta property=\"og:image\" content=\"https:\/\/www.notibras.com\/site\/wp-content\/uploads\/2024\/06\/3420b42e-dc29-4ee7-86e2-4f1349946353.jpeg\" \/>\n\t<meta property=\"og:image:width\" content=\"512\" \/>\n\t<meta property=\"og:image:height\" content=\"479\" \/>\n\t<meta property=\"og:image:type\" content=\"image\/jpeg\" \/>\n<meta name=\"author\" content=\"Reda\u00e7\u00e3o\" \/>\n<meta name=\"twitter:card\" content=\"summary_large_image\" \/>\n<meta name=\"twitter:creator\" content=\"@Notibras\" \/>\n<meta name=\"twitter:site\" content=\"@Notibras\" \/>\n<meta name=\"twitter:label1\" content=\"Escrito por\" \/>\n\t<meta name=\"twitter:data1\" content=\"Reda\u00e7\u00e3o\" \/>\n\t<meta name=\"twitter:label2\" content=\"Est. tempo de leitura\" \/>\n\t<meta name=\"twitter:data2\" content=\"6 minutos\" \/>\n<script type=\"application\/ld+json\" class=\"yoast-schema-graph\">{\"@context\":\"https:\\\/\\\/schema.org\",\"@graph\":[{\"@type\":\"Article\",\"@id\":\"https:\\\/\\\/www.notibras.com\\\/site\\\/boris-vai-ao-passado-chora-e-faz-psicologo-chorar\\\/#article\",\"isPartOf\":{\"@id\":\"https:\\\/\\\/www.notibras.com\\\/site\\\/boris-vai-ao-passado-chora-e-faz-psicologo-chorar\\\/\"},\"author\":{\"name\":\"Reda\u00e7\u00e3o\",\"@id\":\"https:\\\/\\\/www.notibras.com\\\/site\\\/#\\\/schema\\\/person\\\/36ab0979449956132d3e5b517ea76ac8\"},\"headline\":\"Boris vai ao passado, chora e faz psic\u00f3logo chorar\",\"datePublished\":\"2024-06-06T11:27:05+00:00\",\"dateModified\":\"2024-06-06T11:28:14+00:00\",\"mainEntityOfPage\":{\"@id\":\"https:\\\/\\\/www.notibras.com\\\/site\\\/boris-vai-ao-passado-chora-e-faz-psicologo-chorar\\\/\"},\"wordCount\":999,\"publisher\":{\"@id\":\"https:\\\/\\\/www.notibras.com\\\/site\\\/#organization\"},\"image\":{\"@id\":\"https:\\\/\\\/www.notibras.com\\\/site\\\/boris-vai-ao-passado-chora-e-faz-psicologo-chorar\\\/#primaryimage\"},\"thumbnailUrl\":\"https:\\\/\\\/www.notibras.com\\\/site\\\/wp-content\\\/uploads\\\/2024\\\/06\\\/3420b42e-dc29-4ee7-86e2-4f1349946353.jpeg\",\"articleSection\":[\"Quadradinho em Foco\"],\"inLanguage\":\"pt-BR\"},{\"@type\":\"WebPage\",\"@id\":\"https:\\\/\\\/www.notibras.com\\\/site\\\/boris-vai-ao-passado-chora-e-faz-psicologo-chorar\\\/\",\"url\":\"https:\\\/\\\/www.notibras.com\\\/site\\\/boris-vai-ao-passado-chora-e-faz-psicologo-chorar\\\/\",\"name\":\"Boris vai ao passado, chora e faz psic\u00f3logo chorar - Notibras\",\"isPartOf\":{\"@id\":\"https:\\\/\\\/www.notibras.com\\\/site\\\/#website\"},\"primaryImageOfPage\":{\"@id\":\"https:\\\/\\\/www.notibras.com\\\/site\\\/boris-vai-ao-passado-chora-e-faz-psicologo-chorar\\\/#primaryimage\"},\"image\":{\"@id\":\"https:\\\/\\\/www.notibras.com\\\/site\\\/boris-vai-ao-passado-chora-e-faz-psicologo-chorar\\\/#primaryimage\"},\"thumbnailUrl\":\"https:\\\/\\\/www.notibras.com\\\/site\\\/wp-content\\\/uploads\\\/2024\\\/06\\\/3420b42e-dc29-4ee7-86e2-4f1349946353.jpeg\",\"datePublished\":\"2024-06-06T11:27:05+00:00\",\"dateModified\":\"2024-06-06T11:28:14+00:00\",\"breadcrumb\":{\"@id\":\"https:\\\/\\\/www.notibras.com\\\/site\\\/boris-vai-ao-passado-chora-e-faz-psicologo-chorar\\\/#breadcrumb\"},\"inLanguage\":\"pt-BR\",\"potentialAction\":[{\"@type\":\"ReadAction\",\"target\":[\"https:\\\/\\\/www.notibras.com\\\/site\\\/boris-vai-ao-passado-chora-e-faz-psicologo-chorar\\\/\"]}]},{\"@type\":\"ImageObject\",\"inLanguage\":\"pt-BR\",\"@id\":\"https:\\\/\\\/www.notibras.com\\\/site\\\/boris-vai-ao-passado-chora-e-faz-psicologo-chorar\\\/#primaryimage\",\"url\":\"https:\\\/\\\/www.notibras.com\\\/site\\\/wp-content\\\/uploads\\\/2024\\\/06\\\/3420b42e-dc29-4ee7-86e2-4f1349946353.jpeg\",\"contentUrl\":\"https:\\\/\\\/www.notibras.com\\\/site\\\/wp-content\\\/uploads\\\/2024\\\/06\\\/3420b42e-dc29-4ee7-86e2-4f1349946353.jpeg\",\"width\":512,\"height\":479},{\"@type\":\"BreadcrumbList\",\"@id\":\"https:\\\/\\\/www.notibras.com\\\/site\\\/boris-vai-ao-passado-chora-e-faz-psicologo-chorar\\\/#breadcrumb\",\"itemListElement\":[{\"@type\":\"ListItem\",\"position\":1,\"name\":\"In\u00edcio\",\"item\":\"https:\\\/\\\/www.notibras.com\\\/site\\\/\"},{\"@type\":\"ListItem\",\"position\":2,\"name\":\"Boris vai ao passado, chora e faz psic\u00f3logo chorar\"}]},{\"@type\":\"WebSite\",\"@id\":\"https:\\\/\\\/www.notibras.com\\\/site\\\/#website\",\"url\":\"https:\\\/\\\/www.notibras.com\\\/site\\\/\",\"name\":\"Notibras\",\"description\":\"Not\u00edcias de Bras\u00edlia, do Brasil e do Mundo\",\"publisher\":{\"@id\":\"https:\\\/\\\/www.notibras.com\\\/site\\\/#organization\"},\"potentialAction\":[{\"@type\":\"SearchAction\",\"target\":{\"@type\":\"EntryPoint\",\"urlTemplate\":\"https:\\\/\\\/www.notibras.com\\\/site\\\/?s={search_term_string}\"},\"query-input\":{\"@type\":\"PropertyValueSpecification\",\"valueRequired\":true,\"valueName\":\"search_term_string\"}}],\"inLanguage\":\"pt-BR\"},{\"@type\":\"Organization\",\"@id\":\"https:\\\/\\\/www.notibras.com\\\/site\\\/#organization\",\"name\":\"Grupo Notibras de Comunica\u00e7\u00e3o\",\"url\":\"https:\\\/\\\/www.notibras.com\\\/site\\\/\",\"logo\":{\"@type\":\"ImageObject\",\"inLanguage\":\"pt-BR\",\"@id\":\"https:\\\/\\\/www.notibras.com\\\/site\\\/#\\\/schema\\\/logo\\\/image\\\/\",\"url\":\"https:\\\/\\\/www.notibras.com\\\/site\\\/wp-content\\\/uploads\\\/2023\\\/01\\\/notibras23.png\",\"contentUrl\":\"https:\\\/\\\/www.notibras.com\\\/site\\\/wp-content\\\/uploads\\\/2023\\\/01\\\/notibras23.png\",\"width\":350,\"height\":87,\"caption\":\"Grupo Notibras de Comunica\u00e7\u00e3o\"},\"image\":{\"@id\":\"https:\\\/\\\/www.notibras.com\\\/site\\\/#\\\/schema\\\/logo\\\/image\\\/\"},\"sameAs\":[\"https:\\\/\\\/www.facebook.com\\\/notibras\\\/\",\"https:\\\/\\\/x.com\\\/Notibras\",\"https:\\\/\\\/www.instagram.com\\\/notibras\\\/\"]},{\"@type\":\"Person\",\"@id\":\"https:\\\/\\\/www.notibras.com\\\/site\\\/#\\\/schema\\\/person\\\/36ab0979449956132d3e5b517ea76ac8\",\"name\":\"Reda\u00e7\u00e3o\",\"image\":{\"@type\":\"ImageObject\",\"inLanguage\":\"pt-BR\",\"@id\":\"https:\\\/\\\/secure.gravatar.com\\\/avatar\\\/e0a867bdedb85fd243eadf09663511f96fc81e0720a4a42581f334ad4303aa6b?s=96&d=mm&r=g\",\"url\":\"https:\\\/\\\/secure.gravatar.com\\\/avatar\\\/e0a867bdedb85fd243eadf09663511f96fc81e0720a4a42581f334ad4303aa6b?s=96&d=mm&r=g\",\"contentUrl\":\"https:\\\/\\\/secure.gravatar.com\\\/avatar\\\/e0a867bdedb85fd243eadf09663511f96fc81e0720a4a42581f334ad4303aa6b?s=96&d=mm&r=g\",\"caption\":\"Reda\u00e7\u00e3o\"}}]}<\/script>\n<!-- \/ Yoast SEO plugin. -->","yoast_head_json":{"title":"Boris vai ao passado, chora e faz psic\u00f3logo chorar - Notibras","robots":{"index":"index","follow":"follow","max-snippet":"max-snippet:-1","max-image-preview":"max-image-preview:large","max-video-preview":"max-video-preview:-1"},"canonical":"https:\/\/www.notibras.com\/site\/boris-vai-ao-passado-chora-e-faz-psicologo-chorar\/","og_locale":"pt_BR","og_type":"article","og_title":"Boris vai ao passado, chora e faz psic\u00f3logo chorar - Notibras","og_description":"Boris Scherer, 56 anos, alto, loiro, olhos azuis, pele t\u00e3o branca, que lhe dava aquele aspecto de boneco de cera, parou diante da porta. A placa indicava que estava no local certo: Dr. Jos\u00e9 Oliveira Silva, psic\u00f3logo. N\u00e3o foi preciso se anunciar, haja vista um homem quase t\u00e3o alto, pele escura, olhos profundos e sorriso [&hellip;]","og_url":"https:\/\/www.notibras.com\/site\/boris-vai-ao-passado-chora-e-faz-psicologo-chorar\/","og_site_name":"Notibras","article_publisher":"https:\/\/www.facebook.com\/notibras\/","article_published_time":"2024-06-06T11:27:05+00:00","article_modified_time":"2024-06-06T11:28:14+00:00","og_image":[{"width":512,"height":479,"url":"https:\/\/www.notibras.com\/site\/wp-content\/uploads\/2024\/06\/3420b42e-dc29-4ee7-86e2-4f1349946353.jpeg","type":"image\/jpeg"}],"author":"Reda\u00e7\u00e3o","twitter_card":"summary_large_image","twitter_creator":"@Notibras","twitter_site":"@Notibras","twitter_misc":{"Escrito por":"Reda\u00e7\u00e3o","Est. tempo de leitura":"6 minutos"},"schema":{"@context":"https:\/\/schema.org","@graph":[{"@type":"Article","@id":"https:\/\/www.notibras.com\/site\/boris-vai-ao-passado-chora-e-faz-psicologo-chorar\/#article","isPartOf":{"@id":"https:\/\/www.notibras.com\/site\/boris-vai-ao-passado-chora-e-faz-psicologo-chorar\/"},"author":{"name":"Reda\u00e7\u00e3o","@id":"https:\/\/www.notibras.com\/site\/#\/schema\/person\/36ab0979449956132d3e5b517ea76ac8"},"headline":"Boris vai ao passado, chora e faz psic\u00f3logo chorar","datePublished":"2024-06-06T11:27:05+00:00","dateModified":"2024-06-06T11:28:14+00:00","mainEntityOfPage":{"@id":"https:\/\/www.notibras.com\/site\/boris-vai-ao-passado-chora-e-faz-psicologo-chorar\/"},"wordCount":999,"publisher":{"@id":"https:\/\/www.notibras.com\/site\/#organization"},"image":{"@id":"https:\/\/www.notibras.com\/site\/boris-vai-ao-passado-chora-e-faz-psicologo-chorar\/#primaryimage"},"thumbnailUrl":"https:\/\/www.notibras.com\/site\/wp-content\/uploads\/2024\/06\/3420b42e-dc29-4ee7-86e2-4f1349946353.jpeg","articleSection":["Quadradinho em Foco"],"inLanguage":"pt-BR"},{"@type":"WebPage","@id":"https:\/\/www.notibras.com\/site\/boris-vai-ao-passado-chora-e-faz-psicologo-chorar\/","url":"https:\/\/www.notibras.com\/site\/boris-vai-ao-passado-chora-e-faz-psicologo-chorar\/","name":"Boris vai ao passado, chora e faz psic\u00f3logo chorar - Notibras","isPartOf":{"@id":"https:\/\/www.notibras.com\/site\/#website"},"primaryImageOfPage":{"@id":"https:\/\/www.notibras.com\/site\/boris-vai-ao-passado-chora-e-faz-psicologo-chorar\/#primaryimage"},"image":{"@id":"https:\/\/www.notibras.com\/site\/boris-vai-ao-passado-chora-e-faz-psicologo-chorar\/#primaryimage"},"thumbnailUrl":"https:\/\/www.notibras.com\/site\/wp-content\/uploads\/2024\/06\/3420b42e-dc29-4ee7-86e2-4f1349946353.jpeg","datePublished":"2024-06-06T11:27:05+00:00","dateModified":"2024-06-06T11:28:14+00:00","breadcrumb":{"@id":"https:\/\/www.notibras.com\/site\/boris-vai-ao-passado-chora-e-faz-psicologo-chorar\/#breadcrumb"},"inLanguage":"pt-BR","potentialAction":[{"@type":"ReadAction","target":["https:\/\/www.notibras.com\/site\/boris-vai-ao-passado-chora-e-faz-psicologo-chorar\/"]}]},{"@type":"ImageObject","inLanguage":"pt-BR","@id":"https:\/\/www.notibras.com\/site\/boris-vai-ao-passado-chora-e-faz-psicologo-chorar\/#primaryimage","url":"https:\/\/www.notibras.com\/site\/wp-content\/uploads\/2024\/06\/3420b42e-dc29-4ee7-86e2-4f1349946353.jpeg","contentUrl":"https:\/\/www.notibras.com\/site\/wp-content\/uploads\/2024\/06\/3420b42e-dc29-4ee7-86e2-4f1349946353.jpeg","width":512,"height":479},{"@type":"BreadcrumbList","@id":"https:\/\/www.notibras.com\/site\/boris-vai-ao-passado-chora-e-faz-psicologo-chorar\/#breadcrumb","itemListElement":[{"@type":"ListItem","position":1,"name":"In\u00edcio","item":"https:\/\/www.notibras.com\/site\/"},{"@type":"ListItem","position":2,"name":"Boris vai ao passado, chora e faz psic\u00f3logo chorar"}]},{"@type":"WebSite","@id":"https:\/\/www.notibras.com\/site\/#website","url":"https:\/\/www.notibras.com\/site\/","name":"Notibras","description":"Not\u00edcias de Bras\u00edlia, do Brasil e do Mundo","publisher":{"@id":"https:\/\/www.notibras.com\/site\/#organization"},"potentialAction":[{"@type":"SearchAction","target":{"@type":"EntryPoint","urlTemplate":"https:\/\/www.notibras.com\/site\/?s={search_term_string}"},"query-input":{"@type":"PropertyValueSpecification","valueRequired":true,"valueName":"search_term_string"}}],"inLanguage":"pt-BR"},{"@type":"Organization","@id":"https:\/\/www.notibras.com\/site\/#organization","name":"Grupo Notibras de Comunica\u00e7\u00e3o","url":"https:\/\/www.notibras.com\/site\/","logo":{"@type":"ImageObject","inLanguage":"pt-BR","@id":"https:\/\/www.notibras.com\/site\/#\/schema\/logo\/image\/","url":"https:\/\/www.notibras.com\/site\/wp-content\/uploads\/2023\/01\/notibras23.png","contentUrl":"https:\/\/www.notibras.com\/site\/wp-content\/uploads\/2023\/01\/notibras23.png","width":350,"height":87,"caption":"Grupo Notibras de Comunica\u00e7\u00e3o"},"image":{"@id":"https:\/\/www.notibras.com\/site\/#\/schema\/logo\/image\/"},"sameAs":["https:\/\/www.facebook.com\/notibras\/","https:\/\/x.com\/Notibras","https:\/\/www.instagram.com\/notibras\/"]},{"@type":"Person","@id":"https:\/\/www.notibras.com\/site\/#\/schema\/person\/36ab0979449956132d3e5b517ea76ac8","name":"Reda\u00e7\u00e3o","image":{"@type":"ImageObject","inLanguage":"pt-BR","@id":"https:\/\/secure.gravatar.com\/avatar\/e0a867bdedb85fd243eadf09663511f96fc81e0720a4a42581f334ad4303aa6b?s=96&d=mm&r=g","url":"https:\/\/secure.gravatar.com\/avatar\/e0a867bdedb85fd243eadf09663511f96fc81e0720a4a42581f334ad4303aa6b?s=96&d=mm&r=g","contentUrl":"https:\/\/secure.gravatar.com\/avatar\/e0a867bdedb85fd243eadf09663511f96fc81e0720a4a42581f334ad4303aa6b?s=96&d=mm&r=g","caption":"Reda\u00e7\u00e3o"}}]}},"amp_enabled":true,"_links":{"self":[{"href":"https:\/\/www.notibras.com\/site\/wp-json\/wp\/v2\/posts\/330255","targetHints":{"allow":["GET"]}}],"collection":[{"href":"https:\/\/www.notibras.com\/site\/wp-json\/wp\/v2\/posts"}],"about":[{"href":"https:\/\/www.notibras.com\/site\/wp-json\/wp\/v2\/types\/post"}],"author":[{"embeddable":true,"href":"https:\/\/www.notibras.com\/site\/wp-json\/wp\/v2\/users\/2"}],"replies":[{"embeddable":true,"href":"https:\/\/www.notibras.com\/site\/wp-json\/wp\/v2\/comments?post=330255"}],"version-history":[{"count":2,"href":"https:\/\/www.notibras.com\/site\/wp-json\/wp\/v2\/posts\/330255\/revisions"}],"predecessor-version":[{"id":330258,"href":"https:\/\/www.notibras.com\/site\/wp-json\/wp\/v2\/posts\/330255\/revisions\/330258"}],"wp:featuredmedia":[{"embeddable":true,"href":"https:\/\/www.notibras.com\/site\/wp-json\/wp\/v2\/media\/330256"}],"wp:attachment":[{"href":"https:\/\/www.notibras.com\/site\/wp-json\/wp\/v2\/media?parent=330255"}],"wp:term":[{"taxonomy":"category","embeddable":true,"href":"https:\/\/www.notibras.com\/site\/wp-json\/wp\/v2\/categories?post=330255"},{"taxonomy":"post_tag","embeddable":true,"href":"https:\/\/www.notibras.com\/site\/wp-json\/wp\/v2\/tags?post=330255"}],"curies":[{"name":"wp","href":"https:\/\/api.w.org\/{rel}","templated":true}]}}