{"id":330259,"date":"2024-06-06T00:00:01","date_gmt":"2024-06-06T03:00:01","guid":{"rendered":"https:\/\/www.notibras.com\/site\/?p=330259"},"modified":"2024-06-06T08:52:12","modified_gmt":"2024-06-06T11:52:12","slug":"estudantes-da-rede-publica-recebem-vacinas-contra-a-dengue","status":"publish","type":"post","link":"https:\/\/www.notibras.com\/site\/estudantes-da-rede-publica-recebem-vacinas-contra-a-dengue\/","title":{"rendered":"Estudantes da rede p\u00fablica recebem vacinas contra a dengue"},"content":{"rendered":"<p>Alunos do Centro de Ensino Fundamental (CEF) 306 Norte, no Plano Piloto, tiveram uma manh\u00e3 diferente nesta quarta-feira (5): o grupo foi levado para a Unidade B\u00e1sica de Sa\u00fade (UBS) 1 da Asa Norte, onde receberam a vacina contra a dengue. A iniciativa das secretarias de Sa\u00fade (SES-DF) e Educa\u00e7\u00e3o (SEE-DF) tem ocorrido em todo o Distrito Federal e, somente nesta manh\u00e3, garantiu a prote\u00e7\u00e3o para 22 estudantes com idades entre 10 e 14 anos.<\/p>\n<p>\u201cPriorizamos muito a sa\u00fade integral do estudante. Para o aluno apresentar um bom desempenho escolar \u00e9 imprescind\u00edvel que esteja saud\u00e1vel\u201d, afirma a gerente de Sa\u00fade do Estudante da SEE-DF, Larisse Cavalcante. Para ela, altas coberturas vacinais ajudam a reduzir o adoecimento de alunos, diminuindo o n\u00famero de faltas.<\/p>\n<p>O vice-diretor do CEF 306, Gustavo Dutra, conta que cada aluno comparece com a autoriza\u00e7\u00e3o por escrito dos pais ou respons\u00e1veis. A equipe da escola faz um trabalho de conscientiza\u00e7\u00e3o sobre o tema e de mobiliza\u00e7\u00e3o das fam\u00edlias. \u201cTratamos essa quest\u00e3o de maneira pedag\u00f3gica\u201d, acrescenta.<\/p>\n<p>Al\u00e9m das idas dos estudantes \u00e0s UBSs, as equipes de sa\u00fade tamb\u00e9m v\u00e3o \u00e0s escolas. Somente a UBS 1 da Asa Norte j\u00e1 levou vacina\u00e7\u00e3o para 14 institui\u00e7\u00f5es da rede p\u00fablica de ensino em 2024. Neste semestre, j\u00e1 s\u00e3o mais de 1,9 mil doses aplicadas, desde jardins de inf\u00e2ncia at\u00e9 escolas de ensino m\u00e9dio.<\/p>\n<p>\u201cApesar de a secretaria ofertar a vacina\u00e7\u00e3o em hor\u00e1rios diferenciados, como nos fins de semana, muitos pais t\u00eam a limita\u00e7\u00e3o de hor\u00e1rio e, \u00e0s vezes, as crian\u00e7as ficam com a imuniza\u00e7\u00e3o atrasada\u201d, explica a gerente da UBS 1 da Asa Norte, D\u00e9bora Costa.<\/p>\n<p>Mais de 63 mil crian\u00e7as e adolescentes de 10 a 14 anos j\u00e1 receberam a primeira dose da vacina contra a dengue no Distrito Federal. Mais de 6,2 mil j\u00e1 retornaram para a segunda dose, aplicada 90 dias ap\u00f3s o in\u00edcio do esquema vacinal.<\/p>\n<p>O imunizante est\u00e1 dispon\u00edvel em mais de 100 salas de vacina do Distrito Federal. A orienta\u00e7\u00e3o aos pais ou respons\u00e1veis \u00e9 levar a crian\u00e7a ou adolescente com documento de identifica\u00e7\u00e3o e a caderneta de vacina\u00e7\u00e3o.<\/p>\n<p>Caso a crian\u00e7a ou adolescente tenha sido diagnosticado com dengue, \u00e9 necess\u00e1rio aguardar seis meses para iniciar o esquema vacinal. Se houve a contamina\u00e7\u00e3o por dengue ap\u00f3s a primeira dose, deve-se manter a data prevista para a segunda dose, desde que haja um intervalo de 30 dias entre a infec\u00e7\u00e3o e a segunda dose.<\/p>\n<p>A faixa et\u00e1ria eleg\u00edvel para vacina\u00e7\u00e3o contra a dengue na rede p\u00fablica continua a ser de 10 a 14 anos, conforme orienta\u00e7\u00e3o do Minist\u00e9rio da Sa\u00fade.<\/p>\n","protected":false},"excerpt":{"rendered":"<p>Alunos do Centro de Ensino Fundamental (CEF) 306 Norte, no Plano Piloto, tiveram uma manh\u00e3 diferente nesta quarta-feira (5): o grupo foi levado para a Unidade B\u00e1sica de Sa\u00fade (UBS) 1 da Asa Norte, onde receberam a vacina contra a dengue. A iniciativa das secretarias de Sa\u00fade (SES-DF) e Educa\u00e7\u00e3o (SEE-DF) tem ocorrido em todo [&hellip;]<\/p>\n","protected":false},"author":2,"featured_media":330260,"comment_status":"closed","ping_status":"closed","sticky":false,"template":"","format":"standard","meta":{"_acf_changed":false,"footnotes":""},"categories":[161],"tags":[],"class_list":["post-330259","post","type-post","status-publish","format-standard","has-post-thumbnail","hentry","category-quadradinho-em-foco"],"acf":[],"yoast_head":"<!-- This site is optimized with the Yoast SEO plugin v27.5 - https:\/\/yoast.com\/product\/yoast-seo-wordpress\/ -->\n<title>Estudantes da rede p\u00fablica recebem vacinas contra a dengue - Notibras<\/title>\n<meta name=\"robots\" content=\"index, follow, max-snippet:-1, max-image-preview:large, max-video-preview:-1\" \/>\n<link rel=\"canonical\" href=\"https:\/\/www.notibras.com\/site\/estudantes-da-rede-publica-recebem-vacinas-contra-a-dengue\/\" \/>\n<meta property=\"og:locale\" content=\"pt_BR\" \/>\n<meta property=\"og:type\" content=\"article\" \/>\n<meta property=\"og:title\" content=\"Estudantes da rede p\u00fablica recebem vacinas contra a dengue - Notibras\" \/>\n<meta property=\"og:description\" content=\"Alunos do Centro de Ensino Fundamental (CEF) 306 Norte, no Plano Piloto, tiveram uma manh\u00e3 diferente nesta quarta-feira (5): o grupo foi levado para a Unidade B\u00e1sica de Sa\u00fade (UBS) 1 da Asa Norte, onde receberam a vacina contra a dengue. A iniciativa das secretarias de Sa\u00fade (SES-DF) e Educa\u00e7\u00e3o (SEE-DF) tem ocorrido em todo [&hellip;]\" \/>\n<meta property=\"og:url\" content=\"https:\/\/www.notibras.com\/site\/estudantes-da-rede-publica-recebem-vacinas-contra-a-dengue\/\" \/>\n<meta property=\"og:site_name\" content=\"Notibras\" \/>\n<meta property=\"article:publisher\" content=\"https:\/\/www.facebook.com\/notibras\/\" \/>\n<meta property=\"article:published_time\" content=\"2024-06-06T03:00:01+00:00\" \/>\n<meta property=\"article:modified_time\" content=\"2024-06-06T11:52:12+00:00\" \/>\n<meta property=\"og:image\" content=\"https:\/\/www.notibras.com\/site\/wp-content\/uploads\/2024\/06\/Foto-1-Vacinacao_de_estudantes_na_UBS_1_da_Asa_Norte._Foto_Ualisson_Noronha_-_Agencia_Saude-DF_2-768x521-1.jpg\" \/>\n\t<meta property=\"og:image:width\" content=\"768\" \/>\n\t<meta property=\"og:image:height\" content=\"521\" \/>\n\t<meta property=\"og:image:type\" content=\"image\/jpeg\" \/>\n<meta name=\"author\" content=\"Reda\u00e7\u00e3o\" \/>\n<meta name=\"twitter:card\" content=\"summary_large_image\" \/>\n<meta name=\"twitter:creator\" content=\"@Notibras\" \/>\n<meta name=\"twitter:site\" content=\"@Notibras\" \/>\n<meta name=\"twitter:label1\" content=\"Escrito por\" \/>\n\t<meta name=\"twitter:data1\" content=\"Reda\u00e7\u00e3o\" \/>\n\t<meta name=\"twitter:label2\" content=\"Est. tempo de leitura\" \/>\n\t<meta name=\"twitter:data2\" content=\"3 minutos\" \/>\n<script type=\"application\/ld+json\" class=\"yoast-schema-graph\">{\"@context\":\"https:\\\/\\\/schema.org\",\"@graph\":[{\"@type\":\"Article\",\"@id\":\"https:\\\/\\\/www.notibras.com\\\/site\\\/estudantes-da-rede-publica-recebem-vacinas-contra-a-dengue\\\/#article\",\"isPartOf\":{\"@id\":\"https:\\\/\\\/www.notibras.com\\\/site\\\/estudantes-da-rede-publica-recebem-vacinas-contra-a-dengue\\\/\"},\"author\":{\"name\":\"Reda\u00e7\u00e3o\",\"@id\":\"https:\\\/\\\/www.notibras.com\\\/site\\\/#\\\/schema\\\/person\\\/36ab0979449956132d3e5b517ea76ac8\"},\"headline\":\"Estudantes da rede p\u00fablica recebem vacinas contra a dengue\",\"datePublished\":\"2024-06-06T03:00:01+00:00\",\"dateModified\":\"2024-06-06T11:52:12+00:00\",\"mainEntityOfPage\":{\"@id\":\"https:\\\/\\\/www.notibras.com\\\/site\\\/estudantes-da-rede-publica-recebem-vacinas-contra-a-dengue\\\/\"},\"wordCount\":466,\"publisher\":{\"@id\":\"https:\\\/\\\/www.notibras.com\\\/site\\\/#organization\"},\"image\":{\"@id\":\"https:\\\/\\\/www.notibras.com\\\/site\\\/estudantes-da-rede-publica-recebem-vacinas-contra-a-dengue\\\/#primaryimage\"},\"thumbnailUrl\":\"https:\\\/\\\/www.notibras.com\\\/site\\\/wp-content\\\/uploads\\\/2024\\\/06\\\/Foto-1-Vacinacao_de_estudantes_na_UBS_1_da_Asa_Norte._Foto_Ualisson_Noronha_-_Agencia_Saude-DF_2-768x521-1.jpg\",\"articleSection\":[\"Quadradinho em Foco\"],\"inLanguage\":\"pt-BR\"},{\"@type\":\"WebPage\",\"@id\":\"https:\\\/\\\/www.notibras.com\\\/site\\\/estudantes-da-rede-publica-recebem-vacinas-contra-a-dengue\\\/\",\"url\":\"https:\\\/\\\/www.notibras.com\\\/site\\\/estudantes-da-rede-publica-recebem-vacinas-contra-a-dengue\\\/\",\"name\":\"Estudantes da rede p\u00fablica recebem vacinas contra a dengue - Notibras\",\"isPartOf\":{\"@id\":\"https:\\\/\\\/www.notibras.com\\\/site\\\/#website\"},\"primaryImageOfPage\":{\"@id\":\"https:\\\/\\\/www.notibras.com\\\/site\\\/estudantes-da-rede-publica-recebem-vacinas-contra-a-dengue\\\/#primaryimage\"},\"image\":{\"@id\":\"https:\\\/\\\/www.notibras.com\\\/site\\\/estudantes-da-rede-publica-recebem-vacinas-contra-a-dengue\\\/#primaryimage\"},\"thumbnailUrl\":\"https:\\\/\\\/www.notibras.com\\\/site\\\/wp-content\\\/uploads\\\/2024\\\/06\\\/Foto-1-Vacinacao_de_estudantes_na_UBS_1_da_Asa_Norte._Foto_Ualisson_Noronha_-_Agencia_Saude-DF_2-768x521-1.jpg\",\"datePublished\":\"2024-06-06T03:00:01+00:00\",\"dateModified\":\"2024-06-06T11:52:12+00:00\",\"breadcrumb\":{\"@id\":\"https:\\\/\\\/www.notibras.com\\\/site\\\/estudantes-da-rede-publica-recebem-vacinas-contra-a-dengue\\\/#breadcrumb\"},\"inLanguage\":\"pt-BR\",\"potentialAction\":[{\"@type\":\"ReadAction\",\"target\":[\"https:\\\/\\\/www.notibras.com\\\/site\\\/estudantes-da-rede-publica-recebem-vacinas-contra-a-dengue\\\/\"]}]},{\"@type\":\"ImageObject\",\"inLanguage\":\"pt-BR\",\"@id\":\"https:\\\/\\\/www.notibras.com\\\/site\\\/estudantes-da-rede-publica-recebem-vacinas-contra-a-dengue\\\/#primaryimage\",\"url\":\"https:\\\/\\\/www.notibras.com\\\/site\\\/wp-content\\\/uploads\\\/2024\\\/06\\\/Foto-1-Vacinacao_de_estudantes_na_UBS_1_da_Asa_Norte._Foto_Ualisson_Noronha_-_Agencia_Saude-DF_2-768x521-1.jpg\",\"contentUrl\":\"https:\\\/\\\/www.notibras.com\\\/site\\\/wp-content\\\/uploads\\\/2024\\\/06\\\/Foto-1-Vacinacao_de_estudantes_na_UBS_1_da_Asa_Norte._Foto_Ualisson_Noronha_-_Agencia_Saude-DF_2-768x521-1.jpg\",\"width\":768,\"height\":521},{\"@type\":\"BreadcrumbList\",\"@id\":\"https:\\\/\\\/www.notibras.com\\\/site\\\/estudantes-da-rede-publica-recebem-vacinas-contra-a-dengue\\\/#breadcrumb\",\"itemListElement\":[{\"@type\":\"ListItem\",\"position\":1,\"name\":\"In\u00edcio\",\"item\":\"https:\\\/\\\/www.notibras.com\\\/site\\\/\"},{\"@type\":\"ListItem\",\"position\":2,\"name\":\"Estudantes da rede p\u00fablica recebem vacinas contra a dengue\"}]},{\"@type\":\"WebSite\",\"@id\":\"https:\\\/\\\/www.notibras.com\\\/site\\\/#website\",\"url\":\"https:\\\/\\\/www.notibras.com\\\/site\\\/\",\"name\":\"Notibras\",\"description\":\"Not\u00edcias de Bras\u00edlia, do Brasil e do Mundo\",\"publisher\":{\"@id\":\"https:\\\/\\\/www.notibras.com\\\/site\\\/#organization\"},\"potentialAction\":[{\"@type\":\"SearchAction\",\"target\":{\"@type\":\"EntryPoint\",\"urlTemplate\":\"https:\\\/\\\/www.notibras.com\\\/site\\\/?s={search_term_string}\"},\"query-input\":{\"@type\":\"PropertyValueSpecification\",\"valueRequired\":true,\"valueName\":\"search_term_string\"}}],\"inLanguage\":\"pt-BR\"},{\"@type\":\"Organization\",\"@id\":\"https:\\\/\\\/www.notibras.com\\\/site\\\/#organization\",\"name\":\"Grupo Notibras de Comunica\u00e7\u00e3o\",\"url\":\"https:\\\/\\\/www.notibras.com\\\/site\\\/\",\"logo\":{\"@type\":\"ImageObject\",\"inLanguage\":\"pt-BR\",\"@id\":\"https:\\\/\\\/www.notibras.com\\\/site\\\/#\\\/schema\\\/logo\\\/image\\\/\",\"url\":\"https:\\\/\\\/www.notibras.com\\\/site\\\/wp-content\\\/uploads\\\/2023\\\/01\\\/notibras23.png\",\"contentUrl\":\"https:\\\/\\\/www.notibras.com\\\/site\\\/wp-content\\\/uploads\\\/2023\\\/01\\\/notibras23.png\",\"width\":350,\"height\":87,\"caption\":\"Grupo Notibras de Comunica\u00e7\u00e3o\"},\"image\":{\"@id\":\"https:\\\/\\\/www.notibras.com\\\/site\\\/#\\\/schema\\\/logo\\\/image\\\/\"},\"sameAs\":[\"https:\\\/\\\/www.facebook.com\\\/notibras\\\/\",\"https:\\\/\\\/x.com\\\/Notibras\",\"https:\\\/\\\/www.instagram.com\\\/notibras\\\/\"]},{\"@type\":\"Person\",\"@id\":\"https:\\\/\\\/www.notibras.com\\\/site\\\/#\\\/schema\\\/person\\\/36ab0979449956132d3e5b517ea76ac8\",\"name\":\"Reda\u00e7\u00e3o\",\"image\":{\"@type\":\"ImageObject\",\"inLanguage\":\"pt-BR\",\"@id\":\"https:\\\/\\\/secure.gravatar.com\\\/avatar\\\/e0a867bdedb85fd243eadf09663511f96fc81e0720a4a42581f334ad4303aa6b?s=96&d=mm&r=g\",\"url\":\"https:\\\/\\\/secure.gravatar.com\\\/avatar\\\/e0a867bdedb85fd243eadf09663511f96fc81e0720a4a42581f334ad4303aa6b?s=96&d=mm&r=g\",\"contentUrl\":\"https:\\\/\\\/secure.gravatar.com\\\/avatar\\\/e0a867bdedb85fd243eadf09663511f96fc81e0720a4a42581f334ad4303aa6b?s=96&d=mm&r=g\",\"caption\":\"Reda\u00e7\u00e3o\"}}]}<\/script>\n<!-- \/ Yoast SEO plugin. -->","yoast_head_json":{"title":"Estudantes da rede p\u00fablica recebem vacinas contra a dengue - Notibras","robots":{"index":"index","follow":"follow","max-snippet":"max-snippet:-1","max-image-preview":"max-image-preview:large","max-video-preview":"max-video-preview:-1"},"canonical":"https:\/\/www.notibras.com\/site\/estudantes-da-rede-publica-recebem-vacinas-contra-a-dengue\/","og_locale":"pt_BR","og_type":"article","og_title":"Estudantes da rede p\u00fablica recebem vacinas contra a dengue - Notibras","og_description":"Alunos do Centro de Ensino Fundamental (CEF) 306 Norte, no Plano Piloto, tiveram uma manh\u00e3 diferente nesta quarta-feira (5): o grupo foi levado para a Unidade B\u00e1sica de Sa\u00fade (UBS) 1 da Asa Norte, onde receberam a vacina contra a dengue. A iniciativa das secretarias de Sa\u00fade (SES-DF) e Educa\u00e7\u00e3o (SEE-DF) tem ocorrido em todo [&hellip;]","og_url":"https:\/\/www.notibras.com\/site\/estudantes-da-rede-publica-recebem-vacinas-contra-a-dengue\/","og_site_name":"Notibras","article_publisher":"https:\/\/www.facebook.com\/notibras\/","article_published_time":"2024-06-06T03:00:01+00:00","article_modified_time":"2024-06-06T11:52:12+00:00","og_image":[{"width":768,"height":521,"url":"https:\/\/www.notibras.com\/site\/wp-content\/uploads\/2024\/06\/Foto-1-Vacinacao_de_estudantes_na_UBS_1_da_Asa_Norte._Foto_Ualisson_Noronha_-_Agencia_Saude-DF_2-768x521-1.jpg","type":"image\/jpeg"}],"author":"Reda\u00e7\u00e3o","twitter_card":"summary_large_image","twitter_creator":"@Notibras","twitter_site":"@Notibras","twitter_misc":{"Escrito por":"Reda\u00e7\u00e3o","Est. tempo de leitura":"3 minutos"},"schema":{"@context":"https:\/\/schema.org","@graph":[{"@type":"Article","@id":"https:\/\/www.notibras.com\/site\/estudantes-da-rede-publica-recebem-vacinas-contra-a-dengue\/#article","isPartOf":{"@id":"https:\/\/www.notibras.com\/site\/estudantes-da-rede-publica-recebem-vacinas-contra-a-dengue\/"},"author":{"name":"Reda\u00e7\u00e3o","@id":"https:\/\/www.notibras.com\/site\/#\/schema\/person\/36ab0979449956132d3e5b517ea76ac8"},"headline":"Estudantes da rede p\u00fablica recebem vacinas contra a dengue","datePublished":"2024-06-06T03:00:01+00:00","dateModified":"2024-06-06T11:52:12+00:00","mainEntityOfPage":{"@id":"https:\/\/www.notibras.com\/site\/estudantes-da-rede-publica-recebem-vacinas-contra-a-dengue\/"},"wordCount":466,"publisher":{"@id":"https:\/\/www.notibras.com\/site\/#organization"},"image":{"@id":"https:\/\/www.notibras.com\/site\/estudantes-da-rede-publica-recebem-vacinas-contra-a-dengue\/#primaryimage"},"thumbnailUrl":"https:\/\/www.notibras.com\/site\/wp-content\/uploads\/2024\/06\/Foto-1-Vacinacao_de_estudantes_na_UBS_1_da_Asa_Norte._Foto_Ualisson_Noronha_-_Agencia_Saude-DF_2-768x521-1.jpg","articleSection":["Quadradinho em Foco"],"inLanguage":"pt-BR"},{"@type":"WebPage","@id":"https:\/\/www.notibras.com\/site\/estudantes-da-rede-publica-recebem-vacinas-contra-a-dengue\/","url":"https:\/\/www.notibras.com\/site\/estudantes-da-rede-publica-recebem-vacinas-contra-a-dengue\/","name":"Estudantes da rede p\u00fablica recebem vacinas contra a dengue - Notibras","isPartOf":{"@id":"https:\/\/www.notibras.com\/site\/#website"},"primaryImageOfPage":{"@id":"https:\/\/www.notibras.com\/site\/estudantes-da-rede-publica-recebem-vacinas-contra-a-dengue\/#primaryimage"},"image":{"@id":"https:\/\/www.notibras.com\/site\/estudantes-da-rede-publica-recebem-vacinas-contra-a-dengue\/#primaryimage"},"thumbnailUrl":"https:\/\/www.notibras.com\/site\/wp-content\/uploads\/2024\/06\/Foto-1-Vacinacao_de_estudantes_na_UBS_1_da_Asa_Norte._Foto_Ualisson_Noronha_-_Agencia_Saude-DF_2-768x521-1.jpg","datePublished":"2024-06-06T03:00:01+00:00","dateModified":"2024-06-06T11:52:12+00:00","breadcrumb":{"@id":"https:\/\/www.notibras.com\/site\/estudantes-da-rede-publica-recebem-vacinas-contra-a-dengue\/#breadcrumb"},"inLanguage":"pt-BR","potentialAction":[{"@type":"ReadAction","target":["https:\/\/www.notibras.com\/site\/estudantes-da-rede-publica-recebem-vacinas-contra-a-dengue\/"]}]},{"@type":"ImageObject","inLanguage":"pt-BR","@id":"https:\/\/www.notibras.com\/site\/estudantes-da-rede-publica-recebem-vacinas-contra-a-dengue\/#primaryimage","url":"https:\/\/www.notibras.com\/site\/wp-content\/uploads\/2024\/06\/Foto-1-Vacinacao_de_estudantes_na_UBS_1_da_Asa_Norte._Foto_Ualisson_Noronha_-_Agencia_Saude-DF_2-768x521-1.jpg","contentUrl":"https:\/\/www.notibras.com\/site\/wp-content\/uploads\/2024\/06\/Foto-1-Vacinacao_de_estudantes_na_UBS_1_da_Asa_Norte._Foto_Ualisson_Noronha_-_Agencia_Saude-DF_2-768x521-1.jpg","width":768,"height":521},{"@type":"BreadcrumbList","@id":"https:\/\/www.notibras.com\/site\/estudantes-da-rede-publica-recebem-vacinas-contra-a-dengue\/#breadcrumb","itemListElement":[{"@type":"ListItem","position":1,"name":"In\u00edcio","item":"https:\/\/www.notibras.com\/site\/"},{"@type":"ListItem","position":2,"name":"Estudantes da rede p\u00fablica recebem vacinas contra a dengue"}]},{"@type":"WebSite","@id":"https:\/\/www.notibras.com\/site\/#website","url":"https:\/\/www.notibras.com\/site\/","name":"Notibras","description":"Not\u00edcias de Bras\u00edlia, do Brasil e do Mundo","publisher":{"@id":"https:\/\/www.notibras.com\/site\/#organization"},"potentialAction":[{"@type":"SearchAction","target":{"@type":"EntryPoint","urlTemplate":"https:\/\/www.notibras.com\/site\/?s={search_term_string}"},"query-input":{"@type":"PropertyValueSpecification","valueRequired":true,"valueName":"search_term_string"}}],"inLanguage":"pt-BR"},{"@type":"Organization","@id":"https:\/\/www.notibras.com\/site\/#organization","name":"Grupo Notibras de Comunica\u00e7\u00e3o","url":"https:\/\/www.notibras.com\/site\/","logo":{"@type":"ImageObject","inLanguage":"pt-BR","@id":"https:\/\/www.notibras.com\/site\/#\/schema\/logo\/image\/","url":"https:\/\/www.notibras.com\/site\/wp-content\/uploads\/2023\/01\/notibras23.png","contentUrl":"https:\/\/www.notibras.com\/site\/wp-content\/uploads\/2023\/01\/notibras23.png","width":350,"height":87,"caption":"Grupo Notibras de Comunica\u00e7\u00e3o"},"image":{"@id":"https:\/\/www.notibras.com\/site\/#\/schema\/logo\/image\/"},"sameAs":["https:\/\/www.facebook.com\/notibras\/","https:\/\/x.com\/Notibras","https:\/\/www.instagram.com\/notibras\/"]},{"@type":"Person","@id":"https:\/\/www.notibras.com\/site\/#\/schema\/person\/36ab0979449956132d3e5b517ea76ac8","name":"Reda\u00e7\u00e3o","image":{"@type":"ImageObject","inLanguage":"pt-BR","@id":"https:\/\/secure.gravatar.com\/avatar\/e0a867bdedb85fd243eadf09663511f96fc81e0720a4a42581f334ad4303aa6b?s=96&d=mm&r=g","url":"https:\/\/secure.gravatar.com\/avatar\/e0a867bdedb85fd243eadf09663511f96fc81e0720a4a42581f334ad4303aa6b?s=96&d=mm&r=g","contentUrl":"https:\/\/secure.gravatar.com\/avatar\/e0a867bdedb85fd243eadf09663511f96fc81e0720a4a42581f334ad4303aa6b?s=96&d=mm&r=g","caption":"Reda\u00e7\u00e3o"}}]}},"amp_enabled":true,"_links":{"self":[{"href":"https:\/\/www.notibras.com\/site\/wp-json\/wp\/v2\/posts\/330259","targetHints":{"allow":["GET"]}}],"collection":[{"href":"https:\/\/www.notibras.com\/site\/wp-json\/wp\/v2\/posts"}],"about":[{"href":"https:\/\/www.notibras.com\/site\/wp-json\/wp\/v2\/types\/post"}],"author":[{"embeddable":true,"href":"https:\/\/www.notibras.com\/site\/wp-json\/wp\/v2\/users\/2"}],"replies":[{"embeddable":true,"href":"https:\/\/www.notibras.com\/site\/wp-json\/wp\/v2\/comments?post=330259"}],"version-history":[{"count":1,"href":"https:\/\/www.notibras.com\/site\/wp-json\/wp\/v2\/posts\/330259\/revisions"}],"predecessor-version":[{"id":330261,"href":"https:\/\/www.notibras.com\/site\/wp-json\/wp\/v2\/posts\/330259\/revisions\/330261"}],"wp:featuredmedia":[{"embeddable":true,"href":"https:\/\/www.notibras.com\/site\/wp-json\/wp\/v2\/media\/330260"}],"wp:attachment":[{"href":"https:\/\/www.notibras.com\/site\/wp-json\/wp\/v2\/media?parent=330259"}],"wp:term":[{"taxonomy":"category","embeddable":true,"href":"https:\/\/www.notibras.com\/site\/wp-json\/wp\/v2\/categories?post=330259"},{"taxonomy":"post_tag","embeddable":true,"href":"https:\/\/www.notibras.com\/site\/wp-json\/wp\/v2\/tags?post=330259"}],"curies":[{"name":"wp","href":"https:\/\/api.w.org\/{rel}","templated":true}]}}