{"id":330262,"date":"2024-06-06T00:06:59","date_gmt":"2024-06-06T03:06:59","guid":{"rendered":"https:\/\/www.notibras.com\/site\/?p=330262"},"modified":"2024-06-06T08:58:27","modified_gmt":"2024-06-06T11:58:27","slug":"operacao-seguranca-total-reforca-policiamento-na-asa-norte","status":"publish","type":"post","link":"https:\/\/www.notibras.com\/site\/operacao-seguranca-total-reforca-policiamento-na-asa-norte\/","title":{"rendered":"Opera\u00e7\u00e3o Seguran\u00e7a Total refor\u00e7a policiamento na Asa Norte"},"content":{"rendered":"<p>Com o objetivo de coibir os \u00edndices criminais na Asa Norte, o Governo do Distrito Federal (GDF) lan\u00e7ou, nesta quarta-feira (5), a Opera\u00e7\u00e3o Seguran\u00e7a Total. A a\u00e7\u00e3o refor\u00e7a o policiamento no bairro nos pr\u00f3ximos dias, com a intensifica\u00e7\u00e3o dos trabalhos do efetivo do 3\u00ba Batalh\u00e3o de Pol\u00edcia Militar (BPM) e o apoio das unidades especiais do Comando de Policiamento de Tr\u00e2nsito (CPTran), do Batalh\u00e3o de Opera\u00e7\u00f5es Policiais Especiais (Bope), do Batalh\u00e3o de Pol\u00edcia de Choque, do Patamo, da Rotam, do Policiamento de Motas e da Cavalaria.<\/p>\n<p>A medida visa levar mais seguran\u00e7a aos moradores e comerciantes da \u00e1rea, al\u00e9m de intimidar e reprimir as a\u00e7\u00f5es de criminalidade na regi\u00e3o, que tem registrado ocorr\u00eancias de crimes contra o patrim\u00f4nio, furtos, roubos e consumo e tr\u00e1fico de entorpecentes. Inicialmente ser\u00e1 feita uma semana de patrulhamento ostensivo, com deslocamento de viaturas e de efetivo para locais estrat\u00e9gicos previamente levantados pela intelig\u00eancia da PMDF.<\/p>\n<p>\u201cA Opera\u00e7\u00e3o Seguran\u00e7a Total foi pensada na \u00e1rea da Asa Norte para a redu\u00e7\u00e3o dos \u00edndices criminais e o aumento da sensa\u00e7\u00e3o de seguran\u00e7a. Por isso, estamos juntando todas as unidades especiais que demonstram maior ostensividade para atuar em apoio \u00e0s unidades di\u00e1rias fazendo essa intensifica\u00e7\u00e3o\u201d, explicou o comandante do 1\u00ba CPR (Comando de Policiamento Regional) da Pol\u00edcia Militar do Distrito Federal (PMDF), coronel Cassaro.<\/p>\n<p>A comandante-geral da Pol\u00edcia Militar, coronel Ana Paula Habka, destacou que a Asa Norte abre a opera\u00e7\u00e3o, que ser\u00e1 levada para outras regi\u00f5es do Distrito Federal. \u201cSabemos que a Asa Norte vem enfrentando alguns problemas, com o policiamento mais pr\u00f3ximo da sociedade conseguimos identificar as situa\u00e7\u00f5es e melhorar o nosso servi\u00e7o que \u00e9 proteger, servir e dar dignidade ao ser humano de bem\u201d, comentou. Segundo ela, al\u00e9m do efetivo da PMDF, a opera\u00e7\u00e3o ainda tem o suporte da Pol\u00edcia Civil, do Corpo de Bombeiros Militar, do Departamento de Tr\u00e2nsito e da Secretaria de Seguran\u00e7a P\u00fablica (SSP).<\/p>\n<p>A coronel Ana Paula Habka tamb\u00e9m ressaltou que a opera\u00e7\u00e3o busca aproximar as for\u00e7as de seguran\u00e7a da comunidade. \u201c\u00c9 importante que a popula\u00e7\u00e3o e o comerciante tamb\u00e9m venham e conversem com a pol\u00edcia. Unidos, conseguimos manter e entender qual \u00e9 o problema da cidade\u201d, acrescentou.<\/p>\n<p><strong>Demanda da popula\u00e7\u00e3o<\/strong><br \/>\nO administrador do Plano Piloto, Bruno Ol\u00edmpio, lembrou que essa era uma demanda da popula\u00e7\u00e3o. \u201cN\u00f3s da administra\u00e7\u00e3o regional levamos a solicita\u00e7\u00e3o para esse maior policiamento, para que a comunidade da Asa Norte tenha uma sensa\u00e7\u00e3o de seguran\u00e7a maior em rela\u00e7\u00e3o a esses furtos e ao tr\u00e1fico de entorpecentes, com o pessoal infiltrado na popula\u00e7\u00e3o de rua. A pol\u00edcia nas ruas mostra que o GDF quer levar seguran\u00e7a para os comerciantes e moradores\u201d, afirmou.<\/p>\n<p>Para o aposentado Jo\u00e3o Ferreira, 66 anos, que mora na 309 Norte, a maior presen\u00e7a da pol\u00edcia serve para frear a ocorr\u00eancia de crimes no bairro. \u201cAcho que a pol\u00edcia ostensiva cria um certo receio para a marginalidade, dificulta ou afasta daqui essas pessoas que podem trazer algum mal \u00e0 sociedade\u201d, avaliou.<\/p>\n<p>Dono de um estabelecimento comercial na 110\/111 Norte, o empres\u00e1rio Jo\u00e3o Capelletto, 23 anos, comemorou a chegada da opera\u00e7\u00e3o no bairro. \u201cAqui na Asa Norte sempre teve uma parte de seguran\u00e7a boa, mas com o tempo realmente houve uma mudan\u00e7a nesse cen\u00e1rio. Tenho ouvido relatos dos meus funcion\u00e1rios que t\u00eam medo de atravessar as passarelas embaixo do eixo e preferem passar por cima\u201d, contou.<\/p>\n<p>Capelletto analisou que o refor\u00e7o no policiamento dar\u00e1 mais seguran\u00e7a aos profissionais e tamb\u00e9m aos clientes. \u201cO pessoal vai se sentir melhor, com certeza. Acredito que a pol\u00edcia mostrar o trabalho dela mais claramente para a popula\u00e7\u00e3o traz mais credibilidade e seguran\u00e7a para todos\u201d, defendeu.<\/p>\n","protected":false},"excerpt":{"rendered":"<p>Com o objetivo de coibir os \u00edndices criminais na Asa Norte, o Governo do Distrito Federal (GDF) lan\u00e7ou, nesta quarta-feira (5), a Opera\u00e7\u00e3o Seguran\u00e7a Total. A a\u00e7\u00e3o refor\u00e7a o policiamento no bairro nos pr\u00f3ximos dias, com a intensifica\u00e7\u00e3o dos trabalhos do efetivo do 3\u00ba Batalh\u00e3o de Pol\u00edcia Militar (BPM) e o apoio das unidades especiais [&hellip;]<\/p>\n","protected":false},"author":2,"featured_media":330263,"comment_status":"closed","ping_status":"closed","sticky":false,"template":"","format":"standard","meta":{"_acf_changed":false,"footnotes":""},"categories":[161],"tags":[],"class_list":["post-330262","post","type-post","status-publish","format-standard","has-post-thumbnail","hentry","category-quadradinho-em-foco"],"acf":[],"yoast_head":"<!-- This site is optimized with the Yoast SEO plugin v27.5 - https:\/\/yoast.com\/product\/yoast-seo-wordpress\/ -->\n<title>Opera\u00e7\u00e3o Seguran\u00e7a Total refor\u00e7a policiamento na Asa Norte - Notibras<\/title>\n<meta name=\"robots\" content=\"index, follow, max-snippet:-1, max-image-preview:large, max-video-preview:-1\" \/>\n<link rel=\"canonical\" href=\"https:\/\/www.notibras.com\/site\/operacao-seguranca-total-reforca-policiamento-na-asa-norte\/\" \/>\n<meta property=\"og:locale\" content=\"pt_BR\" \/>\n<meta property=\"og:type\" content=\"article\" \/>\n<meta property=\"og:title\" content=\"Opera\u00e7\u00e3o Seguran\u00e7a Total refor\u00e7a policiamento na Asa Norte - Notibras\" \/>\n<meta property=\"og:description\" content=\"Com o objetivo de coibir os \u00edndices criminais na Asa Norte, o Governo do Distrito Federal (GDF) lan\u00e7ou, nesta quarta-feira (5), a Opera\u00e7\u00e3o Seguran\u00e7a Total. A a\u00e7\u00e3o refor\u00e7a o policiamento no bairro nos pr\u00f3ximos dias, com a intensifica\u00e7\u00e3o dos trabalhos do efetivo do 3\u00ba Batalh\u00e3o de Pol\u00edcia Militar (BPM) e o apoio das unidades especiais [&hellip;]\" \/>\n<meta property=\"og:url\" content=\"https:\/\/www.notibras.com\/site\/operacao-seguranca-total-reforca-policiamento-na-asa-norte\/\" \/>\n<meta property=\"og:site_name\" content=\"Notibras\" \/>\n<meta property=\"article:publisher\" content=\"https:\/\/www.facebook.com\/notibras\/\" \/>\n<meta property=\"article:published_time\" content=\"2024-06-06T03:06:59+00:00\" \/>\n<meta property=\"article:modified_time\" content=\"2024-06-06T11:58:27+00:00\" \/>\n<meta property=\"og:image\" content=\"https:\/\/www.notibras.com\/site\/wp-content\/uploads\/2024\/06\/Coronel-Ana-Paula-Habka-comandante-geral-da-PMDF-1.jpg\" \/>\n\t<meta property=\"og:image:width\" content=\"1181\" \/>\n\t<meta property=\"og:image:height\" content=\"787\" \/>\n\t<meta property=\"og:image:type\" content=\"image\/jpeg\" \/>\n<meta name=\"author\" content=\"Reda\u00e7\u00e3o\" \/>\n<meta name=\"twitter:card\" content=\"summary_large_image\" \/>\n<meta name=\"twitter:creator\" content=\"@Notibras\" \/>\n<meta name=\"twitter:site\" content=\"@Notibras\" \/>\n<meta name=\"twitter:label1\" content=\"Escrito por\" \/>\n\t<meta name=\"twitter:data1\" content=\"Reda\u00e7\u00e3o\" \/>\n\t<meta name=\"twitter:label2\" content=\"Est. tempo de leitura\" \/>\n\t<meta name=\"twitter:data2\" content=\"4 minutos\" \/>\n<script type=\"application\/ld+json\" class=\"yoast-schema-graph\">{\"@context\":\"https:\\\/\\\/schema.org\",\"@graph\":[{\"@type\":\"Article\",\"@id\":\"https:\\\/\\\/www.notibras.com\\\/site\\\/operacao-seguranca-total-reforca-policiamento-na-asa-norte\\\/#article\",\"isPartOf\":{\"@id\":\"https:\\\/\\\/www.notibras.com\\\/site\\\/operacao-seguranca-total-reforca-policiamento-na-asa-norte\\\/\"},\"author\":{\"name\":\"Reda\u00e7\u00e3o\",\"@id\":\"https:\\\/\\\/www.notibras.com\\\/site\\\/#\\\/schema\\\/person\\\/36ab0979449956132d3e5b517ea76ac8\"},\"headline\":\"Opera\u00e7\u00e3o Seguran\u00e7a Total refor\u00e7a policiamento na Asa Norte\",\"datePublished\":\"2024-06-06T03:06:59+00:00\",\"dateModified\":\"2024-06-06T11:58:27+00:00\",\"mainEntityOfPage\":{\"@id\":\"https:\\\/\\\/www.notibras.com\\\/site\\\/operacao-seguranca-total-reforca-policiamento-na-asa-norte\\\/\"},\"wordCount\":676,\"publisher\":{\"@id\":\"https:\\\/\\\/www.notibras.com\\\/site\\\/#organization\"},\"image\":{\"@id\":\"https:\\\/\\\/www.notibras.com\\\/site\\\/operacao-seguranca-total-reforca-policiamento-na-asa-norte\\\/#primaryimage\"},\"thumbnailUrl\":\"https:\\\/\\\/www.notibras.com\\\/site\\\/wp-content\\\/uploads\\\/2024\\\/06\\\/Coronel-Ana-Paula-Habka-comandante-geral-da-PMDF-1.jpg\",\"articleSection\":[\"Quadradinho em Foco\"],\"inLanguage\":\"pt-BR\"},{\"@type\":\"WebPage\",\"@id\":\"https:\\\/\\\/www.notibras.com\\\/site\\\/operacao-seguranca-total-reforca-policiamento-na-asa-norte\\\/\",\"url\":\"https:\\\/\\\/www.notibras.com\\\/site\\\/operacao-seguranca-total-reforca-policiamento-na-asa-norte\\\/\",\"name\":\"Opera\u00e7\u00e3o Seguran\u00e7a Total refor\u00e7a policiamento na Asa Norte - Notibras\",\"isPartOf\":{\"@id\":\"https:\\\/\\\/www.notibras.com\\\/site\\\/#website\"},\"primaryImageOfPage\":{\"@id\":\"https:\\\/\\\/www.notibras.com\\\/site\\\/operacao-seguranca-total-reforca-policiamento-na-asa-norte\\\/#primaryimage\"},\"image\":{\"@id\":\"https:\\\/\\\/www.notibras.com\\\/site\\\/operacao-seguranca-total-reforca-policiamento-na-asa-norte\\\/#primaryimage\"},\"thumbnailUrl\":\"https:\\\/\\\/www.notibras.com\\\/site\\\/wp-content\\\/uploads\\\/2024\\\/06\\\/Coronel-Ana-Paula-Habka-comandante-geral-da-PMDF-1.jpg\",\"datePublished\":\"2024-06-06T03:06:59+00:00\",\"dateModified\":\"2024-06-06T11:58:27+00:00\",\"breadcrumb\":{\"@id\":\"https:\\\/\\\/www.notibras.com\\\/site\\\/operacao-seguranca-total-reforca-policiamento-na-asa-norte\\\/#breadcrumb\"},\"inLanguage\":\"pt-BR\",\"potentialAction\":[{\"@type\":\"ReadAction\",\"target\":[\"https:\\\/\\\/www.notibras.com\\\/site\\\/operacao-seguranca-total-reforca-policiamento-na-asa-norte\\\/\"]}]},{\"@type\":\"ImageObject\",\"inLanguage\":\"pt-BR\",\"@id\":\"https:\\\/\\\/www.notibras.com\\\/site\\\/operacao-seguranca-total-reforca-policiamento-na-asa-norte\\\/#primaryimage\",\"url\":\"https:\\\/\\\/www.notibras.com\\\/site\\\/wp-content\\\/uploads\\\/2024\\\/06\\\/Coronel-Ana-Paula-Habka-comandante-geral-da-PMDF-1.jpg\",\"contentUrl\":\"https:\\\/\\\/www.notibras.com\\\/site\\\/wp-content\\\/uploads\\\/2024\\\/06\\\/Coronel-Ana-Paula-Habka-comandante-geral-da-PMDF-1.jpg\",\"width\":1181,\"height\":787},{\"@type\":\"BreadcrumbList\",\"@id\":\"https:\\\/\\\/www.notibras.com\\\/site\\\/operacao-seguranca-total-reforca-policiamento-na-asa-norte\\\/#breadcrumb\",\"itemListElement\":[{\"@type\":\"ListItem\",\"position\":1,\"name\":\"In\u00edcio\",\"item\":\"https:\\\/\\\/www.notibras.com\\\/site\\\/\"},{\"@type\":\"ListItem\",\"position\":2,\"name\":\"Opera\u00e7\u00e3o Seguran\u00e7a Total refor\u00e7a policiamento na Asa Norte\"}]},{\"@type\":\"WebSite\",\"@id\":\"https:\\\/\\\/www.notibras.com\\\/site\\\/#website\",\"url\":\"https:\\\/\\\/www.notibras.com\\\/site\\\/\",\"name\":\"Notibras\",\"description\":\"Not\u00edcias de Bras\u00edlia, do Brasil e do Mundo\",\"publisher\":{\"@id\":\"https:\\\/\\\/www.notibras.com\\\/site\\\/#organization\"},\"potentialAction\":[{\"@type\":\"SearchAction\",\"target\":{\"@type\":\"EntryPoint\",\"urlTemplate\":\"https:\\\/\\\/www.notibras.com\\\/site\\\/?s={search_term_string}\"},\"query-input\":{\"@type\":\"PropertyValueSpecification\",\"valueRequired\":true,\"valueName\":\"search_term_string\"}}],\"inLanguage\":\"pt-BR\"},{\"@type\":\"Organization\",\"@id\":\"https:\\\/\\\/www.notibras.com\\\/site\\\/#organization\",\"name\":\"Grupo Notibras de Comunica\u00e7\u00e3o\",\"url\":\"https:\\\/\\\/www.notibras.com\\\/site\\\/\",\"logo\":{\"@type\":\"ImageObject\",\"inLanguage\":\"pt-BR\",\"@id\":\"https:\\\/\\\/www.notibras.com\\\/site\\\/#\\\/schema\\\/logo\\\/image\\\/\",\"url\":\"https:\\\/\\\/www.notibras.com\\\/site\\\/wp-content\\\/uploads\\\/2023\\\/01\\\/notibras23.png\",\"contentUrl\":\"https:\\\/\\\/www.notibras.com\\\/site\\\/wp-content\\\/uploads\\\/2023\\\/01\\\/notibras23.png\",\"width\":350,\"height\":87,\"caption\":\"Grupo Notibras de Comunica\u00e7\u00e3o\"},\"image\":{\"@id\":\"https:\\\/\\\/www.notibras.com\\\/site\\\/#\\\/schema\\\/logo\\\/image\\\/\"},\"sameAs\":[\"https:\\\/\\\/www.facebook.com\\\/notibras\\\/\",\"https:\\\/\\\/x.com\\\/Notibras\",\"https:\\\/\\\/www.instagram.com\\\/notibras\\\/\"]},{\"@type\":\"Person\",\"@id\":\"https:\\\/\\\/www.notibras.com\\\/site\\\/#\\\/schema\\\/person\\\/36ab0979449956132d3e5b517ea76ac8\",\"name\":\"Reda\u00e7\u00e3o\",\"image\":{\"@type\":\"ImageObject\",\"inLanguage\":\"pt-BR\",\"@id\":\"https:\\\/\\\/secure.gravatar.com\\\/avatar\\\/e0a867bdedb85fd243eadf09663511f96fc81e0720a4a42581f334ad4303aa6b?s=96&d=mm&r=g\",\"url\":\"https:\\\/\\\/secure.gravatar.com\\\/avatar\\\/e0a867bdedb85fd243eadf09663511f96fc81e0720a4a42581f334ad4303aa6b?s=96&d=mm&r=g\",\"contentUrl\":\"https:\\\/\\\/secure.gravatar.com\\\/avatar\\\/e0a867bdedb85fd243eadf09663511f96fc81e0720a4a42581f334ad4303aa6b?s=96&d=mm&r=g\",\"caption\":\"Reda\u00e7\u00e3o\"}}]}<\/script>\n<!-- \/ Yoast SEO plugin. -->","yoast_head_json":{"title":"Opera\u00e7\u00e3o Seguran\u00e7a Total refor\u00e7a policiamento na Asa Norte - Notibras","robots":{"index":"index","follow":"follow","max-snippet":"max-snippet:-1","max-image-preview":"max-image-preview:large","max-video-preview":"max-video-preview:-1"},"canonical":"https:\/\/www.notibras.com\/site\/operacao-seguranca-total-reforca-policiamento-na-asa-norte\/","og_locale":"pt_BR","og_type":"article","og_title":"Opera\u00e7\u00e3o Seguran\u00e7a Total refor\u00e7a policiamento na Asa Norte - Notibras","og_description":"Com o objetivo de coibir os \u00edndices criminais na Asa Norte, o Governo do Distrito Federal (GDF) lan\u00e7ou, nesta quarta-feira (5), a Opera\u00e7\u00e3o Seguran\u00e7a Total. A a\u00e7\u00e3o refor\u00e7a o policiamento no bairro nos pr\u00f3ximos dias, com a intensifica\u00e7\u00e3o dos trabalhos do efetivo do 3\u00ba Batalh\u00e3o de Pol\u00edcia Militar (BPM) e o apoio das unidades especiais [&hellip;]","og_url":"https:\/\/www.notibras.com\/site\/operacao-seguranca-total-reforca-policiamento-na-asa-norte\/","og_site_name":"Notibras","article_publisher":"https:\/\/www.facebook.com\/notibras\/","article_published_time":"2024-06-06T03:06:59+00:00","article_modified_time":"2024-06-06T11:58:27+00:00","og_image":[{"width":1181,"height":787,"url":"https:\/\/www.notibras.com\/site\/wp-content\/uploads\/2024\/06\/Coronel-Ana-Paula-Habka-comandante-geral-da-PMDF-1.jpg","type":"image\/jpeg"}],"author":"Reda\u00e7\u00e3o","twitter_card":"summary_large_image","twitter_creator":"@Notibras","twitter_site":"@Notibras","twitter_misc":{"Escrito por":"Reda\u00e7\u00e3o","Est. tempo de leitura":"4 minutos"},"schema":{"@context":"https:\/\/schema.org","@graph":[{"@type":"Article","@id":"https:\/\/www.notibras.com\/site\/operacao-seguranca-total-reforca-policiamento-na-asa-norte\/#article","isPartOf":{"@id":"https:\/\/www.notibras.com\/site\/operacao-seguranca-total-reforca-policiamento-na-asa-norte\/"},"author":{"name":"Reda\u00e7\u00e3o","@id":"https:\/\/www.notibras.com\/site\/#\/schema\/person\/36ab0979449956132d3e5b517ea76ac8"},"headline":"Opera\u00e7\u00e3o Seguran\u00e7a Total refor\u00e7a policiamento na Asa Norte","datePublished":"2024-06-06T03:06:59+00:00","dateModified":"2024-06-06T11:58:27+00:00","mainEntityOfPage":{"@id":"https:\/\/www.notibras.com\/site\/operacao-seguranca-total-reforca-policiamento-na-asa-norte\/"},"wordCount":676,"publisher":{"@id":"https:\/\/www.notibras.com\/site\/#organization"},"image":{"@id":"https:\/\/www.notibras.com\/site\/operacao-seguranca-total-reforca-policiamento-na-asa-norte\/#primaryimage"},"thumbnailUrl":"https:\/\/www.notibras.com\/site\/wp-content\/uploads\/2024\/06\/Coronel-Ana-Paula-Habka-comandante-geral-da-PMDF-1.jpg","articleSection":["Quadradinho em Foco"],"inLanguage":"pt-BR"},{"@type":"WebPage","@id":"https:\/\/www.notibras.com\/site\/operacao-seguranca-total-reforca-policiamento-na-asa-norte\/","url":"https:\/\/www.notibras.com\/site\/operacao-seguranca-total-reforca-policiamento-na-asa-norte\/","name":"Opera\u00e7\u00e3o Seguran\u00e7a Total refor\u00e7a policiamento na Asa Norte - Notibras","isPartOf":{"@id":"https:\/\/www.notibras.com\/site\/#website"},"primaryImageOfPage":{"@id":"https:\/\/www.notibras.com\/site\/operacao-seguranca-total-reforca-policiamento-na-asa-norte\/#primaryimage"},"image":{"@id":"https:\/\/www.notibras.com\/site\/operacao-seguranca-total-reforca-policiamento-na-asa-norte\/#primaryimage"},"thumbnailUrl":"https:\/\/www.notibras.com\/site\/wp-content\/uploads\/2024\/06\/Coronel-Ana-Paula-Habka-comandante-geral-da-PMDF-1.jpg","datePublished":"2024-06-06T03:06:59+00:00","dateModified":"2024-06-06T11:58:27+00:00","breadcrumb":{"@id":"https:\/\/www.notibras.com\/site\/operacao-seguranca-total-reforca-policiamento-na-asa-norte\/#breadcrumb"},"inLanguage":"pt-BR","potentialAction":[{"@type":"ReadAction","target":["https:\/\/www.notibras.com\/site\/operacao-seguranca-total-reforca-policiamento-na-asa-norte\/"]}]},{"@type":"ImageObject","inLanguage":"pt-BR","@id":"https:\/\/www.notibras.com\/site\/operacao-seguranca-total-reforca-policiamento-na-asa-norte\/#primaryimage","url":"https:\/\/www.notibras.com\/site\/wp-content\/uploads\/2024\/06\/Coronel-Ana-Paula-Habka-comandante-geral-da-PMDF-1.jpg","contentUrl":"https:\/\/www.notibras.com\/site\/wp-content\/uploads\/2024\/06\/Coronel-Ana-Paula-Habka-comandante-geral-da-PMDF-1.jpg","width":1181,"height":787},{"@type":"BreadcrumbList","@id":"https:\/\/www.notibras.com\/site\/operacao-seguranca-total-reforca-policiamento-na-asa-norte\/#breadcrumb","itemListElement":[{"@type":"ListItem","position":1,"name":"In\u00edcio","item":"https:\/\/www.notibras.com\/site\/"},{"@type":"ListItem","position":2,"name":"Opera\u00e7\u00e3o Seguran\u00e7a Total refor\u00e7a policiamento na Asa Norte"}]},{"@type":"WebSite","@id":"https:\/\/www.notibras.com\/site\/#website","url":"https:\/\/www.notibras.com\/site\/","name":"Notibras","description":"Not\u00edcias de Bras\u00edlia, do Brasil e do Mundo","publisher":{"@id":"https:\/\/www.notibras.com\/site\/#organization"},"potentialAction":[{"@type":"SearchAction","target":{"@type":"EntryPoint","urlTemplate":"https:\/\/www.notibras.com\/site\/?s={search_term_string}"},"query-input":{"@type":"PropertyValueSpecification","valueRequired":true,"valueName":"search_term_string"}}],"inLanguage":"pt-BR"},{"@type":"Organization","@id":"https:\/\/www.notibras.com\/site\/#organization","name":"Grupo Notibras de Comunica\u00e7\u00e3o","url":"https:\/\/www.notibras.com\/site\/","logo":{"@type":"ImageObject","inLanguage":"pt-BR","@id":"https:\/\/www.notibras.com\/site\/#\/schema\/logo\/image\/","url":"https:\/\/www.notibras.com\/site\/wp-content\/uploads\/2023\/01\/notibras23.png","contentUrl":"https:\/\/www.notibras.com\/site\/wp-content\/uploads\/2023\/01\/notibras23.png","width":350,"height":87,"caption":"Grupo Notibras de Comunica\u00e7\u00e3o"},"image":{"@id":"https:\/\/www.notibras.com\/site\/#\/schema\/logo\/image\/"},"sameAs":["https:\/\/www.facebook.com\/notibras\/","https:\/\/x.com\/Notibras","https:\/\/www.instagram.com\/notibras\/"]},{"@type":"Person","@id":"https:\/\/www.notibras.com\/site\/#\/schema\/person\/36ab0979449956132d3e5b517ea76ac8","name":"Reda\u00e7\u00e3o","image":{"@type":"ImageObject","inLanguage":"pt-BR","@id":"https:\/\/secure.gravatar.com\/avatar\/e0a867bdedb85fd243eadf09663511f96fc81e0720a4a42581f334ad4303aa6b?s=96&d=mm&r=g","url":"https:\/\/secure.gravatar.com\/avatar\/e0a867bdedb85fd243eadf09663511f96fc81e0720a4a42581f334ad4303aa6b?s=96&d=mm&r=g","contentUrl":"https:\/\/secure.gravatar.com\/avatar\/e0a867bdedb85fd243eadf09663511f96fc81e0720a4a42581f334ad4303aa6b?s=96&d=mm&r=g","caption":"Reda\u00e7\u00e3o"}}]}},"amp_enabled":true,"_links":{"self":[{"href":"https:\/\/www.notibras.com\/site\/wp-json\/wp\/v2\/posts\/330262","targetHints":{"allow":["GET"]}}],"collection":[{"href":"https:\/\/www.notibras.com\/site\/wp-json\/wp\/v2\/posts"}],"about":[{"href":"https:\/\/www.notibras.com\/site\/wp-json\/wp\/v2\/types\/post"}],"author":[{"embeddable":true,"href":"https:\/\/www.notibras.com\/site\/wp-json\/wp\/v2\/users\/2"}],"replies":[{"embeddable":true,"href":"https:\/\/www.notibras.com\/site\/wp-json\/wp\/v2\/comments?post=330262"}],"version-history":[{"count":1,"href":"https:\/\/www.notibras.com\/site\/wp-json\/wp\/v2\/posts\/330262\/revisions"}],"predecessor-version":[{"id":330264,"href":"https:\/\/www.notibras.com\/site\/wp-json\/wp\/v2\/posts\/330262\/revisions\/330264"}],"wp:featuredmedia":[{"embeddable":true,"href":"https:\/\/www.notibras.com\/site\/wp-json\/wp\/v2\/media\/330263"}],"wp:attachment":[{"href":"https:\/\/www.notibras.com\/site\/wp-json\/wp\/v2\/media?parent=330262"}],"wp:term":[{"taxonomy":"category","embeddable":true,"href":"https:\/\/www.notibras.com\/site\/wp-json\/wp\/v2\/categories?post=330262"},{"taxonomy":"post_tag","embeddable":true,"href":"https:\/\/www.notibras.com\/site\/wp-json\/wp\/v2\/tags?post=330262"}],"curies":[{"name":"wp","href":"https:\/\/api.w.org\/{rel}","templated":true}]}}