{"id":330265,"date":"2024-06-06T00:01:35","date_gmt":"2024-06-06T03:01:35","guid":{"rendered":"https:\/\/www.notibras.com\/site\/?p=330265"},"modified":"2024-06-06T09:02:56","modified_gmt":"2024-06-06T12:02:56","slug":"brb-publica-nova-carta-de-politicas-publicas-e-governanca-corporativa","status":"publish","type":"post","link":"https:\/\/www.notibras.com\/site\/brb-publica-nova-carta-de-politicas-publicas-e-governanca-corporativa\/","title":{"rendered":"BRB publica nova carta de pol\u00edticas p\u00fablicas e governan\u00e7a corporativa"},"content":{"rendered":"<p>O BRB publicou a vers\u00e3o de 2024 da carta anual de pol\u00edticas p\u00fablicas e governan\u00e7a corporativa. O documento foi disponibilizado no site de relacionamento com investidores da institui\u00e7\u00e3o e \u00e9 um importante instrumento de gest\u00e3o e presta\u00e7\u00e3o de contas \u00e0 sociedade.<\/p>\n<p>A carta demonstra o compromisso social na execu\u00e7\u00e3o de pol\u00edticas p\u00fablicas e apresenta informa\u00e7\u00f5es sobre as principais atividades desenvolvidas pelo BRB, sua estrutura de controle e gest\u00e3o de riscos, dados econ\u00f4mico-financeiros e pr\u00e1ticas de governan\u00e7a corporativa.<\/p>\n<p>O presidente do BRB, Paulo Henrique Costa, explica que o documento traz um balan\u00e7o das a\u00e7\u00f5es de destaque no BRB no apoio a quest\u00f5es sociais, econ\u00f4micas e ambientais no ano de 2023. \u201cS\u00e3o diversas a\u00e7\u00f5es que orgulham nosso time de colaboradores em pertencer ao BRB. Entre elas, est\u00e3o realiza\u00e7\u00f5es em apoio aos programas sociais do GDF. Desde 2019, foram mais de 340 mil fam\u00edlias contempladas por meio da concess\u00e3o de R$ 1,6 bilh\u00e3o, valor distribu\u00eddo em 16 programas diferentes\u201d, diz.<\/p>\n<p>Mais exemplos da participa\u00e7\u00e3o expressiva do BRB na transforma\u00e7\u00e3o do DF s\u00e3o as 90 mil vidas assistidas pelo GDF Sa\u00fade no ano passado. Desde 2020, foram realizados mais de 6,1 milh\u00f5es de exames. Outro reflexo da atua\u00e7\u00e3o do banco, o BRB Mobilidade beneficiou toda a popula\u00e7\u00e3o que utiliza o transporte p\u00fablico do DF: foram mais de 11,2 milh\u00f5es de atendimentos e 990 mil cart\u00f5es emitidos nos \u00faltimos 5 anos.<\/p>\n<p>Bra\u00e7o social do banco, o Instituto BRB apresenta muitas contribui\u00e7\u00f5es com os mais diversos stakeholders. Dentre as iniciativas est\u00e3o programas de voluntariado empresarial, apoio \u00e0s mulheres e crian\u00e7as como o programa de acelera\u00e7\u00e3o de impacto social (PAIS), que busca fortalecer as organiza\u00e7\u00f5es da sociedade civil (OSC) por meio de capacita\u00e7\u00e3o e impactou mais de 24 mil pessoas em 2023.<\/p>\n<p>J\u00e1 a parceria com o Hospital da Crian\u00e7a de Bras\u00edlia dever\u00e1 alcan\u00e7ar 450 mil pacientes. Os investimentos s\u00e3o voltados a projetos que tenham impacto positivo no atendimento de crian\u00e7as e adolescentes em tratamento. Atualiza\u00e7\u00e3o da estrutura tecnol\u00f3gica, oferta de ambiente l\u00fadico e humanizado na sala de espera do centro cir\u00fargico, moderniza\u00e7\u00e3o de equipamentos, estrutura\u00e7\u00e3o do espa\u00e7o de simula\u00e7\u00e3o real\u00edstica e musicoterapia s\u00e3o alguns dos focos da parceria.<\/p>\n<p>Destaque, ainda, para a governan\u00e7a da institui\u00e7\u00e3o, que evoluiu desde 2019 e ajudou o BRB a recuperar sua imagem de banco p\u00fablico s\u00f3lido, completo e inovador. \u201cCom o desenvolvimento do nosso sistema pr\u00f3prio de integridade, hoje somos refer\u00eancia para outras entidades em todo o DF. Seguiremos divulgando nossas experi\u00eancias em boas pr\u00e1ticas, disponibilizando-as \u00e0 popula\u00e7\u00e3o e refor\u00e7ando a gest\u00e3o da integridade, da \u00e9tica e da governan\u00e7a como parte integrante e inerente ao nosso trabalho\u201d, afirma Paulo Henrique Costa.<\/p>\n","protected":false},"excerpt":{"rendered":"<p>O BRB publicou a vers\u00e3o de 2024 da carta anual de pol\u00edticas p\u00fablicas e governan\u00e7a corporativa. O documento foi disponibilizado no site de relacionamento com investidores da institui\u00e7\u00e3o e \u00e9 um importante instrumento de gest\u00e3o e presta\u00e7\u00e3o de contas \u00e0 sociedade. A carta demonstra o compromisso social na execu\u00e7\u00e3o de pol\u00edticas p\u00fablicas e apresenta informa\u00e7\u00f5es [&hellip;]<\/p>\n","protected":false},"author":2,"featured_media":330266,"comment_status":"closed","ping_status":"closed","sticky":false,"template":"","format":"standard","meta":{"_acf_changed":false,"footnotes":""},"categories":[161],"tags":[],"class_list":["post-330265","post","type-post","status-publish","format-standard","has-post-thumbnail","hentry","category-quadradinho-em-foco"],"acf":[],"yoast_head":"<!-- This site is optimized with the Yoast SEO plugin v27.5 - https:\/\/yoast.com\/product\/yoast-seo-wordpress\/ -->\n<title>BRB publica nova carta de pol\u00edticas p\u00fablicas e governan\u00e7a corporativa - Notibras<\/title>\n<meta name=\"robots\" content=\"index, follow, max-snippet:-1, max-image-preview:large, max-video-preview:-1\" \/>\n<link rel=\"canonical\" href=\"https:\/\/www.notibras.com\/site\/brb-publica-nova-carta-de-politicas-publicas-e-governanca-corporativa\/\" \/>\n<meta property=\"og:locale\" content=\"pt_BR\" \/>\n<meta property=\"og:type\" content=\"article\" \/>\n<meta property=\"og:title\" content=\"BRB publica nova carta de pol\u00edticas p\u00fablicas e governan\u00e7a corporativa - Notibras\" \/>\n<meta property=\"og:description\" content=\"O BRB publicou a vers\u00e3o de 2024 da carta anual de pol\u00edticas p\u00fablicas e governan\u00e7a corporativa. O documento foi disponibilizado no site de relacionamento com investidores da institui\u00e7\u00e3o e \u00e9 um importante instrumento de gest\u00e3o e presta\u00e7\u00e3o de contas \u00e0 sociedade. A carta demonstra o compromisso social na execu\u00e7\u00e3o de pol\u00edticas p\u00fablicas e apresenta informa\u00e7\u00f5es [&hellip;]\" \/>\n<meta property=\"og:url\" content=\"https:\/\/www.notibras.com\/site\/brb-publica-nova-carta-de-politicas-publicas-e-governanca-corporativa\/\" \/>\n<meta property=\"og:site_name\" content=\"Notibras\" \/>\n<meta property=\"article:publisher\" content=\"https:\/\/www.facebook.com\/notibras\/\" \/>\n<meta property=\"article:published_time\" content=\"2024-06-06T03:01:35+00:00\" \/>\n<meta property=\"article:modified_time\" content=\"2024-06-06T12:02:56+00:00\" \/>\n<meta property=\"og:image\" content=\"https:\/\/www.notibras.com\/site\/wp-content\/uploads\/2024\/06\/WhatsApp-Image-2024-06-05-at-17.55.12-1536x1023-1.jpeg\" \/>\n\t<meta property=\"og:image:width\" content=\"1536\" \/>\n\t<meta property=\"og:image:height\" content=\"1023\" \/>\n\t<meta property=\"og:image:type\" content=\"image\/jpeg\" \/>\n<meta name=\"author\" content=\"Reda\u00e7\u00e3o\" \/>\n<meta name=\"twitter:card\" content=\"summary_large_image\" \/>\n<meta name=\"twitter:creator\" content=\"@Notibras\" \/>\n<meta name=\"twitter:site\" content=\"@Notibras\" \/>\n<meta name=\"twitter:label1\" content=\"Escrito por\" \/>\n\t<meta name=\"twitter:data1\" content=\"Reda\u00e7\u00e3o\" \/>\n\t<meta name=\"twitter:label2\" content=\"Est. tempo de leitura\" \/>\n\t<meta name=\"twitter:data2\" content=\"3 minutos\" \/>\n<script type=\"application\/ld+json\" class=\"yoast-schema-graph\">{\"@context\":\"https:\\\/\\\/schema.org\",\"@graph\":[{\"@type\":\"Article\",\"@id\":\"https:\\\/\\\/www.notibras.com\\\/site\\\/brb-publica-nova-carta-de-politicas-publicas-e-governanca-corporativa\\\/#article\",\"isPartOf\":{\"@id\":\"https:\\\/\\\/www.notibras.com\\\/site\\\/brb-publica-nova-carta-de-politicas-publicas-e-governanca-corporativa\\\/\"},\"author\":{\"name\":\"Reda\u00e7\u00e3o\",\"@id\":\"https:\\\/\\\/www.notibras.com\\\/site\\\/#\\\/schema\\\/person\\\/36ab0979449956132d3e5b517ea76ac8\"},\"headline\":\"BRB publica nova carta de pol\u00edticas p\u00fablicas e governan\u00e7a corporativa\",\"datePublished\":\"2024-06-06T03:01:35+00:00\",\"dateModified\":\"2024-06-06T12:02:56+00:00\",\"mainEntityOfPage\":{\"@id\":\"https:\\\/\\\/www.notibras.com\\\/site\\\/brb-publica-nova-carta-de-politicas-publicas-e-governanca-corporativa\\\/\"},\"wordCount\":495,\"publisher\":{\"@id\":\"https:\\\/\\\/www.notibras.com\\\/site\\\/#organization\"},\"image\":{\"@id\":\"https:\\\/\\\/www.notibras.com\\\/site\\\/brb-publica-nova-carta-de-politicas-publicas-e-governanca-corporativa\\\/#primaryimage\"},\"thumbnailUrl\":\"https:\\\/\\\/www.notibras.com\\\/site\\\/wp-content\\\/uploads\\\/2024\\\/06\\\/WhatsApp-Image-2024-06-05-at-17.55.12-1536x1023-1.jpeg\",\"articleSection\":[\"Quadradinho em Foco\"],\"inLanguage\":\"pt-BR\"},{\"@type\":\"WebPage\",\"@id\":\"https:\\\/\\\/www.notibras.com\\\/site\\\/brb-publica-nova-carta-de-politicas-publicas-e-governanca-corporativa\\\/\",\"url\":\"https:\\\/\\\/www.notibras.com\\\/site\\\/brb-publica-nova-carta-de-politicas-publicas-e-governanca-corporativa\\\/\",\"name\":\"BRB publica nova carta de pol\u00edticas p\u00fablicas e governan\u00e7a corporativa - Notibras\",\"isPartOf\":{\"@id\":\"https:\\\/\\\/www.notibras.com\\\/site\\\/#website\"},\"primaryImageOfPage\":{\"@id\":\"https:\\\/\\\/www.notibras.com\\\/site\\\/brb-publica-nova-carta-de-politicas-publicas-e-governanca-corporativa\\\/#primaryimage\"},\"image\":{\"@id\":\"https:\\\/\\\/www.notibras.com\\\/site\\\/brb-publica-nova-carta-de-politicas-publicas-e-governanca-corporativa\\\/#primaryimage\"},\"thumbnailUrl\":\"https:\\\/\\\/www.notibras.com\\\/site\\\/wp-content\\\/uploads\\\/2024\\\/06\\\/WhatsApp-Image-2024-06-05-at-17.55.12-1536x1023-1.jpeg\",\"datePublished\":\"2024-06-06T03:01:35+00:00\",\"dateModified\":\"2024-06-06T12:02:56+00:00\",\"breadcrumb\":{\"@id\":\"https:\\\/\\\/www.notibras.com\\\/site\\\/brb-publica-nova-carta-de-politicas-publicas-e-governanca-corporativa\\\/#breadcrumb\"},\"inLanguage\":\"pt-BR\",\"potentialAction\":[{\"@type\":\"ReadAction\",\"target\":[\"https:\\\/\\\/www.notibras.com\\\/site\\\/brb-publica-nova-carta-de-politicas-publicas-e-governanca-corporativa\\\/\"]}]},{\"@type\":\"ImageObject\",\"inLanguage\":\"pt-BR\",\"@id\":\"https:\\\/\\\/www.notibras.com\\\/site\\\/brb-publica-nova-carta-de-politicas-publicas-e-governanca-corporativa\\\/#primaryimage\",\"url\":\"https:\\\/\\\/www.notibras.com\\\/site\\\/wp-content\\\/uploads\\\/2024\\\/06\\\/WhatsApp-Image-2024-06-05-at-17.55.12-1536x1023-1.jpeg\",\"contentUrl\":\"https:\\\/\\\/www.notibras.com\\\/site\\\/wp-content\\\/uploads\\\/2024\\\/06\\\/WhatsApp-Image-2024-06-05-at-17.55.12-1536x1023-1.jpeg\",\"width\":1536,\"height\":1023},{\"@type\":\"BreadcrumbList\",\"@id\":\"https:\\\/\\\/www.notibras.com\\\/site\\\/brb-publica-nova-carta-de-politicas-publicas-e-governanca-corporativa\\\/#breadcrumb\",\"itemListElement\":[{\"@type\":\"ListItem\",\"position\":1,\"name\":\"In\u00edcio\",\"item\":\"https:\\\/\\\/www.notibras.com\\\/site\\\/\"},{\"@type\":\"ListItem\",\"position\":2,\"name\":\"BRB publica nova carta de pol\u00edticas p\u00fablicas e governan\u00e7a corporativa\"}]},{\"@type\":\"WebSite\",\"@id\":\"https:\\\/\\\/www.notibras.com\\\/site\\\/#website\",\"url\":\"https:\\\/\\\/www.notibras.com\\\/site\\\/\",\"name\":\"Notibras\",\"description\":\"Not\u00edcias de Bras\u00edlia, do Brasil e do Mundo\",\"publisher\":{\"@id\":\"https:\\\/\\\/www.notibras.com\\\/site\\\/#organization\"},\"potentialAction\":[{\"@type\":\"SearchAction\",\"target\":{\"@type\":\"EntryPoint\",\"urlTemplate\":\"https:\\\/\\\/www.notibras.com\\\/site\\\/?s={search_term_string}\"},\"query-input\":{\"@type\":\"PropertyValueSpecification\",\"valueRequired\":true,\"valueName\":\"search_term_string\"}}],\"inLanguage\":\"pt-BR\"},{\"@type\":\"Organization\",\"@id\":\"https:\\\/\\\/www.notibras.com\\\/site\\\/#organization\",\"name\":\"Grupo Notibras de Comunica\u00e7\u00e3o\",\"url\":\"https:\\\/\\\/www.notibras.com\\\/site\\\/\",\"logo\":{\"@type\":\"ImageObject\",\"inLanguage\":\"pt-BR\",\"@id\":\"https:\\\/\\\/www.notibras.com\\\/site\\\/#\\\/schema\\\/logo\\\/image\\\/\",\"url\":\"https:\\\/\\\/www.notibras.com\\\/site\\\/wp-content\\\/uploads\\\/2023\\\/01\\\/notibras23.png\",\"contentUrl\":\"https:\\\/\\\/www.notibras.com\\\/site\\\/wp-content\\\/uploads\\\/2023\\\/01\\\/notibras23.png\",\"width\":350,\"height\":87,\"caption\":\"Grupo Notibras de Comunica\u00e7\u00e3o\"},\"image\":{\"@id\":\"https:\\\/\\\/www.notibras.com\\\/site\\\/#\\\/schema\\\/logo\\\/image\\\/\"},\"sameAs\":[\"https:\\\/\\\/www.facebook.com\\\/notibras\\\/\",\"https:\\\/\\\/x.com\\\/Notibras\",\"https:\\\/\\\/www.instagram.com\\\/notibras\\\/\"]},{\"@type\":\"Person\",\"@id\":\"https:\\\/\\\/www.notibras.com\\\/site\\\/#\\\/schema\\\/person\\\/36ab0979449956132d3e5b517ea76ac8\",\"name\":\"Reda\u00e7\u00e3o\",\"image\":{\"@type\":\"ImageObject\",\"inLanguage\":\"pt-BR\",\"@id\":\"https:\\\/\\\/secure.gravatar.com\\\/avatar\\\/e0a867bdedb85fd243eadf09663511f96fc81e0720a4a42581f334ad4303aa6b?s=96&d=mm&r=g\",\"url\":\"https:\\\/\\\/secure.gravatar.com\\\/avatar\\\/e0a867bdedb85fd243eadf09663511f96fc81e0720a4a42581f334ad4303aa6b?s=96&d=mm&r=g\",\"contentUrl\":\"https:\\\/\\\/secure.gravatar.com\\\/avatar\\\/e0a867bdedb85fd243eadf09663511f96fc81e0720a4a42581f334ad4303aa6b?s=96&d=mm&r=g\",\"caption\":\"Reda\u00e7\u00e3o\"}}]}<\/script>\n<!-- \/ Yoast SEO plugin. -->","yoast_head_json":{"title":"BRB publica nova carta de pol\u00edticas p\u00fablicas e governan\u00e7a corporativa - Notibras","robots":{"index":"index","follow":"follow","max-snippet":"max-snippet:-1","max-image-preview":"max-image-preview:large","max-video-preview":"max-video-preview:-1"},"canonical":"https:\/\/www.notibras.com\/site\/brb-publica-nova-carta-de-politicas-publicas-e-governanca-corporativa\/","og_locale":"pt_BR","og_type":"article","og_title":"BRB publica nova carta de pol\u00edticas p\u00fablicas e governan\u00e7a corporativa - Notibras","og_description":"O BRB publicou a vers\u00e3o de 2024 da carta anual de pol\u00edticas p\u00fablicas e governan\u00e7a corporativa. O documento foi disponibilizado no site de relacionamento com investidores da institui\u00e7\u00e3o e \u00e9 um importante instrumento de gest\u00e3o e presta\u00e7\u00e3o de contas \u00e0 sociedade. A carta demonstra o compromisso social na execu\u00e7\u00e3o de pol\u00edticas p\u00fablicas e apresenta informa\u00e7\u00f5es [&hellip;]","og_url":"https:\/\/www.notibras.com\/site\/brb-publica-nova-carta-de-politicas-publicas-e-governanca-corporativa\/","og_site_name":"Notibras","article_publisher":"https:\/\/www.facebook.com\/notibras\/","article_published_time":"2024-06-06T03:01:35+00:00","article_modified_time":"2024-06-06T12:02:56+00:00","og_image":[{"width":1536,"height":1023,"url":"https:\/\/www.notibras.com\/site\/wp-content\/uploads\/2024\/06\/WhatsApp-Image-2024-06-05-at-17.55.12-1536x1023-1.jpeg","type":"image\/jpeg"}],"author":"Reda\u00e7\u00e3o","twitter_card":"summary_large_image","twitter_creator":"@Notibras","twitter_site":"@Notibras","twitter_misc":{"Escrito por":"Reda\u00e7\u00e3o","Est. tempo de leitura":"3 minutos"},"schema":{"@context":"https:\/\/schema.org","@graph":[{"@type":"Article","@id":"https:\/\/www.notibras.com\/site\/brb-publica-nova-carta-de-politicas-publicas-e-governanca-corporativa\/#article","isPartOf":{"@id":"https:\/\/www.notibras.com\/site\/brb-publica-nova-carta-de-politicas-publicas-e-governanca-corporativa\/"},"author":{"name":"Reda\u00e7\u00e3o","@id":"https:\/\/www.notibras.com\/site\/#\/schema\/person\/36ab0979449956132d3e5b517ea76ac8"},"headline":"BRB publica nova carta de pol\u00edticas p\u00fablicas e governan\u00e7a corporativa","datePublished":"2024-06-06T03:01:35+00:00","dateModified":"2024-06-06T12:02:56+00:00","mainEntityOfPage":{"@id":"https:\/\/www.notibras.com\/site\/brb-publica-nova-carta-de-politicas-publicas-e-governanca-corporativa\/"},"wordCount":495,"publisher":{"@id":"https:\/\/www.notibras.com\/site\/#organization"},"image":{"@id":"https:\/\/www.notibras.com\/site\/brb-publica-nova-carta-de-politicas-publicas-e-governanca-corporativa\/#primaryimage"},"thumbnailUrl":"https:\/\/www.notibras.com\/site\/wp-content\/uploads\/2024\/06\/WhatsApp-Image-2024-06-05-at-17.55.12-1536x1023-1.jpeg","articleSection":["Quadradinho em Foco"],"inLanguage":"pt-BR"},{"@type":"WebPage","@id":"https:\/\/www.notibras.com\/site\/brb-publica-nova-carta-de-politicas-publicas-e-governanca-corporativa\/","url":"https:\/\/www.notibras.com\/site\/brb-publica-nova-carta-de-politicas-publicas-e-governanca-corporativa\/","name":"BRB publica nova carta de pol\u00edticas p\u00fablicas e governan\u00e7a corporativa - Notibras","isPartOf":{"@id":"https:\/\/www.notibras.com\/site\/#website"},"primaryImageOfPage":{"@id":"https:\/\/www.notibras.com\/site\/brb-publica-nova-carta-de-politicas-publicas-e-governanca-corporativa\/#primaryimage"},"image":{"@id":"https:\/\/www.notibras.com\/site\/brb-publica-nova-carta-de-politicas-publicas-e-governanca-corporativa\/#primaryimage"},"thumbnailUrl":"https:\/\/www.notibras.com\/site\/wp-content\/uploads\/2024\/06\/WhatsApp-Image-2024-06-05-at-17.55.12-1536x1023-1.jpeg","datePublished":"2024-06-06T03:01:35+00:00","dateModified":"2024-06-06T12:02:56+00:00","breadcrumb":{"@id":"https:\/\/www.notibras.com\/site\/brb-publica-nova-carta-de-politicas-publicas-e-governanca-corporativa\/#breadcrumb"},"inLanguage":"pt-BR","potentialAction":[{"@type":"ReadAction","target":["https:\/\/www.notibras.com\/site\/brb-publica-nova-carta-de-politicas-publicas-e-governanca-corporativa\/"]}]},{"@type":"ImageObject","inLanguage":"pt-BR","@id":"https:\/\/www.notibras.com\/site\/brb-publica-nova-carta-de-politicas-publicas-e-governanca-corporativa\/#primaryimage","url":"https:\/\/www.notibras.com\/site\/wp-content\/uploads\/2024\/06\/WhatsApp-Image-2024-06-05-at-17.55.12-1536x1023-1.jpeg","contentUrl":"https:\/\/www.notibras.com\/site\/wp-content\/uploads\/2024\/06\/WhatsApp-Image-2024-06-05-at-17.55.12-1536x1023-1.jpeg","width":1536,"height":1023},{"@type":"BreadcrumbList","@id":"https:\/\/www.notibras.com\/site\/brb-publica-nova-carta-de-politicas-publicas-e-governanca-corporativa\/#breadcrumb","itemListElement":[{"@type":"ListItem","position":1,"name":"In\u00edcio","item":"https:\/\/www.notibras.com\/site\/"},{"@type":"ListItem","position":2,"name":"BRB publica nova carta de pol\u00edticas p\u00fablicas e governan\u00e7a corporativa"}]},{"@type":"WebSite","@id":"https:\/\/www.notibras.com\/site\/#website","url":"https:\/\/www.notibras.com\/site\/","name":"Notibras","description":"Not\u00edcias de Bras\u00edlia, do Brasil e do Mundo","publisher":{"@id":"https:\/\/www.notibras.com\/site\/#organization"},"potentialAction":[{"@type":"SearchAction","target":{"@type":"EntryPoint","urlTemplate":"https:\/\/www.notibras.com\/site\/?s={search_term_string}"},"query-input":{"@type":"PropertyValueSpecification","valueRequired":true,"valueName":"search_term_string"}}],"inLanguage":"pt-BR"},{"@type":"Organization","@id":"https:\/\/www.notibras.com\/site\/#organization","name":"Grupo Notibras de Comunica\u00e7\u00e3o","url":"https:\/\/www.notibras.com\/site\/","logo":{"@type":"ImageObject","inLanguage":"pt-BR","@id":"https:\/\/www.notibras.com\/site\/#\/schema\/logo\/image\/","url":"https:\/\/www.notibras.com\/site\/wp-content\/uploads\/2023\/01\/notibras23.png","contentUrl":"https:\/\/www.notibras.com\/site\/wp-content\/uploads\/2023\/01\/notibras23.png","width":350,"height":87,"caption":"Grupo Notibras de Comunica\u00e7\u00e3o"},"image":{"@id":"https:\/\/www.notibras.com\/site\/#\/schema\/logo\/image\/"},"sameAs":["https:\/\/www.facebook.com\/notibras\/","https:\/\/x.com\/Notibras","https:\/\/www.instagram.com\/notibras\/"]},{"@type":"Person","@id":"https:\/\/www.notibras.com\/site\/#\/schema\/person\/36ab0979449956132d3e5b517ea76ac8","name":"Reda\u00e7\u00e3o","image":{"@type":"ImageObject","inLanguage":"pt-BR","@id":"https:\/\/secure.gravatar.com\/avatar\/e0a867bdedb85fd243eadf09663511f96fc81e0720a4a42581f334ad4303aa6b?s=96&d=mm&r=g","url":"https:\/\/secure.gravatar.com\/avatar\/e0a867bdedb85fd243eadf09663511f96fc81e0720a4a42581f334ad4303aa6b?s=96&d=mm&r=g","contentUrl":"https:\/\/secure.gravatar.com\/avatar\/e0a867bdedb85fd243eadf09663511f96fc81e0720a4a42581f334ad4303aa6b?s=96&d=mm&r=g","caption":"Reda\u00e7\u00e3o"}}]}},"amp_enabled":true,"_links":{"self":[{"href":"https:\/\/www.notibras.com\/site\/wp-json\/wp\/v2\/posts\/330265","targetHints":{"allow":["GET"]}}],"collection":[{"href":"https:\/\/www.notibras.com\/site\/wp-json\/wp\/v2\/posts"}],"about":[{"href":"https:\/\/www.notibras.com\/site\/wp-json\/wp\/v2\/types\/post"}],"author":[{"embeddable":true,"href":"https:\/\/www.notibras.com\/site\/wp-json\/wp\/v2\/users\/2"}],"replies":[{"embeddable":true,"href":"https:\/\/www.notibras.com\/site\/wp-json\/wp\/v2\/comments?post=330265"}],"version-history":[{"count":1,"href":"https:\/\/www.notibras.com\/site\/wp-json\/wp\/v2\/posts\/330265\/revisions"}],"predecessor-version":[{"id":330267,"href":"https:\/\/www.notibras.com\/site\/wp-json\/wp\/v2\/posts\/330265\/revisions\/330267"}],"wp:featuredmedia":[{"embeddable":true,"href":"https:\/\/www.notibras.com\/site\/wp-json\/wp\/v2\/media\/330266"}],"wp:attachment":[{"href":"https:\/\/www.notibras.com\/site\/wp-json\/wp\/v2\/media?parent=330265"}],"wp:term":[{"taxonomy":"category","embeddable":true,"href":"https:\/\/www.notibras.com\/site\/wp-json\/wp\/v2\/categories?post=330265"},{"taxonomy":"post_tag","embeddable":true,"href":"https:\/\/www.notibras.com\/site\/wp-json\/wp\/v2\/tags?post=330265"}],"curies":[{"name":"wp","href":"https:\/\/api.w.org\/{rel}","templated":true}]}}