{"id":330293,"date":"2024-06-07T08:08:23","date_gmt":"2024-06-07T11:08:23","guid":{"rendered":"https:\/\/www.notibras.com\/site\/?p=330293"},"modified":"2024-06-07T08:08:23","modified_gmt":"2024-06-07T11:08:23","slug":"flavio-sonha-com-ilha-particular-e-pescador-vive-pesadelo-da-fome","status":"publish","type":"post","link":"https:\/\/www.notibras.com\/site\/flavio-sonha-com-ilha-particular-e-pescador-vive-pesadelo-da-fome\/","title":{"rendered":"Fl\u00e1vio sonha com ilha particular e pescador vive pesadelo da fome"},"content":{"rendered":"<p>A presen\u00e7a de Ilda Nogueira, coordenadora do Movimento dos Pescadores e Pescadoras Artesanais, na \u00fanica audi\u00eancia p\u00fablica sobre a PEC 3\/2022, a PEC das Praias, no Senado Federal, rendeu umas tr\u00eas linhas no notici\u00e1rio \u2013 quase nada perto do espa\u00e7o ocupado pela briga entre Luana e Neymar.<\/p>\n<p>N\u00e3o se pode dizer que a fala da representante de mais de 1 milh\u00e3o de fam\u00edlias que vivem \u00e0 beira de praias, rios, lagos e extraem cerca de 60% do pescado consumido pelos brasileiros foi ouvida de fato pelos senadores ali reunidos para discutir a privatiza\u00e7\u00e3o das terras de marinha, hoje bens da Uni\u00e3o, onde a maioria dos pescadores vive.<\/p>\n<p>Para al\u00e9m de um pequeno grupo que a saudou com palavras de ordem \u2013 &#8220;A nossa luta \u00e9 todo dia, o litoral n\u00e3o \u00e9 mercadoria&#8221; \u2013, n\u00e3o houve rea\u00e7\u00f5es nem perguntas dos parlamentares presentes.<\/p>\n<p>A inexist\u00eancia de consulta pr\u00e9via \u00e0s comunidades pesqueiras \u2013 com participa\u00e7\u00e3o restrita a um link de internet durante a audi\u00eancia p\u00fablica na Comiss\u00e3o de Constitui\u00e7\u00e3o e Justi\u00e7a (CCJ) \u2013 sobre uma mudan\u00e7a na Constitui\u00e7\u00e3o que as afeta diretamente foi o primeiro ponto levantado por Ilda, pescadora da Baixada Maranhense.<\/p>\n<p>&#8220;Quem sofre com os assoreamentos, com o desmatamento desordenado dos grandes empreendimentos, sabe que essa PEC o que visa mesmo \u00e9 a urbaniza\u00e7\u00e3o das orlas por empreendimentos que t\u00eam tomado as terras dos que realmente s\u00e3o donos, daqueles que vivem l\u00e1 desde que nasceram das suas ancestralidades, que est\u00e3o ali de fato e de direito, e t\u00eam perdido a vida porque s\u00e3o obrigados a sair de suas terras. Essa PEC vai fazer muito mal pra gente, por isso dizemos que n\u00f3s n\u00e3o queremos, mas, se for para aprovar, n\u00e3o pode ser dessa maneira, tem que ser discutida com os pescadores, com as comunidades tradicionais, que dependem da beira do rio, da beira do mar&#8221;, reivindicou Ilda.<\/p>\n<p>&#8220;N\u00e3o \u00e9 chegar e aprovar uma coisa que a gente nem sabia at\u00e9 essa audi\u00eancia de hoje, n\u00e9? A gente descobriu assim porque n\u00f3s n\u00e3o fomos informados, fomos pegos de surpresa e pra gente estar aqui hoje n\u00e3o foi f\u00e1cil. Mas, como eu falei, tinha que come\u00e7ar por n\u00f3s, porque se \u00e9 algo que vai nos atingir primeiro tinha que consultar aquelas pessoas que realmente dependem das \u00e1reas marinhas&#8221;, pontuou a pescadora.<\/p>\n<p>O senador Fl\u00e1vio Bolsonaro, o \u00fanico a se pronunciar depois da fala forte de Ilda, teve a cara de pau de retrucar: &#8220;Essa PEC tramita desde 2011, n\u00e3o \u00e9 uma coisa que pegou ningu\u00e9m de surpresa. E voc\u00ea n\u00e3o iria perder nada porque sua casa seria de interesse social&#8221;.<\/p>\n<p>A audi\u00eancia p\u00fablica para a qual os habitantes e trabalhadores das terras marinhas n\u00e3o foram convidados, como Ilda deixou claro, ocorreu no dia 28 de maio passado e teve como m\u00e9rito alertar o Brasil inteiro de que a privatiza\u00e7\u00e3o do nosso litoral estava em curso. Dois dias depois, por exemplo, deu-se o bate-boca nas redes sociais entre Luana Piovani e o reincidente Neymar (quando se trata de p\u00f4r seus interesses acima do bem p\u00fablico), que despertou a indigna\u00e7\u00e3o nas redes sociais obrigando Fl\u00e1vio Bolsonaro a improvisar uma live e Rodrigo Pacheco, presidente do Senado, a prometer &#8220;cautela e um amplo debate&#8221; antes da vota\u00e7\u00e3o. O governo tamb\u00e9m se pronunciou, enfim, manifestando-se contra a emenda constitucional.<\/p>\n<p>At\u00e9 ent\u00e3o, como canta Chico Buarque, &#8220;dormia a nossa p\u00e1tria m\u00e3e t\u00e3o distra\u00edda\/ sem perceber que era subtra\u00edda\/ em tenebrosas transa\u00e7\u00f5es&#8221;. Em n\u00fameros, a aprova\u00e7\u00e3o da PEC representaria uma perda &#8220;que ultrapassa 1 trilh\u00e3o de reais, ou seja a maior transfer\u00eancia de patrim\u00f4nio p\u00fablico para o privado que se tem not\u00edcia na hist\u00f3ria&#8221;, segundo manifesta\u00e7\u00e3o da Secretaria de Patrim\u00f4nio da Uni\u00e3o (SPU) de 2022, quando a PEC (agora ressuscitada com outro n\u00famero) foi aprovada na C\u00e2mara dos Deputados.<\/p>\n<p>Um relat\u00f3rio da Comiss\u00e3o Pastoral dos Pescadores (CPP), de 2021, relata o atendimento a mais de 50 mil fam\u00edlias atingidas por conflitos entre 2018 e 2019 \u2013 isso em um pequeno recorte, de 166 comunidades pesqueiras a que a CPP tem acesso em 14 estados brasileiros.<\/p>\n<p>A restri\u00e7\u00e3o de acesso ao territ\u00f3rio \u00e9 a raz\u00e3o principal dos conflitos, segundo o levantamento da CPP. Tamb\u00e9m aparecem com destaque o desmatamento das \u00e1reas, a especula\u00e7\u00e3o imobili\u00e1ria e a exist\u00eancia de latif\u00fandios e empreendimentos tur\u00edsticos, situa\u00e7\u00f5es relacionadas \u00e0 posse das comunidades sobre os territ\u00f3rios e que interferem no meio ambiente do qual dependem: a destrui\u00e7\u00e3o de h\u00e1bitats e a diminui\u00e7\u00e3o e queda de qualidade do pescado est\u00e3o entre as principais consequ\u00eancias da invas\u00e3o dos territ\u00f3rios.<\/p>\n<p>Se \u00e9 verdade que a SPU n\u00e3o impede os conflitos como deveria fazer, nem mesmo a privatiza\u00e7\u00e3o do acesso \u00e0s praias (em 2017 a Ag\u00eancia P\u00fablica fez um especial de reportagens investigativas sobre isso), a situa\u00e7\u00e3o s\u00f3 se agravaria com a aprova\u00e7\u00e3o da PEC: de acordo com o relat\u00f3rio da CPP, 61% dos agentes causadores de conflitos s\u00e3o empresas privadas (24%), agentes privados (21%) e latif\u00fandios (15%). Resultado dessa ocupa\u00e7\u00e3o: 45% das praias do Cear\u00e1 sofrem processos erosivos que j\u00e1 provocaram a perda de R$ 1 bilh\u00e3o de reais em Santa Catarina.<\/p>\n<p>Como acontece nas florestas, s\u00e3o as comunidades tradicionais que zelam pela preserva\u00e7\u00e3o da costa brasileira, protegendo ecossistemas de alta relev\u00e2ncia (mangues, restinga, apicum) essenciais para enfrentar a emerg\u00eancia clim\u00e1tica, j\u00e1 que a eleva\u00e7\u00e3o dos oceanos atinge exatamente a intersec\u00e7\u00e3o entre a terra e o mar, onde est\u00e1 a faixa de 33 metros de terras da marinha, alvo da pretendida privatiza\u00e7\u00e3o.<\/p>\n<p>&#8221; \u00c9 por isso, senadores, que a casa de dona Ilda e as de seus companheiros de luta, senadores, n\u00e3o s\u00e3o apenas de &#8220;interesse social&#8221;, mas de interesse da humanidade.<\/p>\n<p>Uma realidade que pode ser dif\u00edcil de entender para pessoas como Fl\u00e1vio Bolsonaro, que h\u00e1 anos manobra para ter uma mans\u00e3o para chamar de sua em uma ilha em Angra dos Reis. Exatamente naquele litoral que seu pai, Jair, queria transformar em Canc\u00fan, onde o acesso \u00e0s praias \u00e9 sim restrito e pago, como bem sabe o senador, que se esfor\u00e7a para negar o \u00f3bvio.<\/p>\n","protected":false},"excerpt":{"rendered":"<p>A presen\u00e7a de Ilda Nogueira, coordenadora do Movimento dos Pescadores e Pescadoras Artesanais, na \u00fanica audi\u00eancia p\u00fablica sobre a PEC 3\/2022, a PEC das Praias, no Senado Federal, rendeu umas tr\u00eas linhas no notici\u00e1rio \u2013 quase nada perto do espa\u00e7o ocupado pela briga entre Luana e Neymar. N\u00e3o se pode dizer que a fala da [&hellip;]<\/p>\n","protected":false},"author":2,"featured_media":155340,"comment_status":"closed","ping_status":"closed","sticky":false,"template":"","format":"standard","meta":{"_acf_changed":false,"footnotes":""},"categories":[166,167,168,169,165,170,171,172,173,174],"tags":[95],"class_list":["post-330293","post","type-post","status-publish","format-standard","has-post-thumbnail","hentry","category-alagoas","category-bahia","category-ceara","category-maranhao","category-nordeste","category-paraiba-nordeste","category-pernambuco-nordeste","category-piaui","category-rio-grande-do-norte","category-sergipe","tag-capa"],"acf":[],"yoast_head":"<!-- This site is optimized with the Yoast SEO plugin v27.5 - https:\/\/yoast.com\/product\/yoast-seo-wordpress\/ -->\n<title>Fl\u00e1vio sonha com ilha particular e pescador vive pesadelo da fome - Notibras<\/title>\n<meta name=\"robots\" content=\"index, follow, max-snippet:-1, max-image-preview:large, max-video-preview:-1\" \/>\n<link rel=\"canonical\" href=\"https:\/\/www.notibras.com\/site\/flavio-sonha-com-ilha-particular-e-pescador-vive-pesadelo-da-fome\/\" \/>\n<meta property=\"og:locale\" content=\"pt_BR\" \/>\n<meta property=\"og:type\" content=\"article\" \/>\n<meta property=\"og:title\" content=\"Fl\u00e1vio sonha com ilha particular e pescador vive pesadelo da fome - Notibras\" \/>\n<meta property=\"og:description\" content=\"A presen\u00e7a de Ilda Nogueira, coordenadora do Movimento dos Pescadores e Pescadoras Artesanais, na \u00fanica audi\u00eancia p\u00fablica sobre a PEC 3\/2022, a PEC das Praias, no Senado Federal, rendeu umas tr\u00eas linhas no notici\u00e1rio \u2013 quase nada perto do espa\u00e7o ocupado pela briga entre Luana e Neymar. N\u00e3o se pode dizer que a fala da [&hellip;]\" \/>\n<meta property=\"og:url\" content=\"https:\/\/www.notibras.com\/site\/flavio-sonha-com-ilha-particular-e-pescador-vive-pesadelo-da-fome\/\" \/>\n<meta property=\"og:site_name\" content=\"Notibras\" \/>\n<meta property=\"article:publisher\" content=\"https:\/\/www.facebook.com\/notibras\/\" \/>\n<meta property=\"article:published_time\" content=\"2024-06-07T11:08:23+00:00\" \/>\n<meta property=\"og:image\" content=\"https:\/\/www.notibras.com\/site\/wp-content\/uploads\/2017\/10\/Pescador-foto-angela-peres-governo-do-acre.jpg\" \/>\n\t<meta property=\"og:image:width\" content=\"850\" \/>\n\t<meta property=\"og:image:height\" content=\"570\" \/>\n\t<meta property=\"og:image:type\" content=\"image\/jpeg\" \/>\n<meta name=\"author\" content=\"Reda\u00e7\u00e3o\" \/>\n<meta name=\"twitter:card\" content=\"summary_large_image\" \/>\n<meta name=\"twitter:creator\" content=\"@Notibras\" \/>\n<meta name=\"twitter:site\" content=\"@Notibras\" \/>\n<meta name=\"twitter:label1\" content=\"Escrito por\" \/>\n\t<meta name=\"twitter:data1\" content=\"Reda\u00e7\u00e3o\" \/>\n\t<meta name=\"twitter:label2\" content=\"Est. tempo de leitura\" \/>\n\t<meta name=\"twitter:data2\" content=\"6 minutos\" \/>\n<script type=\"application\/ld+json\" class=\"yoast-schema-graph\">{\"@context\":\"https:\\\/\\\/schema.org\",\"@graph\":[{\"@type\":\"Article\",\"@id\":\"https:\\\/\\\/www.notibras.com\\\/site\\\/flavio-sonha-com-ilha-particular-e-pescador-vive-pesadelo-da-fome\\\/#article\",\"isPartOf\":{\"@id\":\"https:\\\/\\\/www.notibras.com\\\/site\\\/flavio-sonha-com-ilha-particular-e-pescador-vive-pesadelo-da-fome\\\/\"},\"author\":{\"name\":\"Reda\u00e7\u00e3o\",\"@id\":\"https:\\\/\\\/www.notibras.com\\\/site\\\/#\\\/schema\\\/person\\\/36ab0979449956132d3e5b517ea76ac8\"},\"headline\":\"Fl\u00e1vio sonha com ilha particular e pescador vive pesadelo da fome\",\"datePublished\":\"2024-06-07T11:08:23+00:00\",\"mainEntityOfPage\":{\"@id\":\"https:\\\/\\\/www.notibras.com\\\/site\\\/flavio-sonha-com-ilha-particular-e-pescador-vive-pesadelo-da-fome\\\/\"},\"wordCount\":1085,\"publisher\":{\"@id\":\"https:\\\/\\\/www.notibras.com\\\/site\\\/#organization\"},\"image\":{\"@id\":\"https:\\\/\\\/www.notibras.com\\\/site\\\/flavio-sonha-com-ilha-particular-e-pescador-vive-pesadelo-da-fome\\\/#primaryimage\"},\"thumbnailUrl\":\"https:\\\/\\\/www.notibras.com\\\/site\\\/wp-content\\\/uploads\\\/2017\\\/10\\\/Pescador-foto-angela-peres-governo-do-acre.jpg\",\"keywords\":[\"capa\"],\"articleSection\":[\"Alagoas\",\"Bahia\",\"Cear\u00e1\",\"Maranh\u00e3o\",\"Nordeste\",\"Para\u00edba\",\"Pernambuco\",\"Piau\u00ed\",\"Rio Grande do Norte\",\"Sergipe\"],\"inLanguage\":\"pt-BR\"},{\"@type\":\"WebPage\",\"@id\":\"https:\\\/\\\/www.notibras.com\\\/site\\\/flavio-sonha-com-ilha-particular-e-pescador-vive-pesadelo-da-fome\\\/\",\"url\":\"https:\\\/\\\/www.notibras.com\\\/site\\\/flavio-sonha-com-ilha-particular-e-pescador-vive-pesadelo-da-fome\\\/\",\"name\":\"Fl\u00e1vio sonha com ilha particular e pescador vive pesadelo da fome - Notibras\",\"isPartOf\":{\"@id\":\"https:\\\/\\\/www.notibras.com\\\/site\\\/#website\"},\"primaryImageOfPage\":{\"@id\":\"https:\\\/\\\/www.notibras.com\\\/site\\\/flavio-sonha-com-ilha-particular-e-pescador-vive-pesadelo-da-fome\\\/#primaryimage\"},\"image\":{\"@id\":\"https:\\\/\\\/www.notibras.com\\\/site\\\/flavio-sonha-com-ilha-particular-e-pescador-vive-pesadelo-da-fome\\\/#primaryimage\"},\"thumbnailUrl\":\"https:\\\/\\\/www.notibras.com\\\/site\\\/wp-content\\\/uploads\\\/2017\\\/10\\\/Pescador-foto-angela-peres-governo-do-acre.jpg\",\"datePublished\":\"2024-06-07T11:08:23+00:00\",\"breadcrumb\":{\"@id\":\"https:\\\/\\\/www.notibras.com\\\/site\\\/flavio-sonha-com-ilha-particular-e-pescador-vive-pesadelo-da-fome\\\/#breadcrumb\"},\"inLanguage\":\"pt-BR\",\"potentialAction\":[{\"@type\":\"ReadAction\",\"target\":[\"https:\\\/\\\/www.notibras.com\\\/site\\\/flavio-sonha-com-ilha-particular-e-pescador-vive-pesadelo-da-fome\\\/\"]}]},{\"@type\":\"ImageObject\",\"inLanguage\":\"pt-BR\",\"@id\":\"https:\\\/\\\/www.notibras.com\\\/site\\\/flavio-sonha-com-ilha-particular-e-pescador-vive-pesadelo-da-fome\\\/#primaryimage\",\"url\":\"https:\\\/\\\/www.notibras.com\\\/site\\\/wp-content\\\/uploads\\\/2017\\\/10\\\/Pescador-foto-angela-peres-governo-do-acre.jpg\",\"contentUrl\":\"https:\\\/\\\/www.notibras.com\\\/site\\\/wp-content\\\/uploads\\\/2017\\\/10\\\/Pescador-foto-angela-peres-governo-do-acre.jpg\",\"width\":850,\"height\":570,\"caption\":\"Foto\\\/Divulga\u00e7\u00e3o - Angela Peres\"},{\"@type\":\"BreadcrumbList\",\"@id\":\"https:\\\/\\\/www.notibras.com\\\/site\\\/flavio-sonha-com-ilha-particular-e-pescador-vive-pesadelo-da-fome\\\/#breadcrumb\",\"itemListElement\":[{\"@type\":\"ListItem\",\"position\":1,\"name\":\"In\u00edcio\",\"item\":\"https:\\\/\\\/www.notibras.com\\\/site\\\/\"},{\"@type\":\"ListItem\",\"position\":2,\"name\":\"Fl\u00e1vio sonha com ilha particular e pescador vive pesadelo da fome\"}]},{\"@type\":\"WebSite\",\"@id\":\"https:\\\/\\\/www.notibras.com\\\/site\\\/#website\",\"url\":\"https:\\\/\\\/www.notibras.com\\\/site\\\/\",\"name\":\"Notibras\",\"description\":\"Not\u00edcias de Bras\u00edlia, do Brasil e do Mundo\",\"publisher\":{\"@id\":\"https:\\\/\\\/www.notibras.com\\\/site\\\/#organization\"},\"potentialAction\":[{\"@type\":\"SearchAction\",\"target\":{\"@type\":\"EntryPoint\",\"urlTemplate\":\"https:\\\/\\\/www.notibras.com\\\/site\\\/?s={search_term_string}\"},\"query-input\":{\"@type\":\"PropertyValueSpecification\",\"valueRequired\":true,\"valueName\":\"search_term_string\"}}],\"inLanguage\":\"pt-BR\"},{\"@type\":\"Organization\",\"@id\":\"https:\\\/\\\/www.notibras.com\\\/site\\\/#organization\",\"name\":\"Grupo Notibras de Comunica\u00e7\u00e3o\",\"url\":\"https:\\\/\\\/www.notibras.com\\\/site\\\/\",\"logo\":{\"@type\":\"ImageObject\",\"inLanguage\":\"pt-BR\",\"@id\":\"https:\\\/\\\/www.notibras.com\\\/site\\\/#\\\/schema\\\/logo\\\/image\\\/\",\"url\":\"https:\\\/\\\/www.notibras.com\\\/site\\\/wp-content\\\/uploads\\\/2023\\\/01\\\/notibras23.png\",\"contentUrl\":\"https:\\\/\\\/www.notibras.com\\\/site\\\/wp-content\\\/uploads\\\/2023\\\/01\\\/notibras23.png\",\"width\":350,\"height\":87,\"caption\":\"Grupo Notibras de Comunica\u00e7\u00e3o\"},\"image\":{\"@id\":\"https:\\\/\\\/www.notibras.com\\\/site\\\/#\\\/schema\\\/logo\\\/image\\\/\"},\"sameAs\":[\"https:\\\/\\\/www.facebook.com\\\/notibras\\\/\",\"https:\\\/\\\/x.com\\\/Notibras\",\"https:\\\/\\\/www.instagram.com\\\/notibras\\\/\"]},{\"@type\":\"Person\",\"@id\":\"https:\\\/\\\/www.notibras.com\\\/site\\\/#\\\/schema\\\/person\\\/36ab0979449956132d3e5b517ea76ac8\",\"name\":\"Reda\u00e7\u00e3o\",\"image\":{\"@type\":\"ImageObject\",\"inLanguage\":\"pt-BR\",\"@id\":\"https:\\\/\\\/secure.gravatar.com\\\/avatar\\\/e0a867bdedb85fd243eadf09663511f96fc81e0720a4a42581f334ad4303aa6b?s=96&d=mm&r=g\",\"url\":\"https:\\\/\\\/secure.gravatar.com\\\/avatar\\\/e0a867bdedb85fd243eadf09663511f96fc81e0720a4a42581f334ad4303aa6b?s=96&d=mm&r=g\",\"contentUrl\":\"https:\\\/\\\/secure.gravatar.com\\\/avatar\\\/e0a867bdedb85fd243eadf09663511f96fc81e0720a4a42581f334ad4303aa6b?s=96&d=mm&r=g\",\"caption\":\"Reda\u00e7\u00e3o\"}}]}<\/script>\n<!-- \/ Yoast SEO plugin. -->","yoast_head_json":{"title":"Fl\u00e1vio sonha com ilha particular e pescador vive pesadelo da fome - Notibras","robots":{"index":"index","follow":"follow","max-snippet":"max-snippet:-1","max-image-preview":"max-image-preview:large","max-video-preview":"max-video-preview:-1"},"canonical":"https:\/\/www.notibras.com\/site\/flavio-sonha-com-ilha-particular-e-pescador-vive-pesadelo-da-fome\/","og_locale":"pt_BR","og_type":"article","og_title":"Fl\u00e1vio sonha com ilha particular e pescador vive pesadelo da fome - Notibras","og_description":"A presen\u00e7a de Ilda Nogueira, coordenadora do Movimento dos Pescadores e Pescadoras Artesanais, na \u00fanica audi\u00eancia p\u00fablica sobre a PEC 3\/2022, a PEC das Praias, no Senado Federal, rendeu umas tr\u00eas linhas no notici\u00e1rio \u2013 quase nada perto do espa\u00e7o ocupado pela briga entre Luana e Neymar. N\u00e3o se pode dizer que a fala da [&hellip;]","og_url":"https:\/\/www.notibras.com\/site\/flavio-sonha-com-ilha-particular-e-pescador-vive-pesadelo-da-fome\/","og_site_name":"Notibras","article_publisher":"https:\/\/www.facebook.com\/notibras\/","article_published_time":"2024-06-07T11:08:23+00:00","og_image":[{"width":850,"height":570,"url":"https:\/\/www.notibras.com\/site\/wp-content\/uploads\/2017\/10\/Pescador-foto-angela-peres-governo-do-acre.jpg","type":"image\/jpeg"}],"author":"Reda\u00e7\u00e3o","twitter_card":"summary_large_image","twitter_creator":"@Notibras","twitter_site":"@Notibras","twitter_misc":{"Escrito por":"Reda\u00e7\u00e3o","Est. tempo de leitura":"6 minutos"},"schema":{"@context":"https:\/\/schema.org","@graph":[{"@type":"Article","@id":"https:\/\/www.notibras.com\/site\/flavio-sonha-com-ilha-particular-e-pescador-vive-pesadelo-da-fome\/#article","isPartOf":{"@id":"https:\/\/www.notibras.com\/site\/flavio-sonha-com-ilha-particular-e-pescador-vive-pesadelo-da-fome\/"},"author":{"name":"Reda\u00e7\u00e3o","@id":"https:\/\/www.notibras.com\/site\/#\/schema\/person\/36ab0979449956132d3e5b517ea76ac8"},"headline":"Fl\u00e1vio sonha com ilha particular e pescador vive pesadelo da fome","datePublished":"2024-06-07T11:08:23+00:00","mainEntityOfPage":{"@id":"https:\/\/www.notibras.com\/site\/flavio-sonha-com-ilha-particular-e-pescador-vive-pesadelo-da-fome\/"},"wordCount":1085,"publisher":{"@id":"https:\/\/www.notibras.com\/site\/#organization"},"image":{"@id":"https:\/\/www.notibras.com\/site\/flavio-sonha-com-ilha-particular-e-pescador-vive-pesadelo-da-fome\/#primaryimage"},"thumbnailUrl":"https:\/\/www.notibras.com\/site\/wp-content\/uploads\/2017\/10\/Pescador-foto-angela-peres-governo-do-acre.jpg","keywords":["capa"],"articleSection":["Alagoas","Bahia","Cear\u00e1","Maranh\u00e3o","Nordeste","Para\u00edba","Pernambuco","Piau\u00ed","Rio Grande do Norte","Sergipe"],"inLanguage":"pt-BR"},{"@type":"WebPage","@id":"https:\/\/www.notibras.com\/site\/flavio-sonha-com-ilha-particular-e-pescador-vive-pesadelo-da-fome\/","url":"https:\/\/www.notibras.com\/site\/flavio-sonha-com-ilha-particular-e-pescador-vive-pesadelo-da-fome\/","name":"Fl\u00e1vio sonha com ilha particular e pescador vive pesadelo da fome - Notibras","isPartOf":{"@id":"https:\/\/www.notibras.com\/site\/#website"},"primaryImageOfPage":{"@id":"https:\/\/www.notibras.com\/site\/flavio-sonha-com-ilha-particular-e-pescador-vive-pesadelo-da-fome\/#primaryimage"},"image":{"@id":"https:\/\/www.notibras.com\/site\/flavio-sonha-com-ilha-particular-e-pescador-vive-pesadelo-da-fome\/#primaryimage"},"thumbnailUrl":"https:\/\/www.notibras.com\/site\/wp-content\/uploads\/2017\/10\/Pescador-foto-angela-peres-governo-do-acre.jpg","datePublished":"2024-06-07T11:08:23+00:00","breadcrumb":{"@id":"https:\/\/www.notibras.com\/site\/flavio-sonha-com-ilha-particular-e-pescador-vive-pesadelo-da-fome\/#breadcrumb"},"inLanguage":"pt-BR","potentialAction":[{"@type":"ReadAction","target":["https:\/\/www.notibras.com\/site\/flavio-sonha-com-ilha-particular-e-pescador-vive-pesadelo-da-fome\/"]}]},{"@type":"ImageObject","inLanguage":"pt-BR","@id":"https:\/\/www.notibras.com\/site\/flavio-sonha-com-ilha-particular-e-pescador-vive-pesadelo-da-fome\/#primaryimage","url":"https:\/\/www.notibras.com\/site\/wp-content\/uploads\/2017\/10\/Pescador-foto-angela-peres-governo-do-acre.jpg","contentUrl":"https:\/\/www.notibras.com\/site\/wp-content\/uploads\/2017\/10\/Pescador-foto-angela-peres-governo-do-acre.jpg","width":850,"height":570,"caption":"Foto\/Divulga\u00e7\u00e3o - Angela Peres"},{"@type":"BreadcrumbList","@id":"https:\/\/www.notibras.com\/site\/flavio-sonha-com-ilha-particular-e-pescador-vive-pesadelo-da-fome\/#breadcrumb","itemListElement":[{"@type":"ListItem","position":1,"name":"In\u00edcio","item":"https:\/\/www.notibras.com\/site\/"},{"@type":"ListItem","position":2,"name":"Fl\u00e1vio sonha com ilha particular e pescador vive pesadelo da fome"}]},{"@type":"WebSite","@id":"https:\/\/www.notibras.com\/site\/#website","url":"https:\/\/www.notibras.com\/site\/","name":"Notibras","description":"Not\u00edcias de Bras\u00edlia, do Brasil e do Mundo","publisher":{"@id":"https:\/\/www.notibras.com\/site\/#organization"},"potentialAction":[{"@type":"SearchAction","target":{"@type":"EntryPoint","urlTemplate":"https:\/\/www.notibras.com\/site\/?s={search_term_string}"},"query-input":{"@type":"PropertyValueSpecification","valueRequired":true,"valueName":"search_term_string"}}],"inLanguage":"pt-BR"},{"@type":"Organization","@id":"https:\/\/www.notibras.com\/site\/#organization","name":"Grupo Notibras de Comunica\u00e7\u00e3o","url":"https:\/\/www.notibras.com\/site\/","logo":{"@type":"ImageObject","inLanguage":"pt-BR","@id":"https:\/\/www.notibras.com\/site\/#\/schema\/logo\/image\/","url":"https:\/\/www.notibras.com\/site\/wp-content\/uploads\/2023\/01\/notibras23.png","contentUrl":"https:\/\/www.notibras.com\/site\/wp-content\/uploads\/2023\/01\/notibras23.png","width":350,"height":87,"caption":"Grupo Notibras de Comunica\u00e7\u00e3o"},"image":{"@id":"https:\/\/www.notibras.com\/site\/#\/schema\/logo\/image\/"},"sameAs":["https:\/\/www.facebook.com\/notibras\/","https:\/\/x.com\/Notibras","https:\/\/www.instagram.com\/notibras\/"]},{"@type":"Person","@id":"https:\/\/www.notibras.com\/site\/#\/schema\/person\/36ab0979449956132d3e5b517ea76ac8","name":"Reda\u00e7\u00e3o","image":{"@type":"ImageObject","inLanguage":"pt-BR","@id":"https:\/\/secure.gravatar.com\/avatar\/e0a867bdedb85fd243eadf09663511f96fc81e0720a4a42581f334ad4303aa6b?s=96&d=mm&r=g","url":"https:\/\/secure.gravatar.com\/avatar\/e0a867bdedb85fd243eadf09663511f96fc81e0720a4a42581f334ad4303aa6b?s=96&d=mm&r=g","contentUrl":"https:\/\/secure.gravatar.com\/avatar\/e0a867bdedb85fd243eadf09663511f96fc81e0720a4a42581f334ad4303aa6b?s=96&d=mm&r=g","caption":"Reda\u00e7\u00e3o"}}]}},"amp_enabled":true,"_links":{"self":[{"href":"https:\/\/www.notibras.com\/site\/wp-json\/wp\/v2\/posts\/330293","targetHints":{"allow":["GET"]}}],"collection":[{"href":"https:\/\/www.notibras.com\/site\/wp-json\/wp\/v2\/posts"}],"about":[{"href":"https:\/\/www.notibras.com\/site\/wp-json\/wp\/v2\/types\/post"}],"author":[{"embeddable":true,"href":"https:\/\/www.notibras.com\/site\/wp-json\/wp\/v2\/users\/2"}],"replies":[{"embeddable":true,"href":"https:\/\/www.notibras.com\/site\/wp-json\/wp\/v2\/comments?post=330293"}],"version-history":[{"count":1,"href":"https:\/\/www.notibras.com\/site\/wp-json\/wp\/v2\/posts\/330293\/revisions"}],"predecessor-version":[{"id":330294,"href":"https:\/\/www.notibras.com\/site\/wp-json\/wp\/v2\/posts\/330293\/revisions\/330294"}],"wp:featuredmedia":[{"embeddable":true,"href":"https:\/\/www.notibras.com\/site\/wp-json\/wp\/v2\/media\/155340"}],"wp:attachment":[{"href":"https:\/\/www.notibras.com\/site\/wp-json\/wp\/v2\/media?parent=330293"}],"wp:term":[{"taxonomy":"category","embeddable":true,"href":"https:\/\/www.notibras.com\/site\/wp-json\/wp\/v2\/categories?post=330293"},{"taxonomy":"post_tag","embeddable":true,"href":"https:\/\/www.notibras.com\/site\/wp-json\/wp\/v2\/tags?post=330293"}],"curies":[{"name":"wp","href":"https:\/\/api.w.org\/{rel}","templated":true}]}}