{"id":330298,"date":"2024-06-07T09:42:05","date_gmt":"2024-06-07T12:42:05","guid":{"rendered":"https:\/\/www.notibras.com\/site\/?p=330298"},"modified":"2024-06-07T09:44:47","modified_gmt":"2024-06-07T12:44:47","slug":"lenda-urbana-da-linha-de-onibus-plano-sobradinho","status":"publish","type":"post","link":"https:\/\/www.notibras.com\/site\/lenda-urbana-da-linha-de-onibus-plano-sobradinho\/","title":{"rendered":"Lenda urbana da linha de \u00f4nibus Plano\/Sobradinho"},"content":{"rendered":"<p>Voc\u00ea bem que poderia dizer que se trata de mais uma lenda urbana, mas afirmo que est\u00e1 redondamente enganado. Sou testemunha ocular do fato, ocorrido no dia 10 de janeiro de 1985, uma quinta-feira. Como guardei tal data? Simples, mas aguarde at\u00e9 o final da hist\u00f3ria para descobrir<\/p>\n<p>Meu nome \u00e9 Francisco dos Santos. Ali\u00e1s, dos Santos por parte de m\u00e3e e pai. Mam\u00e3e at\u00e9 queria que ficasse Francisco dos Santos dos Santos, mas o homem do cart\u00f3rio achou que ficaria esquisito e disse que o dos Santos seria dos dois. Papai, que sabia respeitar decis\u00e3o de gente importante, nem discutiu. Voltou para casa e ouviu at\u00e9 seus \u00faltimos dias que o dos Santos do meu nome era dela e n\u00e3o dele.<\/p>\n<p>Pois l\u00e1 estava, nos meus 23 anos, em p\u00e9 naquele \u00f4nibus lotado, indo para Sobradinho, quando, bem ali no in\u00edcio da Asa Norte, aconteceu um acidente envolvendo dois Opalas. Pelo visto, um queria correr mais do que o outro e, por conta de tamanha disputa, bateram e fecharam a W3. Formou-se o caos, justamente no hor\u00e1rio que todos estavam a caminho do lar.<\/p>\n<p>Foi um festival de buzinas em Bras\u00edlia, onde o povo adora propagar que os motoristas ali n\u00e3o buzinam. Pois, sim! Naquele dia, n\u00e3o houve condutor que se sentiu impedido de apertar com for\u00e7a as buzinas, seja de Corcel, seja de Chevette ou at\u00e9 mesmo de Fusquinhas.<\/p>\n<p>O calor, mesmo \u00e0quela hora, n\u00e3o dava tr\u00e9gua. Os passageiros abriram todas as janelas para entrar um ventinho, que se mostrava t\u00edmido. Xingamentos de todos os lados, de todos os tipos, de todas as bocas. Um barulho ensurdecedor. E l\u00e1 estava o motorista, que ainda tentou conter aquele povo. Foi um festival de palavr\u00f5es direcionados para ele e at\u00e9 sobrou para a sua genitora, que, at\u00e9 onde sei, n\u00e3o estava presente para se defender.<\/p>\n<p>De repente, no calor do momento, o motorista se levantou, olhou para aquela gente enfurecida e, sem palavra, abriu a porta do \u00f4nibus e foi embora. Ningu\u00e9m entendeu aquela atitude, at\u00e9 que o cobrador, um rapaz franzino, nos revelou: &#8220;O Cardoso soube hoje que a sua aposentadoria saiu.&#8221;<\/p>\n<p>Todos ali dentro se perguntaram o que fariam, at\u00e9 que algu\u00e9m sugeriu que um dos passageiros poderia continuar a viagem no lugar do motorista. Uma senhora apontou o dedo para mim e disse que eu tinha cara de quem sabia dirigir \u00f4nibus. Eu, que mal havia tirado a carteira, fui arrastado at\u00e9 o banco do motorista. E, n\u00e3o me pergunte como, terminei a viagem.<\/p>\n<p>Pelo visto, voc\u00ea ainda est\u00e1 aqui, na certa para saber como \u00e9 que guardei essa data. \u00c9 que esse foi o meu primeiro dia como motorista da linha Plano Piloto\/Sobradinho.<\/p>\n<p><strong>*Eduardo Mart\u00ednez \u00e9 autor do livro \u201c57 Contos e Cr\u00f4nicas por um Autor muito Velho\u201d.<\/strong><\/p>\n<p>Compre aqui\u00a0<span class=\"x19la9d6 x1fc57z9 x6ikm8r x10wlt62 x19co3pv x1g5zs5t xfibh0p xiy17q3 x1xsqp64 x1lkfr7t xexx8yu x4uap5 x18d9i69 xkhd6sd\"><span class=\"xrtxmta x1bhl96m\"><img decoding=\"async\" class=\"emoji\" role=\"img\" draggable=\"false\" src=\"https:\/\/s.w.org\/images\/core\/emoji\/14.0.0\/svg\/1f447-1f3ff.svg\" alt=\"&#x1f447;&#x1f3ff;\" \/><\/span><\/span><span class=\"x19la9d6 x1fc57z9 x6ikm8r x10wlt62 x19co3pv x1g5zs5t xfibh0p xiy17q3 x1xsqp64 x1lkfr7t xexx8yu x4uap5 x18d9i69 xkhd6sd\"><span class=\"xrtxmta x1bhl96m\"><img decoding=\"async\" class=\"emoji\" role=\"img\" draggable=\"false\" src=\"https:\/\/s.w.org\/images\/core\/emoji\/14.0.0\/svg\/1f447-1f3ff.svg\" alt=\"&#x1f447;&#x1f3ff;\" \/><\/span><\/span><span class=\"x19la9d6 x1fc57z9 x6ikm8r x10wlt62 x19co3pv x1g5zs5t xfibh0p xiy17q3 x1xsqp64 x1lkfr7t xexx8yu x4uap5 x18d9i69 xkhd6sd\"><span class=\"xrtxmta x1bhl96m\"><img decoding=\"async\" class=\"emoji\" role=\"img\" draggable=\"false\" src=\"https:\/\/s.w.org\/images\/core\/emoji\/14.0.0\/svg\/1f447-1f3ff.svg\" alt=\"&#x1f447;&#x1f3ff;\" \/><\/span><\/span><\/p>\n<p><a href=\"http:\/\/www.joanineditora.com.br\/57-contos-e-cronicas-por-um-autor-muito-velho\">http:\/\/www.joanineditora.com.br\/57-contos-e-cronicas-por-um-autor-muito-velho<\/a><\/p>\n","protected":false},"excerpt":{"rendered":"<p>Voc\u00ea bem que poderia dizer que se trata de mais uma lenda urbana, mas afirmo que est\u00e1 redondamente enganado. Sou testemunha ocular do fato, ocorrido no dia 10 de janeiro de 1985, uma quinta-feira. Como guardei tal data? Simples, mas aguarde at\u00e9 o final da hist\u00f3ria para descobrir Meu nome \u00e9 Francisco dos Santos. Ali\u00e1s, [&hellip;]<\/p>\n","protected":false},"author":2,"featured_media":330299,"comment_status":"closed","ping_status":"closed","sticky":false,"template":"","format":"standard","meta":{"_acf_changed":false,"footnotes":""},"categories":[161],"tags":[],"class_list":["post-330298","post","type-post","status-publish","format-standard","has-post-thumbnail","hentry","category-quadradinho-em-foco"],"acf":[],"yoast_head":"<!-- This site is optimized with the Yoast SEO plugin v27.5 - https:\/\/yoast.com\/product\/yoast-seo-wordpress\/ -->\n<title>Lenda urbana da linha de \u00f4nibus Plano\/Sobradinho - Notibras<\/title>\n<meta name=\"robots\" content=\"index, follow, max-snippet:-1, max-image-preview:large, max-video-preview:-1\" \/>\n<link rel=\"canonical\" href=\"https:\/\/www.notibras.com\/site\/lenda-urbana-da-linha-de-onibus-plano-sobradinho\/\" \/>\n<meta property=\"og:locale\" content=\"pt_BR\" \/>\n<meta property=\"og:type\" content=\"article\" \/>\n<meta property=\"og:title\" content=\"Lenda urbana da linha de \u00f4nibus Plano\/Sobradinho - Notibras\" \/>\n<meta property=\"og:description\" content=\"Voc\u00ea bem que poderia dizer que se trata de mais uma lenda urbana, mas afirmo que est\u00e1 redondamente enganado. Sou testemunha ocular do fato, ocorrido no dia 10 de janeiro de 1985, uma quinta-feira. Como guardei tal data? Simples, mas aguarde at\u00e9 o final da hist\u00f3ria para descobrir Meu nome \u00e9 Francisco dos Santos. Ali\u00e1s, [&hellip;]\" \/>\n<meta property=\"og:url\" content=\"https:\/\/www.notibras.com\/site\/lenda-urbana-da-linha-de-onibus-plano-sobradinho\/\" \/>\n<meta property=\"og:site_name\" content=\"Notibras\" \/>\n<meta property=\"article:publisher\" content=\"https:\/\/www.facebook.com\/notibras\/\" \/>\n<meta property=\"article:published_time\" content=\"2024-06-07T12:42:05+00:00\" \/>\n<meta property=\"article:modified_time\" content=\"2024-06-07T12:44:47+00:00\" \/>\n<meta property=\"og:image\" content=\"https:\/\/www.notibras.com\/site\/wp-content\/uploads\/2024\/06\/edu.sob_.pp_.jpg\" \/>\n\t<meta property=\"og:image:width\" content=\"512\" \/>\n\t<meta property=\"og:image:height\" content=\"473\" \/>\n\t<meta property=\"og:image:type\" content=\"image\/jpeg\" \/>\n<meta name=\"author\" content=\"Reda\u00e7\u00e3o\" \/>\n<meta name=\"twitter:card\" content=\"summary_large_image\" \/>\n<meta name=\"twitter:creator\" content=\"@Notibras\" \/>\n<meta name=\"twitter:site\" content=\"@Notibras\" \/>\n<meta name=\"twitter:label1\" content=\"Escrito por\" \/>\n\t<meta name=\"twitter:data1\" content=\"Reda\u00e7\u00e3o\" \/>\n\t<meta name=\"twitter:label2\" content=\"Est. tempo de leitura\" \/>\n\t<meta name=\"twitter:data2\" content=\"4 minutos\" \/>\n<script type=\"application\/ld+json\" class=\"yoast-schema-graph\">{\"@context\":\"https:\\\/\\\/schema.org\",\"@graph\":[{\"@type\":\"Article\",\"@id\":\"https:\\\/\\\/www.notibras.com\\\/site\\\/lenda-urbana-da-linha-de-onibus-plano-sobradinho\\\/#article\",\"isPartOf\":{\"@id\":\"https:\\\/\\\/www.notibras.com\\\/site\\\/lenda-urbana-da-linha-de-onibus-plano-sobradinho\\\/\"},\"author\":{\"name\":\"Reda\u00e7\u00e3o\",\"@id\":\"https:\\\/\\\/www.notibras.com\\\/site\\\/#\\\/schema\\\/person\\\/36ab0979449956132d3e5b517ea76ac8\"},\"headline\":\"Lenda urbana da linha de \u00f4nibus Plano\\\/Sobradinho\",\"datePublished\":\"2024-06-07T12:42:05+00:00\",\"dateModified\":\"2024-06-07T12:44:47+00:00\",\"mainEntityOfPage\":{\"@id\":\"https:\\\/\\\/www.notibras.com\\\/site\\\/lenda-urbana-da-linha-de-onibus-plano-sobradinho\\\/\"},\"wordCount\":494,\"publisher\":{\"@id\":\"https:\\\/\\\/www.notibras.com\\\/site\\\/#organization\"},\"image\":{\"@id\":\"https:\\\/\\\/www.notibras.com\\\/site\\\/lenda-urbana-da-linha-de-onibus-plano-sobradinho\\\/#primaryimage\"},\"thumbnailUrl\":\"https:\\\/\\\/www.notibras.com\\\/site\\\/wp-content\\\/uploads\\\/2024\\\/06\\\/edu.sob_.pp_.jpg\",\"articleSection\":[\"Quadradinho em Foco\"],\"inLanguage\":\"pt-BR\"},{\"@type\":\"WebPage\",\"@id\":\"https:\\\/\\\/www.notibras.com\\\/site\\\/lenda-urbana-da-linha-de-onibus-plano-sobradinho\\\/\",\"url\":\"https:\\\/\\\/www.notibras.com\\\/site\\\/lenda-urbana-da-linha-de-onibus-plano-sobradinho\\\/\",\"name\":\"Lenda urbana da linha de \u00f4nibus Plano\\\/Sobradinho - Notibras\",\"isPartOf\":{\"@id\":\"https:\\\/\\\/www.notibras.com\\\/site\\\/#website\"},\"primaryImageOfPage\":{\"@id\":\"https:\\\/\\\/www.notibras.com\\\/site\\\/lenda-urbana-da-linha-de-onibus-plano-sobradinho\\\/#primaryimage\"},\"image\":{\"@id\":\"https:\\\/\\\/www.notibras.com\\\/site\\\/lenda-urbana-da-linha-de-onibus-plano-sobradinho\\\/#primaryimage\"},\"thumbnailUrl\":\"https:\\\/\\\/www.notibras.com\\\/site\\\/wp-content\\\/uploads\\\/2024\\\/06\\\/edu.sob_.pp_.jpg\",\"datePublished\":\"2024-06-07T12:42:05+00:00\",\"dateModified\":\"2024-06-07T12:44:47+00:00\",\"breadcrumb\":{\"@id\":\"https:\\\/\\\/www.notibras.com\\\/site\\\/lenda-urbana-da-linha-de-onibus-plano-sobradinho\\\/#breadcrumb\"},\"inLanguage\":\"pt-BR\",\"potentialAction\":[{\"@type\":\"ReadAction\",\"target\":[\"https:\\\/\\\/www.notibras.com\\\/site\\\/lenda-urbana-da-linha-de-onibus-plano-sobradinho\\\/\"]}]},{\"@type\":\"ImageObject\",\"inLanguage\":\"pt-BR\",\"@id\":\"https:\\\/\\\/www.notibras.com\\\/site\\\/lenda-urbana-da-linha-de-onibus-plano-sobradinho\\\/#primaryimage\",\"url\":\"https:\\\/\\\/www.notibras.com\\\/site\\\/wp-content\\\/uploads\\\/2024\\\/06\\\/edu.sob_.pp_.jpg\",\"contentUrl\":\"https:\\\/\\\/www.notibras.com\\\/site\\\/wp-content\\\/uploads\\\/2024\\\/06\\\/edu.sob_.pp_.jpg\",\"width\":512,\"height\":473},{\"@type\":\"BreadcrumbList\",\"@id\":\"https:\\\/\\\/www.notibras.com\\\/site\\\/lenda-urbana-da-linha-de-onibus-plano-sobradinho\\\/#breadcrumb\",\"itemListElement\":[{\"@type\":\"ListItem\",\"position\":1,\"name\":\"In\u00edcio\",\"item\":\"https:\\\/\\\/www.notibras.com\\\/site\\\/\"},{\"@type\":\"ListItem\",\"position\":2,\"name\":\"Lenda urbana da linha de \u00f4nibus Plano\\\/Sobradinho\"}]},{\"@type\":\"WebSite\",\"@id\":\"https:\\\/\\\/www.notibras.com\\\/site\\\/#website\",\"url\":\"https:\\\/\\\/www.notibras.com\\\/site\\\/\",\"name\":\"Notibras\",\"description\":\"Not\u00edcias de Bras\u00edlia, do Brasil e do Mundo\",\"publisher\":{\"@id\":\"https:\\\/\\\/www.notibras.com\\\/site\\\/#organization\"},\"potentialAction\":[{\"@type\":\"SearchAction\",\"target\":{\"@type\":\"EntryPoint\",\"urlTemplate\":\"https:\\\/\\\/www.notibras.com\\\/site\\\/?s={search_term_string}\"},\"query-input\":{\"@type\":\"PropertyValueSpecification\",\"valueRequired\":true,\"valueName\":\"search_term_string\"}}],\"inLanguage\":\"pt-BR\"},{\"@type\":\"Organization\",\"@id\":\"https:\\\/\\\/www.notibras.com\\\/site\\\/#organization\",\"name\":\"Grupo Notibras de Comunica\u00e7\u00e3o\",\"url\":\"https:\\\/\\\/www.notibras.com\\\/site\\\/\",\"logo\":{\"@type\":\"ImageObject\",\"inLanguage\":\"pt-BR\",\"@id\":\"https:\\\/\\\/www.notibras.com\\\/site\\\/#\\\/schema\\\/logo\\\/image\\\/\",\"url\":\"https:\\\/\\\/www.notibras.com\\\/site\\\/wp-content\\\/uploads\\\/2023\\\/01\\\/notibras23.png\",\"contentUrl\":\"https:\\\/\\\/www.notibras.com\\\/site\\\/wp-content\\\/uploads\\\/2023\\\/01\\\/notibras23.png\",\"width\":350,\"height\":87,\"caption\":\"Grupo Notibras de Comunica\u00e7\u00e3o\"},\"image\":{\"@id\":\"https:\\\/\\\/www.notibras.com\\\/site\\\/#\\\/schema\\\/logo\\\/image\\\/\"},\"sameAs\":[\"https:\\\/\\\/www.facebook.com\\\/notibras\\\/\",\"https:\\\/\\\/x.com\\\/Notibras\",\"https:\\\/\\\/www.instagram.com\\\/notibras\\\/\"]},{\"@type\":\"Person\",\"@id\":\"https:\\\/\\\/www.notibras.com\\\/site\\\/#\\\/schema\\\/person\\\/36ab0979449956132d3e5b517ea76ac8\",\"name\":\"Reda\u00e7\u00e3o\",\"image\":{\"@type\":\"ImageObject\",\"inLanguage\":\"pt-BR\",\"@id\":\"https:\\\/\\\/secure.gravatar.com\\\/avatar\\\/e0a867bdedb85fd243eadf09663511f96fc81e0720a4a42581f334ad4303aa6b?s=96&d=mm&r=g\",\"url\":\"https:\\\/\\\/secure.gravatar.com\\\/avatar\\\/e0a867bdedb85fd243eadf09663511f96fc81e0720a4a42581f334ad4303aa6b?s=96&d=mm&r=g\",\"contentUrl\":\"https:\\\/\\\/secure.gravatar.com\\\/avatar\\\/e0a867bdedb85fd243eadf09663511f96fc81e0720a4a42581f334ad4303aa6b?s=96&d=mm&r=g\",\"caption\":\"Reda\u00e7\u00e3o\"}}]}<\/script>\n<!-- \/ Yoast SEO plugin. -->","yoast_head_json":{"title":"Lenda urbana da linha de \u00f4nibus Plano\/Sobradinho - Notibras","robots":{"index":"index","follow":"follow","max-snippet":"max-snippet:-1","max-image-preview":"max-image-preview:large","max-video-preview":"max-video-preview:-1"},"canonical":"https:\/\/www.notibras.com\/site\/lenda-urbana-da-linha-de-onibus-plano-sobradinho\/","og_locale":"pt_BR","og_type":"article","og_title":"Lenda urbana da linha de \u00f4nibus Plano\/Sobradinho - Notibras","og_description":"Voc\u00ea bem que poderia dizer que se trata de mais uma lenda urbana, mas afirmo que est\u00e1 redondamente enganado. Sou testemunha ocular do fato, ocorrido no dia 10 de janeiro de 1985, uma quinta-feira. Como guardei tal data? Simples, mas aguarde at\u00e9 o final da hist\u00f3ria para descobrir Meu nome \u00e9 Francisco dos Santos. Ali\u00e1s, [&hellip;]","og_url":"https:\/\/www.notibras.com\/site\/lenda-urbana-da-linha-de-onibus-plano-sobradinho\/","og_site_name":"Notibras","article_publisher":"https:\/\/www.facebook.com\/notibras\/","article_published_time":"2024-06-07T12:42:05+00:00","article_modified_time":"2024-06-07T12:44:47+00:00","og_image":[{"width":512,"height":473,"url":"https:\/\/www.notibras.com\/site\/wp-content\/uploads\/2024\/06\/edu.sob_.pp_.jpg","type":"image\/jpeg"}],"author":"Reda\u00e7\u00e3o","twitter_card":"summary_large_image","twitter_creator":"@Notibras","twitter_site":"@Notibras","twitter_misc":{"Escrito por":"Reda\u00e7\u00e3o","Est. tempo de leitura":"4 minutos"},"schema":{"@context":"https:\/\/schema.org","@graph":[{"@type":"Article","@id":"https:\/\/www.notibras.com\/site\/lenda-urbana-da-linha-de-onibus-plano-sobradinho\/#article","isPartOf":{"@id":"https:\/\/www.notibras.com\/site\/lenda-urbana-da-linha-de-onibus-plano-sobradinho\/"},"author":{"name":"Reda\u00e7\u00e3o","@id":"https:\/\/www.notibras.com\/site\/#\/schema\/person\/36ab0979449956132d3e5b517ea76ac8"},"headline":"Lenda urbana da linha de \u00f4nibus Plano\/Sobradinho","datePublished":"2024-06-07T12:42:05+00:00","dateModified":"2024-06-07T12:44:47+00:00","mainEntityOfPage":{"@id":"https:\/\/www.notibras.com\/site\/lenda-urbana-da-linha-de-onibus-plano-sobradinho\/"},"wordCount":494,"publisher":{"@id":"https:\/\/www.notibras.com\/site\/#organization"},"image":{"@id":"https:\/\/www.notibras.com\/site\/lenda-urbana-da-linha-de-onibus-plano-sobradinho\/#primaryimage"},"thumbnailUrl":"https:\/\/www.notibras.com\/site\/wp-content\/uploads\/2024\/06\/edu.sob_.pp_.jpg","articleSection":["Quadradinho em Foco"],"inLanguage":"pt-BR"},{"@type":"WebPage","@id":"https:\/\/www.notibras.com\/site\/lenda-urbana-da-linha-de-onibus-plano-sobradinho\/","url":"https:\/\/www.notibras.com\/site\/lenda-urbana-da-linha-de-onibus-plano-sobradinho\/","name":"Lenda urbana da linha de \u00f4nibus Plano\/Sobradinho - Notibras","isPartOf":{"@id":"https:\/\/www.notibras.com\/site\/#website"},"primaryImageOfPage":{"@id":"https:\/\/www.notibras.com\/site\/lenda-urbana-da-linha-de-onibus-plano-sobradinho\/#primaryimage"},"image":{"@id":"https:\/\/www.notibras.com\/site\/lenda-urbana-da-linha-de-onibus-plano-sobradinho\/#primaryimage"},"thumbnailUrl":"https:\/\/www.notibras.com\/site\/wp-content\/uploads\/2024\/06\/edu.sob_.pp_.jpg","datePublished":"2024-06-07T12:42:05+00:00","dateModified":"2024-06-07T12:44:47+00:00","breadcrumb":{"@id":"https:\/\/www.notibras.com\/site\/lenda-urbana-da-linha-de-onibus-plano-sobradinho\/#breadcrumb"},"inLanguage":"pt-BR","potentialAction":[{"@type":"ReadAction","target":["https:\/\/www.notibras.com\/site\/lenda-urbana-da-linha-de-onibus-plano-sobradinho\/"]}]},{"@type":"ImageObject","inLanguage":"pt-BR","@id":"https:\/\/www.notibras.com\/site\/lenda-urbana-da-linha-de-onibus-plano-sobradinho\/#primaryimage","url":"https:\/\/www.notibras.com\/site\/wp-content\/uploads\/2024\/06\/edu.sob_.pp_.jpg","contentUrl":"https:\/\/www.notibras.com\/site\/wp-content\/uploads\/2024\/06\/edu.sob_.pp_.jpg","width":512,"height":473},{"@type":"BreadcrumbList","@id":"https:\/\/www.notibras.com\/site\/lenda-urbana-da-linha-de-onibus-plano-sobradinho\/#breadcrumb","itemListElement":[{"@type":"ListItem","position":1,"name":"In\u00edcio","item":"https:\/\/www.notibras.com\/site\/"},{"@type":"ListItem","position":2,"name":"Lenda urbana da linha de \u00f4nibus Plano\/Sobradinho"}]},{"@type":"WebSite","@id":"https:\/\/www.notibras.com\/site\/#website","url":"https:\/\/www.notibras.com\/site\/","name":"Notibras","description":"Not\u00edcias de Bras\u00edlia, do Brasil e do Mundo","publisher":{"@id":"https:\/\/www.notibras.com\/site\/#organization"},"potentialAction":[{"@type":"SearchAction","target":{"@type":"EntryPoint","urlTemplate":"https:\/\/www.notibras.com\/site\/?s={search_term_string}"},"query-input":{"@type":"PropertyValueSpecification","valueRequired":true,"valueName":"search_term_string"}}],"inLanguage":"pt-BR"},{"@type":"Organization","@id":"https:\/\/www.notibras.com\/site\/#organization","name":"Grupo Notibras de Comunica\u00e7\u00e3o","url":"https:\/\/www.notibras.com\/site\/","logo":{"@type":"ImageObject","inLanguage":"pt-BR","@id":"https:\/\/www.notibras.com\/site\/#\/schema\/logo\/image\/","url":"https:\/\/www.notibras.com\/site\/wp-content\/uploads\/2023\/01\/notibras23.png","contentUrl":"https:\/\/www.notibras.com\/site\/wp-content\/uploads\/2023\/01\/notibras23.png","width":350,"height":87,"caption":"Grupo Notibras de Comunica\u00e7\u00e3o"},"image":{"@id":"https:\/\/www.notibras.com\/site\/#\/schema\/logo\/image\/"},"sameAs":["https:\/\/www.facebook.com\/notibras\/","https:\/\/x.com\/Notibras","https:\/\/www.instagram.com\/notibras\/"]},{"@type":"Person","@id":"https:\/\/www.notibras.com\/site\/#\/schema\/person\/36ab0979449956132d3e5b517ea76ac8","name":"Reda\u00e7\u00e3o","image":{"@type":"ImageObject","inLanguage":"pt-BR","@id":"https:\/\/secure.gravatar.com\/avatar\/e0a867bdedb85fd243eadf09663511f96fc81e0720a4a42581f334ad4303aa6b?s=96&d=mm&r=g","url":"https:\/\/secure.gravatar.com\/avatar\/e0a867bdedb85fd243eadf09663511f96fc81e0720a4a42581f334ad4303aa6b?s=96&d=mm&r=g","contentUrl":"https:\/\/secure.gravatar.com\/avatar\/e0a867bdedb85fd243eadf09663511f96fc81e0720a4a42581f334ad4303aa6b?s=96&d=mm&r=g","caption":"Reda\u00e7\u00e3o"}}]}},"amp_enabled":true,"_links":{"self":[{"href":"https:\/\/www.notibras.com\/site\/wp-json\/wp\/v2\/posts\/330298","targetHints":{"allow":["GET"]}}],"collection":[{"href":"https:\/\/www.notibras.com\/site\/wp-json\/wp\/v2\/posts"}],"about":[{"href":"https:\/\/www.notibras.com\/site\/wp-json\/wp\/v2\/types\/post"}],"author":[{"embeddable":true,"href":"https:\/\/www.notibras.com\/site\/wp-json\/wp\/v2\/users\/2"}],"replies":[{"embeddable":true,"href":"https:\/\/www.notibras.com\/site\/wp-json\/wp\/v2\/comments?post=330298"}],"version-history":[{"count":3,"href":"https:\/\/www.notibras.com\/site\/wp-json\/wp\/v2\/posts\/330298\/revisions"}],"predecessor-version":[{"id":330302,"href":"https:\/\/www.notibras.com\/site\/wp-json\/wp\/v2\/posts\/330298\/revisions\/330302"}],"wp:featuredmedia":[{"embeddable":true,"href":"https:\/\/www.notibras.com\/site\/wp-json\/wp\/v2\/media\/330299"}],"wp:attachment":[{"href":"https:\/\/www.notibras.com\/site\/wp-json\/wp\/v2\/media?parent=330298"}],"wp:term":[{"taxonomy":"category","embeddable":true,"href":"https:\/\/www.notibras.com\/site\/wp-json\/wp\/v2\/categories?post=330298"},{"taxonomy":"post_tag","embeddable":true,"href":"https:\/\/www.notibras.com\/site\/wp-json\/wp\/v2\/tags?post=330298"}],"curies":[{"name":"wp","href":"https:\/\/api.w.org\/{rel}","templated":true}]}}