{"id":33030,"date":"2015-01-05T22:34:34","date_gmt":"2015-01-06T01:34:34","guid":{"rendered":"http:\/\/www.notibras.com\/site\/?p=33030"},"modified":"2015-01-05T22:34:34","modified_gmt":"2015-01-06T01:34:34","slug":"choque-de-trens-fere-70-na-baixada-fluminense","status":"publish","type":"post","link":"https:\/\/www.notibras.com\/site\/choque-de-trens-fere-70-na-baixada-fluminense\/","title":{"rendered":"Choque de trens fere 70 na Baixada Fluminense"},"content":{"rendered":"<p>Ao menos 70 pessoas ficaram feridas ap\u00f3s um choque entre dois trens na esta\u00e7\u00e3o Juscelino, em Mesquita, na Baixada Fluminense, no Rio. Nenhum dos passageiros est\u00e1 em estado grave, segundo o secret\u00e1rio estadual de Transporte Carlos Roberto Os\u00f3rio.<\/p>\n<p>De acordo com a concession\u00e1ria Supervia, um trem que seguia da Central do Brasil para Japeri bateu na traseira de outra composi\u00e7\u00e3o, que se encontrava parada na esta\u00e7\u00e3o. As primeiras informa\u00e7\u00f5es n\u00e3o levantaram feridos graves. A secretaria de Sa\u00fade da cidade est\u00e1 acompanhando as v\u00edtimas.<\/p>\n<blockquote><p>O\u00a0trem que bateu estava reformado e com manuten\u00e7\u00e3o em dia, segundo Os\u00f3rio. O maquinista do trem que bateu na composi\u00e7\u00e3o parada e n\u00e3o teria sofrido nenhuma les\u00e3o grave e estaria auxiliando as equipes. &#8220;Ele ser\u00e1 uma pe\u00e7a chave para entender o acidente&#8221;, diz\u00a0o secret\u00e1rio.<\/p><\/blockquote>\n<p>O Corpo de Bombeiros e o Grupamento de Pol\u00edcia Ferrovi\u00e1ria (GPFer) foram acionados para prestar o atendimento necess\u00e1rio. Todos os feridos foram retirados das composi\u00e7\u00f5es e receberam atendimento no local pelo Corpo de Bombeiros e Samu. T\u00e9cnicos da SuperVia est\u00e3o no local para apurar as causas do incidente e auxiliar os passageiros.<\/p>\n<p>O perfil do Twitter da Supervia informou que o mau tempo prejudicou o fornecimento de energia na linha do ramal e o sistema de sinaliza\u00e7\u00e3o foi afetado.<\/p>\n<blockquote><p>Segundo H\u00e9lcio Ramalho, passageiro do trem que estava em movimento, a composi\u00e7\u00e3o j\u00e1 havia apresentando problemas. &#8220;O trem estava muito lento, parando muito&#8221;. O passageiro afirmou que a luz do trem apagou ap\u00f3s o choque. &#8220;Houve um desespero danado, quem conseguiu se levantou&#8221;, disse em entrevista ao canal &#8220;Globo News&#8221;.<\/p><\/blockquote>\n","protected":false},"excerpt":{"rendered":"<p>Ao menos 70 pessoas ficaram feridas ap\u00f3s um choque entre dois trens na esta\u00e7\u00e3o Juscelino, em Mesquita, na Baixada Fluminense, no Rio. Nenhum dos passageiros est\u00e1 em estado grave, segundo o secret\u00e1rio estadual de Transporte Carlos Roberto Os\u00f3rio. De acordo com a concession\u00e1ria Supervia, um trem que seguia da Central do Brasil para Japeri bateu [&hellip;]<\/p>\n","protected":false},"author":2,"featured_media":33031,"comment_status":"open","ping_status":"closed","sticky":false,"template":"","format":"standard","meta":{"_acf_changed":false,"footnotes":""},"categories":[16],"tags":[],"class_list":["post-33030","post","type-post","status-publish","format-standard","has-post-thumbnail","hentry","category-brasil"],"acf":[],"yoast_head":"<!-- This site is optimized with the Yoast SEO plugin v27.2 - https:\/\/yoast.com\/product\/yoast-seo-wordpress\/ -->\n<title>Choque de trens fere 70 na Baixada Fluminense - Notibras<\/title>\n<meta name=\"robots\" content=\"index, follow, max-snippet:-1, max-image-preview:large, max-video-preview:-1\" \/>\n<link rel=\"canonical\" href=\"https:\/\/www.notibras.com\/site\/choque-de-trens-fere-70-na-baixada-fluminense\/\" \/>\n<meta property=\"og:locale\" content=\"pt_BR\" \/>\n<meta property=\"og:type\" content=\"article\" \/>\n<meta property=\"og:title\" content=\"Choque de trens fere 70 na Baixada Fluminense - Notibras\" \/>\n<meta property=\"og:description\" content=\"Ao menos 70 pessoas ficaram feridas ap\u00f3s um choque entre dois trens na esta\u00e7\u00e3o Juscelino, em Mesquita, na Baixada Fluminense, no Rio. Nenhum dos passageiros est\u00e1 em estado grave, segundo o secret\u00e1rio estadual de Transporte Carlos Roberto Os\u00f3rio. De acordo com a concession\u00e1ria Supervia, um trem que seguia da Central do Brasil para Japeri bateu [&hellip;]\" \/>\n<meta property=\"og:url\" content=\"https:\/\/www.notibras.com\/site\/choque-de-trens-fere-70-na-baixada-fluminense\/\" \/>\n<meta property=\"og:site_name\" content=\"Notibras\" \/>\n<meta property=\"article:publisher\" content=\"https:\/\/www.facebook.com\/notibras\/\" \/>\n<meta property=\"article:published_time\" content=\"2015-01-06T01:34:34+00:00\" \/>\n<meta property=\"og:image\" content=\"https:\/\/www.notibras.com\/site\/wp-content\/uploads\/2015\/01\/trens.jpg\" \/>\n\t<meta property=\"og:image:width\" content=\"300\" \/>\n\t<meta property=\"og:image:height\" content=\"300\" \/>\n\t<meta property=\"og:image:type\" content=\"image\/jpeg\" \/>\n<meta name=\"author\" content=\"Reda\u00e7\u00e3o\" \/>\n<meta name=\"twitter:card\" content=\"summary_large_image\" \/>\n<meta name=\"twitter:creator\" content=\"@Notibras\" \/>\n<meta name=\"twitter:site\" content=\"@Notibras\" \/>\n<meta name=\"twitter:label1\" content=\"Escrito por\" \/>\n\t<meta name=\"twitter:data1\" content=\"Reda\u00e7\u00e3o\" \/>\n\t<meta name=\"twitter:label2\" content=\"Est. tempo de leitura\" \/>\n\t<meta name=\"twitter:data2\" content=\"1 minuto\" \/>\n<script type=\"application\/ld+json\" class=\"yoast-schema-graph\">{\"@context\":\"https:\/\/schema.org\",\"@graph\":[{\"@type\":\"Article\",\"@id\":\"https:\/\/www.notibras.com\/site\/choque-de-trens-fere-70-na-baixada-fluminense\/#article\",\"isPartOf\":{\"@id\":\"https:\/\/www.notibras.com\/site\/choque-de-trens-fere-70-na-baixada-fluminense\/\"},\"author\":{\"name\":\"Reda\u00e7\u00e3o\",\"@id\":\"https:\/\/www.notibras.com\/site\/#\/schema\/person\/36ab0979449956132d3e5b517ea76ac8\"},\"headline\":\"Choque de trens fere 70 na Baixada Fluminense\",\"datePublished\":\"2015-01-06T01:34:34+00:00\",\"mainEntityOfPage\":{\"@id\":\"https:\/\/www.notibras.com\/site\/choque-de-trens-fere-70-na-baixada-fluminense\/\"},\"wordCount\":292,\"commentCount\":0,\"publisher\":{\"@id\":\"https:\/\/www.notibras.com\/site\/#organization\"},\"image\":{\"@id\":\"https:\/\/www.notibras.com\/site\/choque-de-trens-fere-70-na-baixada-fluminense\/#primaryimage\"},\"thumbnailUrl\":\"https:\/\/www.notibras.com\/site\/wp-content\/uploads\/2015\/01\/trens.jpg\",\"articleSection\":[\"Brasil\"],\"inLanguage\":\"pt-BR\",\"potentialAction\":[{\"@type\":\"CommentAction\",\"name\":\"Comment\",\"target\":[\"https:\/\/www.notibras.com\/site\/choque-de-trens-fere-70-na-baixada-fluminense\/#respond\"]}]},{\"@type\":\"WebPage\",\"@id\":\"https:\/\/www.notibras.com\/site\/choque-de-trens-fere-70-na-baixada-fluminense\/\",\"url\":\"https:\/\/www.notibras.com\/site\/choque-de-trens-fere-70-na-baixada-fluminense\/\",\"name\":\"Choque de trens fere 70 na Baixada Fluminense - Notibras\",\"isPartOf\":{\"@id\":\"https:\/\/www.notibras.com\/site\/#website\"},\"primaryImageOfPage\":{\"@id\":\"https:\/\/www.notibras.com\/site\/choque-de-trens-fere-70-na-baixada-fluminense\/#primaryimage\"},\"image\":{\"@id\":\"https:\/\/www.notibras.com\/site\/choque-de-trens-fere-70-na-baixada-fluminense\/#primaryimage\"},\"thumbnailUrl\":\"https:\/\/www.notibras.com\/site\/wp-content\/uploads\/2015\/01\/trens.jpg\",\"datePublished\":\"2015-01-06T01:34:34+00:00\",\"breadcrumb\":{\"@id\":\"https:\/\/www.notibras.com\/site\/choque-de-trens-fere-70-na-baixada-fluminense\/#breadcrumb\"},\"inLanguage\":\"pt-BR\",\"potentialAction\":[{\"@type\":\"ReadAction\",\"target\":[\"https:\/\/www.notibras.com\/site\/choque-de-trens-fere-70-na-baixada-fluminense\/\"]}]},{\"@type\":\"ImageObject\",\"inLanguage\":\"pt-BR\",\"@id\":\"https:\/\/www.notibras.com\/site\/choque-de-trens-fere-70-na-baixada-fluminense\/#primaryimage\",\"url\":\"https:\/\/www.notibras.com\/site\/wp-content\/uploads\/2015\/01\/trens.jpg\",\"contentUrl\":\"https:\/\/www.notibras.com\/site\/wp-content\/uploads\/2015\/01\/trens.jpg\",\"width\":300,\"height\":300},{\"@type\":\"BreadcrumbList\",\"@id\":\"https:\/\/www.notibras.com\/site\/choque-de-trens-fere-70-na-baixada-fluminense\/#breadcrumb\",\"itemListElement\":[{\"@type\":\"ListItem\",\"position\":1,\"name\":\"In\u00edcio\",\"item\":\"https:\/\/www.notibras.com\/site\/\"},{\"@type\":\"ListItem\",\"position\":2,\"name\":\"Choque de trens fere 70 na Baixada Fluminense\"}]},{\"@type\":\"WebSite\",\"@id\":\"https:\/\/www.notibras.com\/site\/#website\",\"url\":\"https:\/\/www.notibras.com\/site\/\",\"name\":\"Notibras\",\"description\":\"Not\u00edcias de Bras\u00edlia, do Brasil e do Mundo\",\"publisher\":{\"@id\":\"https:\/\/www.notibras.com\/site\/#organization\"},\"potentialAction\":[{\"@type\":\"SearchAction\",\"target\":{\"@type\":\"EntryPoint\",\"urlTemplate\":\"https:\/\/www.notibras.com\/site\/?s={search_term_string}\"},\"query-input\":{\"@type\":\"PropertyValueSpecification\",\"valueRequired\":true,\"valueName\":\"search_term_string\"}}],\"inLanguage\":\"pt-BR\"},{\"@type\":\"Organization\",\"@id\":\"https:\/\/www.notibras.com\/site\/#organization\",\"name\":\"Grupo Notibras de Comunica\u00e7\u00e3o\",\"url\":\"https:\/\/www.notibras.com\/site\/\",\"logo\":{\"@type\":\"ImageObject\",\"inLanguage\":\"pt-BR\",\"@id\":\"https:\/\/www.notibras.com\/site\/#\/schema\/logo\/image\/\",\"url\":\"https:\/\/www.notibras.com\/site\/wp-content\/uploads\/2023\/01\/notibras23.png\",\"contentUrl\":\"https:\/\/www.notibras.com\/site\/wp-content\/uploads\/2023\/01\/notibras23.png\",\"width\":350,\"height\":87,\"caption\":\"Grupo Notibras de Comunica\u00e7\u00e3o\"},\"image\":{\"@id\":\"https:\/\/www.notibras.com\/site\/#\/schema\/logo\/image\/\"},\"sameAs\":[\"https:\/\/www.facebook.com\/notibras\/\",\"https:\/\/x.com\/Notibras\",\"https:\/\/www.instagram.com\/notibras\/\"]},{\"@type\":\"Person\",\"@id\":\"https:\/\/www.notibras.com\/site\/#\/schema\/person\/36ab0979449956132d3e5b517ea76ac8\",\"name\":\"Reda\u00e7\u00e3o\",\"image\":{\"@type\":\"ImageObject\",\"inLanguage\":\"pt-BR\",\"@id\":\"https:\/\/secure.gravatar.com\/avatar\/e0a867bdedb85fd243eadf09663511f96fc81e0720a4a42581f334ad4303aa6b?s=96&d=mm&r=g\",\"url\":\"https:\/\/secure.gravatar.com\/avatar\/e0a867bdedb85fd243eadf09663511f96fc81e0720a4a42581f334ad4303aa6b?s=96&d=mm&r=g\",\"contentUrl\":\"https:\/\/secure.gravatar.com\/avatar\/e0a867bdedb85fd243eadf09663511f96fc81e0720a4a42581f334ad4303aa6b?s=96&d=mm&r=g\",\"caption\":\"Reda\u00e7\u00e3o\"}}]}<\/script>\n<!-- \/ Yoast SEO plugin. -->","yoast_head_json":{"title":"Choque de trens fere 70 na Baixada Fluminense - Notibras","robots":{"index":"index","follow":"follow","max-snippet":"max-snippet:-1","max-image-preview":"max-image-preview:large","max-video-preview":"max-video-preview:-1"},"canonical":"https:\/\/www.notibras.com\/site\/choque-de-trens-fere-70-na-baixada-fluminense\/","og_locale":"pt_BR","og_type":"article","og_title":"Choque de trens fere 70 na Baixada Fluminense - Notibras","og_description":"Ao menos 70 pessoas ficaram feridas ap\u00f3s um choque entre dois trens na esta\u00e7\u00e3o Juscelino, em Mesquita, na Baixada Fluminense, no Rio. Nenhum dos passageiros est\u00e1 em estado grave, segundo o secret\u00e1rio estadual de Transporte Carlos Roberto Os\u00f3rio. De acordo com a concession\u00e1ria Supervia, um trem que seguia da Central do Brasil para Japeri bateu [&hellip;]","og_url":"https:\/\/www.notibras.com\/site\/choque-de-trens-fere-70-na-baixada-fluminense\/","og_site_name":"Notibras","article_publisher":"https:\/\/www.facebook.com\/notibras\/","article_published_time":"2015-01-06T01:34:34+00:00","og_image":[{"width":300,"height":300,"url":"https:\/\/www.notibras.com\/site\/wp-content\/uploads\/2015\/01\/trens.jpg","type":"image\/jpeg"}],"author":"Reda\u00e7\u00e3o","twitter_card":"summary_large_image","twitter_creator":"@Notibras","twitter_site":"@Notibras","twitter_misc":{"Escrito por":"Reda\u00e7\u00e3o","Est. tempo de leitura":"1 minuto"},"schema":{"@context":"https:\/\/schema.org","@graph":[{"@type":"Article","@id":"https:\/\/www.notibras.com\/site\/choque-de-trens-fere-70-na-baixada-fluminense\/#article","isPartOf":{"@id":"https:\/\/www.notibras.com\/site\/choque-de-trens-fere-70-na-baixada-fluminense\/"},"author":{"name":"Reda\u00e7\u00e3o","@id":"https:\/\/www.notibras.com\/site\/#\/schema\/person\/36ab0979449956132d3e5b517ea76ac8"},"headline":"Choque de trens fere 70 na Baixada Fluminense","datePublished":"2015-01-06T01:34:34+00:00","mainEntityOfPage":{"@id":"https:\/\/www.notibras.com\/site\/choque-de-trens-fere-70-na-baixada-fluminense\/"},"wordCount":292,"commentCount":0,"publisher":{"@id":"https:\/\/www.notibras.com\/site\/#organization"},"image":{"@id":"https:\/\/www.notibras.com\/site\/choque-de-trens-fere-70-na-baixada-fluminense\/#primaryimage"},"thumbnailUrl":"https:\/\/www.notibras.com\/site\/wp-content\/uploads\/2015\/01\/trens.jpg","articleSection":["Brasil"],"inLanguage":"pt-BR","potentialAction":[{"@type":"CommentAction","name":"Comment","target":["https:\/\/www.notibras.com\/site\/choque-de-trens-fere-70-na-baixada-fluminense\/#respond"]}]},{"@type":"WebPage","@id":"https:\/\/www.notibras.com\/site\/choque-de-trens-fere-70-na-baixada-fluminense\/","url":"https:\/\/www.notibras.com\/site\/choque-de-trens-fere-70-na-baixada-fluminense\/","name":"Choque de trens fere 70 na Baixada Fluminense - Notibras","isPartOf":{"@id":"https:\/\/www.notibras.com\/site\/#website"},"primaryImageOfPage":{"@id":"https:\/\/www.notibras.com\/site\/choque-de-trens-fere-70-na-baixada-fluminense\/#primaryimage"},"image":{"@id":"https:\/\/www.notibras.com\/site\/choque-de-trens-fere-70-na-baixada-fluminense\/#primaryimage"},"thumbnailUrl":"https:\/\/www.notibras.com\/site\/wp-content\/uploads\/2015\/01\/trens.jpg","datePublished":"2015-01-06T01:34:34+00:00","breadcrumb":{"@id":"https:\/\/www.notibras.com\/site\/choque-de-trens-fere-70-na-baixada-fluminense\/#breadcrumb"},"inLanguage":"pt-BR","potentialAction":[{"@type":"ReadAction","target":["https:\/\/www.notibras.com\/site\/choque-de-trens-fere-70-na-baixada-fluminense\/"]}]},{"@type":"ImageObject","inLanguage":"pt-BR","@id":"https:\/\/www.notibras.com\/site\/choque-de-trens-fere-70-na-baixada-fluminense\/#primaryimage","url":"https:\/\/www.notibras.com\/site\/wp-content\/uploads\/2015\/01\/trens.jpg","contentUrl":"https:\/\/www.notibras.com\/site\/wp-content\/uploads\/2015\/01\/trens.jpg","width":300,"height":300},{"@type":"BreadcrumbList","@id":"https:\/\/www.notibras.com\/site\/choque-de-trens-fere-70-na-baixada-fluminense\/#breadcrumb","itemListElement":[{"@type":"ListItem","position":1,"name":"In\u00edcio","item":"https:\/\/www.notibras.com\/site\/"},{"@type":"ListItem","position":2,"name":"Choque de trens fere 70 na Baixada Fluminense"}]},{"@type":"WebSite","@id":"https:\/\/www.notibras.com\/site\/#website","url":"https:\/\/www.notibras.com\/site\/","name":"Notibras","description":"Not\u00edcias de Bras\u00edlia, do Brasil e do Mundo","publisher":{"@id":"https:\/\/www.notibras.com\/site\/#organization"},"potentialAction":[{"@type":"SearchAction","target":{"@type":"EntryPoint","urlTemplate":"https:\/\/www.notibras.com\/site\/?s={search_term_string}"},"query-input":{"@type":"PropertyValueSpecification","valueRequired":true,"valueName":"search_term_string"}}],"inLanguage":"pt-BR"},{"@type":"Organization","@id":"https:\/\/www.notibras.com\/site\/#organization","name":"Grupo Notibras de Comunica\u00e7\u00e3o","url":"https:\/\/www.notibras.com\/site\/","logo":{"@type":"ImageObject","inLanguage":"pt-BR","@id":"https:\/\/www.notibras.com\/site\/#\/schema\/logo\/image\/","url":"https:\/\/www.notibras.com\/site\/wp-content\/uploads\/2023\/01\/notibras23.png","contentUrl":"https:\/\/www.notibras.com\/site\/wp-content\/uploads\/2023\/01\/notibras23.png","width":350,"height":87,"caption":"Grupo Notibras de Comunica\u00e7\u00e3o"},"image":{"@id":"https:\/\/www.notibras.com\/site\/#\/schema\/logo\/image\/"},"sameAs":["https:\/\/www.facebook.com\/notibras\/","https:\/\/x.com\/Notibras","https:\/\/www.instagram.com\/notibras\/"]},{"@type":"Person","@id":"https:\/\/www.notibras.com\/site\/#\/schema\/person\/36ab0979449956132d3e5b517ea76ac8","name":"Reda\u00e7\u00e3o","image":{"@type":"ImageObject","inLanguage":"pt-BR","@id":"https:\/\/secure.gravatar.com\/avatar\/e0a867bdedb85fd243eadf09663511f96fc81e0720a4a42581f334ad4303aa6b?s=96&d=mm&r=g","url":"https:\/\/secure.gravatar.com\/avatar\/e0a867bdedb85fd243eadf09663511f96fc81e0720a4a42581f334ad4303aa6b?s=96&d=mm&r=g","contentUrl":"https:\/\/secure.gravatar.com\/avatar\/e0a867bdedb85fd243eadf09663511f96fc81e0720a4a42581f334ad4303aa6b?s=96&d=mm&r=g","caption":"Reda\u00e7\u00e3o"}}]}},"amp_enabled":true,"_links":{"self":[{"href":"https:\/\/www.notibras.com\/site\/wp-json\/wp\/v2\/posts\/33030","targetHints":{"allow":["GET"]}}],"collection":[{"href":"https:\/\/www.notibras.com\/site\/wp-json\/wp\/v2\/posts"}],"about":[{"href":"https:\/\/www.notibras.com\/site\/wp-json\/wp\/v2\/types\/post"}],"author":[{"embeddable":true,"href":"https:\/\/www.notibras.com\/site\/wp-json\/wp\/v2\/users\/2"}],"replies":[{"embeddable":true,"href":"https:\/\/www.notibras.com\/site\/wp-json\/wp\/v2\/comments?post=33030"}],"version-history":[{"count":0,"href":"https:\/\/www.notibras.com\/site\/wp-json\/wp\/v2\/posts\/33030\/revisions"}],"wp:featuredmedia":[{"embeddable":true,"href":"https:\/\/www.notibras.com\/site\/wp-json\/wp\/v2\/media\/33031"}],"wp:attachment":[{"href":"https:\/\/www.notibras.com\/site\/wp-json\/wp\/v2\/media?parent=33030"}],"wp:term":[{"taxonomy":"category","embeddable":true,"href":"https:\/\/www.notibras.com\/site\/wp-json\/wp\/v2\/categories?post=33030"},{"taxonomy":"post_tag","embeddable":true,"href":"https:\/\/www.notibras.com\/site\/wp-json\/wp\/v2\/tags?post=33030"}],"curies":[{"name":"wp","href":"https:\/\/api.w.org\/{rel}","templated":true}]}}