{"id":330331,"date":"2024-06-08T06:57:10","date_gmt":"2024-06-08T09:57:10","guid":{"rendered":"https:\/\/www.notibras.com\/site\/?p=330331"},"modified":"2024-06-08T07:10:46","modified_gmt":"2024-06-08T10:10:46","slug":"francineide-francinaldo-e-o-sorriso-banguela-da-filha","status":"publish","type":"post","link":"https:\/\/www.notibras.com\/site\/francineide-francinaldo-e-o-sorriso-banguela-da-filha\/","title":{"rendered":"Francineide, Francinaldo e o sorriso banguela da filha"},"content":{"rendered":"<p>Francineide e Francinaldo, casados h\u00e1 pouco mais de cinco anos, faziam quest\u00e3o de manter viva a chama da paix\u00e3o. Era beijinho daqui, afago dali, at\u00e9 mesmo uma m\u00e3o-boba acol\u00e1. Coisas de gente repleta de furor.<\/p>\n<p>Aqueles dois nem pensavam em ter filhos. Mas eis que, numa linda manh\u00e3 de meados de dezembro, Francineide acordou decidida a ser m\u00e3e. Sorriu aquele sorriso imposs\u00edvel de resistir, enquanto o marido ainda despertava para mais um dia de trabalho. N\u00e3o deu outra. Francinaldo chegou tarde ao servi\u00e7o naquele dia, mas nada que uma desculpa esfarrapada n\u00e3o pudesse ser usada. Bastava uma boa dose de \u00f3leo de peroba para passar naquela cara de pau.<\/p>\n<p>Para surpresa da mulher, as regras n\u00e3o vieram logo no m\u00eas seguinte at\u00e9 que, j\u00e1 nos primeiros dias de setembro, chegou ao mundo a menina mais linda, que, obviamente, teria que receber um nome \u00e0 altura: Francenilde. Parece que a garotinha adorou, pois n\u00e3o parava de sorrir aquele sorriso repleto de gengiva e nenhum dente sequer.<\/p>\n<p>Os primeiros dias foram todos dedicados \u00e0 Francenilde, que, afinal, exigia aten\u00e7\u00e3o mais que redobrada dos pais. Hora de mamar, hora de dormir, hora de trocar a fralda. De novo? Sim, pois a pequenina n\u00e3o sabia nem engatinhar, quanto mais usar o penico.<\/p>\n<p>C\u00f3lica, banho, choro bem cedinho. Ah, choro na hora do almo\u00e7o. Solta o garfo e v\u00e1 ver o que est\u00e1 acontecendo com a Francenilde. Ih, esse choro \u00e9 de c\u00f3lica. N\u00e3o, n\u00e3o, acho que \u00e9 de fome. Sabe de nada, Francinaldo. Isso \u00e9 porque a fralda est\u00e1 cheia. V\u00e1 troc\u00e1-la, pois estou exausta.<\/p>\n<p>Apesar da correria, Francineide e Francinaldo estavam cada vez mais apaixonados pela filha. Mas como \u00e9 que n\u00e3o fica apaixonado por criatura mais fofa? Imposs\u00edvel!<\/p>\n<p>Os meses fizeram com que Francenilde crescesse e ficasse cada dia mais participativa. Ela n\u00e3o queria agora s\u00f3 dormir e comer. Ah, n\u00e3o mesmo! Queria aten\u00e7\u00e3o de todos, que precisavam brincar com a guria. No entanto, aquele fogo entre Francineide e Francinaldo havia voltado. O problema era arrumarem tempo para se amarem.<\/p>\n<p>Pois o que aconteceu foi justamente numa manh\u00e3 de mar\u00e7o, quando, por um desses milagres mais raros do que ga\u00facho que n\u00e3o gosta de chimarr\u00e3o, eis que aquele beb\u00ea dormia o sono mais profundo. Foi o gatilho para que Francineide lan\u00e7asse aquele olhar de desejo sobre Francinaldo, que logo entendeu.<\/p>\n<p>Trataram de se atracarem como dois famintos diante de um banquete. Era m\u00e3o daqui, aperto dali, beijo acol\u00e1 e tantas coisas mais acontecendo debaixo daqueles len\u00e7\u00f3is. Quanto desejo represado! At\u00e9 que a mulher, com aquele instinto de m\u00e3e, resolveu dar uma espiadinha na filha, que estava no ber\u00e7o ao lado. Para espanto de Francineide, a menina, assim que avistou o rosto da m\u00e3e, sorriu aquele cativante sorriso banguela.<\/p>\n<p>\u2014 Oi, filhinha! Acordou? Mam\u00e3e j\u00e1 estava com saudade!<\/p>\n<p><strong>*Eduardo Mart\u00ednez \u00e9 autor do livro \u201c57 Contos e Cr\u00f4nicas por um Autor muito Velho\u201d.<\/strong><\/p>\n<p>Compre aqui\u00a0<span class=\"x19la9d6 x1fc57z9 x6ikm8r x10wlt62 x19co3pv x1g5zs5t xfibh0p xiy17q3 x1xsqp64 x1lkfr7t xexx8yu x4uap5 x18d9i69 xkhd6sd\"><span class=\"xrtxmta x1bhl96m\"><img decoding=\"async\" class=\"emoji\" role=\"img\" draggable=\"false\" src=\"https:\/\/s.w.org\/images\/core\/emoji\/14.0.0\/svg\/1f447-1f3ff.svg\" alt=\"&#x1f447;&#x1f3ff;\" \/><\/span><\/span><span class=\"x19la9d6 x1fc57z9 x6ikm8r x10wlt62 x19co3pv x1g5zs5t xfibh0p xiy17q3 x1xsqp64 x1lkfr7t xexx8yu x4uap5 x18d9i69 xkhd6sd\"><span class=\"xrtxmta x1bhl96m\"><img decoding=\"async\" class=\"emoji\" role=\"img\" draggable=\"false\" src=\"https:\/\/s.w.org\/images\/core\/emoji\/14.0.0\/svg\/1f447-1f3ff.svg\" alt=\"&#x1f447;&#x1f3ff;\" \/><\/span><\/span><span class=\"x19la9d6 x1fc57z9 x6ikm8r x10wlt62 x19co3pv x1g5zs5t xfibh0p xiy17q3 x1xsqp64 x1lkfr7t xexx8yu x4uap5 x18d9i69 xkhd6sd\"><span class=\"xrtxmta x1bhl96m\"><img decoding=\"async\" class=\"emoji\" role=\"img\" draggable=\"false\" src=\"https:\/\/s.w.org\/images\/core\/emoji\/14.0.0\/svg\/1f447-1f3ff.svg\" alt=\"&#x1f447;&#x1f3ff;\" \/><\/span><\/span><\/p>\n<p><a href=\"http:\/\/www.joanineditora.com.br\/57-contos-e-cronicas-por-um-autor-muito-velho\">http:\/\/www.joanineditora.com.br\/57-contos-e-cronicas-por-um-autor-muito-velho<\/a><\/p>\n","protected":false},"excerpt":{"rendered":"<p>Francineide e Francinaldo, casados h\u00e1 pouco mais de cinco anos, faziam quest\u00e3o de manter viva a chama da paix\u00e3o. Era beijinho daqui, afago dali, at\u00e9 mesmo uma m\u00e3o-boba acol\u00e1. Coisas de gente repleta de furor. Aqueles dois nem pensavam em ter filhos. Mas eis que, numa linda manh\u00e3 de meados de dezembro, Francineide acordou decidida [&hellip;]<\/p>\n","protected":false},"author":2,"featured_media":330332,"comment_status":"closed","ping_status":"closed","sticky":false,"template":"","format":"standard","meta":{"_acf_changed":false,"footnotes":""},"categories":[161],"tags":[],"class_list":["post-330331","post","type-post","status-publish","format-standard","has-post-thumbnail","hentry","category-quadradinho-em-foco"],"acf":[],"yoast_head":"<!-- This site is optimized with the Yoast SEO plugin v27.5 - https:\/\/yoast.com\/product\/yoast-seo-wordpress\/ -->\n<title>Francineide, Francinaldo e o sorriso banguela da filha - Notibras<\/title>\n<meta name=\"robots\" content=\"index, follow, max-snippet:-1, max-image-preview:large, max-video-preview:-1\" \/>\n<link rel=\"canonical\" href=\"https:\/\/www.notibras.com\/site\/francineide-francinaldo-e-o-sorriso-banguela-da-filha\/\" \/>\n<meta property=\"og:locale\" content=\"pt_BR\" \/>\n<meta property=\"og:type\" content=\"article\" \/>\n<meta property=\"og:title\" content=\"Francineide, Francinaldo e o sorriso banguela da filha - Notibras\" \/>\n<meta property=\"og:description\" content=\"Francineide e Francinaldo, casados h\u00e1 pouco mais de cinco anos, faziam quest\u00e3o de manter viva a chama da paix\u00e3o. Era beijinho daqui, afago dali, at\u00e9 mesmo uma m\u00e3o-boba acol\u00e1. Coisas de gente repleta de furor. Aqueles dois nem pensavam em ter filhos. Mas eis que, numa linda manh\u00e3 de meados de dezembro, Francineide acordou decidida [&hellip;]\" \/>\n<meta property=\"og:url\" content=\"https:\/\/www.notibras.com\/site\/francineide-francinaldo-e-o-sorriso-banguela-da-filha\/\" \/>\n<meta property=\"og:site_name\" content=\"Notibras\" \/>\n<meta property=\"article:publisher\" content=\"https:\/\/www.facebook.com\/notibras\/\" \/>\n<meta property=\"article:published_time\" content=\"2024-06-08T09:57:10+00:00\" \/>\n<meta property=\"article:modified_time\" content=\"2024-06-08T10:10:46+00:00\" \/>\n<meta property=\"og:image\" content=\"https:\/\/www.notibras.com\/site\/wp-content\/uploads\/2024\/06\/bebebanguela.jpg\" \/>\n\t<meta property=\"og:image:width\" content=\"1280\" \/>\n\t<meta property=\"og:image:height\" content=\"960\" \/>\n\t<meta property=\"og:image:type\" content=\"image\/jpeg\" \/>\n<meta name=\"author\" content=\"Reda\u00e7\u00e3o\" \/>\n<meta name=\"twitter:card\" content=\"summary_large_image\" \/>\n<meta name=\"twitter:creator\" content=\"@Notibras\" \/>\n<meta name=\"twitter:site\" content=\"@Notibras\" \/>\n<meta name=\"twitter:label1\" content=\"Escrito por\" \/>\n\t<meta name=\"twitter:data1\" content=\"Reda\u00e7\u00e3o\" \/>\n\t<meta name=\"twitter:label2\" content=\"Est. tempo de leitura\" \/>\n\t<meta name=\"twitter:data2\" content=\"4 minutos\" \/>\n<script type=\"application\/ld+json\" class=\"yoast-schema-graph\">{\"@context\":\"https:\\\/\\\/schema.org\",\"@graph\":[{\"@type\":\"Article\",\"@id\":\"https:\\\/\\\/www.notibras.com\\\/site\\\/francineide-francinaldo-e-o-sorriso-banguela-da-filha\\\/#article\",\"isPartOf\":{\"@id\":\"https:\\\/\\\/www.notibras.com\\\/site\\\/francineide-francinaldo-e-o-sorriso-banguela-da-filha\\\/\"},\"author\":{\"name\":\"Reda\u00e7\u00e3o\",\"@id\":\"https:\\\/\\\/www.notibras.com\\\/site\\\/#\\\/schema\\\/person\\\/36ab0979449956132d3e5b517ea76ac8\"},\"headline\":\"Francineide, Francinaldo e o sorriso banguela da filha\",\"datePublished\":\"2024-06-08T09:57:10+00:00\",\"dateModified\":\"2024-06-08T10:10:46+00:00\",\"mainEntityOfPage\":{\"@id\":\"https:\\\/\\\/www.notibras.com\\\/site\\\/francineide-francinaldo-e-o-sorriso-banguela-da-filha\\\/\"},\"wordCount\":524,\"publisher\":{\"@id\":\"https:\\\/\\\/www.notibras.com\\\/site\\\/#organization\"},\"image\":{\"@id\":\"https:\\\/\\\/www.notibras.com\\\/site\\\/francineide-francinaldo-e-o-sorriso-banguela-da-filha\\\/#primaryimage\"},\"thumbnailUrl\":\"https:\\\/\\\/www.notibras.com\\\/site\\\/wp-content\\\/uploads\\\/2024\\\/06\\\/bebebanguela.jpg\",\"articleSection\":[\"Quadradinho em Foco\"],\"inLanguage\":\"pt-BR\"},{\"@type\":\"WebPage\",\"@id\":\"https:\\\/\\\/www.notibras.com\\\/site\\\/francineide-francinaldo-e-o-sorriso-banguela-da-filha\\\/\",\"url\":\"https:\\\/\\\/www.notibras.com\\\/site\\\/francineide-francinaldo-e-o-sorriso-banguela-da-filha\\\/\",\"name\":\"Francineide, Francinaldo e o sorriso banguela da filha - Notibras\",\"isPartOf\":{\"@id\":\"https:\\\/\\\/www.notibras.com\\\/site\\\/#website\"},\"primaryImageOfPage\":{\"@id\":\"https:\\\/\\\/www.notibras.com\\\/site\\\/francineide-francinaldo-e-o-sorriso-banguela-da-filha\\\/#primaryimage\"},\"image\":{\"@id\":\"https:\\\/\\\/www.notibras.com\\\/site\\\/francineide-francinaldo-e-o-sorriso-banguela-da-filha\\\/#primaryimage\"},\"thumbnailUrl\":\"https:\\\/\\\/www.notibras.com\\\/site\\\/wp-content\\\/uploads\\\/2024\\\/06\\\/bebebanguela.jpg\",\"datePublished\":\"2024-06-08T09:57:10+00:00\",\"dateModified\":\"2024-06-08T10:10:46+00:00\",\"breadcrumb\":{\"@id\":\"https:\\\/\\\/www.notibras.com\\\/site\\\/francineide-francinaldo-e-o-sorriso-banguela-da-filha\\\/#breadcrumb\"},\"inLanguage\":\"pt-BR\",\"potentialAction\":[{\"@type\":\"ReadAction\",\"target\":[\"https:\\\/\\\/www.notibras.com\\\/site\\\/francineide-francinaldo-e-o-sorriso-banguela-da-filha\\\/\"]}]},{\"@type\":\"ImageObject\",\"inLanguage\":\"pt-BR\",\"@id\":\"https:\\\/\\\/www.notibras.com\\\/site\\\/francineide-francinaldo-e-o-sorriso-banguela-da-filha\\\/#primaryimage\",\"url\":\"https:\\\/\\\/www.notibras.com\\\/site\\\/wp-content\\\/uploads\\\/2024\\\/06\\\/bebebanguela.jpg\",\"contentUrl\":\"https:\\\/\\\/www.notibras.com\\\/site\\\/wp-content\\\/uploads\\\/2024\\\/06\\\/bebebanguela.jpg\",\"width\":1280,\"height\":960},{\"@type\":\"BreadcrumbList\",\"@id\":\"https:\\\/\\\/www.notibras.com\\\/site\\\/francineide-francinaldo-e-o-sorriso-banguela-da-filha\\\/#breadcrumb\",\"itemListElement\":[{\"@type\":\"ListItem\",\"position\":1,\"name\":\"In\u00edcio\",\"item\":\"https:\\\/\\\/www.notibras.com\\\/site\\\/\"},{\"@type\":\"ListItem\",\"position\":2,\"name\":\"Francineide, Francinaldo e o sorriso banguela da filha\"}]},{\"@type\":\"WebSite\",\"@id\":\"https:\\\/\\\/www.notibras.com\\\/site\\\/#website\",\"url\":\"https:\\\/\\\/www.notibras.com\\\/site\\\/\",\"name\":\"Notibras\",\"description\":\"Not\u00edcias de Bras\u00edlia, do Brasil e do Mundo\",\"publisher\":{\"@id\":\"https:\\\/\\\/www.notibras.com\\\/site\\\/#organization\"},\"potentialAction\":[{\"@type\":\"SearchAction\",\"target\":{\"@type\":\"EntryPoint\",\"urlTemplate\":\"https:\\\/\\\/www.notibras.com\\\/site\\\/?s={search_term_string}\"},\"query-input\":{\"@type\":\"PropertyValueSpecification\",\"valueRequired\":true,\"valueName\":\"search_term_string\"}}],\"inLanguage\":\"pt-BR\"},{\"@type\":\"Organization\",\"@id\":\"https:\\\/\\\/www.notibras.com\\\/site\\\/#organization\",\"name\":\"Grupo Notibras de Comunica\u00e7\u00e3o\",\"url\":\"https:\\\/\\\/www.notibras.com\\\/site\\\/\",\"logo\":{\"@type\":\"ImageObject\",\"inLanguage\":\"pt-BR\",\"@id\":\"https:\\\/\\\/www.notibras.com\\\/site\\\/#\\\/schema\\\/logo\\\/image\\\/\",\"url\":\"https:\\\/\\\/www.notibras.com\\\/site\\\/wp-content\\\/uploads\\\/2023\\\/01\\\/notibras23.png\",\"contentUrl\":\"https:\\\/\\\/www.notibras.com\\\/site\\\/wp-content\\\/uploads\\\/2023\\\/01\\\/notibras23.png\",\"width\":350,\"height\":87,\"caption\":\"Grupo Notibras de Comunica\u00e7\u00e3o\"},\"image\":{\"@id\":\"https:\\\/\\\/www.notibras.com\\\/site\\\/#\\\/schema\\\/logo\\\/image\\\/\"},\"sameAs\":[\"https:\\\/\\\/www.facebook.com\\\/notibras\\\/\",\"https:\\\/\\\/x.com\\\/Notibras\",\"https:\\\/\\\/www.instagram.com\\\/notibras\\\/\"]},{\"@type\":\"Person\",\"@id\":\"https:\\\/\\\/www.notibras.com\\\/site\\\/#\\\/schema\\\/person\\\/36ab0979449956132d3e5b517ea76ac8\",\"name\":\"Reda\u00e7\u00e3o\",\"image\":{\"@type\":\"ImageObject\",\"inLanguage\":\"pt-BR\",\"@id\":\"https:\\\/\\\/secure.gravatar.com\\\/avatar\\\/e0a867bdedb85fd243eadf09663511f96fc81e0720a4a42581f334ad4303aa6b?s=96&d=mm&r=g\",\"url\":\"https:\\\/\\\/secure.gravatar.com\\\/avatar\\\/e0a867bdedb85fd243eadf09663511f96fc81e0720a4a42581f334ad4303aa6b?s=96&d=mm&r=g\",\"contentUrl\":\"https:\\\/\\\/secure.gravatar.com\\\/avatar\\\/e0a867bdedb85fd243eadf09663511f96fc81e0720a4a42581f334ad4303aa6b?s=96&d=mm&r=g\",\"caption\":\"Reda\u00e7\u00e3o\"}}]}<\/script>\n<!-- \/ Yoast SEO plugin. -->","yoast_head_json":{"title":"Francineide, Francinaldo e o sorriso banguela da filha - Notibras","robots":{"index":"index","follow":"follow","max-snippet":"max-snippet:-1","max-image-preview":"max-image-preview:large","max-video-preview":"max-video-preview:-1"},"canonical":"https:\/\/www.notibras.com\/site\/francineide-francinaldo-e-o-sorriso-banguela-da-filha\/","og_locale":"pt_BR","og_type":"article","og_title":"Francineide, Francinaldo e o sorriso banguela da filha - Notibras","og_description":"Francineide e Francinaldo, casados h\u00e1 pouco mais de cinco anos, faziam quest\u00e3o de manter viva a chama da paix\u00e3o. Era beijinho daqui, afago dali, at\u00e9 mesmo uma m\u00e3o-boba acol\u00e1. Coisas de gente repleta de furor. Aqueles dois nem pensavam em ter filhos. Mas eis que, numa linda manh\u00e3 de meados de dezembro, Francineide acordou decidida [&hellip;]","og_url":"https:\/\/www.notibras.com\/site\/francineide-francinaldo-e-o-sorriso-banguela-da-filha\/","og_site_name":"Notibras","article_publisher":"https:\/\/www.facebook.com\/notibras\/","article_published_time":"2024-06-08T09:57:10+00:00","article_modified_time":"2024-06-08T10:10:46+00:00","og_image":[{"width":1280,"height":960,"url":"https:\/\/www.notibras.com\/site\/wp-content\/uploads\/2024\/06\/bebebanguela.jpg","type":"image\/jpeg"}],"author":"Reda\u00e7\u00e3o","twitter_card":"summary_large_image","twitter_creator":"@Notibras","twitter_site":"@Notibras","twitter_misc":{"Escrito por":"Reda\u00e7\u00e3o","Est. tempo de leitura":"4 minutos"},"schema":{"@context":"https:\/\/schema.org","@graph":[{"@type":"Article","@id":"https:\/\/www.notibras.com\/site\/francineide-francinaldo-e-o-sorriso-banguela-da-filha\/#article","isPartOf":{"@id":"https:\/\/www.notibras.com\/site\/francineide-francinaldo-e-o-sorriso-banguela-da-filha\/"},"author":{"name":"Reda\u00e7\u00e3o","@id":"https:\/\/www.notibras.com\/site\/#\/schema\/person\/36ab0979449956132d3e5b517ea76ac8"},"headline":"Francineide, Francinaldo e o sorriso banguela da filha","datePublished":"2024-06-08T09:57:10+00:00","dateModified":"2024-06-08T10:10:46+00:00","mainEntityOfPage":{"@id":"https:\/\/www.notibras.com\/site\/francineide-francinaldo-e-o-sorriso-banguela-da-filha\/"},"wordCount":524,"publisher":{"@id":"https:\/\/www.notibras.com\/site\/#organization"},"image":{"@id":"https:\/\/www.notibras.com\/site\/francineide-francinaldo-e-o-sorriso-banguela-da-filha\/#primaryimage"},"thumbnailUrl":"https:\/\/www.notibras.com\/site\/wp-content\/uploads\/2024\/06\/bebebanguela.jpg","articleSection":["Quadradinho em Foco"],"inLanguage":"pt-BR"},{"@type":"WebPage","@id":"https:\/\/www.notibras.com\/site\/francineide-francinaldo-e-o-sorriso-banguela-da-filha\/","url":"https:\/\/www.notibras.com\/site\/francineide-francinaldo-e-o-sorriso-banguela-da-filha\/","name":"Francineide, Francinaldo e o sorriso banguela da filha - Notibras","isPartOf":{"@id":"https:\/\/www.notibras.com\/site\/#website"},"primaryImageOfPage":{"@id":"https:\/\/www.notibras.com\/site\/francineide-francinaldo-e-o-sorriso-banguela-da-filha\/#primaryimage"},"image":{"@id":"https:\/\/www.notibras.com\/site\/francineide-francinaldo-e-o-sorriso-banguela-da-filha\/#primaryimage"},"thumbnailUrl":"https:\/\/www.notibras.com\/site\/wp-content\/uploads\/2024\/06\/bebebanguela.jpg","datePublished":"2024-06-08T09:57:10+00:00","dateModified":"2024-06-08T10:10:46+00:00","breadcrumb":{"@id":"https:\/\/www.notibras.com\/site\/francineide-francinaldo-e-o-sorriso-banguela-da-filha\/#breadcrumb"},"inLanguage":"pt-BR","potentialAction":[{"@type":"ReadAction","target":["https:\/\/www.notibras.com\/site\/francineide-francinaldo-e-o-sorriso-banguela-da-filha\/"]}]},{"@type":"ImageObject","inLanguage":"pt-BR","@id":"https:\/\/www.notibras.com\/site\/francineide-francinaldo-e-o-sorriso-banguela-da-filha\/#primaryimage","url":"https:\/\/www.notibras.com\/site\/wp-content\/uploads\/2024\/06\/bebebanguela.jpg","contentUrl":"https:\/\/www.notibras.com\/site\/wp-content\/uploads\/2024\/06\/bebebanguela.jpg","width":1280,"height":960},{"@type":"BreadcrumbList","@id":"https:\/\/www.notibras.com\/site\/francineide-francinaldo-e-o-sorriso-banguela-da-filha\/#breadcrumb","itemListElement":[{"@type":"ListItem","position":1,"name":"In\u00edcio","item":"https:\/\/www.notibras.com\/site\/"},{"@type":"ListItem","position":2,"name":"Francineide, Francinaldo e o sorriso banguela da filha"}]},{"@type":"WebSite","@id":"https:\/\/www.notibras.com\/site\/#website","url":"https:\/\/www.notibras.com\/site\/","name":"Notibras","description":"Not\u00edcias de Bras\u00edlia, do Brasil e do Mundo","publisher":{"@id":"https:\/\/www.notibras.com\/site\/#organization"},"potentialAction":[{"@type":"SearchAction","target":{"@type":"EntryPoint","urlTemplate":"https:\/\/www.notibras.com\/site\/?s={search_term_string}"},"query-input":{"@type":"PropertyValueSpecification","valueRequired":true,"valueName":"search_term_string"}}],"inLanguage":"pt-BR"},{"@type":"Organization","@id":"https:\/\/www.notibras.com\/site\/#organization","name":"Grupo Notibras de Comunica\u00e7\u00e3o","url":"https:\/\/www.notibras.com\/site\/","logo":{"@type":"ImageObject","inLanguage":"pt-BR","@id":"https:\/\/www.notibras.com\/site\/#\/schema\/logo\/image\/","url":"https:\/\/www.notibras.com\/site\/wp-content\/uploads\/2023\/01\/notibras23.png","contentUrl":"https:\/\/www.notibras.com\/site\/wp-content\/uploads\/2023\/01\/notibras23.png","width":350,"height":87,"caption":"Grupo Notibras de Comunica\u00e7\u00e3o"},"image":{"@id":"https:\/\/www.notibras.com\/site\/#\/schema\/logo\/image\/"},"sameAs":["https:\/\/www.facebook.com\/notibras\/","https:\/\/x.com\/Notibras","https:\/\/www.instagram.com\/notibras\/"]},{"@type":"Person","@id":"https:\/\/www.notibras.com\/site\/#\/schema\/person\/36ab0979449956132d3e5b517ea76ac8","name":"Reda\u00e7\u00e3o","image":{"@type":"ImageObject","inLanguage":"pt-BR","@id":"https:\/\/secure.gravatar.com\/avatar\/e0a867bdedb85fd243eadf09663511f96fc81e0720a4a42581f334ad4303aa6b?s=96&d=mm&r=g","url":"https:\/\/secure.gravatar.com\/avatar\/e0a867bdedb85fd243eadf09663511f96fc81e0720a4a42581f334ad4303aa6b?s=96&d=mm&r=g","contentUrl":"https:\/\/secure.gravatar.com\/avatar\/e0a867bdedb85fd243eadf09663511f96fc81e0720a4a42581f334ad4303aa6b?s=96&d=mm&r=g","caption":"Reda\u00e7\u00e3o"}}]}},"amp_enabled":true,"_links":{"self":[{"href":"https:\/\/www.notibras.com\/site\/wp-json\/wp\/v2\/posts\/330331","targetHints":{"allow":["GET"]}}],"collection":[{"href":"https:\/\/www.notibras.com\/site\/wp-json\/wp\/v2\/posts"}],"about":[{"href":"https:\/\/www.notibras.com\/site\/wp-json\/wp\/v2\/types\/post"}],"author":[{"embeddable":true,"href":"https:\/\/www.notibras.com\/site\/wp-json\/wp\/v2\/users\/2"}],"replies":[{"embeddable":true,"href":"https:\/\/www.notibras.com\/site\/wp-json\/wp\/v2\/comments?post=330331"}],"version-history":[{"count":4,"href":"https:\/\/www.notibras.com\/site\/wp-json\/wp\/v2\/posts\/330331\/revisions"}],"predecessor-version":[{"id":330338,"href":"https:\/\/www.notibras.com\/site\/wp-json\/wp\/v2\/posts\/330331\/revisions\/330338"}],"wp:featuredmedia":[{"embeddable":true,"href":"https:\/\/www.notibras.com\/site\/wp-json\/wp\/v2\/media\/330332"}],"wp:attachment":[{"href":"https:\/\/www.notibras.com\/site\/wp-json\/wp\/v2\/media?parent=330331"}],"wp:term":[{"taxonomy":"category","embeddable":true,"href":"https:\/\/www.notibras.com\/site\/wp-json\/wp\/v2\/categories?post=330331"},{"taxonomy":"post_tag","embeddable":true,"href":"https:\/\/www.notibras.com\/site\/wp-json\/wp\/v2\/tags?post=330331"}],"curies":[{"name":"wp","href":"https:\/\/api.w.org\/{rel}","templated":true}]}}