{"id":330354,"date":"2024-06-08T00:17:59","date_gmt":"2024-06-08T03:17:59","guid":{"rendered":"https:\/\/www.notibras.com\/site\/?p=330354"},"modified":"2024-06-08T08:21:05","modified_gmt":"2024-06-08T11:21:05","slug":"restaurante-comunitario-tera-tres-refeicoes-todos-os-dias","status":"publish","type":"post","link":"https:\/\/www.notibras.com\/site\/restaurante-comunitario-tera-tres-refeicoes-todos-os-dias\/","title":{"rendered":"Restaurante Comunit\u00e1rio ter\u00e1 tr\u00eas refei\u00e7\u00f5es todos os dias"},"content":{"rendered":"<p>A partir de ter\u00e7a-feira (11), o Restaurante Comunit\u00e1rio do Itapo\u00e3 vai ampliar a oferta de refei\u00e7\u00f5es, com caf\u00e9 da manh\u00e3, almo\u00e7o e jantar todos os dias, incluindo domingos e feriados. Com isso, o Distrito Federal passar\u00e1 a ter cinco restaurantes servindo as tr\u00eas refei\u00e7\u00f5es diariamente, ao custo total de R$ 2, sendo caf\u00e9 da manh\u00e3 a R$ 0,50; almo\u00e7o, R$ 1; e jantar a R$ 0,50. A previs\u00e3o \u00e9 que o Restaurante Comunit\u00e1rio do Itapo\u00e3 aumente de duas mil para cerca de quatro mil a quantidade de refei\u00e7\u00f5es servidas por dia.<\/p>\n<p>Para marcar a mudan\u00e7a, est\u00e1 prevista para esta ter\u00e7a, \u00e0s 9h, solenidade no Restaurante Comunit\u00e1rio do Itapo\u00e3 com a presen\u00e7a da primeira-dama do Distrito Federal, Mayara Noronha Rocha, da secret\u00e1ria de Desenvolvimento Social, Ana Paula Marra, e do administrador do Itapo\u00e3, Dilson Bulh\u00f5es.<\/p>\n<p>A amplia\u00e7\u00e3o s\u00f3 foi poss\u00edvel gra\u00e7as a renova\u00e7\u00e3o e mudan\u00e7a no contrato da Secretaria de Desenvolvimento Social (Sedes), gestora dos restaurantes, com as empresas terceirizadas respons\u00e1veis pela produ\u00e7\u00e3o de alimenta\u00e7\u00e3o do equipamento. \u00c0 medida que forem vencendo os contratos antigos, todos os novos passar\u00e3o a prever as tr\u00eas refei\u00e7\u00f5es e abertura de domingo a domingo. A expectativa \u00e9 que, em breve, todas as 16 unidades atendam com a capacidade m\u00e1xima.<\/p>\n<p>\u201cOs novos restaurantes comunit\u00e1rios do Sol Nascente\/P\u00f4r do Sol e de Arniqueira j\u00e1 iniciaram as atividades com as tr\u00eas refei\u00e7\u00f5es e abertura de domingo a domingo. E os pr\u00f3ximos que ser\u00e3o inaugurados no segundo semestre, do Varj\u00e3o e Samambaia Portelinha, tamb\u00e9m seguir\u00e3o esse padr\u00e3o. A exemplo da unidade do Itapo\u00e3, todos os restaurantes j\u00e1 em funcionamento v\u00e3o ampliar a capacidade de atendimento. Os pr\u00f3ximos ser\u00e3o os de Sobradinho 2 e de S\u00e3o Sebasti\u00e3o\u201d, destaca a secret\u00e1ria de Desenvolvimento Social, Ana Paula Marra.<\/p>\n<p>Desde a inaugura\u00e7\u00e3o, em 2009, o Restaurante Comunit\u00e1rio do Itapo\u00e3 s\u00f3 servia almo\u00e7o, com uma m\u00e9dia de 2.055 refei\u00e7\u00f5es diariamente. A previs\u00e3o com o novo contrato e a oferta do caf\u00e9 da manh\u00e3, almo\u00e7o e jantar \u00e9 de que passem a ser servidas uma m\u00e9dia de 3.925 refei\u00e7\u00f5es, com mais de 1,4 milh\u00e3o refei\u00e7\u00f5es por ano. Vale lembrar que, recentemente, o Governo do Distrito Federal (GDF) ampliou a oferta gratuita de alimenta\u00e7\u00e3o nos restaurantes para a popula\u00e7\u00e3o em situa\u00e7\u00e3o de rua, com caf\u00e9 da manh\u00e3, almo\u00e7o e jantar para esse p\u00fablico.<\/p>\n<p>&nbsp;<\/p>\n","protected":false},"excerpt":{"rendered":"<p>A partir de ter\u00e7a-feira (11), o Restaurante Comunit\u00e1rio do Itapo\u00e3 vai ampliar a oferta de refei\u00e7\u00f5es, com caf\u00e9 da manh\u00e3, almo\u00e7o e jantar todos os dias, incluindo domingos e feriados. Com isso, o Distrito Federal passar\u00e1 a ter cinco restaurantes servindo as tr\u00eas refei\u00e7\u00f5es diariamente, ao custo total de R$ 2, sendo caf\u00e9 da manh\u00e3 [&hellip;]<\/p>\n","protected":false},"author":2,"featured_media":121764,"comment_status":"closed","ping_status":"closed","sticky":false,"template":"","format":"standard","meta":{"_acf_changed":false,"footnotes":""},"categories":[161],"tags":[],"class_list":["post-330354","post","type-post","status-publish","format-standard","has-post-thumbnail","hentry","category-quadradinho-em-foco"],"acf":[],"yoast_head":"<!-- This site is optimized with the Yoast SEO plugin v27.5 - https:\/\/yoast.com\/product\/yoast-seo-wordpress\/ -->\n<title>Restaurante Comunit\u00e1rio ter\u00e1 tr\u00eas refei\u00e7\u00f5es todos os dias - Notibras<\/title>\n<meta name=\"robots\" content=\"index, follow, max-snippet:-1, max-image-preview:large, max-video-preview:-1\" \/>\n<link rel=\"canonical\" href=\"https:\/\/www.notibras.com\/site\/restaurante-comunitario-tera-tres-refeicoes-todos-os-dias\/\" \/>\n<meta property=\"og:locale\" content=\"pt_BR\" \/>\n<meta property=\"og:type\" content=\"article\" \/>\n<meta property=\"og:title\" content=\"Restaurante Comunit\u00e1rio ter\u00e1 tr\u00eas refei\u00e7\u00f5es todos os dias - Notibras\" \/>\n<meta property=\"og:description\" content=\"A partir de ter\u00e7a-feira (11), o Restaurante Comunit\u00e1rio do Itapo\u00e3 vai ampliar a oferta de refei\u00e7\u00f5es, com caf\u00e9 da manh\u00e3, almo\u00e7o e jantar todos os dias, incluindo domingos e feriados. Com isso, o Distrito Federal passar\u00e1 a ter cinco restaurantes servindo as tr\u00eas refei\u00e7\u00f5es diariamente, ao custo total de R$ 2, sendo caf\u00e9 da manh\u00e3 [&hellip;]\" \/>\n<meta property=\"og:url\" content=\"https:\/\/www.notibras.com\/site\/restaurante-comunitario-tera-tres-refeicoes-todos-os-dias\/\" \/>\n<meta property=\"og:site_name\" content=\"Notibras\" \/>\n<meta property=\"article:publisher\" content=\"https:\/\/www.facebook.com\/notibras\/\" \/>\n<meta property=\"article:published_time\" content=\"2024-06-08T03:17:59+00:00\" \/>\n<meta property=\"article:modified_time\" content=\"2024-06-08T11:21:05+00:00\" \/>\n<meta property=\"og:image\" content=\"https:\/\/www.notibras.com\/site\/wp-content\/uploads\/2016\/11\/restaurante-comunitario-itapoa-reabertura-toninho-tavares-640x427.jpg\" \/>\n\t<meta property=\"og:image:width\" content=\"640\" \/>\n\t<meta property=\"og:image:height\" content=\"427\" \/>\n\t<meta property=\"og:image:type\" content=\"image\/jpeg\" \/>\n<meta name=\"author\" content=\"Reda\u00e7\u00e3o\" \/>\n<meta name=\"twitter:card\" content=\"summary_large_image\" \/>\n<meta name=\"twitter:creator\" content=\"@Notibras\" \/>\n<meta name=\"twitter:site\" content=\"@Notibras\" \/>\n<meta name=\"twitter:label1\" content=\"Escrito por\" \/>\n\t<meta name=\"twitter:data1\" content=\"Reda\u00e7\u00e3o\" \/>\n\t<meta name=\"twitter:label2\" content=\"Est. tempo de leitura\" \/>\n\t<meta name=\"twitter:data2\" content=\"3 minutos\" \/>\n<script type=\"application\/ld+json\" class=\"yoast-schema-graph\">{\"@context\":\"https:\\\/\\\/schema.org\",\"@graph\":[{\"@type\":\"Article\",\"@id\":\"https:\\\/\\\/www.notibras.com\\\/site\\\/restaurante-comunitario-tera-tres-refeicoes-todos-os-dias\\\/#article\",\"isPartOf\":{\"@id\":\"https:\\\/\\\/www.notibras.com\\\/site\\\/restaurante-comunitario-tera-tres-refeicoes-todos-os-dias\\\/\"},\"author\":{\"name\":\"Reda\u00e7\u00e3o\",\"@id\":\"https:\\\/\\\/www.notibras.com\\\/site\\\/#\\\/schema\\\/person\\\/36ab0979449956132d3e5b517ea76ac8\"},\"headline\":\"Restaurante Comunit\u00e1rio ter\u00e1 tr\u00eas refei\u00e7\u00f5es todos os dias\",\"datePublished\":\"2024-06-08T03:17:59+00:00\",\"dateModified\":\"2024-06-08T11:21:05+00:00\",\"mainEntityOfPage\":{\"@id\":\"https:\\\/\\\/www.notibras.com\\\/site\\\/restaurante-comunitario-tera-tres-refeicoes-todos-os-dias\\\/\"},\"wordCount\":435,\"publisher\":{\"@id\":\"https:\\\/\\\/www.notibras.com\\\/site\\\/#organization\"},\"image\":{\"@id\":\"https:\\\/\\\/www.notibras.com\\\/site\\\/restaurante-comunitario-tera-tres-refeicoes-todos-os-dias\\\/#primaryimage\"},\"thumbnailUrl\":\"https:\\\/\\\/www.notibras.com\\\/site\\\/wp-content\\\/uploads\\\/2016\\\/11\\\/restaurante-comunitario-itapoa-reabertura-toninho-tavares-640x427.jpg\",\"articleSection\":[\"Quadradinho em Foco\"],\"inLanguage\":\"pt-BR\"},{\"@type\":\"WebPage\",\"@id\":\"https:\\\/\\\/www.notibras.com\\\/site\\\/restaurante-comunitario-tera-tres-refeicoes-todos-os-dias\\\/\",\"url\":\"https:\\\/\\\/www.notibras.com\\\/site\\\/restaurante-comunitario-tera-tres-refeicoes-todos-os-dias\\\/\",\"name\":\"Restaurante Comunit\u00e1rio ter\u00e1 tr\u00eas refei\u00e7\u00f5es todos os dias - Notibras\",\"isPartOf\":{\"@id\":\"https:\\\/\\\/www.notibras.com\\\/site\\\/#website\"},\"primaryImageOfPage\":{\"@id\":\"https:\\\/\\\/www.notibras.com\\\/site\\\/restaurante-comunitario-tera-tres-refeicoes-todos-os-dias\\\/#primaryimage\"},\"image\":{\"@id\":\"https:\\\/\\\/www.notibras.com\\\/site\\\/restaurante-comunitario-tera-tres-refeicoes-todos-os-dias\\\/#primaryimage\"},\"thumbnailUrl\":\"https:\\\/\\\/www.notibras.com\\\/site\\\/wp-content\\\/uploads\\\/2016\\\/11\\\/restaurante-comunitario-itapoa-reabertura-toninho-tavares-640x427.jpg\",\"datePublished\":\"2024-06-08T03:17:59+00:00\",\"dateModified\":\"2024-06-08T11:21:05+00:00\",\"breadcrumb\":{\"@id\":\"https:\\\/\\\/www.notibras.com\\\/site\\\/restaurante-comunitario-tera-tres-refeicoes-todos-os-dias\\\/#breadcrumb\"},\"inLanguage\":\"pt-BR\",\"potentialAction\":[{\"@type\":\"ReadAction\",\"target\":[\"https:\\\/\\\/www.notibras.com\\\/site\\\/restaurante-comunitario-tera-tres-refeicoes-todos-os-dias\\\/\"]}]},{\"@type\":\"ImageObject\",\"inLanguage\":\"pt-BR\",\"@id\":\"https:\\\/\\\/www.notibras.com\\\/site\\\/restaurante-comunitario-tera-tres-refeicoes-todos-os-dias\\\/#primaryimage\",\"url\":\"https:\\\/\\\/www.notibras.com\\\/site\\\/wp-content\\\/uploads\\\/2016\\\/11\\\/restaurante-comunitario-itapoa-reabertura-toninho-tavares-640x427.jpg\",\"contentUrl\":\"https:\\\/\\\/www.notibras.com\\\/site\\\/wp-content\\\/uploads\\\/2016\\\/11\\\/restaurante-comunitario-itapoa-reabertura-toninho-tavares-640x427.jpg\",\"width\":640,\"height\":427},{\"@type\":\"BreadcrumbList\",\"@id\":\"https:\\\/\\\/www.notibras.com\\\/site\\\/restaurante-comunitario-tera-tres-refeicoes-todos-os-dias\\\/#breadcrumb\",\"itemListElement\":[{\"@type\":\"ListItem\",\"position\":1,\"name\":\"In\u00edcio\",\"item\":\"https:\\\/\\\/www.notibras.com\\\/site\\\/\"},{\"@type\":\"ListItem\",\"position\":2,\"name\":\"Restaurante Comunit\u00e1rio ter\u00e1 tr\u00eas refei\u00e7\u00f5es todos os dias\"}]},{\"@type\":\"WebSite\",\"@id\":\"https:\\\/\\\/www.notibras.com\\\/site\\\/#website\",\"url\":\"https:\\\/\\\/www.notibras.com\\\/site\\\/\",\"name\":\"Notibras\",\"description\":\"Not\u00edcias de Bras\u00edlia, do Brasil e do Mundo\",\"publisher\":{\"@id\":\"https:\\\/\\\/www.notibras.com\\\/site\\\/#organization\"},\"potentialAction\":[{\"@type\":\"SearchAction\",\"target\":{\"@type\":\"EntryPoint\",\"urlTemplate\":\"https:\\\/\\\/www.notibras.com\\\/site\\\/?s={search_term_string}\"},\"query-input\":{\"@type\":\"PropertyValueSpecification\",\"valueRequired\":true,\"valueName\":\"search_term_string\"}}],\"inLanguage\":\"pt-BR\"},{\"@type\":\"Organization\",\"@id\":\"https:\\\/\\\/www.notibras.com\\\/site\\\/#organization\",\"name\":\"Grupo Notibras de Comunica\u00e7\u00e3o\",\"url\":\"https:\\\/\\\/www.notibras.com\\\/site\\\/\",\"logo\":{\"@type\":\"ImageObject\",\"inLanguage\":\"pt-BR\",\"@id\":\"https:\\\/\\\/www.notibras.com\\\/site\\\/#\\\/schema\\\/logo\\\/image\\\/\",\"url\":\"https:\\\/\\\/www.notibras.com\\\/site\\\/wp-content\\\/uploads\\\/2023\\\/01\\\/notibras23.png\",\"contentUrl\":\"https:\\\/\\\/www.notibras.com\\\/site\\\/wp-content\\\/uploads\\\/2023\\\/01\\\/notibras23.png\",\"width\":350,\"height\":87,\"caption\":\"Grupo Notibras de Comunica\u00e7\u00e3o\"},\"image\":{\"@id\":\"https:\\\/\\\/www.notibras.com\\\/site\\\/#\\\/schema\\\/logo\\\/image\\\/\"},\"sameAs\":[\"https:\\\/\\\/www.facebook.com\\\/notibras\\\/\",\"https:\\\/\\\/x.com\\\/Notibras\",\"https:\\\/\\\/www.instagram.com\\\/notibras\\\/\"]},{\"@type\":\"Person\",\"@id\":\"https:\\\/\\\/www.notibras.com\\\/site\\\/#\\\/schema\\\/person\\\/36ab0979449956132d3e5b517ea76ac8\",\"name\":\"Reda\u00e7\u00e3o\",\"image\":{\"@type\":\"ImageObject\",\"inLanguage\":\"pt-BR\",\"@id\":\"https:\\\/\\\/secure.gravatar.com\\\/avatar\\\/e0a867bdedb85fd243eadf09663511f96fc81e0720a4a42581f334ad4303aa6b?s=96&d=mm&r=g\",\"url\":\"https:\\\/\\\/secure.gravatar.com\\\/avatar\\\/e0a867bdedb85fd243eadf09663511f96fc81e0720a4a42581f334ad4303aa6b?s=96&d=mm&r=g\",\"contentUrl\":\"https:\\\/\\\/secure.gravatar.com\\\/avatar\\\/e0a867bdedb85fd243eadf09663511f96fc81e0720a4a42581f334ad4303aa6b?s=96&d=mm&r=g\",\"caption\":\"Reda\u00e7\u00e3o\"}}]}<\/script>\n<!-- \/ Yoast SEO plugin. -->","yoast_head_json":{"title":"Restaurante Comunit\u00e1rio ter\u00e1 tr\u00eas refei\u00e7\u00f5es todos os dias - Notibras","robots":{"index":"index","follow":"follow","max-snippet":"max-snippet:-1","max-image-preview":"max-image-preview:large","max-video-preview":"max-video-preview:-1"},"canonical":"https:\/\/www.notibras.com\/site\/restaurante-comunitario-tera-tres-refeicoes-todos-os-dias\/","og_locale":"pt_BR","og_type":"article","og_title":"Restaurante Comunit\u00e1rio ter\u00e1 tr\u00eas refei\u00e7\u00f5es todos os dias - Notibras","og_description":"A partir de ter\u00e7a-feira (11), o Restaurante Comunit\u00e1rio do Itapo\u00e3 vai ampliar a oferta de refei\u00e7\u00f5es, com caf\u00e9 da manh\u00e3, almo\u00e7o e jantar todos os dias, incluindo domingos e feriados. Com isso, o Distrito Federal passar\u00e1 a ter cinco restaurantes servindo as tr\u00eas refei\u00e7\u00f5es diariamente, ao custo total de R$ 2, sendo caf\u00e9 da manh\u00e3 [&hellip;]","og_url":"https:\/\/www.notibras.com\/site\/restaurante-comunitario-tera-tres-refeicoes-todos-os-dias\/","og_site_name":"Notibras","article_publisher":"https:\/\/www.facebook.com\/notibras\/","article_published_time":"2024-06-08T03:17:59+00:00","article_modified_time":"2024-06-08T11:21:05+00:00","og_image":[{"width":640,"height":427,"url":"https:\/\/www.notibras.com\/site\/wp-content\/uploads\/2016\/11\/restaurante-comunitario-itapoa-reabertura-toninho-tavares-640x427.jpg","type":"image\/jpeg"}],"author":"Reda\u00e7\u00e3o","twitter_card":"summary_large_image","twitter_creator":"@Notibras","twitter_site":"@Notibras","twitter_misc":{"Escrito por":"Reda\u00e7\u00e3o","Est. tempo de leitura":"3 minutos"},"schema":{"@context":"https:\/\/schema.org","@graph":[{"@type":"Article","@id":"https:\/\/www.notibras.com\/site\/restaurante-comunitario-tera-tres-refeicoes-todos-os-dias\/#article","isPartOf":{"@id":"https:\/\/www.notibras.com\/site\/restaurante-comunitario-tera-tres-refeicoes-todos-os-dias\/"},"author":{"name":"Reda\u00e7\u00e3o","@id":"https:\/\/www.notibras.com\/site\/#\/schema\/person\/36ab0979449956132d3e5b517ea76ac8"},"headline":"Restaurante Comunit\u00e1rio ter\u00e1 tr\u00eas refei\u00e7\u00f5es todos os dias","datePublished":"2024-06-08T03:17:59+00:00","dateModified":"2024-06-08T11:21:05+00:00","mainEntityOfPage":{"@id":"https:\/\/www.notibras.com\/site\/restaurante-comunitario-tera-tres-refeicoes-todos-os-dias\/"},"wordCount":435,"publisher":{"@id":"https:\/\/www.notibras.com\/site\/#organization"},"image":{"@id":"https:\/\/www.notibras.com\/site\/restaurante-comunitario-tera-tres-refeicoes-todos-os-dias\/#primaryimage"},"thumbnailUrl":"https:\/\/www.notibras.com\/site\/wp-content\/uploads\/2016\/11\/restaurante-comunitario-itapoa-reabertura-toninho-tavares-640x427.jpg","articleSection":["Quadradinho em Foco"],"inLanguage":"pt-BR"},{"@type":"WebPage","@id":"https:\/\/www.notibras.com\/site\/restaurante-comunitario-tera-tres-refeicoes-todos-os-dias\/","url":"https:\/\/www.notibras.com\/site\/restaurante-comunitario-tera-tres-refeicoes-todos-os-dias\/","name":"Restaurante Comunit\u00e1rio ter\u00e1 tr\u00eas refei\u00e7\u00f5es todos os dias - Notibras","isPartOf":{"@id":"https:\/\/www.notibras.com\/site\/#website"},"primaryImageOfPage":{"@id":"https:\/\/www.notibras.com\/site\/restaurante-comunitario-tera-tres-refeicoes-todos-os-dias\/#primaryimage"},"image":{"@id":"https:\/\/www.notibras.com\/site\/restaurante-comunitario-tera-tres-refeicoes-todos-os-dias\/#primaryimage"},"thumbnailUrl":"https:\/\/www.notibras.com\/site\/wp-content\/uploads\/2016\/11\/restaurante-comunitario-itapoa-reabertura-toninho-tavares-640x427.jpg","datePublished":"2024-06-08T03:17:59+00:00","dateModified":"2024-06-08T11:21:05+00:00","breadcrumb":{"@id":"https:\/\/www.notibras.com\/site\/restaurante-comunitario-tera-tres-refeicoes-todos-os-dias\/#breadcrumb"},"inLanguage":"pt-BR","potentialAction":[{"@type":"ReadAction","target":["https:\/\/www.notibras.com\/site\/restaurante-comunitario-tera-tres-refeicoes-todos-os-dias\/"]}]},{"@type":"ImageObject","inLanguage":"pt-BR","@id":"https:\/\/www.notibras.com\/site\/restaurante-comunitario-tera-tres-refeicoes-todos-os-dias\/#primaryimage","url":"https:\/\/www.notibras.com\/site\/wp-content\/uploads\/2016\/11\/restaurante-comunitario-itapoa-reabertura-toninho-tavares-640x427.jpg","contentUrl":"https:\/\/www.notibras.com\/site\/wp-content\/uploads\/2016\/11\/restaurante-comunitario-itapoa-reabertura-toninho-tavares-640x427.jpg","width":640,"height":427},{"@type":"BreadcrumbList","@id":"https:\/\/www.notibras.com\/site\/restaurante-comunitario-tera-tres-refeicoes-todos-os-dias\/#breadcrumb","itemListElement":[{"@type":"ListItem","position":1,"name":"In\u00edcio","item":"https:\/\/www.notibras.com\/site\/"},{"@type":"ListItem","position":2,"name":"Restaurante Comunit\u00e1rio ter\u00e1 tr\u00eas refei\u00e7\u00f5es todos os dias"}]},{"@type":"WebSite","@id":"https:\/\/www.notibras.com\/site\/#website","url":"https:\/\/www.notibras.com\/site\/","name":"Notibras","description":"Not\u00edcias de Bras\u00edlia, do Brasil e do Mundo","publisher":{"@id":"https:\/\/www.notibras.com\/site\/#organization"},"potentialAction":[{"@type":"SearchAction","target":{"@type":"EntryPoint","urlTemplate":"https:\/\/www.notibras.com\/site\/?s={search_term_string}"},"query-input":{"@type":"PropertyValueSpecification","valueRequired":true,"valueName":"search_term_string"}}],"inLanguage":"pt-BR"},{"@type":"Organization","@id":"https:\/\/www.notibras.com\/site\/#organization","name":"Grupo Notibras de Comunica\u00e7\u00e3o","url":"https:\/\/www.notibras.com\/site\/","logo":{"@type":"ImageObject","inLanguage":"pt-BR","@id":"https:\/\/www.notibras.com\/site\/#\/schema\/logo\/image\/","url":"https:\/\/www.notibras.com\/site\/wp-content\/uploads\/2023\/01\/notibras23.png","contentUrl":"https:\/\/www.notibras.com\/site\/wp-content\/uploads\/2023\/01\/notibras23.png","width":350,"height":87,"caption":"Grupo Notibras de Comunica\u00e7\u00e3o"},"image":{"@id":"https:\/\/www.notibras.com\/site\/#\/schema\/logo\/image\/"},"sameAs":["https:\/\/www.facebook.com\/notibras\/","https:\/\/x.com\/Notibras","https:\/\/www.instagram.com\/notibras\/"]},{"@type":"Person","@id":"https:\/\/www.notibras.com\/site\/#\/schema\/person\/36ab0979449956132d3e5b517ea76ac8","name":"Reda\u00e7\u00e3o","image":{"@type":"ImageObject","inLanguage":"pt-BR","@id":"https:\/\/secure.gravatar.com\/avatar\/e0a867bdedb85fd243eadf09663511f96fc81e0720a4a42581f334ad4303aa6b?s=96&d=mm&r=g","url":"https:\/\/secure.gravatar.com\/avatar\/e0a867bdedb85fd243eadf09663511f96fc81e0720a4a42581f334ad4303aa6b?s=96&d=mm&r=g","contentUrl":"https:\/\/secure.gravatar.com\/avatar\/e0a867bdedb85fd243eadf09663511f96fc81e0720a4a42581f334ad4303aa6b?s=96&d=mm&r=g","caption":"Reda\u00e7\u00e3o"}}]}},"amp_enabled":true,"_links":{"self":[{"href":"https:\/\/www.notibras.com\/site\/wp-json\/wp\/v2\/posts\/330354","targetHints":{"allow":["GET"]}}],"collection":[{"href":"https:\/\/www.notibras.com\/site\/wp-json\/wp\/v2\/posts"}],"about":[{"href":"https:\/\/www.notibras.com\/site\/wp-json\/wp\/v2\/types\/post"}],"author":[{"embeddable":true,"href":"https:\/\/www.notibras.com\/site\/wp-json\/wp\/v2\/users\/2"}],"replies":[{"embeddable":true,"href":"https:\/\/www.notibras.com\/site\/wp-json\/wp\/v2\/comments?post=330354"}],"version-history":[{"count":1,"href":"https:\/\/www.notibras.com\/site\/wp-json\/wp\/v2\/posts\/330354\/revisions"}],"predecessor-version":[{"id":330355,"href":"https:\/\/www.notibras.com\/site\/wp-json\/wp\/v2\/posts\/330354\/revisions\/330355"}],"wp:featuredmedia":[{"embeddable":true,"href":"https:\/\/www.notibras.com\/site\/wp-json\/wp\/v2\/media\/121764"}],"wp:attachment":[{"href":"https:\/\/www.notibras.com\/site\/wp-json\/wp\/v2\/media?parent=330354"}],"wp:term":[{"taxonomy":"category","embeddable":true,"href":"https:\/\/www.notibras.com\/site\/wp-json\/wp\/v2\/categories?post=330354"},{"taxonomy":"post_tag","embeddable":true,"href":"https:\/\/www.notibras.com\/site\/wp-json\/wp\/v2\/tags?post=330354"}],"curies":[{"name":"wp","href":"https:\/\/api.w.org\/{rel}","templated":true}]}}