{"id":330359,"date":"2024-06-09T06:38:43","date_gmt":"2024-06-09T09:38:43","guid":{"rendered":"https:\/\/www.notibras.com\/site\/?p=330359"},"modified":"2024-06-09T06:38:43","modified_gmt":"2024-06-09T09:38:43","slug":"dirce-sai-sem-celular-e-descobre-o-mundo-ao-redor","status":"publish","type":"post","link":"https:\/\/www.notibras.com\/site\/dirce-sai-sem-celular-e-descobre-o-mundo-ao-redor\/","title":{"rendered":"Dirce sai sem celular e descobre o mundo ao redor"},"content":{"rendered":"<p>N\u00e3o se sabe exatamente como aconteceu, mas aconteceu naquela cidade no sert\u00e3o do Nordeste. Dizem que come\u00e7ou com a Dirce, mulher j\u00e1 passada dos 70 anos, que, saudosa de tempos de outrora, esqueceu seu aparelho celular sobre a c\u00f4moda. Falam at\u00e9 que foi de prop\u00f3sito.<\/p>\n<p>Dirce, que havia sa\u00eddo para fazer algumas compras na mercearia do bairro, quando se deu conta do canto de um sabi\u00e1-laranjeira, parou um instante para observ\u00e1-lo. Ela conhecia tal p\u00e1ssaro de peito garboso, mas, a despeito de tentar buscar na mem\u00f3ria, n\u00e3o conseguiu recordar a \u00faltima vez que ouvira aquela melodia.<\/p>\n<p>Na venda, a mulher reparou como as frutas estavam bonitas, especialmente as ma\u00e7\u00e3s. Ela pegou uma e a levou at\u00e9 as narinas. Hum, que cheirinho gostoso de ma\u00e7\u00e3. Dirce pensou que deveria fazer isso mais vezes. Fez o mesmo com as uvas, as laranjas e especialmente com a graviola, que a remontou ao tempo de menina, quando se lambuzava com os irm\u00e3os debaixo do p\u00e9 dessa fruta no quintal da av\u00f3.<\/p>\n<p>Com a sacola cheia, foi pagar pelas compras. Foi a\u00ed que reparou nos olhos do Am\u00e2ncio, o dono do com\u00e9rcio. Eram de um castanho quase negro, com c\u00edlios que pareciam cortinas.<\/p>\n<p>\u2014 Aposto que voc\u00ea puxou os olhos da sua m\u00e3e.<\/p>\n<p>\u2014 \u00c9 verdade. Mas os de mam\u00e3e eram mais bonitos.<\/p>\n<p>A velha retornou para casa, onde encontrou, de p\u00e9 na cal\u00e7ada em frente \u00e0 porta, os filhos: Marisa e J\u00falio.<\/p>\n<p>\u2014 Mam\u00e3e, onde a senhora estava? Pensamos que tivesse acontecido alguma coisa.<\/p>\n<p>\u2014 Como assim, meu filho?<\/p>\n<p>\u2014 A senhora n\u00e3o respondeu as mensagens que mandamos. Nem atendeu o celular.<\/p>\n<p>\u2014 Ah, esqueci. Mas voc\u00ea sabe que foi at\u00e9 bom.<\/p>\n<p>\u2014 Por qu\u00ea?<\/p>\n<p>\u2014 Minha filha, voc\u00ea j\u00e1 reparou nos olhos do Am\u00e2ncio?<\/p>\n<p>\u2014 Am\u00e2ncio? O da mercearia?<\/p>\n<p>\u2014 Sim. Sabia que ele puxou os olhos da m\u00e3e?<\/p>\n<p>\u2014 M\u00e3e, a senhora est\u00e1 se sentindo bem?<\/p>\n<p>\u2014 Melhor imposs\u00edvel! Ouvi at\u00e9 o canto de um sabi\u00e1.<\/p>\n<p>\u2014 Sabi\u00e1?<\/p>\n<p>\u2014 Sim! \u00c9 t\u00e3o lindo! E sinta o cheiro dessa graviola.<\/p>\n<p>\u2014 Mam\u00e3e, a senhora est\u00e1 muito estranha.<\/p>\n<p>Marisa e J\u00falio at\u00e9 pensaram em internar a m\u00e3e, mas deixaram a coisa correr. Dirce, por sua vez, tratou de guardar o aparelho celular no fundo de uma gaveta qualquer e, depois de algum tempo, at\u00e9 se esqueceu de onde o havia colocado.<\/p>\n<p>A mulher passou a caminhar pelo bairro, apreciava tudo ao seu redor, como se fosse a primeira vez que fazia aquilo. N\u00e3o era, mas queria porque queria curtir cada instante, cada som, cada odor, cada flor que despontava nos canteiros ao longo das cal\u00e7adas. De t\u00e3o feliz, gerou curiosidade numa vizinha, que tamb\u00e9m passou a esquecer o celular.<\/p>\n<p>Esse h\u00e1bito acabou por pegar todas as pessoas da rua, que gerou uma onda nas ruas abaixo, at\u00e9 que tomou todo o bairro e, n\u00e3o demorou, chegou aos bairros ao lado. No final de dois meses, aquela estranha doen\u00e7a acometeu todos os habitantes da cidade. A coisa ficou t\u00e3o grave, que tem gente que at\u00e9 conversa em fila de banco. Quanto aos celulares, todos adormeceram por falta de bateria. Seja como for, est\u00e1 tudo bem.<\/p>\n<p><strong>*Eduardo Mart\u00ednez \u00e9 autor do livro \u201c57 Contos e Cr\u00f4nicas por um Autor muito Velho\u201d.<\/strong><\/p>\n<p>Compre aqui\u00a0<span class=\"x19la9d6 x1fc57z9 x6ikm8r x10wlt62 x19co3pv x1g5zs5t xfibh0p xiy17q3 x1xsqp64 x1lkfr7t xexx8yu x4uap5 x18d9i69 xkhd6sd\"><span class=\"xrtxmta x1bhl96m\"><img decoding=\"async\" class=\"emoji\" role=\"img\" draggable=\"false\" src=\"https:\/\/s.w.org\/images\/core\/emoji\/14.0.0\/svg\/1f447-1f3ff.svg\" alt=\"&#x1f447;&#x1f3ff;\" \/><\/span><\/span><span class=\"x19la9d6 x1fc57z9 x6ikm8r x10wlt62 x19co3pv x1g5zs5t xfibh0p xiy17q3 x1xsqp64 x1lkfr7t xexx8yu x4uap5 x18d9i69 xkhd6sd\"><span class=\"xrtxmta x1bhl96m\"><img decoding=\"async\" class=\"emoji\" role=\"img\" draggable=\"false\" src=\"https:\/\/s.w.org\/images\/core\/emoji\/14.0.0\/svg\/1f447-1f3ff.svg\" alt=\"&#x1f447;&#x1f3ff;\" \/><\/span><\/span><span class=\"x19la9d6 x1fc57z9 x6ikm8r x10wlt62 x19co3pv x1g5zs5t xfibh0p xiy17q3 x1xsqp64 x1lkfr7t xexx8yu x4uap5 x18d9i69 xkhd6sd\"><span class=\"xrtxmta x1bhl96m\"><img decoding=\"async\" class=\"emoji\" role=\"img\" draggable=\"false\" src=\"https:\/\/s.w.org\/images\/core\/emoji\/14.0.0\/svg\/1f447-1f3ff.svg\" alt=\"&#x1f447;&#x1f3ff;\" \/><\/span><\/span><\/p>\n<p><a href=\"http:\/\/www.joanineditora.com.br\/57-contos-e-cronicas-por-um-autor-muito-velho\">http:\/\/www.joanineditora.com.br\/57-contos-e-cronicas-por-um-autor-muito-velho<\/a><\/p>\n","protected":false},"excerpt":{"rendered":"<p>N\u00e3o se sabe exatamente como aconteceu, mas aconteceu naquela cidade no sert\u00e3o do Nordeste. Dizem que come\u00e7ou com a Dirce, mulher j\u00e1 passada dos 70 anos, que, saudosa de tempos de outrora, esqueceu seu aparelho celular sobre a c\u00f4moda. Falam at\u00e9 que foi de prop\u00f3sito. Dirce, que havia sa\u00eddo para fazer algumas compras na mercearia [&hellip;]<\/p>\n","protected":false},"author":2,"featured_media":330360,"comment_status":"closed","ping_status":"closed","sticky":false,"template":"","format":"standard","meta":{"_acf_changed":false,"footnotes":""},"categories":[166,167,168,169,165,170,171,172,173,174],"tags":[],"class_list":["post-330359","post","type-post","status-publish","format-standard","has-post-thumbnail","hentry","category-alagoas","category-bahia","category-ceara","category-maranhao","category-nordeste","category-paraiba-nordeste","category-pernambuco-nordeste","category-piaui","category-rio-grande-do-norte","category-sergipe"],"acf":[],"yoast_head":"<!-- This site is optimized with the Yoast SEO plugin v27.5 - https:\/\/yoast.com\/product\/yoast-seo-wordpress\/ -->\n<title>Dirce sai sem celular e descobre o mundo ao redor - Notibras<\/title>\n<meta name=\"robots\" content=\"index, follow, max-snippet:-1, max-image-preview:large, max-video-preview:-1\" \/>\n<link rel=\"canonical\" href=\"https:\/\/www.notibras.com\/site\/dirce-sai-sem-celular-e-descobre-o-mundo-ao-redor\/\" \/>\n<meta property=\"og:locale\" content=\"pt_BR\" \/>\n<meta property=\"og:type\" content=\"article\" \/>\n<meta property=\"og:title\" content=\"Dirce sai sem celular e descobre o mundo ao redor - Notibras\" \/>\n<meta property=\"og:description\" content=\"N\u00e3o se sabe exatamente como aconteceu, mas aconteceu naquela cidade no sert\u00e3o do Nordeste. Dizem que come\u00e7ou com a Dirce, mulher j\u00e1 passada dos 70 anos, que, saudosa de tempos de outrora, esqueceu seu aparelho celular sobre a c\u00f4moda. Falam at\u00e9 que foi de prop\u00f3sito. Dirce, que havia sa\u00eddo para fazer algumas compras na mercearia [&hellip;]\" \/>\n<meta property=\"og:url\" content=\"https:\/\/www.notibras.com\/site\/dirce-sai-sem-celular-e-descobre-o-mundo-ao-redor\/\" \/>\n<meta property=\"og:site_name\" content=\"Notibras\" \/>\n<meta property=\"article:publisher\" content=\"https:\/\/www.facebook.com\/notibras\/\" \/>\n<meta property=\"article:published_time\" content=\"2024-06-09T09:38:43+00:00\" \/>\n<meta property=\"og:image\" content=\"https:\/\/www.notibras.com\/site\/wp-content\/uploads\/2024\/06\/dunedirce.jpg\" \/>\n\t<meta property=\"og:image:width\" content=\"512\" \/>\n\t<meta property=\"og:image:height\" content=\"465\" \/>\n\t<meta property=\"og:image:type\" content=\"image\/jpeg\" \/>\n<meta name=\"author\" content=\"Reda\u00e7\u00e3o\" \/>\n<meta name=\"twitter:card\" content=\"summary_large_image\" \/>\n<meta name=\"twitter:creator\" content=\"@Notibras\" \/>\n<meta name=\"twitter:site\" content=\"@Notibras\" \/>\n<meta name=\"twitter:label1\" content=\"Escrito por\" \/>\n\t<meta name=\"twitter:data1\" content=\"Reda\u00e7\u00e3o\" \/>\n\t<meta name=\"twitter:label2\" content=\"Est. tempo de leitura\" \/>\n\t<meta name=\"twitter:data2\" content=\"4 minutos\" \/>\n<script type=\"application\/ld+json\" class=\"yoast-schema-graph\">{\"@context\":\"https:\\\/\\\/schema.org\",\"@graph\":[{\"@type\":\"Article\",\"@id\":\"https:\\\/\\\/www.notibras.com\\\/site\\\/dirce-sai-sem-celular-e-descobre-o-mundo-ao-redor\\\/#article\",\"isPartOf\":{\"@id\":\"https:\\\/\\\/www.notibras.com\\\/site\\\/dirce-sai-sem-celular-e-descobre-o-mundo-ao-redor\\\/\"},\"author\":{\"name\":\"Reda\u00e7\u00e3o\",\"@id\":\"https:\\\/\\\/www.notibras.com\\\/site\\\/#\\\/schema\\\/person\\\/36ab0979449956132d3e5b517ea76ac8\"},\"headline\":\"Dirce sai sem celular e descobre o mundo ao redor\",\"datePublished\":\"2024-06-09T09:38:43+00:00\",\"mainEntityOfPage\":{\"@id\":\"https:\\\/\\\/www.notibras.com\\\/site\\\/dirce-sai-sem-celular-e-descobre-o-mundo-ao-redor\\\/\"},\"wordCount\":573,\"publisher\":{\"@id\":\"https:\\\/\\\/www.notibras.com\\\/site\\\/#organization\"},\"image\":{\"@id\":\"https:\\\/\\\/www.notibras.com\\\/site\\\/dirce-sai-sem-celular-e-descobre-o-mundo-ao-redor\\\/#primaryimage\"},\"thumbnailUrl\":\"https:\\\/\\\/www.notibras.com\\\/site\\\/wp-content\\\/uploads\\\/2024\\\/06\\\/dunedirce.jpg\",\"articleSection\":[\"Alagoas\",\"Bahia\",\"Cear\u00e1\",\"Maranh\u00e3o\",\"Nordeste\",\"Para\u00edba\",\"Pernambuco\",\"Piau\u00ed\",\"Rio Grande do Norte\",\"Sergipe\"],\"inLanguage\":\"pt-BR\"},{\"@type\":\"WebPage\",\"@id\":\"https:\\\/\\\/www.notibras.com\\\/site\\\/dirce-sai-sem-celular-e-descobre-o-mundo-ao-redor\\\/\",\"url\":\"https:\\\/\\\/www.notibras.com\\\/site\\\/dirce-sai-sem-celular-e-descobre-o-mundo-ao-redor\\\/\",\"name\":\"Dirce sai sem celular e descobre o mundo ao redor - Notibras\",\"isPartOf\":{\"@id\":\"https:\\\/\\\/www.notibras.com\\\/site\\\/#website\"},\"primaryImageOfPage\":{\"@id\":\"https:\\\/\\\/www.notibras.com\\\/site\\\/dirce-sai-sem-celular-e-descobre-o-mundo-ao-redor\\\/#primaryimage\"},\"image\":{\"@id\":\"https:\\\/\\\/www.notibras.com\\\/site\\\/dirce-sai-sem-celular-e-descobre-o-mundo-ao-redor\\\/#primaryimage\"},\"thumbnailUrl\":\"https:\\\/\\\/www.notibras.com\\\/site\\\/wp-content\\\/uploads\\\/2024\\\/06\\\/dunedirce.jpg\",\"datePublished\":\"2024-06-09T09:38:43+00:00\",\"breadcrumb\":{\"@id\":\"https:\\\/\\\/www.notibras.com\\\/site\\\/dirce-sai-sem-celular-e-descobre-o-mundo-ao-redor\\\/#breadcrumb\"},\"inLanguage\":\"pt-BR\",\"potentialAction\":[{\"@type\":\"ReadAction\",\"target\":[\"https:\\\/\\\/www.notibras.com\\\/site\\\/dirce-sai-sem-celular-e-descobre-o-mundo-ao-redor\\\/\"]}]},{\"@type\":\"ImageObject\",\"inLanguage\":\"pt-BR\",\"@id\":\"https:\\\/\\\/www.notibras.com\\\/site\\\/dirce-sai-sem-celular-e-descobre-o-mundo-ao-redor\\\/#primaryimage\",\"url\":\"https:\\\/\\\/www.notibras.com\\\/site\\\/wp-content\\\/uploads\\\/2024\\\/06\\\/dunedirce.jpg\",\"contentUrl\":\"https:\\\/\\\/www.notibras.com\\\/site\\\/wp-content\\\/uploads\\\/2024\\\/06\\\/dunedirce.jpg\",\"width\":512,\"height\":465},{\"@type\":\"BreadcrumbList\",\"@id\":\"https:\\\/\\\/www.notibras.com\\\/site\\\/dirce-sai-sem-celular-e-descobre-o-mundo-ao-redor\\\/#breadcrumb\",\"itemListElement\":[{\"@type\":\"ListItem\",\"position\":1,\"name\":\"In\u00edcio\",\"item\":\"https:\\\/\\\/www.notibras.com\\\/site\\\/\"},{\"@type\":\"ListItem\",\"position\":2,\"name\":\"Dirce sai sem celular e descobre o mundo ao redor\"}]},{\"@type\":\"WebSite\",\"@id\":\"https:\\\/\\\/www.notibras.com\\\/site\\\/#website\",\"url\":\"https:\\\/\\\/www.notibras.com\\\/site\\\/\",\"name\":\"Notibras\",\"description\":\"Not\u00edcias de Bras\u00edlia, do Brasil e do Mundo\",\"publisher\":{\"@id\":\"https:\\\/\\\/www.notibras.com\\\/site\\\/#organization\"},\"potentialAction\":[{\"@type\":\"SearchAction\",\"target\":{\"@type\":\"EntryPoint\",\"urlTemplate\":\"https:\\\/\\\/www.notibras.com\\\/site\\\/?s={search_term_string}\"},\"query-input\":{\"@type\":\"PropertyValueSpecification\",\"valueRequired\":true,\"valueName\":\"search_term_string\"}}],\"inLanguage\":\"pt-BR\"},{\"@type\":\"Organization\",\"@id\":\"https:\\\/\\\/www.notibras.com\\\/site\\\/#organization\",\"name\":\"Grupo Notibras de Comunica\u00e7\u00e3o\",\"url\":\"https:\\\/\\\/www.notibras.com\\\/site\\\/\",\"logo\":{\"@type\":\"ImageObject\",\"inLanguage\":\"pt-BR\",\"@id\":\"https:\\\/\\\/www.notibras.com\\\/site\\\/#\\\/schema\\\/logo\\\/image\\\/\",\"url\":\"https:\\\/\\\/www.notibras.com\\\/site\\\/wp-content\\\/uploads\\\/2023\\\/01\\\/notibras23.png\",\"contentUrl\":\"https:\\\/\\\/www.notibras.com\\\/site\\\/wp-content\\\/uploads\\\/2023\\\/01\\\/notibras23.png\",\"width\":350,\"height\":87,\"caption\":\"Grupo Notibras de Comunica\u00e7\u00e3o\"},\"image\":{\"@id\":\"https:\\\/\\\/www.notibras.com\\\/site\\\/#\\\/schema\\\/logo\\\/image\\\/\"},\"sameAs\":[\"https:\\\/\\\/www.facebook.com\\\/notibras\\\/\",\"https:\\\/\\\/x.com\\\/Notibras\",\"https:\\\/\\\/www.instagram.com\\\/notibras\\\/\"]},{\"@type\":\"Person\",\"@id\":\"https:\\\/\\\/www.notibras.com\\\/site\\\/#\\\/schema\\\/person\\\/36ab0979449956132d3e5b517ea76ac8\",\"name\":\"Reda\u00e7\u00e3o\",\"image\":{\"@type\":\"ImageObject\",\"inLanguage\":\"pt-BR\",\"@id\":\"https:\\\/\\\/secure.gravatar.com\\\/avatar\\\/e0a867bdedb85fd243eadf09663511f96fc81e0720a4a42581f334ad4303aa6b?s=96&d=mm&r=g\",\"url\":\"https:\\\/\\\/secure.gravatar.com\\\/avatar\\\/e0a867bdedb85fd243eadf09663511f96fc81e0720a4a42581f334ad4303aa6b?s=96&d=mm&r=g\",\"contentUrl\":\"https:\\\/\\\/secure.gravatar.com\\\/avatar\\\/e0a867bdedb85fd243eadf09663511f96fc81e0720a4a42581f334ad4303aa6b?s=96&d=mm&r=g\",\"caption\":\"Reda\u00e7\u00e3o\"}}]}<\/script>\n<!-- \/ Yoast SEO plugin. -->","yoast_head_json":{"title":"Dirce sai sem celular e descobre o mundo ao redor - Notibras","robots":{"index":"index","follow":"follow","max-snippet":"max-snippet:-1","max-image-preview":"max-image-preview:large","max-video-preview":"max-video-preview:-1"},"canonical":"https:\/\/www.notibras.com\/site\/dirce-sai-sem-celular-e-descobre-o-mundo-ao-redor\/","og_locale":"pt_BR","og_type":"article","og_title":"Dirce sai sem celular e descobre o mundo ao redor - Notibras","og_description":"N\u00e3o se sabe exatamente como aconteceu, mas aconteceu naquela cidade no sert\u00e3o do Nordeste. Dizem que come\u00e7ou com a Dirce, mulher j\u00e1 passada dos 70 anos, que, saudosa de tempos de outrora, esqueceu seu aparelho celular sobre a c\u00f4moda. Falam at\u00e9 que foi de prop\u00f3sito. Dirce, que havia sa\u00eddo para fazer algumas compras na mercearia [&hellip;]","og_url":"https:\/\/www.notibras.com\/site\/dirce-sai-sem-celular-e-descobre-o-mundo-ao-redor\/","og_site_name":"Notibras","article_publisher":"https:\/\/www.facebook.com\/notibras\/","article_published_time":"2024-06-09T09:38:43+00:00","og_image":[{"width":512,"height":465,"url":"https:\/\/www.notibras.com\/site\/wp-content\/uploads\/2024\/06\/dunedirce.jpg","type":"image\/jpeg"}],"author":"Reda\u00e7\u00e3o","twitter_card":"summary_large_image","twitter_creator":"@Notibras","twitter_site":"@Notibras","twitter_misc":{"Escrito por":"Reda\u00e7\u00e3o","Est. tempo de leitura":"4 minutos"},"schema":{"@context":"https:\/\/schema.org","@graph":[{"@type":"Article","@id":"https:\/\/www.notibras.com\/site\/dirce-sai-sem-celular-e-descobre-o-mundo-ao-redor\/#article","isPartOf":{"@id":"https:\/\/www.notibras.com\/site\/dirce-sai-sem-celular-e-descobre-o-mundo-ao-redor\/"},"author":{"name":"Reda\u00e7\u00e3o","@id":"https:\/\/www.notibras.com\/site\/#\/schema\/person\/36ab0979449956132d3e5b517ea76ac8"},"headline":"Dirce sai sem celular e descobre o mundo ao redor","datePublished":"2024-06-09T09:38:43+00:00","mainEntityOfPage":{"@id":"https:\/\/www.notibras.com\/site\/dirce-sai-sem-celular-e-descobre-o-mundo-ao-redor\/"},"wordCount":573,"publisher":{"@id":"https:\/\/www.notibras.com\/site\/#organization"},"image":{"@id":"https:\/\/www.notibras.com\/site\/dirce-sai-sem-celular-e-descobre-o-mundo-ao-redor\/#primaryimage"},"thumbnailUrl":"https:\/\/www.notibras.com\/site\/wp-content\/uploads\/2024\/06\/dunedirce.jpg","articleSection":["Alagoas","Bahia","Cear\u00e1","Maranh\u00e3o","Nordeste","Para\u00edba","Pernambuco","Piau\u00ed","Rio Grande do Norte","Sergipe"],"inLanguage":"pt-BR"},{"@type":"WebPage","@id":"https:\/\/www.notibras.com\/site\/dirce-sai-sem-celular-e-descobre-o-mundo-ao-redor\/","url":"https:\/\/www.notibras.com\/site\/dirce-sai-sem-celular-e-descobre-o-mundo-ao-redor\/","name":"Dirce sai sem celular e descobre o mundo ao redor - Notibras","isPartOf":{"@id":"https:\/\/www.notibras.com\/site\/#website"},"primaryImageOfPage":{"@id":"https:\/\/www.notibras.com\/site\/dirce-sai-sem-celular-e-descobre-o-mundo-ao-redor\/#primaryimage"},"image":{"@id":"https:\/\/www.notibras.com\/site\/dirce-sai-sem-celular-e-descobre-o-mundo-ao-redor\/#primaryimage"},"thumbnailUrl":"https:\/\/www.notibras.com\/site\/wp-content\/uploads\/2024\/06\/dunedirce.jpg","datePublished":"2024-06-09T09:38:43+00:00","breadcrumb":{"@id":"https:\/\/www.notibras.com\/site\/dirce-sai-sem-celular-e-descobre-o-mundo-ao-redor\/#breadcrumb"},"inLanguage":"pt-BR","potentialAction":[{"@type":"ReadAction","target":["https:\/\/www.notibras.com\/site\/dirce-sai-sem-celular-e-descobre-o-mundo-ao-redor\/"]}]},{"@type":"ImageObject","inLanguage":"pt-BR","@id":"https:\/\/www.notibras.com\/site\/dirce-sai-sem-celular-e-descobre-o-mundo-ao-redor\/#primaryimage","url":"https:\/\/www.notibras.com\/site\/wp-content\/uploads\/2024\/06\/dunedirce.jpg","contentUrl":"https:\/\/www.notibras.com\/site\/wp-content\/uploads\/2024\/06\/dunedirce.jpg","width":512,"height":465},{"@type":"BreadcrumbList","@id":"https:\/\/www.notibras.com\/site\/dirce-sai-sem-celular-e-descobre-o-mundo-ao-redor\/#breadcrumb","itemListElement":[{"@type":"ListItem","position":1,"name":"In\u00edcio","item":"https:\/\/www.notibras.com\/site\/"},{"@type":"ListItem","position":2,"name":"Dirce sai sem celular e descobre o mundo ao redor"}]},{"@type":"WebSite","@id":"https:\/\/www.notibras.com\/site\/#website","url":"https:\/\/www.notibras.com\/site\/","name":"Notibras","description":"Not\u00edcias de Bras\u00edlia, do Brasil e do Mundo","publisher":{"@id":"https:\/\/www.notibras.com\/site\/#organization"},"potentialAction":[{"@type":"SearchAction","target":{"@type":"EntryPoint","urlTemplate":"https:\/\/www.notibras.com\/site\/?s={search_term_string}"},"query-input":{"@type":"PropertyValueSpecification","valueRequired":true,"valueName":"search_term_string"}}],"inLanguage":"pt-BR"},{"@type":"Organization","@id":"https:\/\/www.notibras.com\/site\/#organization","name":"Grupo Notibras de Comunica\u00e7\u00e3o","url":"https:\/\/www.notibras.com\/site\/","logo":{"@type":"ImageObject","inLanguage":"pt-BR","@id":"https:\/\/www.notibras.com\/site\/#\/schema\/logo\/image\/","url":"https:\/\/www.notibras.com\/site\/wp-content\/uploads\/2023\/01\/notibras23.png","contentUrl":"https:\/\/www.notibras.com\/site\/wp-content\/uploads\/2023\/01\/notibras23.png","width":350,"height":87,"caption":"Grupo Notibras de Comunica\u00e7\u00e3o"},"image":{"@id":"https:\/\/www.notibras.com\/site\/#\/schema\/logo\/image\/"},"sameAs":["https:\/\/www.facebook.com\/notibras\/","https:\/\/x.com\/Notibras","https:\/\/www.instagram.com\/notibras\/"]},{"@type":"Person","@id":"https:\/\/www.notibras.com\/site\/#\/schema\/person\/36ab0979449956132d3e5b517ea76ac8","name":"Reda\u00e7\u00e3o","image":{"@type":"ImageObject","inLanguage":"pt-BR","@id":"https:\/\/secure.gravatar.com\/avatar\/e0a867bdedb85fd243eadf09663511f96fc81e0720a4a42581f334ad4303aa6b?s=96&d=mm&r=g","url":"https:\/\/secure.gravatar.com\/avatar\/e0a867bdedb85fd243eadf09663511f96fc81e0720a4a42581f334ad4303aa6b?s=96&d=mm&r=g","contentUrl":"https:\/\/secure.gravatar.com\/avatar\/e0a867bdedb85fd243eadf09663511f96fc81e0720a4a42581f334ad4303aa6b?s=96&d=mm&r=g","caption":"Reda\u00e7\u00e3o"}}]}},"amp_enabled":true,"_links":{"self":[{"href":"https:\/\/www.notibras.com\/site\/wp-json\/wp\/v2\/posts\/330359","targetHints":{"allow":["GET"]}}],"collection":[{"href":"https:\/\/www.notibras.com\/site\/wp-json\/wp\/v2\/posts"}],"about":[{"href":"https:\/\/www.notibras.com\/site\/wp-json\/wp\/v2\/types\/post"}],"author":[{"embeddable":true,"href":"https:\/\/www.notibras.com\/site\/wp-json\/wp\/v2\/users\/2"}],"replies":[{"embeddable":true,"href":"https:\/\/www.notibras.com\/site\/wp-json\/wp\/v2\/comments?post=330359"}],"version-history":[{"count":1,"href":"https:\/\/www.notibras.com\/site\/wp-json\/wp\/v2\/posts\/330359\/revisions"}],"predecessor-version":[{"id":330361,"href":"https:\/\/www.notibras.com\/site\/wp-json\/wp\/v2\/posts\/330359\/revisions\/330361"}],"wp:featuredmedia":[{"embeddable":true,"href":"https:\/\/www.notibras.com\/site\/wp-json\/wp\/v2\/media\/330360"}],"wp:attachment":[{"href":"https:\/\/www.notibras.com\/site\/wp-json\/wp\/v2\/media?parent=330359"}],"wp:term":[{"taxonomy":"category","embeddable":true,"href":"https:\/\/www.notibras.com\/site\/wp-json\/wp\/v2\/categories?post=330359"},{"taxonomy":"post_tag","embeddable":true,"href":"https:\/\/www.notibras.com\/site\/wp-json\/wp\/v2\/tags?post=330359"}],"curies":[{"name":"wp","href":"https:\/\/api.w.org\/{rel}","templated":true}]}}